{"id":1816,"date":"1986-09-01T00:05:10","date_gmt":"1986-09-01T00:05:10","guid":{"rendered":"https:\/\/la-presse-anarchiste.net\/index.php\/2008\/11\/21\/dossier-cuba-annexe-ii\/"},"modified":"2024-05-15T12:45:24","modified_gmt":"2024-05-15T12:45:24","slug":"dossier-cuba-annexe-ii","status":"publish","type":"post","link":"https:\/\/la-presse-anarchiste.net\/index.php\/1986\/09\/01\/dossier-cuba-annexe-ii\/","title":{"rendered":"Dossier Cuba, Annexe II"},"content":{"rendered":"<div class=\"pdfprnt-buttons pdfprnt-buttons-post pdfprnt-top-right\"><a href=\"https:\/\/la-presse-anarchiste.net\/index.php\/wp-json\/wp\/v2\/posts\/1816?print=pdf\" class=\"pdfprnt-button pdfprnt-button-pdf\" target=\"_blank\"><img decoding=\"async\" src=\"https:\/\/la-presse-anarchiste.net\/wp-content\/plugins\/pdf-print\/images\/pdf.png\" alt=\"image_pdf\" title=\"Afficher le PDF\"><\/a><a href=\"https:\/\/la-presse-anarchiste.net\/index.php\/wp-json\/wp\/v2\/posts\/1816?print=print\" class=\"pdfprnt-button pdfprnt-button-print\" target=\"_blank\"><img decoding=\"async\" src=\"https:\/\/la-presse-anarchiste.net\/wp-content\/plugins\/pdf-print\/images\/print.png\" alt=\"image_print\" title=\"Contenu imprim\u00e9\"><\/a><\/div><p class=\"post_excerpt\"><sup class=\"modern-footnotes-footnote modern-footnotes-footnote--expands-on-desktop \" data-mfn=\"1\" data-mfn-post-scope=\"0000000036a621ea0000000077ffeeff_1816\"><a href=\"javascript:void(0)\" role=\"button\" aria-pressed=\"false\" aria-describedby=\"mfn-content-0000000036a621ea0000000077ffeeff_1816-1\">1<\/a><\/sup><span id=\"mfn-content-0000000036a621ea0000000077ffeeff_1816-1\" role=\"tooltip\" class=\"modern-footnotes-footnote__note\" tabindex=\"0\" data-mfn=\"1\">Asso\u00adcia\u00adtion Syn\u00addi\u00adca\u00adliste Liber\u00adtaire de&nbsp;Cuba<\/span><\/p>\n<p><!--more--><\/p>\n<div align=\"justify\">\n<h5>Contre l\u2019\u00c9tat sous toutes ses formes<\/h5>\n<p>Les membres de la <i>Agru\u00adpa\u00adcion sin\u00addi\u00adca\u00adlis\u00adta liber\u00adta\u00adria<\/i> consi\u00add\u00e8rent comme un devoir, avec lequel on ne peut ruser, d\u2019af\u00adfir\u00admer en cette \u00e9tape de r\u00e9a\u00adli\u00adsa\u00adtions r\u00e9vo\u00adlu\u00adtion\u00adnaires de notre peuple, qu\u2019ils se dressent non seule\u00adment contre cer\u00adtaines formes acces\u00adsoires de l\u2019\u00c9\u00adtat, mais contre l\u2019exis\u00adtence m\u00eame de l\u2019\u00c9\u00adtat en tant qu\u2019or\u00adga\u00adnisme diri\u00adgeant de la soci\u00e9\u00adt\u00e9, et de ce fait contre toute poli\u00adtique ten\u00addant \u00e0 pro\u00advo\u00adquer l\u2019hy\u00adper\u00adtro\u00adphie \u00e9ta\u00adtique, \u00e0 d\u00e9ve\u00adlop\u00adper les recours de l\u2019\u00c9\u00adtat et \u00e0 lui conf\u00e9\u00adrer un carac\u00adt\u00e8re tota\u00adli\u00adtaire ou dic\u00adta\u00adto\u00adrial. Les mili\u00adtants syn\u00addi\u00adca\u00adlistes liber\u00adtaires cubains, de la m\u00eame fa\u00e7on que les cama\u00adrades des autres pays, estiment qu\u2019on ne peut effec\u00adti\u00adve\u00adment r\u00e9a\u00adli\u00adser une r\u00e9vo\u00adlu\u00adtion sociale authen\u00adtique, s\u2019il n\u2019est pas pro\u00adc\u00e9\u00add\u00e9, en m\u00eame temps qu\u2019\u00e0 la trans\u00adfor\u00adma\u00adtion \u00e9co\u00adno\u00admique , \u00e0 l\u2019\u00e9\u00adli\u00admi\u00adna\u00adtion de l\u2019\u00c9\u00adtat comme enti\u00adt\u00e9 poli\u00adtique et admi\u00adnis\u00adtra\u00adtive, en le rem\u00adpla\u00ad\u00e7ant dans ses fonc\u00adtions par des orga\u00adnismes de base r\u00e9vo\u00adlu\u00adtion\u00adnaires tels que les syn\u00addi\u00adcats ouvriers, les com\u00admunes libres, les coop\u00e9\u00adra\u00adtives agri\u00adcoles et indus\u00adtrielles auto\u00adnomes, les col\u00adlec\u00adti\u00advi\u00adt\u00e9s pay\u00adsannes ou de pro\u00adduc\u00adtion, libres d\u2019in\u00adg\u00e9\u00adrences autoritaires.<\/p>\n<p>Les super\u00adsti\u00adtieux de la poli\u00adtique croient que la soci\u00e9\u00adt\u00e9 humaine est une cons\u00e9\u00adquence de l\u2019\u00c9\u00adtat, alors qu\u2019en r\u00e9a\u00adli\u00adt\u00e9 l\u2019\u00c9\u00adtat sur\u00adgit comme l\u2019ex\u00adpres\u00adsion la plus ter\u00adrible de la d\u00e9g\u00e9\u00adn\u00e9\u00adres\u00adcence soci\u00e9\u00adtaire, c\u2019est-\u00e0-dire de la soci\u00e9\u00adt\u00e9 divi\u00ads\u00e9e en classes, qui abou\u00adtit aux dif\u00adf\u00e9\u00adrences, aux injus\u00adtices et aux anta\u00adgo\u00adnismes bru\u00adtaux des r\u00e9gimes capi\u00adta\u00adlistes. L\u2019\u00c9\u00adtat, en d\u00e9fi\u00adni\u00adtive, n\u2019est autre chose qu\u2019une excrois\u00adsance para\u00adsi\u00adtaire pro\u00adduite par le sys\u00adt\u00e8me des classes, fon\u00add\u00e9 sur la pro\u00adpri\u00e9\u00adt\u00e9 pri\u00adv\u00e9e des moyens de pro\u00adduc\u00adtion, et doit com\u00admen\u00adcer \u00e0 dis\u00adpa\u00adra\u00eetre avec l\u2019\u00e9\u00adtape de la trans\u00adfor\u00adma\u00adtion r\u00e9vo\u00adlu\u00adtion\u00adnaire de la soci\u00e9\u00adt\u00e9 bour\u00adgeoise en soci\u00e9\u00adt\u00e9 socialiste.<\/p>\n<h5>La terre \u00e0 celui qui la travaille<\/h5>\n<p>Les hommes et les femmes qui forment la <i>Agru\u00adpa\u00adcion sin\u00addi\u00adca\u00adlis\u00adta liber\u00adta\u00adria<\/i> d\u00e9fendent aujourd\u2019\u00adhui plus que jamais la vieille consigne r\u00e9vo\u00adlu\u00adtion\u00adnaire&nbsp;: \u00ab&nbsp;La terre \u00e0 celui qui la tra\u00advaille.&nbsp;\u00bb Nous croyons que le cri clas\u00adsique des pay\u00adsans du monde entier&nbsp;: \u00ab&nbsp;Terre et liber\u00adt\u00e9&nbsp;\u00bb est l\u2019ex\u00adpres\u00adsion la plus juste des aspi\u00adra\u00adtions imm\u00e9\u00addiates des pay\u00adsans cubains. La terre pour la labou\u00adrer et la faire pro\u00adduire, la liber\u00adt\u00e9 pour orga\u00adni\u00adser et g\u00e9rer les fruits de leurs efforts et selon leur volon\u00adt\u00e9&nbsp;: culture indi\u00advi\u00adduelle fami\u00adliale en cer\u00adtains cas&nbsp;; cr\u00e9a\u00adtion de libres coop\u00e9\u00adra\u00adtives de pro\u00adduc\u00adtion en d\u2019autres cas&nbsp;; orga\u00adni\u00adsa\u00adtion de fermes col\u00adlec\u00adtives l\u00e0 o\u00f9 c\u2019est pos\u00adsible&nbsp;; mais tou\u00adjours sui\u00advant la volon\u00adt\u00e9 la plus libre des pay\u00adsans, sans jamais qu\u2019une forme ou une autre soit impo\u00ads\u00e9e par des repr\u00e9\u00adsen\u00adtants de l\u2019\u00c9\u00adtat, les\u00adquels peuvent \u00eatre des hommes tr\u00e8s capables du point de vue tech\u00adnique, mais peuvent aus\u00adsi igno\u00adrer dans la plu\u00adpart des cas ce que sont les r\u00e9a\u00adli\u00adt\u00e9s mat\u00e9\u00adrielles de la culture et ne rien conna\u00eetre des sen\u00adti\u00adments, des inqui\u00e9\u00adtudes et des aspi\u00adra\u00adtions des hommes de la&nbsp;terre.<\/p>\n<p>Nous sommes convain\u00adcus, par une longue exp\u00e9\u00adrience des luttes r\u00e9vo\u00adlu\u00adtion\u00adnaires pay\u00adsannes, que la pla\u00adni\u00adfi\u00adca\u00adtion de l\u2019ex\u00adploi\u00adta\u00adtion de la terre, pro\u00adbl\u00e8me vital pour notre peuple, ne peut \u00eatre envi\u00adsa\u00adg\u00e9e comme un simple pro\u00adc\u00e9\u00add\u00e9 tech\u00adnique, du fait que, \u00e0 c\u00f4t\u00e9 des fac\u00adteurs inertes d\u2019in\u00adter\u00adven\u00adtion\u200a\u2014\u200aterre et outillage\u200a\u2014\u200ale fac\u00adteur d\u00e9ci\u00adsif est le fac\u00adteur humain, c\u2019est-\u00e0-dire les pay\u00adsans. C\u2019est pour\u00adquoi nous nous pro\u00adnon\u00ad\u00e7ons en faveur d\u2019une orga\u00adni\u00adsa\u00adtion de tra\u00advail col\u00adlec\u00adtif et coop\u00e9\u00adra\u00adtif sur des bases abso\u00adlu\u00adment volon\u00adtaires, en four\u00adnis\u00adsant au pay\u00adsan toute l\u2019aide tech\u00adnique et cultu\u00adrelle n\u00e9ces\u00adsaire, comme le moyen sans doute le meilleur de le per\u00adsua\u00adder des \u00e9normes avan\u00adtages que pr\u00e9\u00adsente l\u2019ex\u00adploi\u00adta\u00adtion col\u00adlec\u00adtive de la terre sur le sys\u00adt\u00e8me de culture indi\u00advi\u00adduelle et fami\u00adliale. Agir autre\u00adment, user de l\u2019au\u00adto\u00adri\u00adt\u00e9 et de la force condui\u00adrait en d\u00e9fi\u00adni\u00adtive \u00e0 bri\u00adser les bases m\u00eames de la r\u00e9vo\u00adlu\u00adtion agraire, c\u2019est-\u00e0-dire \u00e0 faire \u00e9chouer la r\u00e9vo\u00adlu\u00adtion elle-m\u00eame sous son aspect le plus important.<\/p>\n<p>&nbsp;<\/p>\n<h5>La lutte contre le nationalisme, le militarisme et l\u2019imp\u00e9rialisme<\/h5>\n<p>En tant que tra\u00advailleurs r\u00e9vo\u00adlu\u00adtion\u00adnaires, nous sommes inter\u00adna\u00adtio\u00adna\u00adlistes, c\u2019est-\u00e0-dire par\u00adti\u00adsans fer\u00advents de l\u2019en\u00adtente paci\u00adfique entre tous les peuples, par-des\u00adsus toutes les fron\u00adti\u00e8res, g\u00e9o\u00adgra\u00adphiques, lin\u00adguis\u00adtiques, raciales, poli\u00adtiques et reli\u00adgieuses. Nous res\u00adsen\u00adtons un immense amour pour notre terre, le m\u00eame amour que les hommes des autres pays \u00e9prouvent pour la leur. En cons\u00e9\u00adquence, nous sommes enne\u00admis du natio\u00adna\u00adlisme quel que soit le v\u00eate\u00adment qu\u2019il porte&nbsp;; nous sommes adver\u00adsaires r\u00e9so\u00adlus du mili\u00adta\u00adrisme et de l\u2019es\u00adprit bel\u00adli\u00adqueux&nbsp;; oppo\u00ads\u00e9s \u00e0 toutes les guerres&nbsp;; d\u00e9si\u00adreux de voir les \u00e9normes res\u00adsources \u00e9co\u00adno\u00admiques, aujourd\u2019\u00adhui employ\u00e9es aux arme\u00adments, ser\u00advir \u00e0 r\u00e9duire la faim et les besoins des peuples appau\u00advris&nbsp;; les ins\u00adtru\u00adments de mort, fabri\u00adqu\u00e9s en quan\u00adti\u00adt\u00e9s effrayantes par les grandes puis\u00adsances, conver\u00adtis en outils de tra\u00advail, pro\u00adduc\u00adteurs de bien-\u00eatre et de bon\u00adheur pour tous les hommes de la terre. Nous nous oppo\u00adsons r\u00e9so\u00adlu\u00adment \u00e0 l\u2019\u00e9\u00addu\u00adca\u00adtion mili\u00adta\u00adriste de la jeu\u00adnesse, \u00e0 la cr\u00e9a\u00adtion d\u2019ar\u00adm\u00e9es pro\u00adfes\u00adsion\u00adnelles, et \u00e0 l\u2019or\u00adga\u00adni\u00adsa\u00adtion de for\u00adma\u00adtions mili\u00adtaires d\u2019a\u00addo\u00adles\u00adcents et d\u2019enfants[\u2026]<\/p>\n<p>Face \u00e0 toutes les m\u00e9thodes imp\u00e9\u00adria\u00adlistes, nous nous pro\u00adnon\u00ad\u00e7ons en faveur de l\u2019in\u00adter\u00adna\u00adtio\u00adna\u00adlisme r\u00e9vo\u00adlu\u00adtion\u00adnaire, par la cr\u00e9a\u00adtion de grandes conf\u00e9\u00add\u00e9\u00adra\u00adtions de peuples libres unis entre eux par des int\u00e9\u00adr\u00eats com\u00admuns, par des aspi\u00adra\u00adtions sem\u00adblables, par la soli\u00adda\u00adri\u00adt\u00e9 et l\u2019en\u00adtr\u2019aide. Nous sommes par\u00adti\u00adsans d\u2019un paci\u00adfisme actif et mili\u00adtant qui rejette les sub\u00adti\u00adli\u00adt\u00e9s dia\u00adlec\u00adtiques concer\u00adnant la \u00ab&nbsp;guerre juste&nbsp;\u00bb et la \u00ab&nbsp;guerre injuste&nbsp;\u00bb, un paci\u00adfisme qui impose l\u2019ar\u00adr\u00eat de la course aux arme\u00adments et le rejet de tout type d\u2019armes et notam\u00adment des engins nucl\u00e9aires d\u00e9vastateurs.<\/p>\n<h5>Au centralisme bureaucratique nous opposons le f\u00e9d\u00e9ralisme<\/h5>\n<p>Nous sommes, par nature, enne\u00admis de tout type d\u2019or\u00adga\u00adni\u00adsa\u00adtion poli\u00adtique, sociale ou \u00e9co\u00adno\u00admique de carac\u00adt\u00e8re cen\u00adtra\u00adli\u00adsa\u00adteur. Nous esti\u00admons que l\u2019or\u00adga\u00adni\u00adsa\u00adtion de la soci\u00e9\u00adt\u00e9 doit aller du simple au com\u00adpo\u00ads\u00e9, de bas en haut, c\u2019est-\u00e0-dire en com\u00admen\u00ad\u00e7ant par les orga\u00adnismes de base\u200a\u2014\u200amuni\u00adci\u00adpa\u00adli\u00adt\u00e9s, syn\u00addi\u00adcats, coop\u00e9\u00adra\u00adtives, centres d\u2019en\u00adsei\u00adgne\u00adment, asso\u00adcia\u00adtions pay\u00adsannes, etc.\u200a\u2014\u200apour les int\u00e9\u00adgrer dans les grandes orga\u00adni\u00adsa\u00adtions natio\u00adnales et inter\u00adna\u00adtio\u00adnales, sur la base du pacte f\u00e9d\u00e9\u00adral entre \u00e9gaux qui s\u2019or\u00adga\u00adnisent libre\u00adment pour pour\u00adsuivre des objec\u00adtifs com\u00admuns, sans dom\u00admage pour aucune des par\u00adties contrac\u00adtantes, celles-ci ayant tou\u00adjours la liber\u00adt\u00e9 de se s\u00e9pa\u00adrer de l\u2019en\u00adsemble quand elles l\u2019es\u00adtiment utile \u00e0 leurs int\u00e9\u00adr\u00eats. Nous voyons l\u2019or\u00adga\u00adni\u00adsa\u00adtion, tant sur le plan natio\u00adnal qu\u2019in\u00adter\u00adna\u00adtio\u00adnal, dans le sens et la forme de grandes conf\u00e9\u00add\u00e9\u00adra\u00adtions syn\u00addi\u00adcales, pay\u00adsannes, muni\u00adci\u00adpales et cultu\u00adrelles, qui auront pour mis\u00adsion de repr\u00e9\u00adsen\u00adter les ensembles sans avoir d\u2019autres droits que ceux qui leur sont confi\u00e9s pour chaque cas par les orga\u00adnismes de base f\u00e9d\u00e9r\u00e9s.&nbsp;[\u2026]<\/p>\n<h5>Sans libert\u00e9 individuelle il n\u2019est point de libert\u00e9 collective<\/h5>\n<p>Nous syn\u00addi\u00adca\u00adlistes liber\u00adtaires, sommes des par\u00adti\u00adsans d\u00e9ci\u00add\u00e9s des droits indi\u00advi\u00adduels. Il n\u2019y a pas de liber\u00adt\u00e9 pour l\u2019en\u00adsemble si la par\u00adtie est esclave&nbsp;; il ne peut exis\u00adter de liber\u00adt\u00e9 col\u00adlec\u00adtive l\u00e0 o\u00f9 l\u2019homme, indi\u00advi\u00adduel\u00adle\u00adment, est vic\u00adtime de l\u2019op\u00adpres\u00adsion. Nous consi\u00add\u00e9\u00adrons qu\u2019il est urgent de garan\u00adtir les droits humains, c\u2019est-\u00e0-dire la liber\u00adt\u00e9 d\u2019ex\u00adpres\u00adsion, le droit au tra\u00advail, \u00e0 une vie digne, la liber\u00adt\u00e9 de reli\u00adgion, l\u2019in\u00advio\u00adla\u00adbi\u00adli\u00adt\u00e9 du domi\u00adcile, le droit d\u2019\u00eatre jug\u00e9 par des per\u00adsonnes impar\u00adtiales et justes, le droit \u00e0 la culture et \u00e0 la san\u00adt\u00e9, etc., sans quoi il n\u2019est pas de normes civi\u00adli\u00ads\u00e9es pour la coexis\u00adtence entre hommes. Nous sommes contre la dis\u00adcri\u00admi\u00adna\u00adtion raciale, contre les per\u00ads\u00e9\u00adcu\u00adtions poli\u00adtiques et l\u2019in\u00adjus\u00adtice \u00e9co\u00adno\u00admique et sociale. Nous sommes par\u00adti\u00adsans de la liber\u00adt\u00e9 et de la jus\u00adtice pour tous les hommes, y com\u00adpris pour les enne\u00admis de la liber\u00adt\u00e9 et de la justice.<\/p>\n<h5>La r\u00e9volution appartient \u00e0&nbsp;tous<\/h5>\n<p>La <i>Agru\u00adpa\u00adcion sin\u00addi\u00adca\u00adlis\u00adta liber\u00adta\u00adria<\/i> r\u00e9af\u00adfirme sa volon\u00adt\u00e9 d\u2019ap\u00adpuyer la lutte pour la lib\u00e9\u00adra\u00adtion int\u00e9\u00adgrale de notre peuple, et rap\u00adpelle que la r\u00e9vo\u00adlu\u00adtion n\u2019ap\u00adpar\u00adtient \u00e0 per\u00adsonne en par\u00adti\u00adcu\u00adlier mais au peuple dans sa tota\u00adli\u00adt\u00e9. Nous sou\u00adtien\u00addrons, comme nous l\u2019a\u00advons fait jus\u00adqu\u2019\u00e0 pr\u00e9\u00adsent, toutes les mesures r\u00e9vo\u00adlu\u00adtion\u00adnaires qui visent \u00e0 gu\u00e9\u00adrir les vieux maux qui nous affligent, mais nous lut\u00adte\u00adrons aus\u00adsi, sans tr\u00eave, contre les ten\u00addances auto\u00adri\u00adtaires qui sur\u00adgissent au sein m\u00eame de la r\u00e9vo\u00adlu\u00adtion. Nous f\u00fbmes contre la bar\u00adba\u00adrie et la cor\u00adrup\u00adtion du pas\u00ads\u00e9&nbsp;; nous lut\u00adte\u00adrons contre toutes les d\u00e9via\u00adtions qui pr\u00e9\u00adtendent mou\u00adler notre r\u00e9vo\u00adlu\u00adtion sui\u00advant les mod\u00e8les tota\u00adli\u00adtaires, avi\u00adlis\u00adsant la digni\u00adt\u00e9 humaine, qui existent dans d\u2019autres pays.<\/p>\n<p>L\u2019\u00c9\u00adtat, en d\u00e9pit de ce que disent ses ado\u00adra\u00adteurs de droite ou de gauche, est quelque chose de plus qu\u2019une excrois\u00adsance para\u00adsi\u00adtaire de la soci\u00e9\u00adt\u00e9 des classes&nbsp;: c\u2019est la source g\u00e9n\u00e9\u00adra\u00adtrice de pri\u00advi\u00adl\u00e8ges poli\u00adtiques et \u00e9co\u00adno\u00admiques et, par cons\u00e9\u00adquent, cr\u00e9a\u00adtrice de nou\u00advelles classes pri\u00advi\u00adl\u00e9\u00adgi\u00e9es. Les vieilles classes r\u00e9ac\u00adtion\u00adnaires qui luttent d\u00e9ses\u00adp\u00e9\u00adr\u00e9\u00adment pour recon\u00adqu\u00e9\u00adrir leurs pri\u00advi\u00adl\u00e8ges abo\u00adlis nous trouvent face \u00e0 elles&nbsp;; les nou\u00advelles classes oppres\u00adsives et exploi\u00adteuses qui d\u00e9j\u00e0 sur\u00adgissent \u00e0 l\u2019ho\u00adri\u00adzon r\u00e9vo\u00adlu\u00adtion\u00adnaire nous trou\u00adve\u00adront aus\u00adsi face \u00e0 elle. Nous sommes pour la jus\u00adtice, pour le socia\u00adlisme et pour la liber\u00adt\u00e9&nbsp;; nous lut\u00adtons pour le bien-\u00eatre de tous les hommes, quelles que soient leur ori\u00adgine, leur reli\u00adgion ou leur&nbsp;race.<\/p>\n<p>Sur cette ligne r\u00e9vo\u00adlu\u00adtion\u00adnaire, tra\u00advailleurs, pay\u00adsans, \u00e9tu\u00addiants, hommes et femmes de Cuba, nous tien\u00addrons jus\u00adqu\u2019au bout. Pour ces prin\u00adcipes nous ris\u00adque\u00adrons la liber\u00adt\u00e9 et, si n\u00e9ces\u00adsaire, la&nbsp;vie.<\/p>\n<p style=\"text-align: right;\">La Havane, juin&nbsp;1960<\/p>\n<\/div>\n<ul class=\"modern-footnotes-list modern-footnotes-list--show-only-for-print\"><li><span>1<\/span><div>Asso\u00adcia\u00adtion Syn\u00addi\u00adca\u00adliste Liber\u00adtaire de&nbsp;Cuba<\/div><\/li><\/ul>","protected":false},"excerpt":{"rendered":"","protected":false},"author":8,"featured_media":5945,"comment_status":"closed","ping_status":"closed","sticky":false,"template":"wp-custom-template-page-d-article","format":"standard","meta":{"wp_typography_post_enhancements_disabled":false,"footnotes":""},"categories":[209],"tags":[883,601,555],"ppma_author":[680],"class_list":["post-1816","post","type-post","status-publish","format-standard","has-post-thumbnail","hentry","category-iztok-na13-septembre-1986","tag-anarchisme-mouvement-local","tag-cuba","tag-manifeste"],"authors":[{"term_id":680,"user_id":8,"is_guest":0,"slug":"anonyme","display_name":"Anonyme","avatar_url":"https:\/\/secure.gravatar.com\/avatar\/cdccebf2bbf18d75df96a6721f7ce7f7ec80d026f1b8ec6be93de563bca5236b?s=96&d=mm&r=g","author_category":"","user_url":"","last_name":"","first_name":"","job_title":"","description":""}],"_links":{"self":[{"href":"https:\/\/la-presse-anarchiste.net\/index.php\/wp-json\/wp\/v2\/posts\/1816","targetHints":{"allow":["GET"]}}],"collection":[{"href":"https:\/\/la-presse-anarchiste.net\/index.php\/wp-json\/wp\/v2\/posts"}],"about":[{"href":"https:\/\/la-presse-anarchiste.net\/index.php\/wp-json\/wp\/v2\/types\/post"}],"author":[{"embeddable":true,"href":"https:\/\/la-presse-anarchiste.net\/index.php\/wp-json\/wp\/v2\/users\/8"}],"replies":[{"embeddable":true,"href":"https:\/\/la-presse-anarchiste.net\/index.php\/wp-json\/wp\/v2\/comments?post=1816"}],"version-history":[{"count":2,"href":"https:\/\/la-presse-anarchiste.net\/index.php\/wp-json\/wp\/v2\/posts\/1816\/revisions"}],"predecessor-version":[{"id":7814,"href":"https:\/\/la-presse-anarchiste.net\/index.php\/wp-json\/wp\/v2\/posts\/1816\/revisions\/7814"}],"wp:featuredmedia":[{"embeddable":true,"href":"https:\/\/la-presse-anarchiste.net\/index.php\/wp-json\/wp\/v2\/media\/5945"}],"wp:attachment":[{"href":"https:\/\/la-presse-anarchiste.net\/index.php\/wp-json\/wp\/v2\/media?parent=1816"}],"wp:term":[{"taxonomy":"category","embeddable":true,"href":"https:\/\/la-presse-anarchiste.net\/index.php\/wp-json\/wp\/v2\/categories?post=1816"},{"taxonomy":"post_tag","embeddable":true,"href":"https:\/\/la-presse-anarchiste.net\/index.php\/wp-json\/wp\/v2\/tags?post=1816"},{"taxonomy":"author","embeddable":true,"href":"https:\/\/la-presse-anarchiste.net\/index.php\/wp-json\/wp\/v2\/ppma_author?post=1816"}],"curies":[{"name":"wp","href":"https:\/\/api.w.org\/{rel}","templated":true}]}}