{"id":1818,"date":"1986-09-01T00:03:32","date_gmt":"1986-09-01T00:03:32","guid":{"rendered":"https:\/\/la-presse-anarchiste.net\/index.php\/2008\/11\/21\/cuba-les-anarchistes-et-la-liberte\/"},"modified":"2024-05-15T12:39:11","modified_gmt":"2024-05-15T12:39:11","slug":"cuba-les-anarchistes-et-la-liberte","status":"publish","type":"post","link":"https:\/\/la-presse-anarchiste.net\/index.php\/1986\/09\/01\/cuba-les-anarchistes-et-la-liberte\/","title":{"rendered":"Cuba, les anarchistes et la libert\u00e9"},"content":{"rendered":"<div class=\"pdfprnt-buttons pdfprnt-buttons-post pdfprnt-top-right\"><a href=\"https:\/\/la-presse-anarchiste.net\/index.php\/wp-json\/wp\/v2\/posts\/1818?print=pdf\" class=\"pdfprnt-button pdfprnt-button-pdf\" target=\"_blank\"><img decoding=\"async\" src=\"https:\/\/la-presse-anarchiste.net\/wp-content\/plugins\/pdf-print\/images\/pdf.png\" alt=\"image_pdf\" title=\"Afficher le PDF\"><\/a><a href=\"https:\/\/la-presse-anarchiste.net\/index.php\/wp-json\/wp\/v2\/posts\/1818?print=print\" class=\"pdfprnt-button pdfprnt-button-print\" target=\"_blank\"><img decoding=\"async\" src=\"https:\/\/la-presse-anarchiste.net\/wp-content\/plugins\/pdf-print\/images\/print.png\" alt=\"image_print\" title=\"Contenu imprim\u00e9\"><\/a><\/div><blockquote>\n<p style=\"padding-left: 40px; text-align: justify;\">Le texte, que nous publions ci-des\u00adsous en tra\u00adduc\u00adtion et sous une forme un peu rema\u00adni\u00e9e, est une syn\u00adth\u00e8se his\u00adto\u00adrique qui couvre le pre\u00admier si\u00e8cle d\u2019a\u00adnar\u00adchisme \u00e0 Cuba. Il nous a \u00e9t\u00e9 trans\u00admis par la revue <i>Guan\u00adga\u00adra Liber\u00adta\u00adria<\/i>. Les cama\u00adrades cubains estiment qu\u2019il est n\u00e9ces\u00adsaire de faire la lumi\u00e8re sur leur pas\u00ads\u00e9 his\u00adto\u00adrique. C\u2019est, du reste, la pre\u00admi\u00e8re fois que ce th\u00e8me est trai\u00adt\u00e9 par les liber\u00adtaires cubains et ils en \u00e9voquent les figures les plus impor\u00adtantes. De forme conden\u00ads\u00e9e, c\u2019est l\u2019ex\u00adtrait d\u2019un livre en pr\u00e9\u00adpa\u00adra\u00adtion. Rap\u00adpe\u00adlons que tous ceux qui s\u2019in\u00adt\u00e9\u00adressent \u00e0 Cuba et au mou\u00adve\u00adment liber\u00adtaire cubain d\u2019un point de vue his\u00adto\u00adrique, poli\u00adtique, cultu\u00adrel ou social trou\u00adve\u00adront dans la revue <i>Guan\u00adgua\u00adra Liber\u00adta\u00adria<\/i> ren\u00adsei\u00adgne\u00adments, infor\u00adma\u00adtions et articles de fond. (G.L., PO Box 1514, River\u00adside st., Mia\u00admi, Flo\u00adri\u00adda 33135, USA).<\/p>\n<\/blockquote>\n<p style=\"text-align: justify;\">Les lignes qui suivent d\u00e9crivent bri\u00e8\u00adve\u00adment l\u2019in\u00adfluence que les id\u00e9es liber\u00adtaires ont exer\u00adc\u00e9 sur le peuple cubain. Il nous appa\u00adrais\u00adsait de notre devoir de res\u00adti\u00adtuer le plus fid\u00e8\u00adle\u00adment pos\u00adsible la m\u00e9moire des anar\u00adchistes \u00e0 Cuba, soit plus d\u2019un si\u00e8cle de lutte aux c\u00f4t\u00e9s des classes les plus pauvres et en d\u00e9fense de la liber\u00adt\u00e9 et de la jus\u00adtice sociale. Ce qu\u2019ont accom\u00adpli les acrates eut une por\u00adt\u00e9e d\u00e9ci\u00adsive sur le ter\u00adrain social et syn\u00addi\u00adcal. Nous allons r\u00e9su\u00admer les actions d\u2019un groupe d\u2019hommes et de femmes qui, d\u00e9pour\u00advus de toute res\u00adsource, de fa\u00e7on auto\u00adnome, per\u00ads\u00e9\u00adcu\u00adt\u00e9s hier et aujourd\u2019\u00adhui oubli\u00e9s, appar\u00adtiennent \u00e0 l\u2019his\u00adtoire des classes ouvri\u00e8re et pay\u00adsanne, c\u2019est-\u00e0-dire \u00e0 celle du peuple de&nbsp;Cuba.<\/p>\n<h5 style=\"text-align: justify;\">P\u00e9riode coloniale et s\u00e9paratisme<\/h5>\n<p style=\"text-align: justify;\">Au milieu du si\u00e8cle pr\u00e9\u00adc\u00e9\u00addent, Pierre-Joseph Prou\u00addhon, dont les th\u00e9o\u00adries \u00e9co\u00adno\u00admiques eurent un grand impact dans l\u2019Eu\u00adrope du XIX<sup>e<\/sup> si\u00e8cle, influen\u00ad\u00e7a de fa\u00e7on d\u00e9ci\u00adsive les ori\u00adgines de l\u2019a\u00adnar\u00adchisme cubain. Prou\u00addhon, sans doute l\u2019un des pre\u00admiers pen\u00adseurs de l\u2019a\u00adnar\u00adchie, trou\u00adva dans l\u2019\u00eele des dis\u00adciples et des conti\u00adnua\u00adteurs par\u00admi les arti\u00adsans et les ouvriers pro\u00adgres\u00adsistes. Si, en 1857, fut fon\u00add\u00e9e \u00e0 Cuba la pre\u00admi\u00e8re soci\u00e9\u00adt\u00e9 mutua\u00adliste, ce n\u2019est que lorsque Satur\u00adni\u00adno Mar\u00adti\u00adnez cr\u00e9a en 1865 l\u2019heb\u00addo\u00adma\u00addaire <i>La Auro\u00adra<\/i> (L\u2019Au\u00adrore) que les id\u00e9es de Prou\u00addhon s\u2019en\u00adra\u00adci\u00adn\u00e8rent v\u00e9ri\u00adta\u00adble\u00adment. Ces ann\u00e9es-l\u00e0, se cr\u00e9\u00e8rent les pre\u00admi\u00e8res asso\u00adcia\u00adtions libres d\u2019ou\u00advriers du tabac, de com\u00adpo\u00adsi\u00adteurs d\u2019im\u00adpri\u00adme\u00adrie, de jour\u00adna\u00adliers et d\u2019ar\u00adti\u00adsans\u200a\u2014\u200ace qui peut \u00eatre consi\u00add\u00e9\u00adr\u00e9 comme l\u2019o\u00adri\u00adgine du pro\u00adl\u00e9\u00adta\u00adriat orga\u00adni\u00ads\u00e9 cubain. Cuba doit encore \u00e0 Prou\u00addhon la cr\u00e9a\u00adtion de \u00ab&nbsp;centres r\u00e9gio\u00adnaux&nbsp;\u00bb, d\u2019\u00e9\u00adcoles, de sana\u00adto\u00adriums et d\u2019as\u00adso\u00adcia\u00adtions d\u2019entraide.<\/p>\n<p style=\"text-align: justify;\">La guerre de Dix ans (1868\u200a\u2013\u200a1878)<sup class=\"modern-footnotes-footnote modern-footnotes-footnote--expands-on-desktop \" data-mfn=\"1\" data-mfn-post-scope=\"000000000c5de8c4000000004b455c0d_1818\"><a href=\"javascript:void(0)\" role=\"button\" aria-pressed=\"false\" aria-describedby=\"mfn-content-000000000c5de8c4000000004b455c0d_1818-1\">1<\/a><\/sup><span id=\"mfn-content-000000000c5de8c4000000004b455c0d_1818-1\" role=\"tooltip\" class=\"modern-footnotes-footnote__note\" tabindex=\"0\" data-mfn=\"1\">Ce sou\u00adl\u00e8\u00adve\u00adment ind\u00e9\u00adpen\u00addan\u00adtiste a sur\u00adtout tou\u00adch\u00e9 les pro\u00advinces de Camag\u00fcey et Oriente&nbsp;; on n\u2019y trouve gu\u00e8re d\u2019in\u00adfluence de la pen\u00ads\u00e9e r\u00e9vo\u00adlu\u00adtion\u00adnaire. En 1878, la paix fut r\u00e9ta\u00adblie par l\u2019oc\u00adtroi d\u2019une cer\u00adtaine auto\u00adno\u00admie \u00e0 Cuba et sa repr\u00e9\u00adsen\u00adta\u00adtion aux Cor\u00adt\u00e8s.<\/span> fut la pre\u00admi\u00e8re ten\u00adta\u00adtive vio\u00adlente pour se s\u00e9pa\u00adrer de l\u2019Es\u00adpagne. Quelques anar\u00adchistes de l\u2019in\u00addus\u00adtrie du tabac y avaient pris part\u200a\u2014\u200aet m\u00eame \u00e0 sa direc\u00adtion\u200a\u2014\u200acomme Vicente Gar\u00adcia et Sal\u00adva\u00addor Cis\u00adne\u00adros Beten\u00adcourt, tous deux f\u00e9d\u00e9\u00adra\u00adlistes et acquis \u00e0 Prou\u00addhon. La ten\u00adta\u00adtive \u00e9choua. Plus tard, les ouvriers cubains furent ren\u00adfor\u00adc\u00e9s par des cama\u00adrades espa\u00adgnols cou\u00adra\u00adgeux et soli\u00addaires, pour\u00adsui\u00advis en Europe pour leurs id\u00e9es r\u00e9vo\u00adlu\u00adtion\u00adnaires <sup class=\"modern-footnotes-footnote modern-footnotes-footnote--expands-on-desktop \" data-mfn=\"2\" data-mfn-post-scope=\"000000000c5de8c4000000004b455c0d_1818\"><a href=\"javascript:void(0)\" role=\"button\" aria-pressed=\"false\" aria-describedby=\"mfn-content-000000000c5de8c4000000004b455c0d_1818-2\">2<\/a><\/sup><span id=\"mfn-content-000000000c5de8c4000000004b455c0d_1818-2\" role=\"tooltip\" class=\"modern-footnotes-footnote__note\" tabindex=\"0\" data-mfn=\"2\">Dans un article du <i>Mou\u00adve\u00adment social<\/i> n\u00b0128, juillet-sep\u00adtembre 1984, Car\u00adlos Ser\u00adra\u00adno remarque que les anar\u00adchistes espa\u00adgnols furent beau\u00adcoup plus sen\u00adsibles au pro\u00adbl\u00e8me que les socia\u00adlistes, et cite l\u2019ou\u00advrage de l\u2019a\u00adnar\u00adchiste Tar\u00adri\u00adda del Mar\u00admol, <i>les Inqui\u00adsi\u00adteurs d\u2019Es\u00adpagne (Mon\u00adjuich, Cuba, Phi\u00adlip\u00adpines)<\/i>, Paris, 1897.<\/span>.<\/p>\n<p style=\"text-align: justify;\">Dans le m\u00eame temps, la pen\u00ads\u00e9e anar\u00adchiste s\u2019\u00e9\u00adtait implan\u00adt\u00e9e par\u00admi les ouvriers et les pay\u00adsans en France, en Ita\u00adlie, en Espagne et en Rus\u00adsie. L\u2019\u00e9l\u00e9\u00adment moteur et orga\u00adni\u00adsa\u00adteur de cet essor fut une autre figure impor\u00adtante de l\u2019\u00e9\u00adpoque, Michel Bakou\u00adnine, r\u00e9vo\u00adlu\u00adtion\u00adnaire et th\u00e9o\u00adri\u00adcien anar\u00adchiste. Mal\u00adgr\u00e9 la mort de Bakou\u00adnine en 1876, ses id\u00e9es dif\u00adfu\u00ads\u00e8rent en Europe avec une force inha\u00adbi\u00adtuelle. L\u2019Al\u00adliance des r\u00e9vo\u00adlu\u00adtion\u00adnaires Socia\u00adlistes (1864) et l\u2019Al\u00adliance Inter\u00adna\u00adtio\u00adnale de la d\u00e9mo\u00adcra\u00adtie socia\u00adliste (1868), fon\u00add\u00e9es par Bakou\u00adnine, et leur pro\u00adgramme trou\u00adv\u00e8rent un \u00e9cho favo\u00adrable aupr\u00e8s des \u00e9l\u00e9\u00adments les plus r\u00e9vo\u00adlu\u00adtion\u00adnaires \u00e0 Cuba, les id\u00e9es de Bakou\u00adnine se sub\u00adsti\u00adtuant ain\u00adsi pro\u00adgres\u00adsi\u00adve\u00adment \u00e0 celles de Prou\u00addhon chez les ouvriers. Le pro\u00adl\u00e9\u00adta\u00adriat cubain com\u00admen\u00ad\u00e7ait d\u00e9j\u00e0 \u00e0 se for\u00adger une conscience de classe. C\u2019est \u00e0 la fin de 1885 que sur\u00adgit la figure la plus pres\u00adti\u00adgieuse de l\u2019a\u00adnar\u00adchisme cubain en la per\u00adsonne d\u2019En\u00adrique Roig de San Mar\u00adtin (1843\u200a\u2013\u200a1889), fon\u00adda\u00adteur de l\u2019heb\u00addo\u00adma\u00addaire <i>El Pro\u00adduc\u00adtor<\/i> (Le Pro\u00adduc\u00adteur) et nou\u00adveau th\u00e9o\u00adri\u00adcien et orga\u00adni\u00adsa\u00adteur liber\u00adtaire. Les gr\u00e8ves qui se pro\u00addui\u00adsirent \u00e0 la fin des ann\u00e9es quatre-vingt furent toutes d\u2019ins\u00adpi\u00adra\u00adtion anar\u00adchiste et orien\u00adt\u00e9es par <i>El Pro\u00adduc\u00adtor<\/i> \u00e0 l\u2019aide d\u2019une orga\u00adni\u00adsa\u00adtion, l\u2019Al\u00adliance Ouvri\u00e8re, d\u2019ins\u00adpi\u00adra\u00adtion bakou\u00adni\u00adniste. L\u2019Al\u00adliance Ouvri\u00e8re s\u2019im\u00adplan\u00adta \u00e9ga\u00adle\u00adment dans deux centres de tra\u00advail de l\u2019in\u00addus\u00adtrie du tabac aux \u00c9tats-Unis, Tam\u00adpa et Cayo Hue\u00adso, o\u00f9 s\u2019or\u00adga\u00adni\u00adsa, en 1887, la pre\u00admi\u00e8re F\u00e9d\u00e9\u00adra\u00adtion locale des Ouvriers du tabac et qui ras\u00adsem\u00adblait presque tous les ouvriers de cette indus\u00adtrie. Les res\u00adpon\u00adsables en \u00e9taient Enrique Mes\u00adso\u00adnier et Enrique Cre\u00adci, ain\u00adsi que quelques acti\u00advistes acrates comme Leal, Segu\u00adra et Palo\u00admi\u00adno. En 1889, une gr\u00e8ve g\u00e9n\u00e9\u00adrale d\u00e9clen\u00adch\u00e9e \u00e0 Cayo Hue\u00adso, se ter\u00admi\u00adna par la vic\u00adtoire des ouvriers dans les pre\u00admiers jours de 1890. \u00c0 la Havane, l\u2019Al\u00adliance et les ouvriers cubains s\u2019\u00e9\u00adtaient soli\u00adda\u00adri\u00ads\u00e9s avec cette gr\u00e8ve et la mort de Roig san Mar\u00adtin n\u2019emp\u00eacha pas <i>El Pro\u00adduc\u00adtor<\/i> de sou\u00adte\u00adnir les tra\u00advailleurs en&nbsp;gr\u00e8ve.<\/p>\n<p style=\"text-align: justify;\">Le mou\u00adve\u00adment s\u00e9pa\u00adra\u00adtiste cubain, conti\u00adnuant \u00e0 pr\u00e9\u00adpa\u00adrer la lutte pour l\u2019in\u00add\u00e9\u00adpen\u00addance, op\u00e9\u00adrait depuis les c\u00f4tes de Flo\u00adride, \u00e0 par\u00adtir des villes des \u00c9tats-Unis men\u00adtion\u00adn\u00e9es ci-des\u00adsus, p\u00e9pi\u00adni\u00e8re de patriotes, d\u2019a\u00adnar\u00adchistes et d\u2019en\u00adne\u00admis de l\u2019Es\u00adpagne en g\u00e9n\u00e9\u00adral. Durant ces ann\u00e9es, Jos\u00e9 Mar\u00adti, l\u2019a\u00adp\u00f4tre de la lutte contre la m\u00e9tro\u00adpole espa\u00adgnole, cher\u00adcha des par\u00adti\u00adsans par\u00admi les groupes les mieux orga\u00adni\u00ads\u00e9s de l\u2019\u00e9\u00admi\u00adgra\u00adtion cubaine, tan\u00addis que, pour leur part, les ouvriers concen\u00adtr\u00e9s dans l\u2019in\u00addus\u00adtrie du tabac regar\u00addaient le pro\u00adbl\u00e8me cubain d\u2019un point de vue social et inter\u00adna\u00adtio\u00adna\u00adliste. S\u2019a\u00addres\u00adsant aux tra\u00advailleurs, Mar\u00adti fit des conces\u00adsions sociales, de fa\u00e7on \u00e0 les atti\u00adrer dans le camp s\u00e9pa\u00adra\u00adtiste, et leur pro\u00admit une r\u00e9pu\u00adblique de liber\u00adt\u00e9 et de jus\u00adtice. Les anar\u00adchistes influen\u00adc\u00e9s par Mar\u00adti entre\u00adprirent de se regrou\u00adper dans les clubs r\u00e9vo\u00adlu\u00adtion\u00adnaires, et quelques-uns des acrates de pre\u00admier plan\u200a\u2014\u200aCre\u00adci, Mes\u00adso\u00adnier, Rive\u00adro y Rive\u00adro, Soron\u00addo, Rive\u00adra Mon\u00adte\u00adres\u00adsi, Palo\u00admi\u00adno, Bali\u00adno, Segu\u00adra\u200a\u2014\u200ase joi\u00adgnirent \u00e0 la cause de l\u2019in\u00add\u00e9\u00adpen\u00addance, sans renon\u00adcer, pour autant, \u00e0 leurs id\u00e9aux de liber\u00adt\u00e9 et de jus\u00adtice sociale.<\/p>\n<p style=\"text-align: justify;\">L\u2019ap\u00adpui que les anar\u00adchistes pr\u00ea\u00adt\u00e8rent \u00e0 Mar\u00adti fut immense, tant mora\u00adle\u00adment que poli\u00adti\u00adque\u00adment et finan\u00adci\u00e8\u00adre\u00adment. Mar\u00adti d\u00e9ci\u00adda alors de fon\u00adder un par\u00adti r\u00e9vo\u00adlu\u00adtion\u00adnaire qui com\u00adprit en majo\u00adri\u00adt\u00e9 des ouvriers du tabac de l\u2019exil, ceux-ci se situant sur le plan syn\u00addi\u00adcal dans ce qu\u2019il \u00e9tait conve\u00adnu d\u2019ap\u00adpe\u00adler le \u00ab&nbsp;socia\u00adlisme-r\u00e9vo\u00adlu\u00adtion\u00adnaire&nbsp;\u00bb chez les anar\u00adchistes d\u2019a\u00adlors depuis les tra\u00adgiques \u00e9v\u00e9\u00adne\u00adments de Chi\u00adca\u00adgo en&nbsp;1886.<\/p>\n<p style=\"text-align: justify;\">\u00c0 la Havane, l\u2019Al\u00adliance Ouvri\u00e8re c\u00e9l\u00e9\u00adbra le 1<sup>er<\/sup> Mai 1890 par une mani\u00adfes\u00adta\u00adtion \u00e0 la m\u00e9moire des anar\u00adchistes ex\u00e9\u00adcu\u00adt\u00e9s \u00e0 Chi\u00adca\u00adgo. En 1891, un congr\u00e8s fut convo\u00adqu\u00e9 pour l\u2019an\u00adn\u00e9e sui\u00advante et les anar\u00adchistes tinrent le 1<sup>er<\/sup> Congr\u00e8s de la r\u00e9gion cubaine en jan\u00advier 1892. \u00c0 cette occa\u00adsion, l\u2019on d\u00e9ci\u00adda, entre autres, de recom\u00adman\u00adder \u00e0 la classe ouvri\u00e8re cubaine d\u2019embrasser les id\u00e9es du socia\u00adlisme-r\u00e9vo\u00adlu\u00adtion\u00adnaire et le s\u00e9pa\u00adra\u00adtisme pro\u00adcla\u00adm\u00e9 par Mar\u00adti, car, selon une phrase deve\u00adnue his\u00adto\u00adrique&nbsp;: \u00ab&nbsp;Il serait absurde que l\u2019homme qui aspire \u00e0 la liber\u00adt\u00e9 indi\u00advi\u00adduelle s\u2019op\u00adpose \u00e0 la liber\u00adt\u00e9 col\u00adlec\u00adtive d\u2019un peuple&nbsp;\u00bb. Mais les auto\u00adri\u00adt\u00e9s espa\u00adgnoles inter\u00adrom\u00adpirent le congr\u00e8s, inter\u00addirent les moyens d\u2019ex\u00adpres\u00adsion anar\u00adchistes et d\u00e9por\u00adt\u00e8rent ou empri\u00adson\u00adn\u00e8rent les res\u00adpon\u00adsables les plus connus.<\/p>\n<p style=\"text-align: justify;\">En f\u00e9vrier 1895, la guerre de lib\u00e9\u00adra\u00adtion natio\u00adnale pr\u00f4\u00adn\u00e9e par Mar\u00adti \u00e9cla\u00adta \u00e0 Cuba. Les anar\u00adchistes les plus enga\u00adg\u00e9s se lan\u00adc\u00e8rent dans la lutte comme, par exemple, Enrique Cre\u00adci, qui mou\u00adrut au com\u00adbat en 1896. Quant aux pro\u00admesses de chan\u00adge\u00adments sociaux, elles dis\u00adpa\u00adrurent avec l\u2019a\u00adp\u00f4tre de l\u2019in\u00add\u00e9\u00adpen\u00addance cubaine, qui tom\u00adba en com\u00adbat\u00adtant les troupes espa\u00adgnoles en 1895. La guerre se ter\u00admi\u00adna avec l\u2019in\u00adter\u00adven\u00adtion nord-am\u00e9\u00adri\u00adcaine en 1898, par la d\u00e9route de l\u2019Es\u00adpagne <sup class=\"modern-footnotes-footnote modern-footnotes-footnote--expands-on-desktop \" data-mfn=\"3\" data-mfn-post-scope=\"000000000c5de8c4000000004b455c0d_1818\"><a href=\"javascript:void(0)\" role=\"button\" aria-pressed=\"false\" aria-describedby=\"mfn-content-000000000c5de8c4000000004b455c0d_1818-3\">3<\/a><\/sup><span id=\"mfn-content-000000000c5de8c4000000004b455c0d_1818-3\" role=\"tooltip\" class=\"modern-footnotes-footnote__note\" tabindex=\"0\" data-mfn=\"3\">En 1898, les \u00c9tats-Unis lan\u00adc\u00e8rent leur deuxi\u00e8me guerre imp\u00e9\u00adria\u00adliste (la pre\u00admi\u00e8re \u00e9tait contre le Mexique en 1848) contre l\u2019Es\u00adpagne pour s\u2019emparer de ses trois der\u00adni\u00e8res colo\u00adnies\u200a\u2014\u200aPor\u00adto-Rico, Cuba, les Phi\u00adlip\u00adpines\u200a\u2014\u200aet en faire leurs satel\u00adlites. Les Espa\u00adgnols capi\u00adtu\u00adl\u00e8rent \u00e0 Cuba le 12 ao\u00fbt 1898 et, le 1<sup>er<\/sup> jan\u00advier 1899, le pou\u00advoir fut ren\u00addu \u00e0 un gou\u00adver\u00adneur am\u00e9\u00adri\u00adcain. En 1901, les \u00c9tats-Unis impo\u00ads\u00e8rent \u00e0 l\u2019as\u00adsem\u00adbl\u00e9e consti\u00adtuante l\u2019a\u00admen\u00adde\u00adment Platt [Annexe I] leur don\u00adnant le droit d\u2019in\u00adter\u00adve\u00adnir \u00e0 Cuba, puis le trai\u00adt\u00e9 de 1903, qui allait dans le m\u00eame sens avec, notam\u00adment, la conces\u00adsion \u00e0 per\u00adp\u00e9\u00adtui\u00adt\u00e9 de la base de Guan\u00adta\u00adna\u00admo. Les Am\u00e9\u00adri\u00adcains inter\u00advinrent direc\u00adte\u00adment \u00e0 Cuba en 1907, 1912 et 1917.<\/span>. Durant toute cette p\u00e9riode, les anar\u00adchistes de l\u2019\u00e9\u00admi\u00adgra\u00adtion comme de l\u2019in\u00adt\u00e9\u00adrieur ne ces\u00ads\u00e8rent de recueillir des fonds ou de se joindre \u00e0 la lutte et orches\u00adtr\u00e8rent une impor\u00adtante cam\u00adpagne poli\u00adtique dans les milieux acrates d\u2019A\u00adm\u00e9\u00adrique et d\u2019Eu\u00adrope. L\u2019in\u00adter\u00adna\u00adtio\u00adna\u00adlisme se mani\u00adfes\u00adta concr\u00e8\u00adte\u00adment&nbsp;: deux jeunes anar\u00adchistes, Oreste Fer\u00adra\u00adra et Fede\u00adri\u00adco Fal\u00adco, s\u2019en\u00adga\u00adg\u00e8rent depuis l\u2019I\u00adta\u00adlie&nbsp;; l\u2019ex\u00e9\u00adcu\u00adtion de Cano\u00advas del Cas\u00adtillo par l\u2019a\u00adnar\u00adchiste ita\u00adlien Angio\u00adlil\u00adlo en 1897, avec la par\u00adti\u00adci\u00adpa\u00adtion directe d\u2019E\u00adme\u00adte\u00adrio Betances, por\u00adto ricain qui repr\u00e9\u00adsen\u00adtait l\u2019\u00e9\u00admi\u00adgra\u00adtion cubaine \u00e0 Paris, fut l\u2019un des fac\u00adteurs les plus d\u00e9ci\u00adsifs de la d\u00e9faite de l\u2019Espagne.<\/p>\n<p style=\"text-align: justify;\">Durant l\u2019in\u00adter\u00adven\u00adtion nord-am\u00e9\u00adri\u00adcaine en 1898, la pre\u00admi\u00e8re gr\u00e8ve qui \u00e9cla\u00adta \u00e0 Cuba fut lan\u00adc\u00e9e par les anar\u00adchistes dans la cor\u00adpo\u00adra\u00adtion des ma\u00e7ons. La gr\u00e8ve fut r\u00e9pri\u00adm\u00e9e vio\u00adlem\u00adment, bien que, en fin de compte, les gr\u00e9\u00advistes eussent obte\u00adnu des aug\u00admen\u00adta\u00adtions sala\u00adriales. Cette gr\u00e8ve re\u00e7ut le sou\u00adtien total de l\u2019heb\u00addo\u00adma\u00addaire <i>Tier\u00adra&nbsp;!<\/i> (Terre!) diri\u00adg\u00e9 par Abe\u00adlar\u00addo Saa\u00adve\u00addra et Adrian del&nbsp;Valle.<\/p>\n<h5 style=\"text-align: justify;\">La premi\u00e8re R\u00e9publique<\/h5>\n<p style=\"text-align: justify;\">Sous les pre\u00admiers gou\u00adver\u00adne\u00adments cubains, plu\u00adsieurs gr\u00e8ves impor\u00adtantes \u00e9cla\u00adt\u00e8rent chez les ouvriers du tabac, les ouvriers bou\u00adlan\u00adgers, les ma\u00e7ons et les menui\u00adsiers. Presque toutes furent r\u00e9pri\u00adm\u00e9es f\u00e9ro\u00adce\u00adment comme aux plus sombres temps colo\u00adniaux. La r\u00e9pu\u00adblique des lib\u00e9\u00adraux comme celle des conser\u00adva\u00adteurs ne com\u00adpre\u00adnait ni m\u00eame ne recon\u00adnais\u00adsait le pro\u00adbl\u00e8me social et on avait oubli\u00e9 la pro\u00admesse de Mar\u00adti&nbsp;: \u00ab&nbsp;Avec tous et pour le bien de&nbsp;tous.&nbsp;\u00bb<\/p>\n<p style=\"text-align: justify;\">La r\u00e9vo\u00adlu\u00adtion mexi\u00adcaine de 1910 reten\u00adtit vive\u00adment sur les ouvriers et les pay\u00adsans cubains, les dis\u00adcours de Flores Magon <sup class=\"modern-footnotes-footnote modern-footnotes-footnote--expands-on-desktop \" data-mfn=\"4\" data-mfn-post-scope=\"000000000c5de8c4000000004b455c0d_1818\"><a href=\"javascript:void(0)\" role=\"button\" aria-pressed=\"false\" aria-describedby=\"mfn-content-000000000c5de8c4000000004b455c0d_1818-4\">4<\/a><\/sup><span id=\"mfn-content-000000000c5de8c4000000004b455c0d_1818-4\" role=\"tooltip\" class=\"modern-footnotes-footnote__note\" tabindex=\"0\" data-mfn=\"4\">Cf. <i>la R\u00e9vo\u00adlu\u00adtion mexi\u00adcaine de R.F. Magon<\/i>, Spar\u00adta\u00adcus, 1978.<\/span> et les fusils de Zapa\u00adta aiguillon\u00adnant la conscience des ouvriers oubli\u00e9s de la canne \u00e0 sucre, pre\u00admi\u00e8re indus\u00adtrie du pays. En 1915, parut le mani\u00adfeste de Cruces. C\u2019\u00e9\u00adtait, par sa forme lit\u00adt\u00e9\u00adraire, un po\u00e8me de lutte. \u00ab&nbsp;Sou\u00adte\u00adnons notre cri \u00e0 la force de nos bras&nbsp;\u00bb et \u00ab&nbsp;Se taire c\u2019est tran\u00adsi\u00adger&nbsp;\u00bb sont l\u2019ex\u00adpres\u00adsion de la r\u00e9volte de tra\u00advailleurs r\u00e9duits \u00e0 la famine, conscients d\u2019\u00eatre la force pro\u00adduc\u00adtive la plus impor\u00adtante de l\u2019\u00eele. Cette m\u00eame ann\u00e9e, fut fon\u00add\u00e9e la pre\u00admi\u00e8re F\u00e9d\u00e9\u00adra\u00adtion Pay\u00adsanne de la pro\u00advince de Las Vil\u00adlas, avec, pour prin\u00adci\u00adpaux orga\u00adni\u00adsa\u00adteurs, Fer\u00adnan\u00addo Igl\u00e9\u00adsias, Lau\u00adrea\u00adno Ote\u00adro, Manuel Lopez, Jos\u00e9 Lage, Ben\u00adja\u00admin Janei\u00adros, Luis Meneses, San\u00adtos Garos, Miguel Ripoll, Fran\u00adcis\u00adco Bara\u00adgoi\u00adtia, Andres Fuentes, Tomas Rayon et Fran\u00adcis\u00adco Ramos. Devant les abus com\u00admis par les soci\u00e9\u00adt\u00e9s sucri\u00e8res nord-am\u00e9\u00adri\u00adcaines et espa\u00adgnoles, qui contr\u00f4\u00adlaient la majeure par\u00adtie de la pro\u00adduc\u00adtion natio\u00adnale, les anar\u00adchistes ten\u00adt\u00e8rent de lan\u00adcer quelques gr\u00e8ves&nbsp;; mais ils \u00e9chou\u00e8rent du fait de la r\u00e9pres\u00adsion que le gou\u00adver\u00adne\u00adment d\u00e9cha\u00ee\u00adna depuis la Havane sous le com\u00adman\u00adde\u00adment de Gar\u00adcia Meno\u00adcal, uti\u00adli\u00adsant l\u2019ar\u00adm\u00e9e pr\u00e9\u00adto\u00adrienne et la Garde Rurale pour assas\u00adsi\u00adner et pour\u00adsuivre les gr\u00e9\u00advistes. Cette p\u00e9riode, la plus active de l\u2019his\u00adtoire des liber\u00adtaires cubains, se ter\u00admi\u00adna douze ans plus tard par la liqui\u00adda\u00adtion phy\u00adsique des per\u00adson\u00adna\u00adli\u00adt\u00e9s qui avaient le plus d\u2019abn\u00e9gation.<\/p>\n<p style=\"text-align: justify;\">\u00c0 cette \u00e9poque plu\u00adsieurs jour\u00adnaux d\u2019o\u00adrien\u00adta\u00adtion liber\u00adtaire \u00e9taient publi\u00e9s r\u00e9gu\u00adli\u00e8\u00adre\u00adment, mal\u00adgr\u00e9 la d\u00e9por\u00adta\u00adtion de cer\u00adtains de leurs res\u00adpon\u00adsables th\u00e9o\u00adriques&nbsp;: <i>La Batal\u00adla<\/i> (La Bataille), <i>Nue\u00advos Rum\u00adbos<\/i> (Nou\u00adveaux Che\u00admins), <i>Via libre<\/i> (Voie Libre) et natu\u00adrel\u00adle\u00adment <i>Tier\u00adra&nbsp;!<\/i> Les grands noms de la lit\u00adt\u00e9\u00adra\u00adture liber\u00adtaire et anar\u00adcho-syn\u00addi\u00adca\u00adliste col\u00adla\u00adbo\u00adraient inten\u00ads\u00e9\u00adment, tels, par\u00admi bien d\u2019autres, Mar\u00adce\u00adlo Sali\u00adnas, Anto\u00adnio Peni\u00adchet, Manuel Fer\u00adro, Jesus Igle\u00adsias et Adrian del Valle. Les uns sou\u00adte\u00adnaient les id\u00e9es de Kro\u00adpot\u00adkine, de Reclus, de Mala\u00adtes\u00adta&nbsp;; d\u2019autres d\u00e9fen\u00addaient la tra\u00addi\u00adtion bakou\u00adni\u00adniste&nbsp;; la majo\u00adri\u00adt\u00e9, enfin, \u00e9tait proche de l\u2019a\u00adnar\u00adcho-syn\u00addi\u00adca\u00adlisme nais\u00adsant, qui, incar\u00adn\u00e9 dans la Conf\u00e9\u00add\u00e9\u00adra\u00adtion Natio\u00adnale du Tra\u00advail (CNT), venait d\u2019Es\u00adpagne. Alfre\u00addo Lopez, qui s\u2019ins\u00adcri\u00advait dans cette der\u00adni\u00e8re ten\u00addance d\u00e8s 1922 et appar\u00adte\u00adnait au syn\u00addi\u00adcat des typo\u00adgraphes, orga\u00adni\u00adsa la F\u00e9d\u00e9\u00adra\u00adtion Ouvri\u00e8re de la Havane (FOH), o\u00f9 se regrou\u00adp\u00e8rent les cor\u00adpo\u00adra\u00adtions et les asso\u00adcia\u00adtions ouvri\u00e8res les plus com\u00adba\u00adtives de la capi\u00adtale. Avec Alfre\u00addo Lopez d\u00e9bu\u00adta l\u2019\u00e9\u00adtape la plus dyna\u00admique d\u2019un vaste mou\u00adve\u00adment social&nbsp;: on cr\u00e9a des ath\u00e9\u00adn\u00e9es liber\u00adtaires, des centres ouvriers, des clubs natu\u00adristes, on orga\u00adni\u00adsa des syn\u00addi\u00adcats. Ce furent les anar\u00adchistes qui, en ces ann\u00e9es trou\u00adbl\u00e9es, les pre\u00admiers et les seuls, sans moyens finan\u00adciers ni aide de qui\u00adconque, unirent et orien\u00adt\u00e8rent la majo\u00adri\u00adt\u00e9 des tra\u00advailleurs de la cam\u00adpagne et de la ville sur l\u2019en\u00adsemble de&nbsp;l\u2019\u00eele.<\/p>\n<p style=\"text-align: justify;\">En 1925, s\u2019ap\u00adpuyant sur trois congr\u00e8s ouvriers qui se d\u00e9rou\u00adl\u00e8rent suc\u00adces\u00adsi\u00adve\u00adment \u00e0 la Havane, \u00e0 Cien\u00adfue\u00adgos et \u00e0 Camag\u00fcey, les anar\u00adchistes cr\u00e9\u00e8rent dans cette der\u00adni\u00e8re ville la Conf\u00e9\u00add\u00e9\u00adra\u00adtion Natio\u00adnale Ouvri\u00e8re de Cuba (CNOC), qui r\u00e9unit tous les syn\u00addi\u00adcats, les confr\u00e9\u00adries, les unions, les cor\u00adpo\u00adra\u00adtions et asso\u00adcia\u00adtions de Cuba, soit 128 col\u00adlec\u00adti\u00advi\u00adt\u00e9s et plus de 200.000 ouvriers repr\u00e9\u00adsen\u00adt\u00e9s par 160 d\u00e9l\u00e9\u00adgu\u00e9s. Ses per\u00adson\u00adna\u00adli\u00adt\u00e9s les plus connues, outre Alfre\u00addo Lopez, s\u2019ap\u00adpe\u00adlaient Pas\u00adcual Nunez, Bien\u00adve\u00adni\u00addo Rego, Nica\u00adnor Tomas, Jos\u00e9 M.&nbsp;Govin, Domin\u00adgo Rosa\u00addo Rojas, Flo\u00adren\u00adti\u00adno Pas\u00adcual, Luis Tru\u00adje\u00adda, Pau\u00adli\u00adno Diez, Venan\u00adcio Rodri\u00adguez, Rafael Ser\u00adra, Anto\u00adnio Peni\u00adchet, Mar\u00adga\u00adri\u00adto Igle\u00adsias et Enrique Varo\u00adna. La d\u00e9ci\u00adsion la plus mar\u00adquante intro\u00adduite dans les sta\u00adtuts de la CNOC fut le \u00ab&nbsp;rejet total et col\u00adlec\u00adtif de l\u2019ac\u00adtion \u00e9lec\u00adto\u00adrale&nbsp;\u00bb\u200a\u2014\u200asans par\u00adler d\u2019autres r\u00e9so\u00adlu\u00adtions \u00e0 carac\u00adt\u00e8re syn\u00addi\u00adcal et social comme la reven\u00addi\u00adca\u00adtion clas\u00adsique des huit heures de tra\u00advail jour\u00adna\u00adlier, le droit de gr\u00e8ve et le refus una\u00adnime de bureau\u00adcra\u00adti\u00adser l\u2019or\u00adga\u00adnisme nou\u00advel\u00adle\u00adment&nbsp;cr\u00e9\u00e9.<\/p>\n<p style=\"text-align: justify;\">Le nou\u00adveau pr\u00e9\u00adsident de Cuba, Gerar\u00addo Macha\u00addo, dic\u00adta\u00adteur et mani\u00adpu\u00adla\u00adteur \u00e9lec\u00adto\u00adral, consi\u00add\u00e9\u00adrait l\u2019at\u00adti\u00adtude poli\u00adtique des ouvriers \u00ab&nbsp;peu patrio\u00adtique&nbsp;\u00bb et d\u00e9cha\u00ee\u00adna des pour\u00adsuites inces\u00adsantes contre la CNOC et ses res\u00adpon\u00adsables. Macha\u00addo ordon\u00adna les l\u00e2ches assas\u00adsi\u00adnats d\u2019En\u00adrique Varo\u00adna, orga\u00adni\u00adsa\u00adteur des che\u00admi\u00adnots, de Mar\u00adga\u00adri\u00adto Igle\u00adsias du Syn\u00addi\u00adcat manu\u00adfac\u00adtu\u00adrier et d\u2019Al\u00adfre\u00addo Lopez, secr\u00e9\u00adtaire g\u00e9n\u00e9\u00adral de la CNOC. Il fit empri\u00adson\u00adner et d\u00e9por\u00adter nombre d\u2019ac\u00adti\u00advistes et de mili\u00adtants de l\u2019a\u00adnar\u00adcho-syn\u00addi\u00adca\u00adlisme cubain et d\u00e9cla\u00adra hors-la-loi tous les syn\u00addi\u00adcats ou cor\u00adpo\u00adra\u00adtions qui le com\u00adbat\u00adtaient r\u00e9el\u00adle\u00adment. Durant plus de huit ans, Macha\u00addo s\u2019oc\u00adcu\u00adpa de d\u00e9truire l\u2019\u0153uvre accom\u00adplie par les liber\u00adtaires, don\u00adnant l\u2019oc\u00adca\u00adsion au Par\u00adti com\u00admu\u00adniste r\u00e9cem\u00adment cr\u00e9\u00e9 de se pla\u00adcer en posi\u00adtion de force \u00e0 l\u2019in\u00adt\u00e9\u00adrieur de la CNOC. Plus tard, le PC uti\u00adli\u00adse\u00adra cet orga\u00adnisme pour pac\u00adti\u00adser avec Macha\u00addo, \u00e0 la fin de son r\u00e9gime\u2026 Ce har\u00adc\u00e8\u00adle\u00adment ne put emp\u00ea\u00adcher les anar\u00adchistes, regrou\u00adp\u00e9s dans une orga\u00adni\u00adsa\u00adtion cr\u00e9\u00e9e en 1924 et nom\u00adm\u00e9e F\u00e9d\u00e9\u00adra\u00adtion des Groupes Anar\u00adchistes de Cuba (FGAC), de lan\u00adcer des gr\u00e8ves, de faire de la pro\u00adpa\u00adgande et de contri\u00adbuer aux d\u00e9sordres et aux vio\u00adlences de la p\u00e9riode la plus san\u00adglante de notre his\u00adtoire&nbsp;: celle qui va de 1930 \u00e0 1933. La tyran\u00adnie de Macha\u00addo, qui dura jus\u00adqu\u2019au mois d\u2019ao\u00fbt de cette ann\u00e9e-l\u00e0, fut abat\u00adtue par une gr\u00e8ve g\u00e9n\u00e9\u00adrale, lan\u00adc\u00e9e et main\u00adte\u00adnue par des liber\u00adtaires dans le Syn\u00addi\u00adcat des tram\u00adways <sup class=\"modern-footnotes-footnote modern-footnotes-footnote--expands-on-desktop \" data-mfn=\"5\" data-mfn-post-scope=\"000000000c5de8c4000000004b455c0d_1818\"><a href=\"javascript:void(0)\" role=\"button\" aria-pressed=\"false\" aria-describedby=\"mfn-content-000000000c5de8c4000000004b455c0d_1818-5\">5<\/a><\/sup><span id=\"mfn-content-000000000c5de8c4000000004b455c0d_1818-5\" role=\"tooltip\" class=\"modern-footnotes-footnote__note\" tabindex=\"0\" data-mfn=\"5\">Macha\u00addo avait \u00e9t\u00e9 \u00e9lu pr\u00e9\u00adsident en 1925 avec l\u2019ap\u00adpui des Am\u00e9\u00adri\u00adcains. La grande crise \u00e9co\u00adno\u00admique de 1929 et les m\u00e9thodes dic\u00adta\u00adto\u00adriales de Macha\u00addo ame\u00adn\u00e8rent sa chute en ao\u00fbt 1933. Il fut rem\u00adpla\u00adc\u00e9 par Ces\u00adpedes, sou\u00adte\u00adnu lui aus\u00adsi par les \u00c9tats\u200a\u2013\u200aUnis.<\/span>.<\/p>\n<p style=\"text-align: justify;\">Mal\u00adgr\u00e9 la vic\u00adtoire, les liber\u00adtaires sor\u00adtirent mal en point de la dic\u00adta\u00adture de Macha\u00addo. Les ani\u00adma\u00adteurs et les acti\u00advistes les plus d\u00e9ter\u00admi\u00adn\u00e9s avaient \u00e9t\u00e9 vic\u00adtimes de la r\u00e9pres\u00adsion gou\u00adver\u00adne\u00admen\u00adtale ou d\u00e9por\u00adt\u00e9s. Les com\u00admu\u00adnistes, eux, man\u0153u\u00advr\u00e8rent apr\u00e8s la chute de Macha\u00addo pour r\u00e9cu\u00adp\u00e9\u00adrer l\u2019in\u00adfluence per\u00addue et entre\u00adprirent d\u2019at\u00adta\u00adquer vio\u00adlem\u00adment les anar\u00adchistes, dans le but de mani\u00adpu\u00adler plus faci\u00adle\u00adment la classe ouvri\u00e8re. Ayant tota\u00adle\u00adment \u00e9chou\u00e9, ils essay\u00e8rent la tac\u00adtique qui sera connu plus tard sous le nom de Front Popu\u00adlaire, cher\u00adchant l\u2019ap\u00adpui offi\u00adciel de Batis\u00adta, alors colo\u00adnel, nou\u00advel figure sor\u00adtie des casernes lors du coup d\u2019\u00c9\u00adtat du 4 sep\u00adtembre 1936 <sup class=\"modern-footnotes-footnote modern-footnotes-footnote--expands-on-desktop \" data-mfn=\"6\" data-mfn-post-scope=\"000000000c5de8c4000000004b455c0d_1818\"><a href=\"javascript:void(0)\" role=\"button\" aria-pressed=\"false\" aria-describedby=\"mfn-content-000000000c5de8c4000000004b455c0d_1818-6\">6<\/a><\/sup><span id=\"mfn-content-000000000c5de8c4000000004b455c0d_1818-6\" role=\"tooltip\" class=\"modern-footnotes-footnote__note\" tabindex=\"0\" data-mfn=\"6\">Le r\u00e9gime de Ces\u00adpedes ne dura qu\u2019un mois. Le 4 sep\u00adtembre 1933, la r\u00e9volte d\u2019une par\u00adtie des cadres de l\u2019ar\u00adm\u00e9e, dont Batis\u00adta, le ren\u00adver\u00adsa et Grau San Mar\u00adtin devint pr\u00e9\u00adsident.<\/span>.<\/p>\n<p style=\"text-align: justify;\">Afin de se regrou\u00adper et de se r\u00e9or\u00adga\u00adni\u00adser, les anar\u00adchistes cher\u00adch\u00e8rent des alli\u00e9s dans l\u2019op\u00adpo\u00adsi\u00adtion r\u00e9vo\u00adlu\u00adtion\u00adnaire \u00e0 Batis\u00adta. Cer\u00adtains des mili\u00adtants les plus aguer\u00adris s\u2019af\u00adfi\u00adli\u00e8rent \u00e0 l\u2019or\u00adga\u00adni\u00adsa\u00adtion socia\u00adliste \u00ab&nbsp;Jeune Cuba&nbsp;\u00bb, diri\u00adg\u00e9e par un enne\u00admi achar\u00adn\u00e9 des com\u00admu\u00adnistes, Anto\u00adnio Gui\u00adte\u00adras. Cette fois-ci, c\u2019est avec l\u2019aide du PC que la r\u00e9pres\u00adsion orga\u00adni\u00ads\u00e9e par le colo\u00adnel Batis\u00adta fit \u00e9chouer la gr\u00e8ve de mars 1935. Un nou\u00adveau coup contre les anar\u00adchistes dans cette p\u00e9riode de r\u00e9ac\u00adtion sociale.<\/p>\n<p style=\"text-align: justify;\">Lorsque la r\u00e9vo\u00adlu\u00adtion et la guerre civile espa\u00adgnoles \u00e9cla\u00adt\u00e8rent en juillet 1936, les anar\u00adchistes de Cuba rejoi\u00adgnirent la d\u00e9fense de la R\u00e9pu\u00adblique espa\u00adgnole et, \u00e0 leur ini\u00adtia\u00adtive, fut fon\u00add\u00e9e \u00e0 La Havane la Soli\u00adda\u00adri\u00adt\u00e9 Inter\u00adna\u00adtio\u00adnale Anti\u00adfas\u00adciste (SIA), qui \u0153uvra avec achar\u00adne\u00adment pour recueillir et envoyer des fonds et des armes aux cama\u00adrades espa\u00adgnols de la CNT-FAI. Les liber\u00adtaires cubains furent nom\u00adbreux \u00e0 par\u00adti\u00adci\u00adper direc\u00adte\u00adment \u00e0 ce conflit en s\u2019en\u00adga\u00adgeant dans les colonnes anar\u00adchistes&nbsp;; cer\u00adtains mou\u00adrurent en Espagne en d\u00e9fen\u00addant leurs id\u00e9aux. Apr\u00e8s la vic\u00adtoire fran\u00adquiste, plu\u00adsieurs d\u2019entre eux furent rapa\u00adtri\u00e9s \u00e0 Cuba, de m\u00eame qu\u2019un nombre impor\u00adtant d\u2019Es\u00adpa\u00adgnols, qui sor\u00adtirent de France et d\u2019Es\u00adpagne avec des pas\u00adse\u00adports cubains. De nou\u00adveau, on recueillit des fonds pour aider les com\u00adbat\u00adtants d\u00e9mu\u00adnis, et ceux qui arri\u00adv\u00e8rent \u00e0 Cuba b\u00e9n\u00e9\u00adfi\u00adci\u00e8rent d\u2019une soli\u00adda\u00adri\u00adt\u00e9 totale.<\/p>\n<p style=\"text-align: justify;\">En 1939, sui\u00advant les ordres re\u00e7us de Mos\u00adcou, le Par\u00adti com\u00admu\u00adniste pac\u00adti\u00adsa offi\u00adciel\u00adle\u00adment avec Batis\u00adta <sup class=\"modern-footnotes-footnote modern-footnotes-footnote--expands-on-desktop \" data-mfn=\"7\" data-mfn-post-scope=\"000000000c5de8c4000000004b455c0d_1818\"><a href=\"javascript:void(0)\" role=\"button\" aria-pressed=\"false\" aria-describedby=\"mfn-content-000000000c5de8c4000000004b455c0d_1818-7\">7<\/a><\/sup><span id=\"mfn-content-000000000c5de8c4000000004b455c0d_1818-7\" role=\"tooltip\" class=\"modern-footnotes-footnote__note\" tabindex=\"0\" data-mfn=\"7\">Batis\u00adta ren\u00adver\u00adsa Grau San Mar\u00adtin en 1934, bri\u00adsa le mou\u00adve\u00adment popu\u00adlaire issu de 1933 et abo\u00adlit l\u2019a\u00admen\u00adde\u00adment Platt, le tout avec l\u2019ac\u00adcord des \u00c9tats-Unis bien enten\u00addu. En 1939, le PC se ral\u00adlia \u00e0 lui, car c\u2019\u00e9\u00adtait l\u2019\u00e9\u00adpoque de la tac\u00adtique des \u00ab&nbsp;Front Popu\u00adlaires&nbsp;\u00bb , et en 1940 appe\u00adla \u00e0 voter en sa faveur. En 1942, deux com\u00admu\u00adnistes entr\u00e8rent au gou\u00adver\u00adne\u00adment. Cette alliance co\u00fb\u00adta cher au PC&nbsp;: de 87.000 membres en 1942, il d\u00e9grin\u00adgo\u00adla \u00e0 7000 en 1959.<\/span>, diri\u00adgeant sans base popu\u00adlaire, et celui-ci,en paie\u00adment de leurs ser\u00advices et de leur appui poli\u00adtique, leur remit la direc\u00adtion d\u2019une nou\u00advelle cen\u00adtrale syn\u00addi\u00adcale, cr\u00e9\u00e9e dans ce but, la Conf\u00e9\u00add\u00e9\u00adra\u00adtion des Tra\u00advailleurs de Cuba (CTC), orga\u00adnisme pro\u00adfes\u00adsion\u00adnel le plus impor\u00adtant de l\u2019\u00eele, puis\u00adqu\u2019il regrou\u00adpait toutes les ten\u00addances poli\u00adtiques et syn\u00addi\u00adcales du moment\u200a\u2014\u200ay com\u00adpris une mino\u00adri\u00adt\u00e9 anar\u00adchiste. D\u00e8s lors, le mou\u00adve\u00adment ouvrier cubain, orga\u00adni\u00ads\u00e9 et l\u00e9ga\u00adli\u00ads\u00e9 sur ordre de Batis\u00adta, pas\u00adsa sous le contr\u00f4le des com\u00admu\u00adnistes. Les anar\u00adchistes, eux, cr\u00e9\u00e8rent une orga\u00adni\u00adsa\u00adtion, l\u2019As\u00adso\u00adcia\u00adtion Liber\u00adtaire de Cuba (ALC), pour ras\u00adsem\u00adbler les anar\u00adchistes et les anar\u00adcho-syn\u00addi\u00adca\u00adlistes ayant sur\u00adv\u00e9\u00adcu aux ann\u00e9es trente.<\/p>\n<p style=\"text-align: justify;\">&nbsp;<\/p>\n<h5 style=\"text-align: justify;\">La seconde R\u00e9publique<\/h5>\n<p style=\"text-align: justify;\">La consti\u00adtu\u00adtion de 1940 mar\u00adqua le d\u00e9but d\u2019une nou\u00advelle situa\u00adtion poli\u00adtique. Pour la pre\u00admi\u00e8re fois dans notre his\u00adtoire, on y trai\u00adtait du pro\u00adbl\u00e8me social et on ten\u00adtait de r\u00e9pa\u00adrer les erreurs et les oublis de la I<sup>re<\/sup> R\u00e9pu\u00adblique. D\u2019o\u00adrien\u00adta\u00adtion moderne et pro\u00adgres\u00adsiste, la <i>Car\u00adta Magna<\/i> (Grande Charte) cubaine \u00e9tait l\u2019\u0153uvre de deux g\u00e9n\u00e9\u00adra\u00adtions de Cubains o\u00f9 se retrou\u00advaient des indi\u00advi\u00addus de toutes les classes sociales et de toutes les sph\u00e8res de la vie natio\u00adnale. Tous les pro\u00adbl\u00e8mes pas\u00ads\u00e9s et \u00e0 venir, tant poli\u00adtiques que sociaux, tant agraires ou urbains qu\u2019ou\u00advriers, d\u2019une p\u00e9riode convul\u00adsive, s\u2019y refl\u00e9\u00adtaient avec une pr\u00e9\u00adci\u00adsion incroyable. La Consti\u00adtu\u00adtion \u00e9tait, sans aucun doute, un docu\u00adment bien r\u00e9us\u00adsi&nbsp;: res\u00adtait \u00e0 la mettre en pratique.<\/p>\n<p style=\"text-align: justify;\">Au d\u00e9but des ann\u00e9es qua\u00adrante, les liber\u00adtaires se consa\u00adcr\u00e8rent \u00e0 par\u00adtir de l\u2019ALC \u00e0 un tra\u00advail d\u2019or\u00adga\u00adni\u00adsa\u00adtion. Ce qui demeu\u00adrait du mou\u00adve\u00adment qui avait \u00e9t\u00e9 le plus actif dans le pro\u00adl\u00e9\u00adta\u00adriat cubain jus\u00adqu\u2019au milieu des ann\u00e9es vingt, b\u00e9n\u00e9\u00adfi\u00adciait encore d\u2019un appui popu\u00adlaire solide et d\u2019une r\u00e9pu\u00adta\u00adtion de com\u00adba\u00adti\u00advi\u00adt\u00e9, fon\u00add\u00e9es sur une tra\u00adjec\u00adtoire r\u00e9vo\u00adlu\u00adtion\u00adnaire et sociale claire et sur un d\u00e9s\u00adin\u00adt\u00e9\u00adres\u00adse\u00adment l\u00e9gen\u00addaire. D\u2019une part, on com\u00admen\u00ad\u00e7a par pr\u00e9\u00adpa\u00adrer des cadres pour la Jeu\u00adnesse Liber\u00adtaire r\u00e9cem\u00adment fon\u00add\u00e9e, dans l\u2019es\u00adpoir de r\u00e9cu\u00adp\u00e9\u00adrer le ter\u00adrain per\u00addu devant les com\u00admu\u00adnistes, en cr\u00e9ant \u00e0 l\u2019aide de cet orga\u00adnisme des groupes d\u2019ac\u00adtion liber\u00adtaire. D\u2019autre part, devant la situa\u00adtion cr\u00e9\u00e9e par la Consti\u00adtu\u00adtion de 1940, qui avait l\u00e9ga\u00adli\u00ads\u00e9 la jour\u00adn\u00e9e de huit heures de tra\u00advail et qui, tout en recon\u00adnais\u00adsant le droit de gr\u00e8ve, en avait r\u00e9gle\u00admen\u00adt\u00e9 l\u2019exer\u00adcice, les anar\u00adcho-syn\u00addi\u00adca\u00adlistes furent obli\u00adg\u00e9s de cr\u00e9er, \u00e0 l\u2019in\u00adt\u00e9\u00adrieur de la CTC, des groupes de pres\u00adsion, v\u00e9ri\u00adtables v\u00e9hi\u00adcules de la pen\u00ads\u00e9e anarchiste.<\/p>\n<p style=\"text-align: justify;\">Batis\u00adta, \u00e9lu pr\u00e9\u00adsident, per\u00adp\u00e9\u00adtua son alliance avec les com\u00admu\u00adnistes qui, en retour, ayant re\u00e7u des charges minis\u00adt\u00e9\u00adrielles, de l\u2019argent et des moyens de pro\u00adpa\u00adgande, l\u2019en\u00adcen\u00ads\u00e8rent du titre pom\u00adpeux de \u00ab&nbsp;Mes\u00adsa\u00adger de la Pros\u00adp\u00e9\u00adri\u00adt\u00e9&nbsp;\u00bb et mirent \u00e0 son ser\u00advice non seule\u00adment le Par\u00adti com\u00admu\u00adniste, mais aus\u00adsi la CTC, contr\u00f4\u00adl\u00e9e d\u2019en haut, tra\u00adhis\u00adsant une fois de plus le syn\u00addi\u00adca\u00adlisme r\u00e9vo\u00adlu\u00adtion\u00adnaire et libertaire.<\/p>\n<p style=\"text-align: justify;\">En 1944, Ramon Grau San Mar\u00adtin rem\u00adpor\u00adta les \u00e9lec\u00adtions <sup class=\"modern-footnotes-footnote modern-footnotes-footnote--expands-on-desktop \" data-mfn=\"8\" data-mfn-post-scope=\"000000000c5de8c4000000004b455c0d_1818\"><a href=\"javascript:void(0)\" role=\"button\" aria-pressed=\"false\" aria-describedby=\"mfn-content-000000000c5de8c4000000004b455c0d_1818-8\">8<\/a><\/sup><span id=\"mfn-content-000000000c5de8c4000000004b455c0d_1818-8\" role=\"tooltip\" class=\"modern-footnotes-footnote__note\" tabindex=\"0\" data-mfn=\"8\">Son can\u00addi\u00addat bat\u00adtu aux \u00e9lec\u00adtions, Batis\u00adta s\u2019exi\u00adla en Flo\u00adride.<\/span>. Le peuple atten\u00addit des chan\u00adge\u00adments sub\u00adstan\u00adtiels du nou\u00adveau gou\u00adver\u00adne\u00adment social-d\u00e9mo\u00adcrate. En fait, Grau main\u00adtint les com\u00admu\u00adnistes \u00e0 leurs postes. Il n\u2019y eut de chan\u00adge\u00adments impor\u00adtants dans le mou\u00adve\u00adment ouvrier qu\u2019en 1947, lorsque Grau, contraint par la guerre froide, d\u00e9ci\u00adda d\u2019ex\u00adpul\u00adser les mar\u00adxistes de leurs postes hi\u00e9\u00adrar\u00adchiques au sein de la CTC, le 1<sup>er<\/sup> Mai de cette ann\u00e9e-l\u00e0. (Grau, mal\u00adgr\u00e9 la pres\u00adsion nord-am\u00e9\u00adri\u00adcaine, res\u00adpec\u00adta le Par\u00adti com\u00admu\u00adniste.) Les anar\u00adchistes, pro\u00adfi\u00adtant de l\u2019oc\u00adca\u00adsion, obtinrent, apr\u00e8s la tenue d\u2019\u00e9\u00adlec\u00adtions syn\u00addi\u00adcales libres dans presque tous les syn\u00addi\u00adcats, la d\u00e9si\u00adgna\u00adtion de plu\u00adsieurs cama\u00adrades dans la plus grande orga\u00adni\u00adsa\u00adtion syn\u00addi\u00adcale. Le pres\u00adtige et l\u2019en\u00adga\u00adge\u00adment des anar\u00adcho-syn\u00addi\u00adca\u00adlistes les ame\u00adna \u00e0 diri\u00adger de mani\u00e8re effec\u00adtive quelques syn\u00addi\u00adcats&nbsp;: trans\u00adport, ali\u00admen\u00adta\u00adtion, etc. et \u00e0 main\u00adte\u00adnir une pres\u00adsion r\u00e9elle dans la qua\u00adsi-tota\u00adli\u00adt\u00e9 des autres syn\u00addi\u00adcats de la CTC. \u00c0 la m\u00eame \u00e9poque, des Asso\u00adcia\u00adtions pay\u00adsannes furent cr\u00e9\u00e9es par des anar\u00adchistes pour ten\u00adter d\u2019or\u00adga\u00adni\u00adser les pay\u00adsans sans terre. Ces efforts rem\u00adpor\u00adt\u00e8rent le plus de suc\u00adc\u00e8s sur la c\u00f4te nord de la pro\u00advince de Camag\u00fcey, vieux bas\u00adtion liber\u00adtaire, et chez les culti\u00adva\u00adteurs de caf\u00e9 de la pro\u00advince d\u2019O\u00adriente, o\u00f9, depuis long\u00adtemps d\u00e9j\u00e0, les anar\u00adchistes avaient fon\u00add\u00e9 et sou\u00adte\u00adnu des col\u00adlec\u00adti\u00advi\u00adt\u00e9s agri\u00adcoles libres.<\/p>\n<p style=\"text-align: justify;\">Car\u00adlo Prio Socar\u00adras conquit la pr\u00e9\u00adsi\u00addence en 1948 et sui\u00advit la m\u00eame poli\u00adtique tol\u00e9\u00adrante dans le domaine social que Grau. En 1949, les anar\u00adchistes \u00e0 l\u2019in\u00adt\u00e9\u00adrieur de la CTC agirent avec quelques \u00e9l\u00e9\u00adments proches pour ten\u00adter de cr\u00e9er une nou\u00advelle cen\u00adtrale syn\u00addi\u00adcale, la Conf\u00e9\u00add\u00e9\u00adra\u00adtion G\u00e9n\u00e9\u00adrale des Tra\u00advailleurs (CGT). L\u2019i\u00add\u00e9e \u00e9tait de cr\u00e9er une orga\u00adni\u00adsa\u00adtion ouvri\u00e8re ind\u00e9\u00adpen\u00addante de la CTC\u200a\u2014\u200ainf\u00e9o\u00add\u00e9e au gou\u00adver\u00adne\u00adment \u2014, dans la tra\u00addi\u00adtion anar\u00adcho-syn\u00addi\u00adca\u00adliste&nbsp;; mais cette d\u00e9marche \u00e9choua devant les pres\u00adsions exer\u00adc\u00e9es par le ministre du Tra\u00advail, qui redou\u00adtait l\u2019in\u00adfluence crois\u00adsante des liber\u00adtaires dans le monde du tra\u00advail et s\u2019y oppo\u00adsait cat\u00e9\u00adgo\u00adri\u00adque\u00adment. Prio d\u00e9ci\u00addant en 1950 de d\u00e9cla\u00adrer ill\u00e9\u00adgal le Par\u00adti Socia\u00adliste Popu\u00adlaire (com\u00admu\u00adniste), ceux-ci cher\u00adch\u00e8rent \u00e0 nou\u00adveau une alliance avec Batista.<\/p>\n<p style=\"text-align: justify;\">En mars 1952, Batis\u00adta fit un coup d\u2019\u00c9\u00adtat. Les com\u00admu\u00adnistes ne r\u00e9pu\u00adgn\u00e8rent pas d\u2019u\u00adti\u00adli\u00adser cette occa\u00adsion pour p\u00e9n\u00e9\u00adtrer la bureau\u00adcra\u00adtie offi\u00adcielle <sup class=\"modern-footnotes-footnote modern-footnotes-footnote--expands-on-desktop \" data-mfn=\"9\" data-mfn-post-scope=\"000000000c5de8c4000000004b455c0d_1818\"><a href=\"javascript:void(0)\" role=\"button\" aria-pressed=\"false\" aria-describedby=\"mfn-content-000000000c5de8c4000000004b455c0d_1818-9\">9<\/a><\/sup><span id=\"mfn-content-000000000c5de8c4000000004b455c0d_1818-9\" role=\"tooltip\" class=\"modern-footnotes-footnote__note\" tabindex=\"0\" data-mfn=\"9\">Le Par\u00adti com\u00admu\u00adniste cubain explique ain\u00adsi sa posi\u00adtion par la plume d\u2019un de ses lea\u00adders&nbsp;: \u00ab&nbsp;Nous avons \u00e9t\u00e9 d\u2019ac\u00adcord avec Batis\u00adta tant qu\u2019il joua un r\u00f4le posi\u00adtif dans une situa\u00adtion d\u00e9ter\u00admi\u00adn\u00e9e&nbsp;; nous l\u2019a\u00advons com\u00adbat\u00adtu ensuite, avec une grande vigueur, fer\u00adme\u00adment, impla\u00adca\u00adble\u00adment, d\u00e8s le coup d\u2019\u00c9\u00adtat r\u00e9ac\u00adtion\u00adnaire et imp\u00e9\u00adria\u00adliste anti\u00adna\u00adtio\u00adnal, anti\u00adpo\u00adpu\u00adlaire et and-ouvrier&nbsp;\u00bb (Blas Roca, <i>Los Fun\u00adda\u00admen\u00adtos del socia\u00adlis\u00admo en Cuba<\/i>, La Haba\u00adna, 1960).<\/span>, mais ils ne purent retrou\u00adver leur influence dans la CTC. On \u00e9tait alors en pleine guerre froide et, cette fois, Batis\u00adta devait res\u00adter mod\u00e9\u00adr\u00e9 dans son alliance avec les mar\u00adxistes. Pro\u00adfi\u00adtant de l\u2019ab\u00adsence de r\u00e9ac\u00adtion au coup d\u2019\u00c9\u00adtat, Fidel Cas\u00adtro\u200a\u2014\u200aobs\u00adcur poli\u00adti\u00adcien d\u2019o\u00adri\u00adgine bour\u00adgeoise\u200a\u2014\u200aet un groupe de jeunes r\u00e9vo\u00adlu\u00adtion\u00adnaires men\u00e8rent une attaque contre la caserne Mon\u00adca\u00adda \u00e0 San\u00adtia\u00adgo de Cuba, qui \u00e9choua d\u2019une mani\u00e8re san\u00adglante <sup class=\"modern-footnotes-footnote modern-footnotes-footnote--expands-on-desktop \" data-mfn=\"10\" data-mfn-post-scope=\"000000000c5de8c4000000004b455c0d_1818\"><a href=\"javascript:void(0)\" role=\"button\" aria-pressed=\"false\" aria-describedby=\"mfn-content-000000000c5de8c4000000004b455c0d_1818-10\">10<\/a><\/sup><span id=\"mfn-content-000000000c5de8c4000000004b455c0d_1818-10\" role=\"tooltip\" class=\"modern-footnotes-footnote__note\" tabindex=\"0\" data-mfn=\"10\">e 26 juillet 1953, cent vingt hommes grou\u00adp\u00e9s autour de Fidel Cas\u00adtro atta\u00adqu\u00e8rent la caserne Mon\u00adca\u00adda&nbsp;: il y avait l\u00e0 des jeunes des ten\u00addances les plus diverses, dont le liber\u00adtaire Boris Luis San\u00adta-Colo\u00adma.<\/span>. Leur pro\u00adgramme \u00ab&nbsp;r\u00e9vo\u00adlu\u00adtion\u00adnaire&nbsp;\u00bb n\u2019\u00e9\u00adtait qu\u2019un pro\u00adgramme social-d\u00e9mo\u00adcrate, r\u00e9for\u00admiste et petit-bour\u00adgeois. Cas\u00adtro fut empri\u00adson\u00adn\u00e9 avec cer\u00adtains de ses com\u00adpa\u00adgnons quelques mois seule\u00adment, puis par\u00adtit pour le Mexique. L\u2019op\u00adpo\u00adsi\u00adtion devint vio\u00adlente et Batis\u00adta r\u00e9pon\u00addit \u00e0 l\u2019a\u00adgi\u00adta\u00adtion de mani\u00e8re bru\u00adtale, comme on pou\u00advait s\u2019y attendre.<\/p>\n<p style=\"text-align: justify;\">\u00c0 la fin de 1956, une pola\u00adri\u00adsa\u00adtion d\u00e9fi\u00adni\u00adtive se pro\u00addui\u00adsit entre Batis\u00adta et l\u2019op\u00adpo\u00adsi\u00adtion, aus\u00adsi l\u2019ALC d\u00e9ci\u00adda-t-elle de prendre par\u00adti pour les forces d\u00e9mo\u00adcra\u00adtiques oppo\u00ads\u00e9es \u00e0 un gou\u00adver\u00adne\u00adment dic\u00adta\u00adto\u00adrial <sup class=\"modern-footnotes-footnote modern-footnotes-footnote--expands-on-desktop \" data-mfn=\"11\" data-mfn-post-scope=\"000000000c5de8c4000000004b455c0d_1818\"><a href=\"javascript:void(0)\" role=\"button\" aria-pressed=\"false\" aria-describedby=\"mfn-content-000000000c5de8c4000000004b455c0d_1818-11\">11<\/a><\/sup><span id=\"mfn-content-000000000c5de8c4000000004b455c0d_1818-11\" role=\"tooltip\" class=\"modern-footnotes-footnote__note\" tabindex=\"0\" data-mfn=\"11\">L\u2019ALC en tant que telle res\u00adta tou\u00adjours l\u00e9gale. Les anar\u00adchistes par\u00adti\u00adci\u00adp\u00e8rent \u00e0 la lutte contre Batis\u00adta&nbsp;: Mou\u00adve\u00adment du 26 juillet (M.26.7), Orga\u00adni\u00adsa\u00adcion Auten\u00adti\u00adca (OA), Direc\u00adto\u00adrio Revo\u00adlu\u00adcio\u00adna\u00adrio (DR), Movi\u00admien\u00adto de Resis\u00adten\u00adcia Civi\u00adca (MRC), Direc\u00adto\u00adrio Obre\u00adro Revo\u00adlu\u00adcio\u00adna\u00adrio (DOR), Fede\u00adra\u00adcion Estu\u00addian\u00adtil Uni\u00adver\u00adsi\u00adta\u00adria (FEU). Les deux der\u00adni\u00e8res ann\u00e9es, le tra\u00advail au grand jour de l\u2019ALC devint impos\u00adsible et l\u2019or\u00adga\u00adni\u00adsa\u00adtion pas\u00adsa dans la clan\u00addes\u00adti\u00adni\u00adt\u00e9 sous le nom de Union Revo\u00adlu\u00adcio\u00adna\u00adria Obre\u00adra (URO).<\/span>. C\u2019est cette ann\u00e9e-l\u00e0 que Cas\u00adtro d\u00e9bar\u00adqua dans la pro\u00advince d\u2019O\u00adriente&nbsp;; il enta\u00adma l\u2019an\u00adn\u00e9e sui\u00advante une guerre de gu\u00e9\u00adrilla dans les mon\u00adtagnes locales. Le Mou\u00adve\u00adment du 26 juillet gagna des par\u00adti\u00adsans et mena des actions vio\u00adlentes dans les villes les plus impor\u00adtantes de l\u2019\u00eele, entra\u00ee\u00adnant la r\u00e9pres\u00adsion que l\u2019on sait de la part du gou\u00adver\u00adne\u00adment. Cepen\u00addant, \u00e0 la fin de 1958, Batis\u00adta avait per\u00addu la bataille poli\u00adtique et ne pou\u00advait plus conte\u00adnir mili\u00adtai\u00adre\u00adment les rebelles. Cas\u00adtro se ren\u00adfor\u00ad\u00e7a sur le plan poli\u00adtique et l\u2019op\u00adpo\u00adsi\u00adtion s\u2019u\u00adnit \u00e0 lui. Son pro\u00adgramme social et poli\u00adtique \u00e9tait tou\u00adjours le m\u00eame&nbsp;: la jus\u00adtice sociale, des r\u00e9formes et le retour \u00e0 la Consti\u00adtu\u00adtion de 1940. Les com\u00admu\u00adnistes qui n\u2019a\u00advaient pas par\u00adti\u00adci\u00adp\u00e9 \u00e0 la dic\u00adta\u00adture de Batis\u00adta se grou\u00adp\u00e8rent autour de lui. Batis\u00adta s\u2019en\u00adfuit de Cuba le 31 d\u00e9cembre 1958. Un autre cycle his\u00adto\u00adrique com\u00admen\u00ad\u00e7ait pour le peuple cubain\u2026<\/p>\n<h5 style=\"text-align: justify;\">Castrisme et&nbsp;exil<\/h5>\n<p style=\"text-align: justify;\">Les anar\u00adchistes ont par\u00adti\u00adci\u00adp\u00e9 \u00e0 la lutte contre Batis\u00adta, les uns dans les gu\u00e9\u00adrillas orien\u00adtales ou de l\u2019Es\u00adcam\u00adbray au centre le l\u2019\u00eele, les autres dans la lutte urbaine. Leur but, comme celui de tout le peuple cubain, \u00e9tait d\u2019a\u00adbattre la tyran\u00adnie de Batis\u00adta, quoique, d\u2019a\u00adpr\u00e8s leur exp\u00e9\u00adrience his\u00adto\u00adrique, ils n\u2019aient jamais fait confiance \u00e0 Cas\u00adtro, qu\u2019ils avaient d\u00e9fi\u00adni d\u00e8s 1956 comme un dic\u00adta\u00adteur poten\u00adtiel, s\u2019ap\u00adpuyant sur une orga\u00adni\u00adsa\u00adtion ver\u00adti\u00adcale de type tota\u00adli\u00adtaire. Mais Cas\u00adtro s\u2019\u00e9\u00adtait trans\u00adfor\u00adm\u00e9, \u00e0 cause d\u2019une \u00e9va\u00adlua\u00adtion incor\u00adrecte de l\u2019op\u00adpo\u00adsi\u00adtion d\u00e9mo\u00adcra\u00adtique, en un mal n\u00e9ces\u00adsaire et pro\u00advi\u00adsoire. Cette illu\u00adsion \u00e9tait le pro\u00adduit de la confu\u00adsion, de la divi\u00adsion et aus\u00adsi de la l\u00e2che\u00adt\u00e9 qui r\u00e9gnaient chez les oppo\u00adsants \u00e0 Batis\u00adta. Comme on le voit, les liber\u00adtaires obser\u00advaient Cas\u00adtro et sa r\u00e9vo\u00adlu\u00adtion dans une pers\u00adpec\u00adtive oppo\u00ads\u00e9e \u00e0 celle des diri\u00adgeants poli\u00adtiques du moment, qui esp\u00e9\u00adraient pou\u00advoir mani\u00adpu\u00adler le vain\u00adqueur. En fait, au d\u00e9but de 1959, c\u2019est le nou\u00adveau gou\u00adver\u00adne\u00adment r\u00e9vo\u00adlu\u00adtion\u00adnaire qui, sous pr\u00e9\u00adtexte de pur\u00adger la CTC des \u00e9l\u00e9\u00adments ayant col\u00adla\u00adbo\u00adr\u00e9 avec Batis\u00adta, rele\u00adva arbi\u00adtrai\u00adre\u00adment de leurs postes tous les res\u00adpon\u00adsables anar\u00adcho-syn\u00addi\u00adca\u00adlistes et presque tous les diri\u00adgeants sociaux-d\u00e9mo\u00adcrates, bien que nombre d\u2019entre eux aient souf\u00adfert de per\u00ads\u00e9\u00adcu\u00adtions et connu la pri\u00adson sous le r\u00e9gime pr\u00e9c\u00e9dent.<\/p>\n<p style=\"text-align: justify;\">Les liber\u00adtaires, expul\u00ads\u00e9s de la CTC main\u00adte\u00adnant dite \u00ab&nbsp;r\u00e9vo\u00adlu\u00adtion\u00adnaire&nbsp;\u00bb, conser\u00advaient n\u00e9an\u00admoins tout leur pres\u00adtige dans la classe ouvri\u00e8re. Lors d\u2019un congr\u00e8s convo\u00adqu\u00e9 par le gou\u00adver\u00adne\u00adment r\u00e9vo\u00adlu\u00adtion\u00adnaire \u00e0 la fin de 1959, les \u00e9l\u00e9\u00adments du Mou\u00adve\u00adment du 26 juillet enga\u00adg\u00e9s dans le syn\u00addi\u00adca\u00adlisme sous la hou\u00adlette du secr\u00e9\u00adtaire g\u00e9n\u00e9\u00adral de la CTC, David Sal\u00adva\u00addor, et alli\u00e9s au Par\u00adti com\u00admu\u00adniste et \u00e0 ses cadres dans la cen\u00adtrale syn\u00addi\u00adcale, livr\u00e8rent \u00e0 nou\u00adveau le syn\u00addi\u00adcat, en \u00ab&nbsp;bonne tra\u00addi\u00adtion d\u00e9mo\u00adcra\u00adtique&nbsp;\u00bb, au gou\u00adver\u00adne\u00adment repr\u00e9\u00adsen\u00adt\u00e9, cette fois, par le lider maxi\u00admo, Fidel Castro.<\/p>\n<p style=\"text-align: justify;\">Cas\u00adtro, pour se main\u00adte\u00adnir au pou\u00advoir \u00e0 tout prix, fit rapi\u00adde\u00adment alliance avec l\u2019U\u00adnion sovi\u00e9\u00adtique, dans le but de trans\u00adfor\u00admer Cuba en une grande colo\u00adnie sucri\u00e8re au ser\u00advice des Russes <sup class=\"modern-footnotes-footnote modern-footnotes-footnote--expands-on-desktop \" data-mfn=\"12\" data-mfn-post-scope=\"000000000c5de8c4000000004b455c0d_1818\"><a href=\"javascript:void(0)\" role=\"button\" aria-pressed=\"false\" aria-describedby=\"mfn-content-000000000c5de8c4000000004b455c0d_1818-12\">12<\/a><\/sup><span id=\"mfn-content-000000000c5de8c4000000004b455c0d_1818-12\" role=\"tooltip\" class=\"modern-footnotes-footnote__note\" tabindex=\"0\" data-mfn=\"12\">En 1929, les \u00c9tats-Unis absor\u00adbaient 78,8% des expor\u00adta\u00adtions cubaines et four\u00adnis\u00adsaient \u00e0 Cuba 64,4% de ses impor\u00adta\u00adtions. En 1976, l\u2019en\u00adsemble des pays du bloc de l\u2019Est absor\u00adbait 73% des expor\u00adta\u00adtions cubains dont 60,8% pour la seule URSS (<i>Cour\u00adrier des pays de l\u2019Est<\/i>, jan\u00advier 1980). Deux ans plus tard, ces chiffres accusent une notable aug\u00admen\u00adta\u00adtion&nbsp;: ils passent en ce qui concerne les expor\u00adta\u00adtions \u00e0 84,8% dont 73% pour l\u2019URSS, et en ce qui concerne les impor\u00adta\u00adtions \u00e0 79,6% dont 65,2% pour l\u2019URSS (<i>Pro\u00adbl\u00e8mes de l\u2019A\u00adm\u00e9\u00adrique latine<\/i> n\u00b064, 1982).<\/span>. Les avan\u00adtages et les droits que les ouvriers cubains avaient obte\u00adnus au prix de leur sang sur plus d\u2019un si\u00e8cle furent jet\u00e9s aux \u00ab&nbsp;pou\u00adbelles de l\u2019his\u00adtoire&nbsp;\u00bb, l\u2019\u00c9\u00adtat tota\u00adli\u00adtaire deve\u00adnant alors le patron unique. L\u2019an\u00adcien sys\u00adt\u00e8me poli\u00adtique, social et \u00e9co\u00adno\u00admique s\u2019\u00e9\u00adcrou\u00adla et Cuba se conver\u00adtit en 1961 en un \u00c9tat l\u00e9niniste.<\/p>\n<p style=\"text-align: justify;\">Au d\u00e9but de 1960, les liber\u00adtaires avaient reje\u00adt\u00e9 Cas\u00adtro et repris la lutte [Annexe II]. Fina\u00adle\u00adment, leurs publi\u00adca\u00adtions, <i>El Liber\u00adta\u00adrio<\/i> (Le Liber\u00adtaire) et <i>Soli\u00adda\u00adri\u00addad Gas\u00adtro\u00adno\u00admi\u00adca<\/i> (Soli\u00adda\u00adri\u00adt\u00e9 dans l\u2019a\u00adli\u00admen\u00adta\u00adtion), furent condam\u00adn\u00e9es \u00e0 dis\u00adpa\u00adra\u00eetre et il ne res\u00adta plus aux liber\u00adtaires qu\u2019\u00e0 pas\u00adser dans la clan\u00addes\u00adti\u00adni\u00adt\u00e9 puis \u00e0 s\u2019exiler.<\/p>\n<p style=\"text-align: justify;\">Ce pro\u00adces\u00adsus se fit en deux temps. En pre\u00admier lieu, ce fut l\u2019ex\u00adp\u00e9\u00adrience de la lutte r\u00e9duite \u00e0 la clan\u00addes\u00adti\u00adni\u00adt\u00e9&nbsp;: publi\u00adca\u00adtion du jour\u00adnal clan\u00addes\u00adtin <i>Nues\u00adtra Pala\u00adbra Sema\u00adnal<\/i> (Notre Parole Heb\u00addo\u00adma\u00addaire), organe du Mou\u00adve\u00adment d\u2019Ac\u00adtion Syn\u00addi\u00adcale, s\u2019a\u00addres\u00adsant \u00e0 tous les tra\u00advailleurs, lutte plus achar\u00adn\u00e9e encore qu\u2019au temps de Batis\u00adta, plus dure\u00adment r\u00e9pri\u00adm\u00e9e aus\u00adsi et dont mal\u00adheu\u00adreu\u00adse\u00adment la direc\u00adtion \u00e9tait aux mains de Nord-Am\u00e9\u00adri\u00adcains et de bour\u00adgeois n\u2019ayant rien \u00e0 faire d\u2019i\u00add\u00e9aux liber\u00adtaires. Les pre\u00admiers n\u2019\u00e9\u00adtaient pas vrai\u00adment int\u00e9\u00adres\u00ads\u00e9s \u00e0 liqui\u00adder le sys\u00adt\u00e8me et h\u00e9si\u00adtaient constam\u00adment&nbsp;; les seconds man\u00adquaient de pr\u00e9\u00adpa\u00adra\u00adtion et de volon\u00adt\u00e9 r\u00e9vo\u00adlu\u00adtion\u00adnaire pour une entre\u00adprise de cette sorte, bien que les deux groupes fussent puis\u00adsants et dis\u00adpo\u00adsassent de moyens impor\u00adtants. Les tra\u00advailleurs de Cuba, eux, n\u2019ac\u00adcep\u00adtaient pas le com\u00admu\u00adnisme et une grande par\u00adtie d\u2019entre eux d\u00e9ci\u00adda de lut\u00adter contre le r\u00e9gime. Les anar\u00adchistes \u00e9chou\u00e8rent sur tous les fronts, mal\u00adgr\u00e9 le tra\u00advail entre\u00adpris dans la classe ouvri\u00e8re et pay\u00adsanne, avec plus de sacri\u00adfices per\u00adson\u00adnels que de moyens.<\/p>\n<p style=\"text-align: justify;\">En second lieu, il y eut l\u2019exil, ill\u00e9\u00adgal ou favo\u00adri\u00ads\u00e9 par quelque ambas\u00adsade plus ou moins com\u00adplai\u00adsante. En 1961, fut fon\u00add\u00e9e aux \u00c9tats-Unis le Mou\u00adve\u00adment Liber\u00adtaire Cubain (MLC), en rela\u00adtion avec l\u2019ALC \u00e0 l\u2019in\u00adt\u00e9\u00adrieur de Cuba, o\u00f9 se regrou\u00adp\u00e8rent les nau\u00adfra\u00adg\u00e9s de l\u2019ou\u00adra\u00adgan cas\u00adtriste. Ils \u00e9taient peu nom\u00adbreux, mais leur acti\u00advi\u00adt\u00e9 devint rapi\u00adde\u00adment tr\u00e8s pr\u00e9\u00adcieuse pour la cause de la liber\u00adt\u00e9 \u00e0 Cuba. On se consa\u00adcrait \u00e0 la pro\u00adpa\u00adgande&nbsp;; on col\u00adlec\u00adtait des fonds pour faire sor\u00adtir de l\u2019\u00eele des cama\u00adrades mena\u00adc\u00e9s&nbsp;; on menait \u00e0 bien des actions contre la dic\u00adta\u00adture. Les ann\u00e9es soixante furent employ\u00e9es \u00e0 cette lutte. Des sacri\u00adfices per\u00adson\u00adnels de toutes sortes furent consen\u00adtis&nbsp;; on com\u00admen\u00ad\u00e7a l\u2019\u00e9\u00addi\u00adtion de <i>El Gas\u00adtro\u00adno\u00admi\u00adco<\/i> (L\u2019ou\u00advrier de l\u2019a\u00adli\u00admen\u00adta\u00adtion) \u00e0 Mia\u00admi, et on ten\u00adta, mais sans suc\u00adc\u00e8s, de convaincre le mou\u00adve\u00adment anar\u00adchiste inter\u00adna\u00adtio\u00adnal que Cas\u00adtro n\u2019\u00e9\u00adtait pas un r\u00e9vo\u00adlu\u00adtion\u00adnaire, comme il vou\u00adlait le voir, mais un liber\u00adti\u00adcide. Les anar\u00adchistes cubains r\u00e9a\u00adli\u00ads\u00e8rent un tra\u00advail patient de r\u00e9dac\u00adtion de mani\u00adfestes, d\u2019ar\u00adticles, d\u2019es\u00adsais, de bro\u00adchures et de lettres. On en appe\u00adlait aux vieilles ami\u00adti\u00e9s, aux cama\u00adrades fra\u00adter\u00adnels de tou\u00adjours avec les\u00adquels on avait par\u00adta\u00adg\u00e9 les moments dif\u00adfi\u00adciles&nbsp;; on pro\u00adtes\u00adtait en Espagne, en Ita\u00adlie, en France, au Mexique, en Argen\u00adtine, au Vene\u00adzue\u00adla, \u00e0 Pana\u00adma, au Chi\u00adli, en Angle\u00adterre, aux \u00c9tats-Unis, enfin dans le monde entier. En vain. Peu nom\u00adbreux furent ceux qui r\u00e9pon\u00addirent et furent soli\u00addaires. Les anar\u00adchistes, au niveau mon\u00addial, ou bien ne com\u00adprirent pas le drame, ou bien ne vou\u00adlurent pas le com\u00adprendre. Notre effort n\u2019a\u00adbou\u00adtit qu\u2019\u00e0 un dia\u00adlogue de sourds.<\/p>\n<p style=\"text-align: justify;\">Au milieu des ann\u00e9es soixante-dix, on com\u00admen\u00ad\u00e7a \u00e0 noter un cer\u00adtain chan\u00adge\u00adment dans le pay\u00adsage acrate inter\u00adna\u00adtio\u00adnal, non \u00e0 cause des liber\u00adtaires cubains, mais \u00e0 cause d\u2019un d\u00e9sen\u00adchan\u00adte\u00adment vis-\u00e0-vis de la \u00ab&nbsp;r\u00e9vo\u00adlu\u00adtion&nbsp;\u00bb cas\u00adtriste. Sou\u00addain, Cas\u00adtro appa\u00adrut comme un dic\u00adta\u00adteur. Mais on avait per\u00addu un temps pr\u00e9\u00adcieux pour notre his\u00adtoire. Cer\u00adtains s\u2019\u00e9\u00adtaient exi\u00adl\u00e9s&nbsp;; des cama\u00adrades de valeur \u00e9taient tom\u00adb\u00e9s&nbsp;; d\u2019autres n\u2019a\u00advaient pas vou\u00adlu par\u00adtir et le reste pour\u00adrit en pri\u00adson [Annexe III]. L\u2019ab\u00adsence de soli\u00adda\u00adri\u00adt\u00e9 envers les anar\u00adchistes cubains fut notoire, res\u00adta la mau\u00advaise conscience, comme on a dit plus&nbsp;tard.<\/p>\n<p style=\"text-align: justify;\">Ce ph\u00e9\u00adno\u00adm\u00e8ne, uni\u00adque\u00adment com\u00adpa\u00adrable \u00e0 l\u2019at\u00adti\u00adtude favo\u00adrable aux bol\u00adche\u00adviks de cer\u00adtains anar\u00adchistes en 1917\u200a\u2014\u200apr\u00e9\u00adc\u00e9\u00addent his\u00adto\u00adrique dont per\u00adsonne n\u2019a d\u2019ailleurs tenu compte\u200a\u2014\u200afit un mal irr\u00e9\u00adpa\u00adrable. Cepen\u00addant, cette incom\u00adpr\u00e9\u00adhen\u00adsion et ce manque de soli\u00adda\u00adri\u00adt\u00e9 n\u2019ar\u00adr\u00ea\u00adt\u00e8rent pas la marche des liber\u00adtaires cubains sur le che\u00admin de la libert\u00e9.<\/p>\n<p style=\"text-align: justify;\">L\u2019a\u00adnar\u00adchisme \u00e0 Cuba, dans toute sa longue his\u00adtoire, mal\u00adgr\u00e9 plus d\u2019un demi-si\u00e8cle de per\u00ads\u00e9\u00adcu\u00adtions, d\u2019as\u00adsas\u00adsi\u00adnats, de d\u00e9por\u00adta\u00adtions et d\u2019emprisonnements, n\u2019a jamais connu, avant le cas\u00adtrisme, une d\u00e9faite d\u2019une telle ampleur et une r\u00e9pres\u00adsion d\u2019une telle sau\u00adva\u00adge\u00adrie. Le com\u00admu\u00adnisme, appa\u00adrem\u00adment, a gagn\u00e9 la par\u00adtie. Mais les anar\u00adchistes cubains ne s\u2019y r\u00e9signent pas et c\u2019est pour\u00adquoi ils ont main\u00adte\u00adnu ces vingt-six der\u00adni\u00e8res ann\u00e9es bien haut leur dra\u00adpeau et in\u00e9bran\u00adlables leurs id\u00e9aux, ne renon\u00ad\u00e7ant jamais \u00e0 voir le peuple lib\u00e9\u00adr\u00e9 de l\u2019oppression.<\/p>\n<p style=\"text-align: justify;\">Les anar\u00adchistes cubains ont une longue tra\u00addi\u00adtion de lutte en faveur de la liber\u00adt\u00e9&nbsp;: depuis les pre\u00admi\u00e8res luttes syn\u00addi\u00adcales et cor\u00adpo\u00adra\u00adtives en 1865, leur par\u00adti\u00adci\u00adpa\u00adtion \u00e0 la guerre d\u2019in\u00add\u00e9\u00adpen\u00addance contre l\u2019Es\u00adpagne, leur oppo\u00adsi\u00adtion \u00e0 la poli\u00adtique \u00ab&nbsp;sociale&nbsp;\u00bb des deux R\u00e9pu\u00adbliques, leur com\u00adbat contre les dic\u00adta\u00adtures de Macha\u00addo, de Batis\u00adta et de Cas\u00adtro, jus\u00adqu\u2019\u00e0 la lutte finale qu\u2019ils sont bien d\u00e9ci\u00add\u00e9s \u00e0 mener, aiguillon\u00adn\u00e9s puis\u00adsam\u00adment en cela par leur foi in\u00e9bran\u00adlable en la liber\u00adt\u00e9 qui les regroupe en ce moment sinistre de leur histoire.<\/p>\n<p style=\"text-align: right;\">Frank Fer\u00adnan\u00addez<br>\nMia\u00admi, octobre 1985<\/p>\n<ul class=\"modern-footnotes-list modern-footnotes-list--show-only-for-print\"><li><span>1<\/span><div>Ce sou\u00adl\u00e8\u00adve\u00adment ind\u00e9\u00adpen\u00addan\u00adtiste a sur\u00adtout tou\u00adch\u00e9 les pro\u00advinces de Camag\u00fcey et Oriente&nbsp;; on n\u2019y trouve gu\u00e8re d\u2019in\u00adfluence de la pen\u00ads\u00e9e r\u00e9vo\u00adlu\u00adtion\u00adnaire. En 1878, la paix fut r\u00e9ta\u00adblie par l\u2019oc\u00adtroi d\u2019une cer\u00adtaine auto\u00adno\u00admie \u00e0 Cuba et sa repr\u00e9\u00adsen\u00adta\u00adtion aux Cort\u00e8s.<\/div><\/li><li><span>2<\/span><div>Dans un article du <i>Mou\u00adve\u00adment social<\/i> n\u00b0128, juillet-sep\u00adtembre 1984, Car\u00adlos Ser\u00adra\u00adno remarque que les anar\u00adchistes espa\u00adgnols furent beau\u00adcoup plus sen\u00adsibles au pro\u00adbl\u00e8me que les socia\u00adlistes, et cite l\u2019ou\u00advrage de l\u2019a\u00adnar\u00adchiste Tar\u00adri\u00adda del Mar\u00admol, <i>les Inqui\u00adsi\u00adteurs d\u2019Es\u00adpagne (Mon\u00adjuich, Cuba, Phi\u00adlip\u00adpines)<\/i>, Paris, 1897.<\/div><\/li><li><span>3<\/span><div>En 1898, les \u00c9tats-Unis lan\u00adc\u00e8rent leur deuxi\u00e8me guerre imp\u00e9\u00adria\u00adliste (la pre\u00admi\u00e8re \u00e9tait contre le Mexique en 1848) contre l\u2019Es\u00adpagne pour s\u2019emparer de ses trois der\u00adni\u00e8res colo\u00adnies\u200a\u2014\u200aPor\u00adto-Rico, Cuba, les Phi\u00adlip\u00adpines\u200a\u2014\u200aet en faire leurs satel\u00adlites. Les Espa\u00adgnols capi\u00adtu\u00adl\u00e8rent \u00e0 Cuba le 12 ao\u00fbt 1898 et, le 1<sup>er<\/sup> jan\u00advier 1899, le pou\u00advoir fut ren\u00addu \u00e0 un gou\u00adver\u00adneur am\u00e9\u00adri\u00adcain. En 1901, les \u00c9tats-Unis impo\u00ads\u00e8rent \u00e0 l\u2019as\u00adsem\u00adbl\u00e9e consti\u00adtuante l\u2019a\u00admen\u00adde\u00adment Platt [Annexe I] leur don\u00adnant le droit d\u2019in\u00adter\u00adve\u00adnir \u00e0 Cuba, puis le trai\u00adt\u00e9 de 1903, qui allait dans le m\u00eame sens avec, notam\u00adment, la conces\u00adsion \u00e0 per\u00adp\u00e9\u00adtui\u00adt\u00e9 de la base de Guan\u00adta\u00adna\u00admo. Les Am\u00e9\u00adri\u00adcains inter\u00advinrent direc\u00adte\u00adment \u00e0 Cuba en 1907, 1912 et&nbsp;1917.<\/div><\/li><li><span>4<\/span><div>Cf. <i>la R\u00e9vo\u00adlu\u00adtion mexi\u00adcaine de R.F. Magon<\/i>, Spar\u00adta\u00adcus,&nbsp;1978.<\/div><\/li><li><span>5<\/span><div>Macha\u00addo avait \u00e9t\u00e9 \u00e9lu pr\u00e9\u00adsident en 1925 avec l\u2019ap\u00adpui des Am\u00e9\u00adri\u00adcains. La grande crise \u00e9co\u00adno\u00admique de 1929 et les m\u00e9thodes dic\u00adta\u00adto\u00adriales de Macha\u00addo ame\u00adn\u00e8rent sa chute en ao\u00fbt 1933. Il fut rem\u00adpla\u00adc\u00e9 par Ces\u00adpedes, sou\u00adte\u00adnu lui aus\u00adsi par les \u00c9tats\u200a\u2013\u200aUnis.<\/div><\/li><li><span>6<\/span><div>Le r\u00e9gime de Ces\u00adpedes ne dura qu\u2019un mois. Le 4 sep\u00adtembre 1933, la r\u00e9volte d\u2019une par\u00adtie des cadres de l\u2019ar\u00adm\u00e9e, dont Batis\u00adta, le ren\u00adver\u00adsa et Grau San Mar\u00adtin devint pr\u00e9sident.<\/div><\/li><li><span>7<\/span><div>Batis\u00adta ren\u00adver\u00adsa Grau San Mar\u00adtin en 1934, bri\u00adsa le mou\u00adve\u00adment popu\u00adlaire issu de 1933 et abo\u00adlit l\u2019a\u00admen\u00adde\u00adment Platt, le tout avec l\u2019ac\u00adcord des \u00c9tats-Unis bien enten\u00addu. En 1939, le PC se ral\u00adlia \u00e0 lui, car c\u2019\u00e9\u00adtait l\u2019\u00e9\u00adpoque de la tac\u00adtique des \u00ab&nbsp;Front Popu\u00adlaires&nbsp;\u00bb , et en 1940 appe\u00adla \u00e0 voter en sa faveur. En 1942, deux com\u00admu\u00adnistes entr\u00e8rent au gou\u00adver\u00adne\u00adment. Cette alliance co\u00fb\u00adta cher au PC&nbsp;: de 87.000 membres en 1942, il d\u00e9grin\u00adgo\u00adla \u00e0 7000 en&nbsp;1959.<\/div><\/li><li><span>8<\/span><div>Son can\u00addi\u00addat bat\u00adtu aux \u00e9lec\u00adtions, Batis\u00adta s\u2019exi\u00adla en Floride.<\/div><\/li><li><span>9<\/span><div>Le Par\u00adti com\u00admu\u00adniste cubain explique ain\u00adsi sa posi\u00adtion par la plume d\u2019un de ses lea\u00adders&nbsp;: \u00ab&nbsp;Nous avons \u00e9t\u00e9 d\u2019ac\u00adcord avec Batis\u00adta tant qu\u2019il joua un r\u00f4le posi\u00adtif dans une situa\u00adtion d\u00e9ter\u00admi\u00adn\u00e9e&nbsp;; nous l\u2019a\u00advons com\u00adbat\u00adtu ensuite, avec une grande vigueur, fer\u00adme\u00adment, impla\u00adca\u00adble\u00adment, d\u00e8s le coup d\u2019\u00c9\u00adtat r\u00e9ac\u00adtion\u00adnaire et imp\u00e9\u00adria\u00adliste anti\u00adna\u00adtio\u00adnal, anti\u00adpo\u00adpu\u00adlaire et and-ouvrier&nbsp;\u00bb (Blas Roca, <i>Los Fun\u00adda\u00admen\u00adtos del socia\u00adlis\u00admo en Cuba<\/i>, La Haba\u00adna,&nbsp;1960).<\/div><\/li><li><span>10<\/span><div>e 26 juillet 1953, cent vingt hommes grou\u00adp\u00e9s autour de Fidel Cas\u00adtro atta\u00adqu\u00e8rent la caserne Mon\u00adca\u00adda&nbsp;: il y avait l\u00e0 des jeunes des ten\u00addances les plus diverses, dont le liber\u00adtaire Boris Luis Santa-Coloma.<\/div><\/li><li><span>11<\/span><div>L\u2019ALC en tant que telle res\u00adta tou\u00adjours l\u00e9gale. Les anar\u00adchistes par\u00adti\u00adci\u00adp\u00e8rent \u00e0 la lutte contre Batis\u00adta&nbsp;: Mou\u00adve\u00adment du 26 juillet (M.26.7), Orga\u00adni\u00adsa\u00adcion Auten\u00adti\u00adca (OA), Direc\u00adto\u00adrio Revo\u00adlu\u00adcio\u00adna\u00adrio (DR), Movi\u00admien\u00adto de Resis\u00adten\u00adcia Civi\u00adca (MRC), Direc\u00adto\u00adrio Obre\u00adro Revo\u00adlu\u00adcio\u00adna\u00adrio (DOR), Fede\u00adra\u00adcion Estu\u00addian\u00adtil Uni\u00adver\u00adsi\u00adta\u00adria (FEU). Les deux der\u00adni\u00e8res ann\u00e9es, le tra\u00advail au grand jour de l\u2019ALC devint impos\u00adsible et l\u2019or\u00adga\u00adni\u00adsa\u00adtion pas\u00adsa dans la clan\u00addes\u00adti\u00adni\u00adt\u00e9 sous le nom de Union Revo\u00adlu\u00adcio\u00adna\u00adria Obre\u00adra (URO).<\/div><\/li><li><span>12<\/span><div>En 1929, les \u00c9tats-Unis absor\u00adbaient 78,8% des expor\u00adta\u00adtions cubaines et four\u00adnis\u00adsaient \u00e0 Cuba 64,4% de ses impor\u00adta\u00adtions. En 1976, l\u2019en\u00adsemble des pays du bloc de l\u2019Est absor\u00adbait 73% des expor\u00adta\u00adtions cubains dont 60,8% pour la seule URSS (<i>Cour\u00adrier des pays de l\u2019Est<\/i>, jan\u00advier 1980). Deux ans plus tard, ces chiffres accusent une notable aug\u00admen\u00adta\u00adtion&nbsp;: ils passent en ce qui concerne les expor\u00adta\u00adtions \u00e0 84,8% dont 73% pour l\u2019URSS, et en ce qui concerne les impor\u00adta\u00adtions \u00e0 79,6% dont 65,2% pour l\u2019URSS (<i>Pro\u00adbl\u00e8mes de l\u2019A\u00adm\u00e9\u00adrique latine<\/i> n\u00b064,&nbsp;1982).<\/div><\/li><\/ul>","protected":false},"excerpt":{"rendered":"<p>Le texte, que nous publions ci-des\u00ad\u00adsous en tra\u00adduc\u00adtion et sous une forme un peu rema\u00adni\u00e9e, est une syn\u00adth\u00e8se his\u00adto\u00adrique qui couvre le pre\u00admier si\u00e8cle d\u2019a\u00adnar\u00adchisme \u00e0 Cuba. Il nous a \u00e9t\u00e9 trans\u00admis par la revue Guan\u00adga\u00adra Liber\u00adta\u00adria. Les cama\u00adrades cubains estiment qu\u2019il est n\u00e9ces\u00adsaire de faire la lumi\u00e8re sur leur pas\u00ads\u00e9 his\u00adto\u00adrique. C\u2019est, du&nbsp;reste,&nbsp;[\u2026]<\/p>\n","protected":false},"author":251,"featured_media":5945,"comment_status":"closed","ping_status":"closed","sticky":false,"template":"wp-custom-template-page-d-article","format":"standard","meta":{"wp_typography_post_enhancements_disabled":false,"footnotes":""},"categories":[209],"tags":[601,649],"ppma_author":[1023],"class_list":["post-1818","post","type-post","status-publish","format-standard","has-post-thumbnail","hentry","category-iztok-na13-septembre-1986","tag-cuba","tag-histoire-du-mouvement-anarchiste"],"authors":[{"term_id":1023,"user_id":251,"is_guest":0,"slug":"frank-fernandez","display_name":"Frank Fernandez","avatar_url":"https:\/\/secure.gravatar.com\/avatar\/ecf3715519dbe8806ddb4d93b7d32e11abdfd2be4c0b80d9f399068d6fb3c3f4?s=96&d=mm&r=g","author_category":"","user_url":"","last_name":"Fernandez","first_name":"Frank","job_title":"","description":""}],"_links":{"self":[{"href":"https:\/\/la-presse-anarchiste.net\/index.php\/wp-json\/wp\/v2\/posts\/1818","targetHints":{"allow":["GET"]}}],"collection":[{"href":"https:\/\/la-presse-anarchiste.net\/index.php\/wp-json\/wp\/v2\/posts"}],"about":[{"href":"https:\/\/la-presse-anarchiste.net\/index.php\/wp-json\/wp\/v2\/types\/post"}],"author":[{"embeddable":true,"href":"https:\/\/la-presse-anarchiste.net\/index.php\/wp-json\/wp\/v2\/users\/251"}],"replies":[{"embeddable":true,"href":"https:\/\/la-presse-anarchiste.net\/index.php\/wp-json\/wp\/v2\/comments?post=1818"}],"version-history":[{"count":2,"href":"https:\/\/la-presse-anarchiste.net\/index.php\/wp-json\/wp\/v2\/posts\/1818\/revisions"}],"predecessor-version":[{"id":7810,"href":"https:\/\/la-presse-anarchiste.net\/index.php\/wp-json\/wp\/v2\/posts\/1818\/revisions\/7810"}],"wp:featuredmedia":[{"embeddable":true,"href":"https:\/\/la-presse-anarchiste.net\/index.php\/wp-json\/wp\/v2\/media\/5945"}],"wp:attachment":[{"href":"https:\/\/la-presse-anarchiste.net\/index.php\/wp-json\/wp\/v2\/media?parent=1818"}],"wp:term":[{"taxonomy":"category","embeddable":true,"href":"https:\/\/la-presse-anarchiste.net\/index.php\/wp-json\/wp\/v2\/categories?post=1818"},{"taxonomy":"post_tag","embeddable":true,"href":"https:\/\/la-presse-anarchiste.net\/index.php\/wp-json\/wp\/v2\/tags?post=1818"},{"taxonomy":"author","embeddable":true,"href":"https:\/\/la-presse-anarchiste.net\/index.php\/wp-json\/wp\/v2\/ppma_author?post=1818"}],"curies":[{"name":"wp","href":"https:\/\/api.w.org\/{rel}","templated":true}]}}