{"id":1819,"date":"1986-09-01T00:02:35","date_gmt":"1986-09-01T00:02:35","guid":{"rendered":"https:\/\/la-presse-anarchiste.net\/index.php\/2008\/11\/21\/cuba-et-la-conjuration-des-dupes\/"},"modified":"2024-05-15T12:34:20","modified_gmt":"2024-05-15T12:34:20","slug":"cuba-et-la-conjuration-des-dupes","status":"publish","type":"post","link":"https:\/\/la-presse-anarchiste.net\/index.php\/1986\/09\/01\/cuba-et-la-conjuration-des-dupes\/","title":{"rendered":"Cuba et la conjuration des&nbsp;dupes"},"content":{"rendered":"<div class=\"pdfprnt-buttons pdfprnt-buttons-post pdfprnt-top-right\"><a href=\"https:\/\/la-presse-anarchiste.net\/index.php\/wp-json\/wp\/v2\/posts\/1819?print=pdf\" class=\"pdfprnt-button pdfprnt-button-pdf\" target=\"_blank\"><img decoding=\"async\" src=\"https:\/\/la-presse-anarchiste.net\/wp-content\/plugins\/pdf-print\/images\/pdf.png\" alt=\"image_pdf\" title=\"Afficher le PDF\"><\/a><a href=\"https:\/\/la-presse-anarchiste.net\/index.php\/wp-json\/wp\/v2\/posts\/1819?print=print\" class=\"pdfprnt-button pdfprnt-button-print\" target=\"_blank\"><img decoding=\"async\" src=\"https:\/\/la-presse-anarchiste.net\/wp-content\/plugins\/pdf-print\/images\/print.png\" alt=\"image_print\" title=\"Contenu imprim\u00e9\"><\/a><\/div><div align=\"justify\"><i>IZTOK<\/i> pro\u00adpose aujourd\u2019\u00adhui un bref his\u00adto\u00adrique du mou\u00adve\u00adment liber\u00adtaire cubain, r\u00e9di\u00adg\u00e9 par un anar\u00adcho-syn\u00addi\u00adca\u00adliste, Frank Feman\u00addez, vivant actuel\u00adle\u00adment en exil aux \u00c9tats-Unis depuis l\u2019ins\u00adtau\u00adra\u00adtion de la dic\u00adta\u00adture cas\u00adtriste. Outre qu\u2019il s\u2019a\u00adgit du conden\u00ads\u00e9 d\u2019un ouvrage plus vaste, encore in\u00e9dit, ce qui contri\u00adbue \u00e0 rame\u00adner le texte aux dimen\u00adsions d\u2019un calen\u00addrier sans ana\u00adlyse his\u00adto\u00adrique r\u00e9elle, les limites inh\u00e9\u00adrentes au point de vue de l\u2019au\u00adteur sont ais\u00e9\u00adment d\u00e9ce\u00adlables. Pas\u00adsons sur le style volon\u00adtiers redon\u00addant o\u00f9 l\u2019h\u00e9\u00adro\u00efsme et l\u2019es\u00adprit de sacri\u00adfice des cama\u00adrades anar\u00adchistes sont constam\u00adment sou\u00adli\u00adgn\u00e9s. Non que la dic\u00adta\u00adture, qu\u2019elle soit bour\u00adgeoise ou bureau\u00adcra\u00adtique n\u2019ait \u00e9par\u00adgn\u00e9 aux r\u00e9vo\u00adlu\u00adtion\u00adnaires ni la pri\u00adson, ni la tor\u00adture, ni la mitraille. Mais, plu\u00adt\u00f4t qu\u2019\u00e0 l\u2019ab\u00adn\u00e9\u00adga\u00adtion qu\u2019on retrouve dans toutes les mar\u00adty\u00adro\u00adlo\u00adgies chr\u00e9\u00adtiennes ou sta\u00adli\u00adniennes, n\u2019est-ce pas \u00e0 la pri\u00admor\u00addiale, \u00e0 la n\u00e9ces\u00adsaire, \u00e0 l\u2019in\u00adcon\u00adtour\u00adnable r\u00e9volte, que tiennent le cou\u00adrage et l\u2019au\u00addace de ces hommes du XIX<sup>\u00e8me<\/sup> et du XX<sup>\u00e8me<\/sup> si\u00e8cles dont Fer\u00adnan\u00addez nous rap\u00adpelle les noms et retrace les actions&nbsp;? Car \u00e0 Cuba hier comme aujourd\u2019\u00adhui en Pologne, la r\u00e9vo\u00adlu\u00adtion n\u2019a que faire de mar\u00adtyrs et ne demande que des rebelles.\n<p>Plus cri\u00adti\u00adquable sans doute est l\u2019emploi sys\u00adt\u00e9\u00adma\u00adtique des termes \u00ab&nbsp;mar\u00adxistes&nbsp;\u00bb et \u00ab&nbsp;com\u00admu\u00adnistes&nbsp;\u00bb pour d\u00e9si\u00adgner Cas\u00adtro et les cas\u00adtristes ou les sta\u00adli\u00adniens du Par\u00adti Socia\u00adliste Popu\u00adlaire Cubain. Fer\u00adnan\u00addez tombe ici dans le pi\u00e8ge qui consiste \u00e0 adop\u00adter le faux-lan\u00adgage de l\u2019en\u00adne\u00admi, oubliant que ceux qui se nomment tels sont d\u2019a\u00adbord les prin\u00adci\u00adpaux adver\u00adsaires de la pen\u00ads\u00e9e de Marx\u200a\u2014\u200aqui avait d\u00e9non\u00adc\u00e9 par avance d\u00e8s 1848 sous le terme de \u00ab&nbsp;socia\u00adlisme de caserne&nbsp;\u00bb le sys\u00adt\u00e8me ins\u00adtau\u00adr\u00e9 par le bol\u00adche\u00advisme en Rus\u00adsie et ailleurs\u200a\u2014\u200aet qu\u2019en\u00adsuite le r\u00e9gime qu\u2019ils contr\u00f4lent n\u2019a rien \u00e0 voir avec le com\u00admu\u00adnisme puisque, comme l\u2019ont pr\u00e9\u00adci\u00ads\u00e9 Pan\u00adne\u00adkoek, Riz\u00adzi ou Voline, se cache sous ce vocable men\u00adson\u00adger le plus violent des capi\u00adta\u00adlismes d\u2019\u00c9\u00adtat. Notons \u00e9ga\u00adle\u00adment que les trots\u00adkystes, pour qui nous n\u2019\u00e9\u00adprou\u00advons par ailleurs nulle sym\u00adpa\u00adthie, ont comp\u00adt\u00e9, bien que se r\u00e9cla\u00admant aus\u00adsi du mar\u00adxisme, par\u00admi les pre\u00admi\u00e8res vic\u00adtimes de la r\u00e9pres\u00adsion castriste.<\/p>\n<p>Il y a enfin le point de vue anar\u00adcho-syn\u00addi\u00adca\u00adliste du texte. De cette posi\u00adtion, une par\u00adtie du col\u00adlec\u00adtif <i>IZTOK<\/i> juge que, cer\u00adtai\u00adne\u00adment la plus \u00e9le\u00adv\u00e9e \u00e0 Cuba voi\u00adci vingt-cinq ans bien que condam\u00adn\u00e9e par l\u2019\u00e9\u00advo\u00adlu\u00adtion bureau\u00adcra\u00adtique de la CNT-FAI dans l\u2019Es\u00adpagne r\u00e9vo\u00adlu\u00adtion\u00adnaire et avant, elle ne sau\u00adrait \u00eatre aujourd\u2019\u00adhui, sans autre forme de pro\u00adc\u00e8s, main\u00adte\u00adnue, tant lors\u00adqu\u2019il s\u2019a\u00adgit de recon\u00adsi\u00add\u00e9\u00adrer le pas\u00ads\u00e9 que lors\u00adqu\u2019il s\u2019a\u00adgit de s\u2019at\u00adta\u00adquer au temps pr\u00e9sent.<\/p>\n<p>Toutes ces r\u00e9serves mises \u00e0 part, le m\u00e9rite cen\u00adtral de cet aper\u00ad\u00e7u his\u00adto\u00adrique tient d\u2019a\u00adbord \u00e0 ce qu\u2019il offre, \u00e0 notre connais\u00adsance, le pre\u00admier essai d\u2019his\u00adtoire du mou\u00adve\u00adment liber\u00adtaire cubain, et sur\u00adtout \u00e0 ce qu\u2019il nous montre une nou\u00advelle fois com\u00adment op\u00e8rent dans une crise sociale ouverte les tenants d\u2019une orga\u00adni\u00adsa\u00adtion bureau\u00adcra\u00adtique de la vie. Ce qui s\u2019est pas\u00ads\u00e9 en 1959 \u00e0 Cuba imm\u00e9\u00addia\u00adte\u00adment apr\u00e8s la chute du dic\u00adta\u00adteur Batis\u00adta rap\u00adpelle \u00e0 bien des \u00e9gards le pr\u00e9\u00adc\u00e9\u00addent d\u2019oc\u00adtobre 1917. Un r\u00e9gime cor\u00adrom\u00adpu, iso\u00adl\u00e9 et ren\u00addu odieux par ses exac\u00adtions a fini de s\u2019ef\u00adfon\u00addrer sous les coups d\u2019une insur\u00adrec\u00adtion popu\u00adlaire g\u00e9n\u00e9\u00adra\u00adli\u00ads\u00e9e. Toutes les condi\u00adtions sont r\u00e9unies pour que la soci\u00e9\u00adt\u00e9 se recons\u00adti\u00adtue sur de nou\u00advelles bases. Cepen\u00addant un coup d\u2019\u00c9\u00adtat comme en Rus\u00adsie ou la simple occu\u00adpa\u00adtion du pou\u00advoir demeu\u00adr\u00e9 vacant suite \u00e0 la d\u00e9ban\u00addade des auto\u00adri\u00adt\u00e9s comme \u00e0 Cuba per\u00admet \u00e0 une frac\u00adtion s\u00e9pa\u00adr\u00e9e de la classe dont elle pr\u00e9\u00adtend \u00eatre l\u2019\u00e9\u00adma\u00adna\u00adtion de s\u2019emparer du pou\u00advoir. Que le Mou\u00adve\u00adment du 26 juillet n\u2019e\u00fbt pas la coh\u00e9\u00adrence id\u00e9o\u00adlo\u00adgique et orga\u00adni\u00adsa\u00adtion\u00adnelle du Par\u00adti Bol\u00adche\u00advik (on y trou\u00advait notam\u00adment des \u00e9l\u00e9\u00adments liber\u00adtaires) ne chan\u00adge\u00adra rien \u00e0 l\u2019af\u00adfaire&nbsp;: la non-dis\u00adso\u00adlu\u00adtion, apr\u00e8s la vic\u00adtoire, d\u2019un tel groupe de com\u00adbat\u00adtants consti\u00adtu\u00e9s mili\u00adtai\u00adre\u00adment signi\u00adfiait \u00e0 court terme la sai\u00adsie exclu\u00adsive du pou\u00advoir et la recons\u00adtruc\u00adtion \u00e0 son pro\u00adfit de l\u2019ap\u00adpa\u00adreil d\u2019\u00c9\u00adtat par ceux qui, dans la gu\u00e9\u00adrilla, s\u2019\u00e9\u00adtaient adju\u00adg\u00e9 la pr\u00e9\u00ad\u00e9mi\u00adnence, les cas\u00adtristes et leur chef. Ceux-ci, bien que ne se r\u00e9cla\u00admant pas au d\u00e9part de l\u2019i\u00add\u00e9o\u00adlo\u00adgie l\u00e9ni\u00adniste, devaient trou\u00adver en elle la v\u00e9ri\u00adt\u00e9 de leur action et en impo\u00adser le lan\u00adgage \u00e0 toute la population.<\/p>\n<p>Les pre\u00admi\u00e8res vic\u00adtimes de l\u2019illu\u00adsion furent bien-s\u00fbr les intel\u00adlec\u00adtuels. Au lieu de com\u00adbattre l\u2019im\u00adpos\u00adture nais\u00adsante, ils s\u2019en firent trop sou\u00advent les chantres, pour, quelques ann\u00e9es plus tard, \u00eatre contraints au sui\u00adcide, \u00e0 l\u2019exil, ou conna\u00eetre la cen\u00adsure ou la pri\u00adson. \u00c0 l\u2019ex\u00adt\u00e9\u00adrieur, c\u2019est pire. Un tel brouillard de fausse conscience entoure les contre-r\u00e9vo\u00adlu\u00adtions bureau\u00adcra\u00adtiques que l\u2019at\u00admo\u00adsph\u00e8re intel\u00adlec\u00adtuelle en est infec\u00adt\u00e9e pour long\u00adtemps&nbsp;: on l\u2019a consta\u00adt\u00e9 pour la r\u00e9vo\u00adlu\u00adtion cultu\u00adrelle chi\u00adnoise comme pour le mythe cubain. Cepen\u00addant pour qui n\u2019a\u00advait pas abdi\u00adqu\u00e9 tout juge\u00adment cri\u00adtique, l\u2019in\u00adfor\u00adma\u00adtion, certes rare, exis\u00adtait. Les anar\u00adcho-syn\u00addi\u00adca\u00adlistes cubains ne nour\u00adris\u00adsaient aucune illu\u00adsion sur le r\u00e9gime, comme en t\u00e9moigne la <i>D\u00e9cla\u00adra\u00adtion de prin\u00adcipe<\/i> dont nous don\u00adnons des extraits en annexe, datant de juillet 1960 et publi\u00e9e l\u2019an\u00adn\u00e9e sui\u00advante en fran\u00ad\u00e7ais dans <i>La R\u00e9vo\u00adlu\u00adtion Pro\u00adl\u00e9\u00adta\u00adrienne<\/i>. De son c\u00f4t\u00e9, la Ligue Liber\u00adtaire de New-York, qui avait appor\u00adt\u00e9 un sou\u00adtien actif aux pre\u00admiers maquis du <i>Mou\u00adve\u00adment du 26 juillet<\/i> et dont les locaux avaient abri\u00adt\u00e9 un temps l\u2019\u00c9\u00adtat-Major, \u00e9cri\u00advait juste apr\u00e8s l\u2019ex\u00adp\u00e9\u00addi\u00adtion de la Baie des Cochons&nbsp;: \u00ab&nbsp;La v\u00e9ri\u00adtable r\u00e9vo\u00adlu\u00adtion cubaine est encore \u00e0 venir. Ce sera la r\u00e9vo\u00adlu\u00adtion sociale \u00e0 la fois contre le tota\u00adli\u00adta\u00adrisme de Fidel Cas\u00adtro et contre l\u2019im\u00adp\u00e9\u00adria\u00adlisme am\u00e9\u00adri\u00adcain [\u2026]. Seul le peuple cubain est capable de r\u00e9soudre les pro\u00adbl\u00e8mes poli\u00adtiques et sociaux de son pays&nbsp;; et cela il ne peut le faire que contre les int\u00e9\u00adr\u00eats imp\u00e9\u00adria\u00adlistes nord-am\u00e9\u00adri\u00adcains et russes simul\u00adta\u00adn\u00e9\u00adment. Dans la mesure o\u00f9 elles savent que les \u00c9tats-Unis aident les forces de l\u2019op\u00adpo\u00adsi\u00adtion, les masses cubaines h\u00e9si\u00adte\u00adront \u00e0 sou\u00adte\u00adnir ces der\u00adni\u00e8res. Nous savons, et les tra\u00advailleurs cubains le savent, que le D\u00e9par\u00adte\u00adment d\u2019\u00c9\u00adtat des \u00c9tats-Unis est inca\u00adpable de s\u2019op\u00adpo\u00adser \u00e0 la tyran\u00adnie sta\u00adli\u00adnienne sur le seul ter\u00adrain o\u00f9 celle-ci peut \u00eatre effec\u00adti\u00adve\u00adment combattue.&nbsp;\u00bb<\/p>\n<p>Un peu par\u00adtout dans le monde et notam\u00adment en France, le mou\u00adve\u00adment liber\u00adtaire, cou\u00adp\u00e9 de toute base ouvri\u00e8re de masse et de plus en plus dis\u00adso\u00adci\u00e9 de la pra\u00adtique des luttes s\u2019est lais\u00ads\u00e9 sou\u00advent impres\u00adsion\u00adner par le lan\u00adgage gros\u00adsi\u00e8\u00adre\u00adment maxi\u00adma\u00adliste de Cas\u00adtro et de son lieu\u00adte\u00adnant Gue\u00adva\u00adra dont l\u2019ul\u00adtra-l\u00e9ni\u00adnisme \u00e9tait pour\u00adtant bien connu. On se sou\u00advient du ridi\u00adcule Cohn-Ben\u00addit jetant sur les anar\u00adchistes cubains en exil l\u2019a\u00adna\u00adth\u00e8me men\u00adson\u00adger rituel d\u2019\u00abagents de la CIA&nbsp;\u00bb, au moment m\u00eame o\u00f9 Cas\u00adtro d\u00e9voi\u00adlait sa v\u00e9ri\u00adt\u00e9 de fid\u00e8le ex\u00e9\u00adcu\u00adtant de Mos\u00adcou en applau\u00addis\u00adsant \u00e0 l\u2019in\u00adva\u00adsion de la Tch\u00e9\u00adco\u00adslo\u00adva\u00adquie. Pour plus de pr\u00e9\u00adci\u00adsions sur la pol\u00e9\u00admique qui agi\u00adta dans les ann\u00e9es soixante les milieux liber\u00adtaires on peut tou\u00adjours se repor\u00adter \u00e0 l\u2019ar\u00adticle d\u2019A. Gomez <i><a href=\"https:\/\/la-presse-anarchiste.net\/index.php\/1981\/03\/01\/cuba-ou-la-mauvaise-conscience-des-anarchistes\/\">Cuba et la mau\u00advaise conscience des anar\u00adchistes<\/a><\/i> paru dans le n\u00b03 d\u2019<i>Iztok<\/i> p.19 \u00e0&nbsp;21.<\/p>\n<p>Ce qu\u2019il faut bien appe\u00adler une v\u00e9ri\u00adtable conju\u00adra\u00adtion de dupes recru\u00adta dans les milieux artis\u00adtiques, il fal\u00adlait s\u2019y attendre, ses affi\u00add\u00e9s les plus z\u00e9l\u00e9s. Par\u00admi eux, les moins excu\u00adsables de tous furent les sur\u00adr\u00e9a\u00adlistes qui, Bre\u00adton dis\u00adpa\u00adru, per\u00addirent jus\u00adqu\u2019au sou\u00adve\u00adnir de leur his\u00adtoire en oubliant ce qui leur en avait co\u00fb\u00adt\u00e9 de c\u00f4toyer les sta\u00adli\u00adniens dans les ann\u00e9es trente <sup class=\"modern-footnotes-footnote modern-footnotes-footnote--expands-on-desktop \" data-mfn=\"1\" data-mfn-post-scope=\"000000000e002a83000000003acb9b39_1819\"><a href=\"javascript:void(0)\" role=\"button\" aria-pressed=\"false\" aria-describedby=\"mfn-content-000000000e002a83000000003acb9b39_1819-1\">1<\/a><\/sup><span id=\"mfn-content-000000000e002a83000000003acb9b39_1819-1\" role=\"tooltip\" class=\"modern-footnotes-footnote__note\" tabindex=\"0\" data-mfn=\"1\">Notons que la sur\u00adr\u00e9a\u00adliste d\u2019o\u00adri\u00adgine tch\u00e8que Toyen refu\u00adsa avec la plus grande luci\u00addi\u00adt\u00e9 de signer le tract \u00ab&nbsp;Pour Cuba&nbsp;\u00bb du 14 novembre 1967.<\/span>. Au point qu\u2019on put lire dans le num\u00e9\u00adro de mars 1968 de l\u2019<i>Archi\u00adbras<\/i> ces lignes ahu\u00adris\u00adsantes sign\u00e9es Jean Schus\u00adter&nbsp;: \u00ab&nbsp;Cuba, roman\u00adtique et furieuse, est l\u2019\u00eele de la r\u00e9sis\u00adtance r\u00e9vo\u00adlu\u00adtion\u00adnaire \u00e0 la des\u00adtruc\u00adtion m\u00e9tho\u00addique de l\u2019homme int\u00e9\u00adrieur. [\u2026] Cuba est l\u2019homme int\u00e9\u00adrieur de l\u2019hu\u00adma\u00adni\u00adt\u00e9, sa r\u00e9serve de r\u00eave par\u00adtout ailleurs vid\u00e9e ou mur\u00e9e. Si la fonc\u00adtion oni\u00adrique est indis\u00adpen\u00adsable \u00e0 la vie humaine, comme le montre la phy\u00adsio\u00adlo\u00adgie moderne, la socio\u00adlo\u00adgie ne pour\u00adrait-elle s\u2019a\u00advi\u00adser de pro\u00adc\u00e9\u00adder par induc\u00adtion afin de trou\u00adver dans la r\u00e9a\u00adli\u00adt\u00e9 du r\u00eave cubain\u200a\u2014\u200adu r\u00eave com\u00admu\u00adniste cubain\u200a\u2014\u200ala r\u00e9a\u00adli\u00adsa\u00adtion du d\u00e9sir le plus pro\u00adfond de l\u2019hu\u00adma\u00adni\u00adt\u00e9 d\u2019au\u00adjourd\u2019\u00adhui&nbsp;?&nbsp;\u00bb Ara\u00adgon n\u2019au\u00adrait pas mieux&nbsp;dit.<\/p>\n<p>La s\u00e9rie d\u2019ar\u00adticles de notre ami Conra\u00addo Tos\u00adta\u00addo, dont nous publions main\u00adte\u00adnant le der\u00adnier volet consa\u00adcr\u00e9 \u00e0 l\u2019\u00e9\u00adcri\u00advain Leza\u00adma Lima, nous a mon\u00adtr\u00e9 ce qu\u2019il en \u00e9tait de l\u2019homme int\u00e9\u00adrieur dans l\u2019\u00eele du cau\u00adche\u00admar cas\u00adtriste. Nous avons emprun\u00adt\u00e9 les illus\u00adtra\u00adtions de ce num\u00e9\u00adro \u00e0 la revue <i>Signos<\/i>, diri\u00adg\u00e9e par Samuel Fei\u00adjoo, et qui, consa\u00adcr\u00e9e \u00e0 l\u2019art popu\u00adlaire, jouis\u00adsait d\u2019une rela\u00adtive auto\u00adno\u00admie \u00ab&nbsp;cultu\u00adrelle&nbsp;\u00bb jus\u00adqu\u2019\u00e0 ces der\u00adni\u00e8res ann\u00e9es o\u00f9 l\u2019on assiste \u00e0 la r\u00e9cu\u00adp\u00e9\u00adra\u00adtion des artistes bruts ou na\u00effs de l\u2019\u00eele \u00e0 des fins de pro\u00adpa\u00adgande anti-am\u00e9\u00adri\u00adcaine et de sou\u00adtien au r\u00e9gime. Pour illus\u00adtrer cette mani\u00e8re, nous avons choi\u00adsi, en contre\u00adpoint de des\u00adsins r\u00e9el\u00adle\u00adment ins\u00adpi\u00adr\u00e9s, un \u00ab&nbsp;po\u00e8me col\u00adlec\u00adtif&nbsp;\u00bb cen\u00adtr\u00e9 sur le \u00ab&nbsp;th\u00e8me&nbsp;\u00bb de la \u00ab&nbsp;r\u00e9vo\u00adlu\u00adtion&nbsp;\u00bb (sic) o\u00f9 le talent de Fei\u00adjoo s\u2019\u00e9\u00adpuise d\u00e9finitivement.<\/p>\n<p style=\"text-align: right;\">J.G., L.M.<\/p>\n<p style=\"text-align: right;\">&nbsp;<\/p>\n<\/div>\n<ul class=\"modern-footnotes-list modern-footnotes-list--show-only-for-print\"><li><span>1<\/span><div>Notons que la sur\u00adr\u00e9a\u00adliste d\u2019o\u00adri\u00adgine tch\u00e8que Toyen refu\u00adsa avec la plus grande luci\u00addi\u00adt\u00e9 de signer le tract \u00ab&nbsp;Pour Cuba&nbsp;\u00bb du 14 novembre 1967.<\/div><\/li><\/ul>","protected":false},"excerpt":{"rendered":"<p>IZTOK pro\u00adpose aujourd\u2019\u00adhui un bref his\u00adto\u00adrique du mou\u00adve\u00adment liber\u00adtaire cubain, r\u00e9di\u00adg\u00e9 par un anar\u00ad\u00adcho-syn\u00ad\u00addi\u00ad\u00adca\u00ad\u00adliste, Frank Feman\u00addez, vivant actuel\u00adle\u00adment en exil aux \u00c9tats-Unis depuis l\u2019ins\u00adtau\u00adra\u00adtion de la dic\u00adta\u00adture cas\u00adtriste. Outre qu\u2019il s\u2019a\u00adgit du conden\u00ads\u00e9 d\u2019un ouvrage plus vaste, encore in\u00e9dit, ce qui contri\u00adbue \u00e0 rame\u00adner le texte aux dimen\u00adsions d\u2019un calen\u00addrier sans ana\u00adlyse his\u00adto\u00adrique r\u00e9elle, les&nbsp;[\u2026]<\/p>\n","protected":false},"author":8,"featured_media":5945,"comment_status":"closed","ping_status":"closed","sticky":false,"template":"wp-custom-template-page-d-article","format":"standard","meta":{"wp_typography_post_enhancements_disabled":false,"footnotes":""},"categories":[209],"tags":[601,602],"ppma_author":[680],"class_list":["post-1819","post","type-post","status-publish","format-standard","has-post-thumbnail","hentry","category-iztok-na13-septembre-1986","tag-cuba","tag-etats-communistes"],"authors":[{"term_id":680,"user_id":8,"is_guest":0,"slug":"anonyme","display_name":"Anonyme","avatar_url":"https:\/\/secure.gravatar.com\/avatar\/cdccebf2bbf18d75df96a6721f7ce7f7ec80d026f1b8ec6be93de563bca5236b?s=96&d=mm&r=g","author_category":"","user_url":"","last_name":"","first_name":"","job_title":"","description":""}],"_links":{"self":[{"href":"https:\/\/la-presse-anarchiste.net\/index.php\/wp-json\/wp\/v2\/posts\/1819","targetHints":{"allow":["GET"]}}],"collection":[{"href":"https:\/\/la-presse-anarchiste.net\/index.php\/wp-json\/wp\/v2\/posts"}],"about":[{"href":"https:\/\/la-presse-anarchiste.net\/index.php\/wp-json\/wp\/v2\/types\/post"}],"author":[{"embeddable":true,"href":"https:\/\/la-presse-anarchiste.net\/index.php\/wp-json\/wp\/v2\/users\/8"}],"replies":[{"embeddable":true,"href":"https:\/\/la-presse-anarchiste.net\/index.php\/wp-json\/wp\/v2\/comments?post=1819"}],"version-history":[{"count":2,"href":"https:\/\/la-presse-anarchiste.net\/index.php\/wp-json\/wp\/v2\/posts\/1819\/revisions"}],"predecessor-version":[{"id":7808,"href":"https:\/\/la-presse-anarchiste.net\/index.php\/wp-json\/wp\/v2\/posts\/1819\/revisions\/7808"}],"wp:featuredmedia":[{"embeddable":true,"href":"https:\/\/la-presse-anarchiste.net\/index.php\/wp-json\/wp\/v2\/media\/5945"}],"wp:attachment":[{"href":"https:\/\/la-presse-anarchiste.net\/index.php\/wp-json\/wp\/v2\/media?parent=1819"}],"wp:term":[{"taxonomy":"category","embeddable":true,"href":"https:\/\/la-presse-anarchiste.net\/index.php\/wp-json\/wp\/v2\/categories?post=1819"},{"taxonomy":"post_tag","embeddable":true,"href":"https:\/\/la-presse-anarchiste.net\/index.php\/wp-json\/wp\/v2\/tags?post=1819"},{"taxonomy":"author","embeddable":true,"href":"https:\/\/la-presse-anarchiste.net\/index.php\/wp-json\/wp\/v2\/ppma_author?post=1819"}],"curies":[{"name":"wp","href":"https:\/\/api.w.org\/{rel}","templated":true}]}}