{"id":1832,"date":"2008-11-24T18:39:27","date_gmt":"2008-11-24T18:39:27","guid":{"rendered":"https:\/\/la-presse-anarchiste.net\/index.php\/2008\/11\/24\/vers-le-front-populaire\/"},"modified":"2008-11-24T18:39:27","modified_gmt":"2008-11-24T18:39:27","slug":"vers-le-front-populaire","status":"publish","type":"post","link":"https:\/\/la-presse-anarchiste.net\/index.php\/2008\/11\/24\/vers-le-front-populaire\/","title":{"rendered":"Vers le Front Populaire&nbsp;?"},"content":{"rendered":"<div class=\"pdfprnt-buttons pdfprnt-buttons-post pdfprnt-top-right\"><a href=\"https:\/\/la-presse-anarchiste.net\/index.php\/wp-json\/wp\/v2\/posts\/1832?print=pdf\" class=\"pdfprnt-button pdfprnt-button-pdf\" target=\"_blank\"><img decoding=\"async\" src=\"https:\/\/la-presse-anarchiste.net\/wp-content\/plugins\/pdf-print\/images\/pdf.png\" alt=\"image_pdf\" title=\"Afficher le PDF\"><\/a><a href=\"https:\/\/la-presse-anarchiste.net\/index.php\/wp-json\/wp\/v2\/posts\/1832?print=print\" class=\"pdfprnt-button pdfprnt-button-print\" target=\"_blank\"><img decoding=\"async\" src=\"https:\/\/la-presse-anarchiste.net\/wp-content\/plugins\/pdf-print\/images\/print.png\" alt=\"image_print\" title=\"Contenu imprim\u00e9\"><\/a><\/div><div align=\"justify\">\n1973 ver\u00adra peut-\u00eatre la nais\u00adsance d\u2019un nou\u00adveau gou\u00adver\u00adne\u00adment de front popu\u00adlaire. Les forces poli\u00adtiques de gauche s\u2019y emploient acti\u00adve\u00adment. Le der\u00adnier congr\u00e8s du par\u00adti socia\u00adliste a vu Mit\u00adter\u00adrand deve\u00adnir secr\u00e9\u00adtaire g\u00e9n\u00e9\u00adral. Il est l\u2019homme de l\u2019union de la gauche poli\u00adtique. D\u00e9j\u00e0, il s\u2019aligne sur une des reven\u00addi\u00adca\u00adtions les plus ch\u00e8res au c\u0153ur du P.C.F.: le scru\u00adtin pro\u00adpor\u00adtion\u00adnel. En outre, la poli\u00adtique de dis\u00adcus\u00adsion id\u00e9o\u00adlo\u00adgique des socia\u00adlistes avec les com\u00admu\u00adnistes est aban\u00addon\u00adn\u00e9e. On rede\u00advient prag\u00adma\u00adtique&nbsp;; un seul but&nbsp;: la majo\u00adri\u00adt\u00e9 au Par\u00adle\u00adment. Pour ce faire, on pr\u00e9\u00adpa\u00adre\u00adra un \u00ab&nbsp;pro\u00adgramme de gou\u00adver\u00adne\u00adment&nbsp;\u00bb, petit cock\u00adtail de \u00ab&nbsp;d\u00e9mo\u00adcra\u00adtie avan\u00adc\u00e9e&nbsp;\u00bb et de \u00ab&nbsp;d\u00e9mo\u00adcra\u00adtie socialiste&nbsp;\u00bb.&nbsp;\n<p>Par une de ces iro\u00adnies dont l\u2019Histoire est com\u00admune, la r\u00e9volte de 1968 \u2013 mou\u00adve\u00adment anti\u00adpar\u00adle\u00admen\u00adtaire et liber\u00adtaire \u2013 abou\u00adti\u00adra-t-elle \u00e0 la cr\u00e9a\u00adtion d\u2019un gou\u00adver\u00adne\u00adment de gauche&nbsp;? C\u2019est qu\u2019une course est enga\u00adg\u00e9e, course qui condi\u00adtion\u00adne\u00adra les trente ann\u00e9es \u00e0 venir&nbsp;; et la gauche poli\u00adtique l\u2019a com\u00adpris&nbsp;! Ou bien, par les moyens tra\u00addi\u00adtion\u00adnels et par\u00adle\u00admen\u00adtaires, elle r\u00e9us\u00adsit \u00e0 foca\u00adli\u00adser le m\u00e9con\u00adten\u00adte\u00adment popu\u00adlaire&nbsp;; ou bien elle dis\u00adpa\u00adra\u00eet comme force d\u00e9cisive.&nbsp;<\/p>\n<p>Et tous les lea\u00adders ont sai\u00adsi que leur exis\u00adtence poli\u00adtique \u00e9tait en&nbsp;jeu.&nbsp;<\/p>\n<p>Qui dit course dit concur\u00adrent&nbsp;; et l\u2019adversaire des par\u00adle\u00admen\u00adtaires est de taille \u00e0 les faire r\u00e9fl\u00e9\u00adchir&nbsp;: c\u2019est cette mou\u00advance r\u00e9vo\u00adlu\u00adtion\u00adnaire, \u00ab&nbsp;dite gau\u00adchiste&nbsp;\u00bb, h\u00e9t\u00e9\u00adro\u00adclite et tumul\u00adtueuse, mais d\u00e9ci\u00add\u00e9e et dan\u00adge\u00adreuse, et qui pour\u00adrait chan\u00adger radi\u00adca\u00adle\u00adment les don\u00adn\u00e9es du pro\u00adbl\u00e8me. Sa qua\u00adli\u00adt\u00e9 pre\u00admi\u00e8re est de ne plus se faire d\u2019illusions sur le Par\u00adle\u00adment et ses pos\u00adsi\u00adbi\u00adli\u00adt\u00e9s de trans\u00adfor\u00adma\u00adtion sociale. Elle m\u00fbrit par ses actions et la r\u00e9pres\u00adsion&nbsp;; de la r\u00e9volte, elle passe \u00e0 la r\u00e9vo\u00adlu\u00adtion et pour cela fait&nbsp;peur.&nbsp;<\/p>\n<p>Quant \u00e0 nous, syn\u00addi\u00adca\u00adlistes r\u00e9vo\u00adlu\u00adtion\u00adnaires et anar\u00adcho-syn\u00addi\u00adca\u00adlistes, il nous faut \u00eatre lucides. Nous devons gar\u00adder un juge\u00adment sain et d\u00e9pour\u00advu de pas\u00adsion. Tous les fronts popu\u00adlaires ont \u00e9chou\u00e9&nbsp;! Aucun n\u2019a \u00e9ta\u00adbli le socia\u00adlisme, c\u2019est-\u00e0-dire expro\u00adpri\u00e9 le capi\u00adtal et remis l\u2019\u00e9conomie entre les mains du pro\u00adl\u00e9\u00adta\u00adriat&nbsp;; celui-l\u00e0, s\u2019il na\u00eet, fera comme les autres.&nbsp;<\/p>\n<p>Actuel\u00adle\u00adment, au Chi\u00adli, se d\u00e9ve\u00adloppe une exp\u00e9\u00adrience ana\u00adlogue. Le gou\u00adver\u00adne\u00adment d\u2019Allende oscille entre la gauche r\u00e9vo\u00adlu\u00adtion\u00adnaire \u2013 qui aide les pay\u00adsans \u00e0 prendre la terre et \u00e0 la gar\u00adder \u2013 et le capi\u00adta\u00adlisme d\u00e9ci\u00add\u00e9 \u00e0 d\u00e9fendre sa pro\u00adpri\u00e9\u00adt\u00e9 et son pou\u00advoir. N\u2019a\u2011t-on pas vu l\u2019arm\u00e9e, sur ordre du gou\u00adver\u00adne\u00adment, tirer sur les pay\u00adsans et rendre la terre aux grands propri\u00e9taires&nbsp;!&nbsp;<\/p>\n<p>L\u00e0 est le c\u0153ur du pro\u00adbl\u00e8me&nbsp;; le gou\u00adver\u00adne\u00adment de gauche, qui sou\u00adl\u00e8ve le plus sou\u00advent de grands espoirs dans les masses popu\u00adlaires, ne fait rien de socia\u00adliste. Les pro\u00adpri\u00e9\u00adtaires et les ges\u00adtion\u00adnaires res\u00adtent les m\u00eames&nbsp;; les tra\u00advailleurs res\u00adtent des sala\u00adri\u00e9s qui n\u2019ont aucun contr\u00f4le sur le pro\u00adduit de leur tra\u00advail. et ne pos\u00ads\u00e8dent pas col\u00adlec\u00adti\u00adve\u00adment les  moyens de production.&nbsp;<\/p>\n<p>L\u00e9on Blum a \u00e9t\u00e9 un \u00ab&nbsp;g\u00e9rant loyal&nbsp;\u00bb, aban\u00addon\u00adnant l\u2019Espagne r\u00e9vo\u00adlu\u00adtion\u00adnaire pour conser\u00adver l\u2019alliance des radi\u00adcaux, eux-m\u00eames pro\u00adt\u00e9\u00adgeant les int\u00e9\u00adr\u00eats du capi\u00adtal anglais, refu\u00adsant en outre aux r\u00e9pu\u00adbli\u00adcains espa\u00adgnols les plus \u00e0 gauche de fomen\u00adter une r\u00e9bel\u00adlion sur l\u2019arri\u00e8re des fas\u00adcistes, au Maroc, de peur que les pos\u00adses\u00adsions fran\u00ad\u00e7aises d\u2019Afrique du Nord soient entra\u00ee\u00adn\u00e9es dans la r\u00e9volte.&nbsp;<\/p>\n<p>Apr\u00e8s 1945, le P.C.F. lui-m\u00eame, apr\u00e8s les pitre\u00adries de la \u00ab&nbsp;gr\u00e8ve est l\u2019arme des trusts&nbsp;\u00bb et \u00ab&nbsp;un peuple, un \u00c9tat, une arm\u00e9e&nbsp;\u00bb \u2013 d\u00e9sar\u00adme\u00adment de ce qui aurait pu \u00eatre l\u2019embryon d\u2019un double pou\u00advoir \u2013 aban\u00addon\u00adnait en catas\u00adtrophe le gou\u00adver\u00adne\u00adment apr\u00e8s la gr\u00e8ve de Renault parce qu\u2019il \u00e9tait en train de perdre le contr\u00f4le de la classe ouvri\u00e8re.&nbsp;<\/p>\n<p>Bien sou\u00advent, trop sou\u00advent, le gou\u00adver\u00adne\u00adment de gauche fait la sale besogne du capi\u00adtal. Il pro\u00adclame le socia\u00adlisme en construc\u00adtion (des ministres socia\u00adlistes ne peuvent g\u00e9rer qu\u2019un pays socia\u00adliste\u2026) et d\u00e9cide que les meilleurs d\u00e9fen\u00adseurs du peuple si\u00e8gent au Par\u00adle\u00adment. Le droit de gr\u00e8ve ne sert donc plus \u00e0 rien, on l\u2019ampute&nbsp;; les \u00ab&nbsp;\u00e9ner\u00adv\u00e9s&nbsp;\u00bb servent la r\u00e9ac\u00adtion, on les empri\u00adsonne. Des lois r\u00e9pres\u00adsives sont vot\u00e9es d\u2019enthousiasme, qui servent ensuite quand la gauche a rem\u00adpli le r\u00f4le qu\u2019attendait le capital.&nbsp;<\/p>\n<p>Notre tra\u00advail, en cette cir\u00adcons\u00adtance, est donc tout tra\u00adc\u00e9&nbsp;: main\u00adte\u00adnir co\u00fbte que co\u00fbte l\u2019ind\u00e9pendance des orga\u00adni\u00adsa\u00adtions ouvri\u00e8res, d\u00e9mon\u00adtrer par\u00adtout que m\u00eame si le gou\u00adver\u00adne\u00adment se dit socia\u00adliste, le patron est tou\u00adjours l\u00e0&nbsp;! Et sur\u00adtout nous pr\u00e9\u00adpa\u00adrer, car la r\u00e9ac\u00adtion vien\u00addra. L\u2019\u00e9preuve de force ne nous sera pas \u00e9par\u00adgn\u00e9e&nbsp;: mau\u00advais coup des capi\u00adta\u00adlistes ou poli\u00adtique r\u00e9pres\u00adsive de la gauche. Les tra\u00advailleurs, comme tou\u00adjours, sont seuls et ne doivent comp\u00adter que sur leur seule&nbsp;force.&nbsp;<\/p>\n<p>Cette puis\u00adsance r\u00e9side dans la posi\u00adtion du pro\u00adl\u00e9\u00adta\u00adriat dans la soci\u00e9\u00adt\u00e9&nbsp;: pro\u00adduc\u00adteurs des richesses, il peut s\u2019arr\u00eater de pro\u00adduire&nbsp;; le monde se pas\u00adse\u00adrait volon\u00adtiers de ministres et de par\u00adle\u00admen\u00adtaires dis\u00adcou\u00adrant sur la  gran\u00addeur de la France, mais s\u2019\u00e9croulerait sans m\u00e9tal\u00adlos, mineurs, che\u00admi\u00adnots, pay\u00adsans et techniciens.&nbsp;<\/p>\n<p>C\u2019est de ce fait indis\u00adcu\u00adtable que d\u00e9rive notre stra\u00adt\u00e9\u00adgie, pr\u00e9\u00adpa\u00adrer la gr\u00e8ve g\u00e9n\u00e9\u00adrale insur\u00adrec\u00adtion\u00adnelle et expro\u00adpria\u00adtrice, et notre tac\u00adtique, ren\u00adfor\u00adcer tou\u00adjours les orga\u00adni\u00adsa\u00adtions ouvri\u00e8res en ind\u00e9\u00adpen\u00addance et en puis\u00adsance, quel que soit le nom qu\u2019on leur&nbsp;donne.&nbsp;<\/p>\n<p>Le front popu\u00adlaire ne chan\u00adge\u00adra rien \u00e0 la marche du monde&nbsp;; peut-\u00eatre aura-t-il l\u2019utilit\u00e9 de faire perdre aux tra\u00advailleurs leurs der\u00adni\u00e8res illu\u00adsions parlementaristes&nbsp;!<\/p>\n<p>L\u2019Alliance syn\u00addi\u00adca\u00adliste.\n<\/p><\/div>\n","protected":false},"excerpt":{"rendered":"<p>1973 ver\u00adra peut-\u00eatre la nais\u00adsance d\u2019un nou\u00adveau gou\u00adver\u00adne\u00adment de front popu\u00adlaire. Les forces poli\u00adtiques de gauche s\u2019y emploient acti\u00adve\u00adment. Le der\u00adnier congr\u00e8s du par\u00adti socia\u00adliste a vu Mit\u00adter\u00adrand deve\u00adnir secr\u00e9\u00adtaire g\u00e9n\u00e9\u00adral. Il est l\u2019homme de l\u2019union de la gauche poli\u00adtique. D\u00e9j\u00e0, il s\u2019aligne sur une des reven\u00addi\u00adca\u00adtions les plus ch\u00e8res au c\u0153ur du P.C.F.: le&nbsp;[\u2026]<\/p>\n","protected":false},"author":1,"featured_media":0,"comment_status":"closed","ping_status":"closed","sticky":false,"template":"","format":"standard","meta":{"wp_typography_post_enhancements_disabled":false,"footnotes":""},"categories":[212],"tags":[],"ppma_author":[540],"class_list":["post-1832","post","type-post","status-publish","format-standard","hentry","category-solidarite-ouvriere-n4-juillet-aout-1971"],"authors":[{"term_id":540,"user_id":1,"is_guest":0,"slug":"admin_3gikpwyf","display_name":"Vincent Dubuc","avatar_url":"https:\/\/secure.gravatar.com\/avatar\/d015720652c25fd2ced191ade86430094e1f288a17483713e3b34d26dea52507?s=96&d=mm&r=g","author_category":"","user_url":"https:\/\/la-presse-anarchiste.net","last_name":"Dubuc","first_name":"Vincent","job_title":"","description":""}],"_links":{"self":[{"href":"https:\/\/la-presse-anarchiste.net\/index.php\/wp-json\/wp\/v2\/posts\/1832","targetHints":{"allow":["GET"]}}],"collection":[{"href":"https:\/\/la-presse-anarchiste.net\/index.php\/wp-json\/wp\/v2\/posts"}],"about":[{"href":"https:\/\/la-presse-anarchiste.net\/index.php\/wp-json\/wp\/v2\/types\/post"}],"author":[{"embeddable":true,"href":"https:\/\/la-presse-anarchiste.net\/index.php\/wp-json\/wp\/v2\/users\/1"}],"replies":[{"embeddable":true,"href":"https:\/\/la-presse-anarchiste.net\/index.php\/wp-json\/wp\/v2\/comments?post=1832"}],"version-history":[{"count":0,"href":"https:\/\/la-presse-anarchiste.net\/index.php\/wp-json\/wp\/v2\/posts\/1832\/revisions"}],"wp:attachment":[{"href":"https:\/\/la-presse-anarchiste.net\/index.php\/wp-json\/wp\/v2\/media?parent=1832"}],"wp:term":[{"taxonomy":"category","embeddable":true,"href":"https:\/\/la-presse-anarchiste.net\/index.php\/wp-json\/wp\/v2\/categories?post=1832"},{"taxonomy":"post_tag","embeddable":true,"href":"https:\/\/la-presse-anarchiste.net\/index.php\/wp-json\/wp\/v2\/tags?post=1832"},{"taxonomy":"author","embeddable":true,"href":"https:\/\/la-presse-anarchiste.net\/index.php\/wp-json\/wp\/v2\/ppma_author?post=1832"}],"curies":[{"name":"wp","href":"https:\/\/api.w.org\/{rel}","templated":true}]}}