{"id":1834,"date":"2008-11-24T19:37:20","date_gmt":"2008-11-24T19:37:20","guid":{"rendered":"https:\/\/la-presse-anarchiste.net\/index.php\/2008\/11\/24\/lorigine-de-lautoritarisme-bolchevik\/"},"modified":"2008-11-24T19:37:20","modified_gmt":"2008-11-24T19:37:20","slug":"lorigine-de-lautoritarisme-bolchevik","status":"publish","type":"post","link":"https:\/\/la-presse-anarchiste.net\/index.php\/2008\/11\/24\/lorigine-de-lautoritarisme-bolchevik\/","title":{"rendered":"L\u2019origine de l\u2019autoritarisme bolchevik"},"content":{"rendered":"<div class=\"pdfprnt-buttons pdfprnt-buttons-post pdfprnt-top-right\"><a href=\"https:\/\/la-presse-anarchiste.net\/index.php\/wp-json\/wp\/v2\/posts\/1834?print=pdf\" class=\"pdfprnt-button pdfprnt-button-pdf\" target=\"_blank\"><img decoding=\"async\" src=\"https:\/\/la-presse-anarchiste.net\/wp-content\/plugins\/pdf-print\/images\/pdf.png\" alt=\"image_pdf\" title=\"Afficher le PDF\"><\/a><a href=\"https:\/\/la-presse-anarchiste.net\/index.php\/wp-json\/wp\/v2\/posts\/1834?print=print\" class=\"pdfprnt-button pdfprnt-button-print\" target=\"_blank\"><img decoding=\"async\" src=\"https:\/\/la-presse-anarchiste.net\/wp-content\/plugins\/pdf-print\/images\/print.png\" alt=\"image_print\" title=\"Contenu imprim\u00e9\"><\/a><\/div><div align=\"justify\">\nLa Bul\u00adga\u00adrie vient d\u2019instaurer un nou\u00adveau sys\u00adt\u00e8me \u00ab&nbsp;d\u2019\u00e9mulation socia\u00adliste&nbsp;\u00bb pour inci\u00adter les tra\u00advailleurs \u00e0 aug\u00admen\u00adter la pro\u00adduc\u00adtion. Des d\u00e9co\u00adra\u00adtions ont \u00e9t\u00e9 cr\u00e9\u00e9es, r\u00e9com\u00adpen\u00adsant les \u00ab&nbsp;As de la pro\u00adduc\u00adtion&nbsp;\u00bb, les \u00ab&nbsp;As de Plan&nbsp;\u00bb, etc. Au-del\u00e0 du carac\u00adt\u00e8re tris\u00adte\u00adment gro\u00adtesque de ces m\u00e9thodes, dont cer\u00adtains croient encore qu\u2019elles sont l\u2019h\u00e9ritage exclu\u00adsif du sta\u00adli\u00adnisme, il y a un r\u00e9el pro\u00adbl\u00e8me qui est pos\u00e9, celui de la n\u00e9ces\u00adsi\u00adt\u00e9 d\u2019augmenter la pro\u00adduc\u00adtion en r\u00e9gime socia\u00adliste afin d\u2019am\u00e9liorer la condi\u00adtion de vie des travailleurs.&nbsp;\n<p>Mais l\u2019augmentation de la pro\u00adduc\u00adtion est-elle en elle-m\u00eame le but du socia\u00adlisme, ou est-elle une condi\u00adtion suf\u00adfi\u00adsante pour l\u2019instauration du socialisme&nbsp;?&nbsp;<\/p>\n<p>\u00ab&nbsp;Le d\u00e9ve\u00adlop\u00adpe\u00adment des forces pro\u00adduc\u00adtives est une condi\u00adtion pra\u00adtique pr\u00e9a\u00adlable abso\u00adlu\u00adment indis\u00adpen\u00adsable, car sans lui, la p\u00e9nu\u00adrie qui devien\u00addrait g\u00e9n\u00e9\u00adrale et, avec le besoin, c\u2019est aus\u00adsi la lutte pour le n\u00e9ces\u00adsaire qui recom\u00admen\u00adce\u00adrait et l\u2019on retom\u00adbe\u00adrait fata\u00adle\u00adment en plein dans le vieux fatras.&nbsp;\u00bb (Marx, <i>l\u2019Id\u00e9ologie alle\u00admande<\/i>.) <\/p>\n<p>Le socia\u00adlisme ne se carac\u00adt\u00e9\u00adrise-t-il pas aus\u00adsi par les condi\u00adtions de l\u2019organisation de la pro\u00adduc\u00adtion, qui sont direc\u00adte\u00adment res\u00adsen\u00adties par les travailleurs&nbsp;?<\/p>\n<p>Pour avoir pris leur ma\u00eetre \u00e0 pen\u00adser trop \u00e0 la lettre, pour avoir consi\u00add\u00e9\u00adr\u00e9 l\u2019augmentation de la pro\u00adduc\u00adtion comme la seule, ou la plus impor\u00adtante des condi\u00adtions \u00ab&nbsp;pr\u00e9a\u00adlables&nbsp;\u00bb, en n\u00e9gli\u00adgeant d\u2019instaurer des rap\u00adports socia\u00adlistes dans les condi\u00adtions d\u2019organisation de la pro\u00adduc\u00adtion, les h\u00e9ri\u00adtiers de la r\u00e9vo\u00adlu\u00adtion russe ont ten\u00addu un tapis de velours aux pieds la bureau\u00adcra\u00adtie et du stalinisme.<\/p>\n<p>S\u2019il est n\u00e9ces\u00adsaire pour le socia\u00adlisme d\u2019augmenter la pro\u00adduc\u00adtion, cette aug\u00admen\u00adta\u00adtion ne doit pas se faire n\u2019importe com\u00adment. Les pro\u00adc\u00e9\u00add\u00e9s de \u00ab&nbsp;l\u2019\u00e9mulation socia\u00adliste&nbsp;\u00bb sont lar\u00adge\u00adment d\u00e9ter\u00admi\u00adn\u00e9s par le cadre socio-poli\u00adtique dans lequel ils sont appli\u00adqu\u00e9s, et, dans une large mesure, ils refl\u00e8tent aus\u00adsi ce&nbsp;cadre.<\/p>\n<p>L\u2019instrument sur lequel le r\u00e9gime sovi\u00e9\u00adtique s\u2019appuie pour l\u2019application de sa poli\u00adtique \u00e9co\u00adno\u00admique est le syn\u00addi\u00adcat. Celui-ci joue un r\u00f4le capi\u00adtal dans dif\u00adf\u00e9\u00adrents domaines&nbsp;:&nbsp;<\/p>\n<p>1. \u2013 Dans le sou\u00adtien \u00e0 la production&nbsp;:&nbsp;<\/p>\n<p>\u00ab&nbsp;Les orga\u00adni\u00adsa\u00adtions du par\u00adti doivent aider les syn\u00addi\u00adcats et les entre\u00adprises \u00e0 recen\u00adser les ouvriers qua\u00adli\u00adfi\u00e9s afin de les entra\u00ee\u00adner vers le tra\u00advail de pro\u00adduc\u00adtion avec autant d\u2019esprit de suite et de vigueur que lorsqu\u2019il s\u2019agissait des besoins de l\u2019arm\u00e9e.&nbsp;\u00bb (IX<sup>e<\/sup> Congr\u00e8s du Par\u00adti, 31 mars&nbsp;1920).&nbsp;<\/p>\n<p>D\u00e8s 1922, il est expres\u00ads\u00e9\u00adment indi\u00adqu\u00e9 que le r\u00f4le des syn\u00addi\u00adcats est de <b>sou\u00adte\u00adnir<\/b> l\u2019activit\u00e9 \u00e9co\u00adno\u00admique des entre\u00adprises, et non <b>d\u2019intervenir<\/b> dans leur gestion.&nbsp;<\/p>\n<p>2. \u2013 Les syn\u00addi\u00adcats sont un orga\u00adnisme qui per\u00admet au par\u00adti et \u00e0 l\u2019\u00c9tat d\u2019affirmer leur supr\u00e9\u00adma\u00adtie. En d\u00e9cembre 1919, les sta\u00adtuts du par\u00adti pr\u00e9\u00advoient que les com\u00admu\u00adnistes forment dans tout grou\u00adpe\u00adment non poli\u00adtique, en par\u00adti\u00adcu\u00adlier dans les syn\u00addi\u00adcats, une \u00ab&nbsp;frac\u00adtion&nbsp;\u00bb \u00ab&nbsp;com\u00adpl\u00e8\u00adte\u00adment subor\u00addon\u00adn\u00e9e au par\u00adti&nbsp;\u00bb.  Tous les points \u00e0 l\u2019ordre du jour du grou\u00adpe\u00adment doivent \u00eatre pr\u00e9a\u00adla\u00adble\u00adment d\u00e9bat\u00adtus par la frac\u00adtion, obli\u00adg\u00e9e de suivre les direc\u00adtives du comi\u00adt\u00e9 cen\u00adtral du par\u00adti. Ces sta\u00adtuts pr\u00e9\u00advoient que \u00ab&nbsp;les can\u00addi\u00addats \u00e0 tous les postes les plus impor\u00adtants du grou\u00adpe\u00adment ou de l\u2019organisme int\u00e9\u00adres\u00ads\u00e9, au sein duquel fonc\u00adtionne la frac\u00adtion, sont nom\u00adm\u00e9s par la frac\u00adtion avec le concours de l\u2019instance com\u00adp\u00e9\u00adtente du&nbsp;parti&nbsp;\u00bb.<\/p>\n<p>Une r\u00e9so\u00adlu\u00adtion du par\u00adti, du 30 avril 1920, dit&nbsp;ceci&nbsp;:&nbsp;<\/p>\n<p>\u00ab&nbsp;Le Par\u00adti exerce son influence sur les couches sans-par\u00adti des tra\u00advailleurs par l\u2019interm\u00e9diaire des frac\u00adtions et des cel\u00adlules com\u00admu\u00adnistes dans toutes les autres orga\u00adni\u00adsa\u00adtions ouvri\u00e8res, et en par\u00adti\u00adcu\u00adlier dans les syndicats.&nbsp;(\u2026)<\/p>\n<p>\u00ab&nbsp;C\u2019est pour\u00adquoi dans chaque syn\u00addi\u00adcat il doit exis\u00adter une frac\u00adtion dis\u00adci\u00adpli\u00adn\u00e9e et orga\u00adni\u00ads\u00e9e des com\u00admu\u00adnistes. Chaque frac\u00adtion du par\u00adti est affi\u00adli\u00e9e \u00e0 une orga\u00adni\u00adsa\u00adtion locale du par\u00adti et subor\u00addon\u00adn\u00e9e au comi\u00adt\u00e9 du par\u00adti&nbsp;; et la frac\u00adtion com\u00admu\u00adniste au sein du conseil cen\u00adtral des syn\u00addi\u00adcats sovi\u00e9\u00adtiques est subor\u00addon\u00adn\u00e9e au comi\u00adt\u00e9 cen\u00adtral du par\u00adti communiste.&nbsp;\u00bb&nbsp;<\/p>\n<p>3. \u2013 Enfin, les syn\u00addi\u00adcats ont pour r\u00f4le la d\u00e9fense des tra\u00advailleurs. Offi\u00adciel\u00adle\u00adment, cette t\u00e2che est consi\u00add\u00e9\u00adr\u00e9e comme \u00ab&nbsp;la t\u00e2che prin\u00adci\u00adpale et la plus urgente des syn\u00addi\u00adcats&nbsp;\u00bb. (14<sup>e<\/sup> congr\u00e8s du Par\u00adti, d\u00e9cembre 1925). Mais il est \u00e9vident que dans les condi\u00adtions impo\u00ads\u00e9es par les deux points ci-des\u00adsus, la signi\u00adfi\u00adca\u00adtion de cette \u00ab&nbsp;d\u00e9fense&nbsp;\u00bb est tout \u00e0 fait par\u00adti\u00adcu\u00adli\u00e8re&nbsp;: il ne s\u2019agit pas de n\u2019importe quelle d\u00e9fense.<\/p>\n<p>S\u2019il s\u2019agit de \u00ab&nbsp;pro\u00admou\u00advoir la situa\u00adtion mat\u00e9\u00adrielle des tra\u00advailleurs&nbsp;\u00bb et de \u00ab&nbsp;rec\u00adti\u00adfier les erreurs ou les exa\u00adg\u00e9\u00adra\u00adtions&nbsp;\u00bb, cette acti\u00advi\u00adt\u00e9 se m\u00e8ne dans les strictes limites per\u00admises par le Par\u00adti et par l\u2019\u00c9tat. <\/p>\n<p>\u00ab\u2026La t\u00e2che des syn\u00addi\u00adcats est de contri\u00adbuer \u00e0 un r\u00e8gle\u00adment aus\u00adsi rapide et heu\u00adreux que pos\u00adsible des conflits en pro\u00adcu\u00adrant le maxi\u00admum d\u2019avantages aux grou\u00adpe\u00adments ouvriers qu\u2019ils repr\u00e9\u00adsentent, dans la mesure o\u00f9 ces avan\u00adtages peuvent \u00eatre accor\u00add\u00e9s sans por\u00adter pr\u00e9\u00adju\u00addice aux autres grou\u00adpe\u00adments et sans faire de tort \u00e0 l\u2019\u00c9tat dans son ensemble\u2026\u00bb (R\u00e9so\u00adlu\u00adtion du 11<sup>e<\/sup> congr\u00e8s du Par\u00adti, 2 avril&nbsp;1922).&nbsp;<\/p>\n<p>L\u2019action syn\u00addi\u00adcale a donc un champ tr\u00e8s limi\u00adt\u00e9 et son objec\u00adtif essen\u00adtiel appa\u00adra\u00eet&nbsp;: main\u00adte\u00adnir le calme dans l\u2019entreprise pour per\u00admettre \u00e0 la pro\u00adduc\u00adtion de se faire, pro\u00adduc\u00adtion sur les normes des\u00adquelles les tra\u00advailleurs n\u2019ont pas leur mot \u00e0&nbsp;dire.&nbsp;<\/p>\n<p>Lorsque Sta\u00adline acc\u00e9\u00adde\u00adra au pou\u00advoir, il aura entre ses mains un appa\u00adreil d\u2019oppression dont les rouages sont par\u00adfai\u00adte\u00adment au point et rod\u00e9s. Un seul exemple&nbsp;: en mai 1920, la frac\u00adtion bol\u00adche\u00advik du syn\u00addi\u00adcat des ouvriers de la m\u00e9tal\u00adlur\u00adgie de Mos\u00adcou refuse, par 40 voix contre 12, d\u2019\u00e9lire \u00e0 son comi\u00adt\u00e9 ex\u00e9\u00adcu\u00adtif la liste des can\u00addi\u00addats pr\u00e9\u00adsen\u00adt\u00e9s par le comi\u00adt\u00e9 cen\u00adtral du par\u00adti. Celui-ci ne tient aucun compte du scru\u00adtin et nomme un comi\u00adt\u00e9 for\u00adm\u00e9 de ses propres candidats.<\/p>\n<p>En d\u00e9cembre 1921, une conf\u00e9\u00adrence du par\u00adti d\u00e9cide que dor\u00e9\u00adna\u00advant l\u2019on ne nom\u00adme\u00adrait aux postes syn\u00addi\u00adcaux que des \u00ab&nbsp;membres anciens et exp\u00e9\u00adri\u00admen\u00adt\u00e9s du Par\u00adti qui n\u2019avaient appar\u00adte\u00adnu \u00e0 aucun autre par\u00adti que le Par\u00adti communiste&nbsp;\u00bb.<\/p>\n<p>Sta\u00adline n\u2019aura donc rien \u00e0 inven\u00adter. Si plus tard le syn\u00addi\u00adca\u00adlisme \u00e9vo\u00adlue, pour s\u2019adapter aux n\u00e9ces\u00adsi\u00adt\u00e9s du pre\u00admier plan quin\u00adquen\u00adnal ax\u00e9 sur l\u2019industrialisation, rien de fon\u00adda\u00admen\u00adtal ne sera chang\u00e9.&nbsp;<\/p>\n<p>Sta\u00adline ne fera que conti\u00adnuer l\u2019\u0153uvre de ses pr\u00e9\u00add\u00e9\u00adces\u00adseurs, en uti\u00adli\u00adsant les armes qu\u2019ils auront eux-m\u00eames forg\u00e9es.&nbsp;<\/p>\n<p>1. \u2013 Le r\u00f4le du syn\u00addi\u00adcat comme aiguillon \u00e0 la pro\u00adduc\u00adtion est&nbsp;accru&nbsp;:&nbsp;<\/p>\n<p>\u00ab&nbsp;Pro\u00adduc\u00adtion d\u2019abord&nbsp;; (\u2026) Au stade actuel de l\u2019\u00e9dification socia\u00adliste, la place des syn\u00addi\u00adcats est au pre\u00admier rang des com\u00adbat\u00adtants pour le rythme de pro\u00adduc\u00adtion.&nbsp;\u00bb (<i>Prav\u00adda<\/i>, 29 sept.&nbsp;1929).&nbsp;<\/p>\n<p>\u00ab&nbsp;L\u2019\u00e9mulation socia\u00adliste et les bri\u00adgades de tra\u00advailleurs de choc doivent deve\u00adnir la base de toute l\u2019activit\u00e9 des syn\u00addi\u00adcats en mati\u00e8re de pro\u00adduc\u00adtion dans les entre\u00adprises et les ate\u00adliers.&nbsp;\u00bb (16<sup>e<\/sup> congr\u00e8s du Par\u00adti, juin-juillet 1930.)&nbsp;<\/p>\n<p>On devine que l\u2019expression&nbsp;: \u00ab&nbsp;tra\u00advailleurs de choc&nbsp;\u00bb peut \u00eatre prise au sens propre\u2026&nbsp;<\/p>\n<p>2. \u2013 La supr\u00e9\u00adma\u00adtie du par\u00adti sur le syn\u00addi\u00adcat prend un aspect plus direct&nbsp;: alors qu\u2019elle se fai\u00adsait avant par l\u2019interm\u00e9diaire des frac\u00adtions com\u00admu\u00adnistes, la direc\u00adtion du par\u00adti devient une \u00ab&nbsp;direc\u00adtion concr\u00e8te&nbsp;\u00bb&nbsp;:&nbsp;<\/p>\n<p>\u00ab&nbsp;Les orga\u00adni\u00adsa\u00adtions du par\u00adti doivent am\u00e9\u00adlio\u00adrer et ren\u00adfor\u00adcer la direc\u00adtion concr\u00e8te de l\u2019activit\u00e9 des orga\u00adni\u00adsa\u00adtions syn\u00addi\u00adcales en p\u00e9n\u00e9\u00adtrant jusque dans l\u2019essence m\u00eame de l\u2019activit\u00e9 des syn\u00addi\u00adcats, en aidant ceux-ci \u00e0 cor\u00adri\u00adger leurs d\u00e9fauts et leurs erreurs.&nbsp;\u00bb (16<sup>e<\/sup> congr\u00e8s du&nbsp;Parti).&nbsp;<\/p>\n<p>En 1949, les sta\u00adtuts des syn\u00addi\u00adcats seront modifi\u00e9s&nbsp;:&nbsp;<\/p>\n<p>\u00ab\u2026les syn\u00addi\u00adcats sovi\u00e9\u00adtiques exercent toute leur acti\u00advi\u00adt\u00e9 sous la direc\u00adtion du par\u00adti com\u00admu\u00adniste, force orga\u00adni\u00adsa\u00adtrice et diri\u00adgeante de la soci\u00e9\u00adt\u00e9 sovi\u00e9tique.&nbsp;\u00bb&nbsp;<\/p>\n<p>Cette \u00e9vo\u00adlu\u00adtion ne consti\u00adtue pas un chan\u00adge\u00adment qua\u00adli\u00adta\u00adtif dans le r\u00f4le des syn\u00addi\u00adcats, mais seule\u00adment une dif\u00adf\u00e9\u00adrence de degr\u00e9. Les modi\u00adfi\u00adca\u00adtions sta\u00adtu\u00adtaires ne font qu\u2019ent\u00e9riner un \u00e9tat de fait exis\u00adtant depuis long\u00adtemps. L\u2019id\u00e9e de \u00ab&nbsp;direc\u00adtion concr\u00e8te&nbsp;\u00bb, d\u2019intervention directe de l\u2019\u00c9tat dans l\u2019activit\u00e9 syn\u00addi\u00adcale, ne peut \u00eatre oppo\u00ads\u00e9e au sys\u00adt\u00e8me d\u2019intervention \u00ab&nbsp;indi\u00adrecte&nbsp;\u00bb par l\u2019interm\u00e9diaire des \u00ab&nbsp;frac\u00adtions&nbsp;\u00bb, puisque l\u2019activit\u00e9 des syn\u00addi\u00adcats a tou\u00adjours \u00e9t\u00e9 d\u00e9fi\u00adnie au pr\u00e9a\u00adlable par le Par\u00adti. Ce ne sont que deux expres\u00adsions recou\u00advrant la m\u00eame r\u00e9alit\u00e9.&nbsp;<\/p>\n<p>3. \u2013 La mise en \u0153uvre du pre\u00admier plan quin\u00adquen\u00adnal en 1929 a mis au pre\u00admier plan le r\u00f4le des syn\u00addi\u00adcats comme sti\u00admu\u00adla\u00adteurs de la pro\u00adduc\u00adtion, et en m\u00eame temps trans\u00adfor\u00adm\u00e9 le sens de la d\u00e9fense des int\u00e9\u00adr\u00eats des travailleurs.&nbsp;<\/p>\n<p>Les int\u00e9\u00adr\u00eats des tra\u00advailleurs sont assi\u00admi\u00adl\u00e9s aux int\u00e9\u00adr\u00eats de l\u2019\u00c9tat et de la pro\u00adduc\u00adtion \u00e9co\u00adno\u00admique&nbsp;: ce qui est bon pour ces der\u00adniers est bon pour les pre\u00admiers. Le syn\u00addi\u00adcat se bor\u00adne\u00adra \u00e0 veiller \u00e0 ce que les dis\u00adpo\u00adsi\u00adtions prises par l\u2019appareil de l\u2019\u00c9tat soient appli\u00adqu\u00e9es, un point c\u2019est&nbsp;tout.&nbsp;<\/p>\n<p>La p\u00e9riode sta\u00adli\u00adnienne n\u2019a vu qu\u2019une accen\u00adtua\u00adtion de tous les prin\u00adcipes d\u00e9fi\u00adnis d\u00e8s 1917 par le par\u00adti bol\u00adche\u00advik. Il y a conti\u00adnui\u00adt\u00e9 entre ces deux p\u00e9riodes, qui se carac\u00adt\u00e9\u00adrisent par le sou\u00adtien appor\u00adt\u00e9 par les syn\u00addi\u00adcats \u00e0 la pro\u00adduc\u00adtion, la direc\u00adtion du par\u00adti sur les syn\u00addi\u00adcats, et le r\u00f4le limi\u00adt\u00e9 de la d\u00e9fense des travailleurs.&nbsp;<\/p>\n<p>Cet expo\u00ads\u00e9 de l\u2019\u00e9volution de la pra\u00adtique syn\u00addi\u00adcale en URSS de la p\u00e9riode bol\u00adche\u00advik \u00e0 l\u2019\u00e8re de Sta\u00adline est mal\u00adheu\u00adreu\u00adse\u00adment trop suc\u00adcinct. N\u00e9an\u00admoins, il inci\u00adte\u00adra peut-\u00eatre nos lec\u00adteurs \u00e0 appro\u00adfon\u00addir la ques\u00adtion et \u00e0 se faire eux-m\u00eames une&nbsp;id\u00e9e.&nbsp;<\/p>\n<p>Il nous res\u00adte\u00adra \u00e0 \u00e9tu\u00addier la pra\u00adtique du syn\u00addi\u00adca\u00adlisme contem\u00adpo\u00adrain en URSS et \u00e0 ana\u00adly\u00adser les bases id\u00e9o\u00adlo\u00adgiques et his\u00adto\u00adriques de la concep\u00adtion du syn\u00addi\u00adca\u00adlisme, com\u00admune aux n\u00e9o-bol\u00adche\u00adviks et aux n\u00e9o-sta\u00adli\u00adniens d\u2019aujourd\u2019hui.\n<\/p><\/div>\n","protected":false},"excerpt":{"rendered":"<p>La Bul\u00adga\u00adrie vient d\u2019instaurer un nou\u00adveau sys\u00adt\u00e8me \u00ab&nbsp;d\u2019\u00e9mulation socia\u00adliste&nbsp;\u00bb pour inci\u00adter les tra\u00advailleurs \u00e0 aug\u00admen\u00adter la pro\u00adduc\u00adtion. Des d\u00e9co\u00adra\u00adtions ont \u00e9t\u00e9 cr\u00e9\u00e9es, r\u00e9com\u00adpen\u00adsant les \u00ab&nbsp;As de la pro\u00adduc\u00adtion&nbsp;\u00bb, les \u00ab&nbsp;As de Plan&nbsp;\u00bb, etc. Au-del\u00e0 du carac\u00adt\u00e8re tris\u00adte\u00adment gro\u00adtesque de ces m\u00e9thodes, dont cer\u00adtains croient encore qu\u2019elles sont l\u2019h\u00e9ritage exclu\u00adsif du sta\u00adli\u00adnisme, il y a&nbsp;un&nbsp;[\u2026]<\/p>\n","protected":false},"author":1,"featured_media":0,"comment_status":"closed","ping_status":"closed","sticky":false,"template":"","format":"standard","meta":{"wp_typography_post_enhancements_disabled":false,"footnotes":""},"categories":[214],"tags":[],"ppma_author":[540],"class_list":["post-1834","post","type-post","status-publish","format-standard","hentry","category-solidarite-ouvriere-n13-mai-1972"],"authors":[{"term_id":540,"user_id":1,"is_guest":0,"slug":"admin_3gikpwyf","display_name":"Vincent Dubuc","avatar_url":"https:\/\/secure.gravatar.com\/avatar\/d015720652c25fd2ced191ade86430094e1f288a17483713e3b34d26dea52507?s=96&d=mm&r=g","author_category":"","user_url":"https:\/\/la-presse-anarchiste.net","last_name":"Dubuc","first_name":"Vincent","job_title":"","description":""}],"_links":{"self":[{"href":"https:\/\/la-presse-anarchiste.net\/index.php\/wp-json\/wp\/v2\/posts\/1834","targetHints":{"allow":["GET"]}}],"collection":[{"href":"https:\/\/la-presse-anarchiste.net\/index.php\/wp-json\/wp\/v2\/posts"}],"about":[{"href":"https:\/\/la-presse-anarchiste.net\/index.php\/wp-json\/wp\/v2\/types\/post"}],"author":[{"embeddable":true,"href":"https:\/\/la-presse-anarchiste.net\/index.php\/wp-json\/wp\/v2\/users\/1"}],"replies":[{"embeddable":true,"href":"https:\/\/la-presse-anarchiste.net\/index.php\/wp-json\/wp\/v2\/comments?post=1834"}],"version-history":[{"count":0,"href":"https:\/\/la-presse-anarchiste.net\/index.php\/wp-json\/wp\/v2\/posts\/1834\/revisions"}],"wp:attachment":[{"href":"https:\/\/la-presse-anarchiste.net\/index.php\/wp-json\/wp\/v2\/media?parent=1834"}],"wp:term":[{"taxonomy":"category","embeddable":true,"href":"https:\/\/la-presse-anarchiste.net\/index.php\/wp-json\/wp\/v2\/categories?post=1834"},{"taxonomy":"post_tag","embeddable":true,"href":"https:\/\/la-presse-anarchiste.net\/index.php\/wp-json\/wp\/v2\/tags?post=1834"},{"taxonomy":"author","embeddable":true,"href":"https:\/\/la-presse-anarchiste.net\/index.php\/wp-json\/wp\/v2\/ppma_author?post=1834"}],"curies":[{"name":"wp","href":"https:\/\/api.w.org\/{rel}","templated":true}]}}