{"id":1843,"date":"2008-11-26T10:44:55","date_gmt":"2008-11-26T10:44:55","guid":{"rendered":"https:\/\/la-presse-anarchiste.net\/index.php\/2008\/11\/26\/les-partis-revolutionnaires-et-les-elections\/"},"modified":"2008-11-26T10:44:55","modified_gmt":"2008-11-26T10:44:55","slug":"les-partis-revolutionnaires-et-les-elections","status":"publish","type":"post","link":"https:\/\/la-presse-anarchiste.net\/index.php\/2008\/11\/26\/les-partis-revolutionnaires-et-les-elections\/","title":{"rendered":"Les partis r\u00e9volutionnaires et les \u00e9lections"},"content":{"rendered":"<div class=\"pdfprnt-buttons pdfprnt-buttons-post pdfprnt-top-right\"><a href=\"https:\/\/la-presse-anarchiste.net\/index.php\/wp-json\/wp\/v2\/posts\/1843?print=pdf\" class=\"pdfprnt-button pdfprnt-button-pdf\" target=\"_blank\"><img decoding=\"async\" src=\"https:\/\/la-presse-anarchiste.net\/wp-content\/plugins\/pdf-print\/images\/pdf.png\" alt=\"image_pdf\" title=\"Afficher le PDF\"><\/a><a href=\"https:\/\/la-presse-anarchiste.net\/index.php\/wp-json\/wp\/v2\/posts\/1843?print=print\" class=\"pdfprnt-button pdfprnt-button-print\" target=\"_blank\"><img decoding=\"async\" src=\"https:\/\/la-presse-anarchiste.net\/wp-content\/plugins\/pdf-print\/images\/print.png\" alt=\"image_print\" title=\"Contenu imprim\u00e9\"><\/a><\/div><div align=\"justify\">\nTOUS les par\u00adtis poli\u00adtiques de gauche, r\u00e9for\u00admistes ou \u00ab&nbsp;r\u00e9vo\u00adlu\u00adtion\u00adnaires&nbsp;\u00bb, d\u00e9ploient une acti\u00advi\u00adt\u00e9 fr\u00e9\u00adn\u00e9\u00adtique \u00e0 se mon\u00adtrer comme les seuls repr\u00e9\u00adsen\u00adtants v\u00e9ri\u00adtables des tra\u00advailleurs. Les \u00ab&nbsp;pro\u00adgrammes&nbsp;\u00bb en vue des \u00e9lec\u00adtions de 1973 foi\u00adsonnent, cha\u00adcun ayant vou\u00adlu par\u00adti\u00adci\u00adper \u00e0 la sur\u00aden\u00adch\u00e8re, cha\u00adcun se pr\u00e9\u00adpa\u00adrant \u00e0 sa mani\u00e8re \u00e0 prendre une par\u00adtie, si modeste soit-elle, du g\u00e2teau qu\u2019est la classe ouvri\u00e8re.&nbsp;\n<p>Dans les par\u00adtis \u00ab&nbsp;r\u00e9vo\u00adlu\u00adtion\u00adnaires&nbsp;\u00bb d\u2019extr\u00eame gauche, com\u00adment ana\u00adlyse-t-on la situation&nbsp;?&nbsp;<\/p>\n<p><i>Les \u00ab&nbsp;tac\u00adti\u00adciens&nbsp;\u00bb<\/i>: Ce sont les plus \u00ab&nbsp;r\u00e9a\u00adlistes&nbsp;\u00bb, ceux qui ne pensent pas consti\u00adtuer encore une force suf\u00adfi\u00adsante pour influer v\u00e9ri\u00adta\u00adble\u00adment sur les \u00e9v\u00e9\u00adne\u00adments, mais qui veulent pro\u00adfi\u00adter des occa\u00adsions qui leur sont pr\u00e9\u00adsen\u00adt\u00e9es pour faire de l\u2019agitation&nbsp;: en par\u00adti\u00adcu\u00adlier l\u2019utilisation, comme tri\u00adbune, du par\u00adle\u00adment bour\u00adgeois pour faire de la pro\u00adpa\u00adgande et se faire conna\u00eetre&nbsp;; on pour\u00adrait citer, comme exemple, la Ligue Com\u00admu\u00adniste, \u00ab&nbsp;Lutte ouvri\u00e8re&nbsp;\u00bb, le P.S.U. <\/p>\n<p><i>Les \u00ab&nbsp;oppor\u00adtu\u00adnistes&nbsp;\u00bb<\/i>: Ce sont ceux qui estiment consti\u00adtuer d\u2019ores et d\u00e9j\u00e0 une orga\u00adni\u00adsa\u00adtion capable de jouer un r\u00f4le effec\u00adtif dans les \u00e9v\u00e9\u00adne\u00adments face \u00e0 la bour\u00adgeoi\u00adsie, et aux c\u00f4t\u00e9s du P.C.F. et du P.S.: c\u2019est, bien enten\u00addu, l\u2019O.C.I., A.J.S., C.A.O. <\/p>\n<p>Ces deux ten\u00addances se mettent au moins d\u2019accord sur ceci&nbsp;: les mili\u00adtants ouvriers qui refusent d\u2019utiliser le par\u00adle\u00adment bour\u00adgeois et qui affirment leur hos\u00adti\u00adli\u00adt\u00e9 aux com\u00adpro\u00admis capi\u00adtulent ouver\u00adte\u00adment devant l\u2019\u00c9tat bour\u00adgeois et se dressent comme un obs\u00adtacle \u00e0 la lutte de classe des travailleurs.<\/p>\n<p>Ces deux ten\u00addances, qui se r\u00e9clament de L\u00e9nine et du bol\u00adche\u00advisme, pr\u00e9\u00advoient, avec juste rai\u00adson, la pos\u00adsi\u00adbi\u00adli\u00adt\u00e9 de la consti\u00adtu\u00adtion d\u2019un gou\u00adver\u00adne\u00adment de type \u00ab&nbsp;front popu\u00adlaire&nbsp;\u00bb dans lequel se retrou\u00adve\u00adront ensemble le P.C.F., le P.S. et quelques d\u00e9bris de droite et de gauche. Le \u00ab&nbsp;front popu\u00adlaire&nbsp;\u00bb, comme l\u2019histoire l\u2019a mon\u00adtr\u00e9, ne pour\u00adra pas r\u00e9soudre les pro\u00adbl\u00e8mes fon\u00adda\u00admen\u00adtaux de la classe ouvri\u00e8re, emp\u00ea\u00adtr\u00e9 qu\u2019il sera dans la contra\u00addic\u00adtion inso\u00adluble exis\u00adtant entre un ou des par\u00adtis de gauche au pou\u00advoir, et le main\u00adtien du mode de pro\u00adduc\u00adtion capitaliste.&nbsp;<\/p>\n<p>Pour\u00adtant, de nom\u00adbreux tra\u00advailleurs fondent \u2013 \u00e0 tort \u2013 leurs espoirs sur un tel gou\u00adver\u00adne\u00adment. Les par\u00adtis r\u00e9vo\u00adlu\u00adtion\u00adnaires consi\u00add\u00e8rent que ce gou\u00adver\u00adne\u00adment sera consti\u00adtu\u00e9 par des orga\u00adni\u00adsa\u00adtions authen\u00adti\u00adque\u00adment ouvri\u00e8res, quoique bureau\u00adcra\u00adti\u00ads\u00e9es et r\u00e9for\u00admistes. C\u2019est pour\u00adquoi les par\u00adtis r\u00e9vo\u00adlu\u00adtion\u00adnaires doivent appuyer ce gou\u00adver\u00adne\u00adment, dans une pre\u00admi\u00e8re phase, celle pen\u00addant laquelle les tra\u00advailleurs y croient encore\u2026 Car, en effet, la d\u00e9s\u00adillu\u00adsion gagne\u00adra peu \u00e0 peu les tra\u00advailleurs et ils se ren\u00addront compte \u00e0 quel point un gou\u00adver\u00adne\u00adment \u00ab&nbsp;d\u2019union popu\u00adlaire&nbsp;\u00bb est inca\u00adpable d\u2019apporter des solu\u00adtions r\u00e9elles \u00e0 leurs pro\u00adbl\u00e8mes. C\u2019est \u00e0 ce moment-l\u00e0 que le par\u00adti r\u00e9vo\u00adlu\u00adtion\u00adnaire se pro\u00adpo\u00adse\u00adra comme \u00ab&nbsp;direc\u00adtion de rechange&nbsp;\u00bb.&nbsp;<\/p>\n<p>Il s\u2019agit donc d\u2019une stra\u00adt\u00e9\u00adgie en deux points&nbsp;:&nbsp;<\/p>\n<p>Mar\u00adcher dans la com\u00adbine au d\u00e9but, c\u2019est-\u00e0-dire pr\u00e9\u00adsen\u00adter des can\u00addi\u00addats, tout en ayant conscience des limites d\u2019une telle m\u00e9thode dans l\u2019imm\u00e9diat, et pro\u00adfi\u00adter des moyens mis \u00e0 leur dis\u00adpo\u00adsi\u00adtion pour faire de la sur\u00aden\u00adch\u00e8re de gauche, cri\u00adti\u00adquer le pro\u00adgramme d\u2019union popu\u00adlaire, se faire conna\u00eetre, et enfin, si l\u2019occasion s\u2019en pr\u00e9\u00adsente, faire un beau geste&nbsp;: se d\u00e9sis\u00adter pour le can\u00addi\u00addat sta\u00adli\u00adnien ou socia\u00adliste&nbsp;: voter ouvrier, en&nbsp;somme.&nbsp;<\/p>\n<p>Pour ce qui est des oppor\u00adtu\u00adnistes de la r\u00e9vo\u00adlu\u00adtion, la classe ouvri\u00e8re se trompe, la classe ouvri\u00e8re se fait des illu\u00adsions&nbsp;: il ne faut pas atta\u00adquer, d\u00e9non\u00adcer direc\u00adte\u00adment ces illu\u00adsions, car on risque de se cou\u00adper de beau\u00adcoup de tra\u00advailleurs, ils ne \u00ab&nbsp;com\u00adpren\u00addraient&nbsp;\u00bb pas. Le cas des \u00ab&nbsp;tac\u00adti\u00adciens&nbsp;\u00bb est sen\u00adsi\u00adble\u00adment dif\u00adf\u00e9\u00adrent dans la mesure o\u00f9 ils n\u2019h\u00e9siteront pas \u00e0 atta\u00adquer les illu\u00adsions \u00e9lec\u00adto\u00adra\u00adlistes quoiqu\u2019en uti\u00adli\u00adsant des tri\u00adbunes \u00e9lec\u00adto\u00adrales pour le faire \u2013 c\u2019est-\u00e0-dire en aban\u00addon\u00adnant le ter\u00adrain de \u2013 la lutte de classe.&nbsp;<\/p>\n<p>La deuxi\u00e8me phase de l\u2019\u00e9volution pr\u00e9\u00advue est la d\u00e9s\u00adillu\u00adsion&nbsp;: les tra\u00advailleurs se rendent compte de l\u2019impasse, peut-\u00eatre m\u00eame y aura-t-il des mou\u00adve\u00adments sociaux dans les entre\u00adprises contre le \u00ab&nbsp;gou\u00adver\u00adne\u00adment d\u2019union popu\u00adlaire&nbsp;\u00bb, comme il y en a eu en Rus\u00adsie \u00e0 par\u00adtir de 1918, en Alle\u00admagne de l\u2019Est en 1953, en Pologne, en Hon\u00adgrie, en Tch\u00e9\u00adco\u00adslo\u00adva\u00adquie en 1968, et\u2026 en France en 1947 quand les com\u00admu\u00adnistes \u00e9taient au pouvoir\u2026&nbsp;<\/p>\n<p>C\u2019est alors que les par\u00adtis r\u00e9vo\u00adlu\u00adtion\u00adnaires, qui auront pu se mon\u00adtrer aupa\u00adra\u00advant farou\u00adche\u00adment uni\u00adtaires (un gou\u00adver\u00adne\u00adment de toutes les orga\u00adni\u00adsa\u00adtions ouvri\u00e8res, syn\u00addi\u00adcats com\u00adpris\u2026 ), se mon\u00adtre\u00adront en disant aux tra\u00advailleurs&nbsp;: \u00ab&nbsp;Faites-nous confiance, on va vous tirer de&nbsp;l\u00e0&nbsp;\u00bb.&nbsp;<\/p>\n<p>Une telle concep\u00adtion rel\u00e8ve de l\u2019erreur d\u2019analyse la plus absolue.&nbsp;<\/p>\n<p>Que l\u2019on prenne pr\u00e9\u00adtexte des \u00e9lec\u00adtions pour pro\u00adfi\u00adter des tri\u00adbunes, faire de l\u2019agitation et lan\u00adcer des slo\u00adgans-gad\u00adgets, est une chose, bien qu\u2019extr\u00eamement discutable.&nbsp;<\/p>\n<p>Mais qu\u2019on croie que l\u2019on puisse uti\u00adli\u00adser les \u00e9lec\u00adtions pour enta\u00admer un pro\u00adces\u00adsus r\u00e9vo\u00adlu\u00adtion\u00adnaire, par un d\u00e9pas\u00adse\u00adment dia\u00adlec\u00adtique de la situa\u00adtion dont la r\u00e9vo\u00adlu\u00adtion tire\u00adrait pro\u00adfit, est une illusion.&nbsp;<\/p>\n<p>Par\u00adtout o\u00f9 les sta\u00adli\u00adniens ont pris le pou\u00advoir, ils ont sup\u00adpri\u00adm\u00e9 toute pos\u00adsi\u00adbi\u00adli\u00adt\u00e9 d\u2019autod\u00e9termination des travailleurs.&nbsp;<\/p>\n<p>Nous n\u2019avons aucune rai\u00adson de pen\u00adser que les par\u00adtis com\u00admu\u00adnistes \u00ab&nbsp;occi\u00adden\u00adtaux&nbsp;\u00bb soient fon\u00adda\u00admen\u00adta\u00adle\u00adment dif\u00adf\u00e9\u00adrents de ce que sont ou ont \u00e9t\u00e9 leurs fr\u00e8res des pays de l\u2019Est, l\u2019attitude du P.C.F. lors de l\u2019invasion de la Tch\u00e9\u00adco\u00adslo\u00adva\u00adquie en fait&nbsp;foi.&nbsp;<\/p>\n<p>Si le P.C.F. semble extr\u00ea\u00adme\u00adment sou\u00adcieux de \u00ab&nbsp;d\u00e9mo\u00adcra\u00adtie ouvri\u00e8re&nbsp;\u00bb en p\u00e9riode pr\u00e9-\u00e9lec\u00adto\u00adrale, dans les entre\u00adprises on peut tous les jours avoir un avant-go\u00fbt de ce que ce sera apr\u00e8s. Attendre que le P.C.F. arrive au pou\u00advoir pour pro\u00adpo\u00adser des objec\u00adtifs r\u00e9el\u00adle\u00adment r\u00e9vo\u00adlu\u00adtion\u00adnaires, c\u2019est en r\u00e9a\u00adli\u00adt\u00e9 attendre que le P.C.F. \u00e9vince pro\u00adgres\u00adsi\u00adve\u00adment toutes les autres ten\u00addances et muselle com\u00adpl\u00e8\u00adte\u00adment toute forme d\u2019expression. <\/p>\n<p>Comp\u00adter sur la r\u00e9ac\u00adtion spon\u00adta\u00adn\u00e9e des tra\u00advailleurs \u00e0 l\u2019impasse du \u00ab&nbsp;gou\u00adver\u00adne\u00adment d\u2019Union popu\u00adlaire&nbsp;\u00bb est jus\u00adti\u00adfi\u00e9. Mais oublier dans l\u2019analyse le for\u00admi\u00addable ins\u00adtru\u00adment de r\u00e9pres\u00adsion que consti\u00adtue le P.C.F., c\u2019est du d\u00e9lire.&nbsp;<\/p>\n<p>La stra\u00adt\u00e9\u00adgie des par\u00adtis d\u2019extr\u00eame gauche d\u2019ob\u00e9dience bol\u00adche\u00advik ne se com\u00adprend que si on se rend \u00e0 l\u2019\u00e9vidence que rien de fon\u00adda\u00admen\u00adtal ne les s\u00e9pare du P.C.F. M\u00eames m\u00e9thodes, m\u00eames objec\u00adtifs. La r\u00e8gle du jeu reste essen\u00adtiel\u00adle\u00adment la m\u00eame et en poli\u00adtique, c\u2019est celui qui fixe la r\u00e8gle du jeu qui gagne. Nous pro\u00adpo\u00adsons une autre r\u00e8gle du jeu&nbsp;: d\u00e9fense de l\u2019ind\u00e9pendance des orga\u00adni\u00adsa\u00adtions de classe des tra\u00advailleurs, les syn\u00addi\u00adcats, con\u00e7ue non seule\u00adment par rap\u00adport au capi\u00adta\u00adlisme, \u00e0 l\u2019\u00c9tat et aux par\u00adtis poli\u00adtiques, mais con\u00e7ue comme ins\u00adtru\u00adment essen\u00adtiel de trans\u00adfor\u00adma\u00adtion sociale et d\u2019organisation, seule garan\u00adtie du carac\u00adt\u00e8re de classe de la r\u00e9volution.&nbsp;<\/p>\n<p>C\u2019est pour\u00adquoi l\u2019action des syn\u00addi\u00adca\u00adlistes doit se mener sur tous les fronts&nbsp;: contre le r\u00e9for\u00admisme syn\u00addi\u00adcal qui r\u00e9duit le syn\u00addi\u00adca\u00adlisme au r\u00f4le \u2013 impor\u00adtant mais par\u00adtiel \u2013 de reven\u00addi\u00adca\u00adtion imm\u00e9\u00addiate&nbsp;; contre toutes les concep\u00adtions qui font du syn\u00addi\u00adcat une cour\u00adroie de trans\u00admis\u00adsion d\u2019un par\u00adti politique.&nbsp;<\/p>\n<p>Notre action consiste \u00e0 d\u00e9ve\u00adlop\u00adper dans la classe ouvri\u00e8re l\u2019id\u00e9e que les int\u00e9\u00adr\u00eats des tra\u00advailleurs ne se trouvent ni dans les par\u00adle\u00adments ni dans les par\u00adtis poli\u00adtiques, mais dans leurs seules orga\u00adni\u00adsa\u00adtions de classe, l\u00e0 o\u00f9 ils peuvent avoir un <i>r\u00f4le effec\u00adtif de d\u00e9ci\u00adsion<\/i> sur l\u2019ensemble des pro\u00adbl\u00e8mes de la construc\u00adtion du socia\u00adlisme, et de la d\u00e9fense de celui-ci.&nbsp;<\/p>\n<p>Contre ceux qui subor\u00addonnent les int\u00e9\u00adr\u00eats de la classe ouvri\u00e8re aux int\u00e9\u00adr\u00eats de la construc\u00adtion d\u2019une avant-garde diri\u00adgeante, contre ceux qui amputent le syn\u00addi\u00adca\u00adlisme de la par\u00adtie construc\u00adtive de son r\u00f4le, notre com\u00adbat consiste \u00e0 impo\u00adser aux direc\u00adtions syn\u00addi\u00adcales et \u00e0 toutes les bureau\u00adcra\u00adties ouvri\u00e8res la d\u00e9mo\u00adcra\u00adtie \u00e0 la base&nbsp;: l\u2019extension de la pra\u00adtique des assem\u00adbl\u00e9es g\u00e9n\u00e9\u00adrales dans les entre\u00adprises, o\u00f9 les tra\u00advailleurs d\u00e9cident direc\u00adte\u00adment, eux-m\u00eames de leurs luttes&nbsp;; le contr\u00f4le plus s\u00e9v\u00e8re des man\u00addats&nbsp;; la rota\u00adtion des t\u00e2ches&nbsp;; la dif\u00adfu\u00adsion la plus com\u00adpl\u00e8te des infor\u00adma\u00adtions, la lutte contre les fractions.&nbsp;<\/p>\n<p>L\u2019application de ces m\u00e9thodes, o\u00f9 que ce soit, pro\u00adduit inva\u00adria\u00adble\u00adment un r\u00e9sul\u00adtat explo\u00adsif. Par\u00adtout o\u00f9 le prin\u00adcipe de l\u2019autod\u00e9termination r\u00e9elle est mis en pra\u00adtique, la conscience des tra\u00advailleurs monte&nbsp;; ils s\u2019int\u00e9ressent \u00e0 cette orga\u00adni\u00adsa\u00adtion qui retient leur opi\u00adnion&nbsp;; l\u00e0 est notre force&nbsp;: nous n\u2019avons aucun int\u00e9\u00adr\u00eat de par\u00adti \u00e0 d\u00e9fendre, aucune pru\u00addence tac\u00adtique issue de l\u2019ext\u00e9rieur \u2013 par exemple pr\u00e9\u00adpa\u00adrer des \u00e9lec\u00adtions \u2013 \u00e0 jus\u00adti\u00adfier, aucun dogme \u00e0 \u00ab&nbsp;faire pas\u00adser&nbsp;\u00bb, aucun slo\u00adgan \u00e0 faire adop\u00adter sinon celui de la d\u00e9mo\u00adcra\u00adtie ouvri\u00e8re. Nous vou\u00adlons sim\u00adple\u00adment que les tra\u00advailleurs se d\u00e9ter\u00adminent eux-m\u00eames en dehors les \u00c9glises spi\u00adri\u00adtuelles et temporelles.&nbsp;<\/p>\n<p>Pour nous, toute d\u00e9mo\u00adcra\u00adti\u00adsa\u00adtion est une vic\u00adtoire, toute ini\u00adtia\u00adtive un progr\u00e8s.&nbsp;<\/p>\n<p>Nous devons conti\u00adnuel\u00adle\u00adment atta\u00adquer le prin\u00adcipe de sub\u00adsti\u00adtu\u00adtion, qui tend \u00e0 mettre le sort d\u2019une majo\u00adri\u00adt\u00e9 de tra\u00advailleurs entre les mains d\u2019une mino\u00adri\u00adt\u00e9, comme par exemple dans ces syn\u00addi\u00adcats fan\u00adt\u00f4mes, sans assem\u00adbl\u00e9e g\u00e9n\u00e9\u00adrale, sans contr\u00f4le, et qui se r\u00e9sument \u00e0 quelques res\u00adpon\u00adsables et un secr\u00e9taire.&nbsp;<\/p>\n<p>Cette t\u00e2che, qui est le r\u00f4le imm\u00e9\u00addiat de tous les mili\u00adtants syn\u00addi\u00adca\u00adlistes, ne suf\u00adfit pour\u00adtant pas. Dans la lutte contre le capi\u00adta\u00adlisme, la d\u00e9mo\u00adcra\u00adtie \u00e0 la base n\u2019a aucun sens si elle reste \u00e9touf\u00adf\u00e9e dans l\u2019entreprise, sans pos\u00adsi\u00adbi\u00adli\u00adt\u00e9 de r\u00e9per\u00adcus\u00adsion sur l\u2019ensemble de la classe ouvri\u00e8re.&nbsp;<\/p>\n<p>Nous devons com\u00admen\u00adcer par d\u00e9non\u00adcer cette concep\u00adtion que nous ren\u00adcon\u00adtrons, selon laquelle le syn\u00addi\u00adcat est un inter\u00adm\u00e9\u00addiaire entre les tra\u00advailleurs et le patron, char\u00adg\u00e9 de dis\u00adcu\u00adter avec ce der\u00adnier des reven\u00addi\u00adca\u00adtions des tra\u00advailleurs&nbsp;: le syn\u00addi\u00adcat n\u2019est pas un orga\u00adnisme ext\u00e9\u00adrieur aux tra\u00advailleurs char\u00adg\u00e9 de \u00ab&nbsp;n\u00e9go\u00adcier&nbsp;\u00bb \u00e0 leur place&nbsp;: c\u2019est l\u2019instrument de lutte et d\u2019\u00e9mancipation des tra\u00advailleurs par les tra\u00advailleurs eux-m\u00eames.&nbsp;<\/p>\n<p>En second lieu, nous devons lut\u00adter pour que tous les moyens de lutte et d\u2019organisation qu\u2019offre le syn\u00addi\u00adca\u00adlisme soient mis en \u0153uvre&nbsp;: en cela, nous nous heur\u00adte\u00adrons \u00e0 la fois aux r\u00e9for\u00admistes, qui craignent de voir cer\u00adtaines limites \u00ab&nbsp;rai\u00adson\u00adnables&nbsp;\u00bb d\u00e9pas\u00ads\u00e9es, et aux \u00ab&nbsp;r\u00e9vo\u00adlu\u00adtion\u00adnaires&nbsp;\u00bb qui ne tiennent pas \u00e0 ce que le syn\u00addi\u00adca\u00adlisme d\u00e9passe son r\u00f4le de reven\u00addi\u00adca\u00adtion quo\u00adti\u00addienne de peur que leur mono\u00adpole de l\u2019action \u00ab&nbsp;poli\u00adtique&nbsp;\u00bb soit contest\u00e9.&nbsp;<\/p>\n<p>Les sec\u00adtions syn\u00addi\u00adcales d\u2019entreprise, les syn\u00addi\u00adcats d\u2019industrie sont des orga\u00adnismes de base de la lutte des tra\u00advailleurs pour leur \u00e9man\u00adci\u00adpa\u00adtion, ce sont les plus impor\u00adtants car ils attaquent le capi\u00adta\u00adlisme \u00e0 la racine&nbsp;: l\u2019\u00e9conomie. Mais cette action \u00e9co\u00adno\u00admique doit \u00eatre com\u00adpl\u00e9\u00adt\u00e9e par une action sociale plus g\u00e9n\u00e9\u00adrale afin de per\u00admettre aujourd\u2019hui aux tra\u00advailleurs de d\u00e9fendre leurs condi\u00adtions de vie en dehors de l\u2019entreprise sur leur lieu d\u2019habitation, et pour leur per\u00admettre demain d\u2019y orga\u00adni\u00adser le socialisme.&nbsp;<\/p>\n<p>Le lieu pri\u00advi\u00adl\u00e9\u00adgi\u00e9 de cette action sociale, c\u2019est l\u2019union locale. Les sec\u00adtions d\u2019entreprises, les syn\u00addi\u00adcats d\u2019industrie sont les ins\u00adtru\u00adments de lutte des tra\u00advailleurs dans les entre\u00adprises&nbsp;; de m\u00eame, les unions locales, d\u00e9par\u00adte\u00admen\u00adtales et r\u00e9gio\u00adnales sont des ins\u00adtru\u00adments de lutte en dehors de l\u2019entreprise. Elles ne doivent pas res\u00adter un lieu de r\u00e9union d\u00e9ser\u00adt\u00e9 par les tra\u00advailleurs de la base&nbsp;: regrou\u00adpant toutes les sec\u00adtions d\u2019entreprise, tous les tra\u00advailleurs d\u2019une loca\u00adli\u00adt\u00e9, l\u2019UL est l\u2019instrument pri\u00advi\u00adl\u00e9\u00adgi\u00e9 de lutte dans cette loca\u00adli\u00adt\u00e9, comme l\u2019union r\u00e9gio\u00adnale sur une \u00e9chelle plus grande.&nbsp;<\/p>\n<p>Cette struc\u00adture hori\u00adzon\u00adtale du syn\u00addi\u00adca\u00adlisme est trop sou\u00advent n\u00e9gli\u00adg\u00e9e car elle est poten\u00adtiel\u00adle\u00adment une concur\u00adrente du mono\u00adpole des par\u00adtis poli\u00adtiques dans l\u2019action locale, r\u00e9gio\u00adnale ou nationale.&nbsp;<\/p>\n<p>Notre r\u00f4le dans ce domaine est de rendre \u00e0 la struc\u00adture hori\u00adzon\u00adtale du syn\u00addi\u00adca\u00adlisme le r\u00f4le qu\u2019elle n\u2019aurait jamais d\u00fb ces\u00adser de jouer. Nous devons mon\u00adtrer que le syn\u00addi\u00adcat n\u2019est que ce que les tra\u00advailleurs en&nbsp;font.&nbsp;<\/p>\n<p>Ce n\u2019est que si les tra\u00advailleurs par\u00adviennent \u00e0 impo\u00adser aux bureau\u00adcra\u00adties ouvri\u00e8res la d\u00e9mo\u00adcra\u00adtie dans les orga\u00adnismes de base aus\u00adsi bien que dans les struc\u00adtures inter\u00adm\u00e9\u00addiaires jusqu\u2019au som\u00admet de l\u2019organisation syn\u00addi\u00adcale, ce n\u2019est que si le r\u00f4le du syn\u00addi\u00adca\u00adlisme est \u00e9ten\u00addu \u00e0 tous les aspects de la vie sociale, que le syn\u00addi\u00adcat pour\u00adra deve\u00adnir, au lieu d\u2019un orga\u00adnisme de d\u00e9fense exclu\u00adsi\u00adve\u00adment, un ins\u00adtru\u00adment de com\u00adbat, c\u2019est seule\u00adment alors que les tra\u00advailleurs pour\u00adront atta\u00adquer eux-m\u00eames le capi\u00adta\u00adlisme au lieu de lais\u00adser ce soin \u00e0 une avant-garde dirigeante.&nbsp;<\/p>\n<p>Il res\u00adsort donc que la pre\u00admi\u00e8re \u00e9tape de la lutte contre le capi\u00adta\u00adlisme est de for\u00adger un ins\u00adtru\u00adment de lutte ad\u00e9\u00adquat, capable de com\u00adbattre le capi\u00adta\u00adlisme sur tous les fronts \u00e0 la fois, \u00e9co\u00adno\u00admique et social, mais aus\u00adsi une orga\u00adni\u00adsa\u00adtion o\u00f9 les tra\u00advailleurs peuvent avoir la direc\u00adtion r\u00e9elle de leur&nbsp;lutte.&nbsp;<\/p><\/div>\n","protected":false},"excerpt":{"rendered":"<p>TOUS les par\u00adtis poli\u00adtiques de gauche, r\u00e9for\u00admistes ou \u00ab&nbsp;r\u00e9vo\u00adlu\u00adtion\u00adnaires&nbsp;\u00bb, d\u00e9ploient une acti\u00advi\u00adt\u00e9 fr\u00e9\u00adn\u00e9\u00adtique \u00e0 se mon\u00adtrer comme les seuls repr\u00e9\u00adsen\u00adtants v\u00e9ri\u00adtables des tra\u00advailleurs. Les \u00ab&nbsp;pro\u00adgrammes&nbsp;\u00bb en vue des \u00e9lec\u00adtions de 1973 foi\u00adsonnent, cha\u00adcun ayant vou\u00adlu par\u00adti\u00adci\u00adper \u00e0 la sur\u00aden\u00adch\u00e8re, cha\u00adcun se pr\u00e9\u00adpa\u00adrant \u00e0 sa mani\u00e8re \u00e0 prendre une par\u00adtie, si modeste soit-elle, du g\u00e2teau qu\u2019est [\u2026]<\/p>\n","protected":false},"author":1,"featured_media":0,"comment_status":"closed","ping_status":"closed","sticky":false,"template":"","format":"standard","meta":{"wp_typography_post_enhancements_disabled":false,"footnotes":""},"categories":[219],"tags":[],"ppma_author":[540],"class_list":["post-1843","post","type-post","status-publish","format-standard","hentry","category-solidarite-ouvriere-n19-novembre-1972"],"authors":[{"term_id":540,"user_id":1,"is_guest":0,"slug":"admin_3gikpwyf","display_name":"Vincent Dubuc","avatar_url":"https:\/\/secure.gravatar.com\/avatar\/d015720652c25fd2ced191ade86430094e1f288a17483713e3b34d26dea52507?s=96&d=mm&r=g","author_category":"","user_url":"https:\/\/la-presse-anarchiste.net","last_name":"Dubuc","first_name":"Vincent","job_title":"","description":""}],"_links":{"self":[{"href":"https:\/\/la-presse-anarchiste.net\/index.php\/wp-json\/wp\/v2\/posts\/1843","targetHints":{"allow":["GET"]}}],"collection":[{"href":"https:\/\/la-presse-anarchiste.net\/index.php\/wp-json\/wp\/v2\/posts"}],"about":[{"href":"https:\/\/la-presse-anarchiste.net\/index.php\/wp-json\/wp\/v2\/types\/post"}],"author":[{"embeddable":true,"href":"https:\/\/la-presse-anarchiste.net\/index.php\/wp-json\/wp\/v2\/users\/1"}],"replies":[{"embeddable":true,"href":"https:\/\/la-presse-anarchiste.net\/index.php\/wp-json\/wp\/v2\/comments?post=1843"}],"version-history":[{"count":0,"href":"https:\/\/la-presse-anarchiste.net\/index.php\/wp-json\/wp\/v2\/posts\/1843\/revisions"}],"wp:attachment":[{"href":"https:\/\/la-presse-anarchiste.net\/index.php\/wp-json\/wp\/v2\/media?parent=1843"}],"wp:term":[{"taxonomy":"category","embeddable":true,"href":"https:\/\/la-presse-anarchiste.net\/index.php\/wp-json\/wp\/v2\/categories?post=1843"},{"taxonomy":"post_tag","embeddable":true,"href":"https:\/\/la-presse-anarchiste.net\/index.php\/wp-json\/wp\/v2\/tags?post=1843"},{"taxonomy":"author","embeddable":true,"href":"https:\/\/la-presse-anarchiste.net\/index.php\/wp-json\/wp\/v2\/ppma_author?post=1843"}],"curies":[{"name":"wp","href":"https:\/\/api.w.org\/{rel}","templated":true}]}}