{"id":1849,"date":"2008-11-26T13:20:02","date_gmt":"2008-11-26T13:20:02","guid":{"rendered":"https:\/\/la-presse-anarchiste.net\/index.php\/2008\/11\/26\/quelle-unite\/"},"modified":"2008-11-26T13:20:02","modified_gmt":"2008-11-26T13:20:02","slug":"quelle-unite","status":"publish","type":"post","link":"https:\/\/la-presse-anarchiste.net\/index.php\/2008\/11\/26\/quelle-unite\/","title":{"rendered":"Quelle unit\u00e9&nbsp;?"},"content":{"rendered":"<div class=\"pdfprnt-buttons pdfprnt-buttons-post pdfprnt-top-right\"><a href=\"https:\/\/la-presse-anarchiste.net\/index.php\/wp-json\/wp\/v2\/posts\/1849?print=pdf\" class=\"pdfprnt-button pdfprnt-button-pdf\" target=\"_blank\"><img decoding=\"async\" src=\"https:\/\/la-presse-anarchiste.net\/wp-content\/plugins\/pdf-print\/images\/pdf.png\" alt=\"image_pdf\" title=\"Afficher le PDF\"><\/a><a href=\"https:\/\/la-presse-anarchiste.net\/index.php\/wp-json\/wp\/v2\/posts\/1849?print=print\" class=\"pdfprnt-button pdfprnt-button-print\" target=\"_blank\"><img decoding=\"async\" src=\"https:\/\/la-presse-anarchiste.net\/wp-content\/plugins\/pdf-print\/images\/print.png\" alt=\"image_print\" title=\"Contenu imprim\u00e9\"><\/a><\/div><p><\/p><p align=\"justify\"><br>\nLes par\u00adti\u00adsans de l\u2019u\u00adnion de la Gauche tentent de r\u00e9unir tout le monde \u2013 le com\u00admer\u00ad\u00e7ant, l\u2019ar\u00adti\u00adsan, l\u2019in\u00addus\u00adtriel petit ou moyen et le sala\u00adri\u00e9 bien s\u00fbr \u2013 le plus de monde pos\u00adsible sur le pro\u00adgramme com\u00admun de gou\u00adver\u00adne\u00adment. Une petite place est r\u00e9ser\u00adv\u00e9e aux petits patrons [[Comme les patrons \u00ab&nbsp;auto\u00adges\u00adtion\u00adnaires&nbsp;\u00bb de \u00ab&nbsp;socia\u00adlisme et entre\u00adprise&nbsp;\u00bb,  sans doute\u2026]]: les publi\u00adca\u00adtions du P.S. et du P.C. n\u2019at\u00adtaquent plus tant le pro\u00adfit \u2013 le vol de la plus-value \u2013 que le \u00ab&nbsp;sur\u00adpro\u00adfit&nbsp;\u00bb, qui en serait la forme mal\u00adsaine, extor\u00adqu\u00e9e par les \u00ab&nbsp;monopoles&nbsp;\u00bb.&nbsp;<\/p>\n<p>Le mot est l\u00e2ch\u00e9&nbsp;: monopoles.&nbsp;<\/p>\n<p>En effet, si l\u2019on suit les expli\u00adca\u00adtions des pro\u00adpa\u00adgan\u00addistes du pro\u00adgramme com\u00admun, le capi\u00adta\u00adlisme aujourd\u2019\u00adhui se carac\u00adt\u00e9\u00adrise&nbsp;par&nbsp;:<br> \u2013 La fin du capi\u00adta\u00adlisme de libre concurrence&nbsp;;<br> \u2013 La cr\u00e9a\u00adtion d\u2019un cer\u00adtain nombre de tr\u00e8s grands trusts \u00e0 la fois indus\u00adtriels et finan\u00adciers, les monopoles&nbsp;;<br> \u2013 La fusion des diri\u00adgeants de ces mono\u00adpoles avec le per\u00adson\u00adnel poli\u00adtique de l\u2019\u00c9\u00adtat, un pr\u00e9\u00adfet pou\u00advant se retrou\u00adver \u00e0 la direc\u00adtion d\u2019une grande banque d\u2019af\u00adfaires et r\u00e9ciproquement.&nbsp;<\/p>\n<p>C\u2019est le \u00ab&nbsp;capi\u00adta\u00adlisme mono\u00adpo\u00adliste d\u2019\u00c9tat&nbsp;\u00bb (C.M.E.). Cette forme du capi\u00adta\u00adlisme brise le jeu de la concur\u00adrence et domine \u00e9conomique\u00adment \u00e0 la fois les sala\u00adri\u00e9s indus\u00adtriels ou agri\u00adcoles (le pro\u00adl\u00e9\u00adta\u00adriat) les com\u00admer\u00ad\u00e7ants, arti\u00adsans et petits exploi\u00adtants agri\u00adcoles (la petite bour\u00adgeoisie), mais aus\u00adsi les petits et moyens indus\u00adtriels (la bour\u00adgeoi\u00adsie moyenne). Il y a donc pos\u00adsi\u00adbi\u00adli\u00adt\u00e9 d\u2019ac\u00adcord sur une base mini\u00admum. C\u2019est l\u2019al\u00adliance des petits contre les&nbsp;gros.&nbsp;<\/p>\n<p>Qu\u2019en est-il en r\u00e9alit\u00e9&nbsp;?<\/p>\n<p>L\u2019a\u00adna\u00adlyse qui fait l\u2019es\u00adsen\u00adtiel du C.M.E. s\u2019ap\u00adpuie sur un cer\u00adtain nombre de consta\u00adta\u00adtions objec\u00adtives, notam\u00adment la fin du capi\u00adta\u00adlisme concur\u00adren\u00adtiel et la fusion du per\u00adson\u00adnel diri\u00adgeant de l\u2019\u00c9\u00adtat avec la grande bour\u00adgeoi\u00adsie&nbsp;; mais elle oublie un fait, d\u2019im\u00adpor\u00adtance capi\u00adtale&nbsp;: l\u2019exis\u00adtence de quelques cen\u00adtaines de firmes mul\u00adti\u00adna\u00adtio\u00adnales dont cer\u00adtaines ont des chiffres d\u2019af\u00adfaires sup\u00e9\u00adrieurs au bud\u00adget de la France (Gene\u00adral Motors, etc.). La pr\u00e9\u00adsence de ces firmes \u00e9normes qui concernent les sec\u00adteurs cl\u00e9s&nbsp;: \u00e9ner\u00adgie, sid\u00e9\u00adrur\u00adgie, m\u00e9taux non fer\u00adreux, indus\u00adtrie chi\u00admique, grosse indus\u00adtrie ali\u00admen\u00adtaire, imbriquent l\u2019\u00e9\u00adco\u00adno\u00admie des pays capi\u00adta\u00adlistes de telle sorte qu\u2019elles ne forment plus qu\u2019un seul mar\u00adch\u00e9 dans la pro\u00adduc\u00adtion comme dans la distribution.&nbsp;<\/p>\n<p>Autre\u00adment dit, les ph\u00e9\u00adno\u00adm\u00e8nes de la concen\u00adtra\u00adtion du capi\u00adtal et ses cons\u00e9\u00adquences ne sont pas limi\u00adt\u00e9es \u00e0 la France, ou \u00e0 l\u2019Al\u00adle\u00admagne, ou au Luxem\u00adbourg, ou au Liech\u00adten\u00adstein, mais \u00e0 tous ensemble, son \u00e9chelle n\u2019est pas l\u2019\u00c9\u00adtat-nation, mais la terre tout enti\u00e8re. C\u2019est \u00ab&nbsp;capi\u00adtalisme mono\u00adpo\u00adliste trans\u00adna\u00adtio\u00adnal&nbsp;\u00bb qu\u2019il fau\u00addrait&nbsp;dire&nbsp;!&nbsp;<\/p>\n<p>C\u2019est si vrai que les syn\u00addi\u00adcats euro\u00adp\u00e9ens essaient de s\u2019or\u00adga\u00adni\u00adser pour ten\u00adter de com\u00adbattre les effets de l\u2019im\u00adplan\u00adta\u00adtion des soci\u00e9\u00adt\u00e9s mul\u00adtinationales dans plu\u00adsieurs pays, puisque main\u00adte\u00adnant on peut cas\u00adser une gr\u00e8ve des tra\u00advailleurs  ita\u00adliens en allant cher\u00adcher la pro\u00adduc\u00adtion man\u00adquante en Espagne, en Alle\u00admagne ou en France\u2026 ou en Pologne, comme pen\u00addant la gr\u00e8ve des mineurs asturiens.&nbsp;<\/p>\n<p>La myo\u00adpie natio\u00adna\u00adliste qui pr\u00e9\u00adside \u00e0 l\u2019\u00e9\u00adla\u00adbo\u00adra\u00adtion de la tac\u00adtique par\u00adle\u00admen\u00adtaire du pro\u00adgramme com\u00admun pour\u00adrait n\u2019\u00eatre qu\u2019une erreur tac\u00adtique. En r\u00e9a\u00adli\u00adt\u00e9, c\u2019est une erreur de fond, sur deux&nbsp;plans<br> \u2013 Pen\u00adser modi\u00adfier quoi que ce soit d\u2019im\u00adpor\u00adtant dans le cadre national&nbsp;;<br> \u2013 Pen\u00adser que le socia\u00adlisme pour\u00adra se construire en r\u00e9unis\u00adsant les m\u00e9con\u00adtents de toutes les couches sociales. En effet, ce que veulent petits indus\u00adtriels et com\u00admer\u00ad\u00e7ants c\u2019est pou\u00advoir vendre et faire des b\u00e9n\u00e9\u00adfices \u2013 c\u2019est-\u00e0-dire exploi\u00adter leurs \u00ab&nbsp;alli\u00e9s&nbsp;\u00bb ouvriers et employ\u00e9s \u2013 sans \u00eatre emb\u00ea\u00adt\u00e9s par les grosses soci\u00e9\u00adt\u00e9s, qui risquent de les prol\u00e9tariser&nbsp;!&nbsp;<\/p>\n<p>Ces deux erreurs tracent net\u00adte\u00adment les limites que ne pour\u00adra d\u00e9pas\u00adser, s\u2019il le d\u00e9si\u00adrait, un \u00e9ven\u00adtuel gou\u00adver\u00adne\u00adment d\u2019u\u00adnion popu\u00adlaire, sans rup\u00adture interne.&nbsp;<\/p>\n<p>Car il est vrai qu\u2019une telle union peut chan\u00adger la majo\u00adri\u00adt\u00e9 au Par\u00adlement. Mais pour quoi&nbsp;faire&nbsp;?<\/p>\n<p>Modi\u00adfier la l\u00e9gis\u00adla\u00adtion sur les comi\u00adt\u00e9s d\u2019en\u00adtre\u00adprise peut-\u00eatre, am\u00e9\u00adliorer les lois et r\u00e8gle\u00adments du licen\u00adcie\u00adment des sala\u00adri\u00e9s \u00e0 la rigueur, d\u00e9fendre l\u2019\u00e9\u00adcole la\u00efque, ce qui serait utile, sans&nbsp;doute&nbsp;!&nbsp;<\/p>\n<p>Mais si des ten\u00adta\u00adtives sont amor\u00adc\u00e9es pour \u00e9gra\u00adti\u00adgner les rap\u00adports de pro\u00adduc\u00adtion capi\u00adta\u00adlistes, la r\u00e9par\u00adti\u00adtion pri\u00adv\u00e9e des biens de consom\u00admation, on ver\u00adra imm\u00e9\u00addia\u00adte\u00adment la rup\u00adture se pro\u00adduire, rup\u00adture non entre les gros et les petits mais entre les classes sociales.&nbsp;<\/p>\n<p>Tout autant que le direc\u00adteur d\u2019une grande usine, le petit patron de moins de 50 sala\u00adri\u00e9s veut \u00eatre le ma\u00eetre chez lui&nbsp;; pro\u00adpo\u00adsez\u00ad-lui donc, pour voir, de consti\u00adtuer dans sa mai\u00adson un comi\u00adt\u00e9 d\u2019en\u00adtre\u00adprise, de cr\u00e9er dans ses ate\u00adliers une sec\u00adtion syn\u00addi\u00adcale&nbsp;; essayez d\u2019emp\u00eacher un hon\u00adn\u00eate \u00e9pi\u00adcier d\u2019ex\u00adploi\u00adter hon\u00adteu\u00adse\u00adment un adoles\u00adcent de seize ans, voire qua\u00adtorze ans avec la loi Royer  \u2013 qu\u2019il licen\u00adciera \u00e0 la pre\u00admi\u00e8re demande d\u2019augmentation.<\/p>\n<p>Cette rup\u00adture entre les classes, le s\u00e9pa\u00adra\u00adtisme ouvrier, est le fonde\u00adment m\u00eame du socia\u00adlisme. Il faut le dire, le dire clai\u00adre\u00adment \u00e0 nos patrons, petits, grands ou tr\u00e8s grands comme l\u2019\u00c9\u00adtat&nbsp;: \u00ab&nbsp;Oui, nous vou\u00adlons vous expro\u00adprier, vous chas\u00adser de vos bureaux cli\u00adma\u00adti\u00ads\u00e9s. Notre pro\u00adgramme, c\u2019est la socia\u00adli\u00adsa\u00adtion de tous les moyens de produc\u00adtion et d\u2019\u00e9\u00adchange et leur ges\u00adtion par les tra\u00advailleurs organis\u00e9s&nbsp;!&nbsp;\u00bb.<\/p>\n<p>Cette rup\u00adture entre les classes, non due \u00e0 l\u2019o\u00adpi\u00adnion des hon\u00adn\u00eates \u00ab&nbsp;d\u00e9mo\u00adcrates plus ou moins sociaux, radi\u00adcaux plus ou moins socia\u00adlistes&nbsp;\u00bb mais r\u00e9sul\u00adtant in\u00e9vi\u00adta\u00adble\u00adment des rap\u00adports socio-\u00e9co\u00adno\u00admiques issus de la soci\u00e9\u00adt\u00e9 de classes, cette rup\u00adture, i1 nous faut la sus\u00adci\u00adter, la pro\u00advo\u00adquer d\u00e8s aujourd\u2019\u00adhui et partout.&nbsp;<\/p>\n<p>L\u2019u\u00adnion de la Gauche se pense comme le grand ras\u00adsem\u00adble\u00adment des m\u00e9con\u00adtents&nbsp;; oppo\u00adsons-lui le grand ras\u00adsem\u00adble\u00adment des travailleurs&nbsp;!&nbsp;<\/p>\n","protected":false},"excerpt":{"rendered":"<p>Les par\u00adti\u00adsans de l\u2019u\u00adnion de la Gauche tentent de r\u00e9unir tout le monde \u2013 le com\u00admer\u00ad\u00e7ant, l\u2019ar\u00adti\u00adsan, l\u2019in\u00addus\u00adtriel petit ou moyen et le sala\u00adri\u00e9 bien s\u00fbr \u2013 le plus de monde pos\u00adsible sur le pro\u00adgramme com\u00admun de gou\u00adver\u00adne\u00adment. Une petite place est r\u00e9ser\u00adv\u00e9e aux petits patrons [[Comme les patrons \u00ab&nbsp;auto\u00adges\u00adtion\u00adnaires&nbsp;\u00bb de \u00ab&nbsp;socia\u00adlisme et entre\u00adprise&nbsp;\u00bb,&nbsp;sans&nbsp;[\u2026]<\/p>\n","protected":false},"author":1,"featured_media":0,"comment_status":"closed","ping_status":"closed","sticky":false,"template":"","format":"standard","meta":{"wp_typography_post_enhancements_disabled":false,"footnotes":""},"categories":[225],"tags":[],"ppma_author":[540],"class_list":["post-1849","post","type-post","status-publish","format-standard","hentry","category-solidarite-ouvriere-n34-fevrier-1974"],"authors":[{"term_id":540,"user_id":1,"is_guest":0,"slug":"admin_3gikpwyf","display_name":"Vincent Dubuc","avatar_url":"https:\/\/secure.gravatar.com\/avatar\/d015720652c25fd2ced191ade86430094e1f288a17483713e3b34d26dea52507?s=96&d=mm&r=g","author_category":"","user_url":"https:\/\/la-presse-anarchiste.net","last_name":"Dubuc","first_name":"Vincent","job_title":"","description":""}],"_links":{"self":[{"href":"https:\/\/la-presse-anarchiste.net\/index.php\/wp-json\/wp\/v2\/posts\/1849","targetHints":{"allow":["GET"]}}],"collection":[{"href":"https:\/\/la-presse-anarchiste.net\/index.php\/wp-json\/wp\/v2\/posts"}],"about":[{"href":"https:\/\/la-presse-anarchiste.net\/index.php\/wp-json\/wp\/v2\/types\/post"}],"author":[{"embeddable":true,"href":"https:\/\/la-presse-anarchiste.net\/index.php\/wp-json\/wp\/v2\/users\/1"}],"replies":[{"embeddable":true,"href":"https:\/\/la-presse-anarchiste.net\/index.php\/wp-json\/wp\/v2\/comments?post=1849"}],"version-history":[{"count":0,"href":"https:\/\/la-presse-anarchiste.net\/index.php\/wp-json\/wp\/v2\/posts\/1849\/revisions"}],"wp:attachment":[{"href":"https:\/\/la-presse-anarchiste.net\/index.php\/wp-json\/wp\/v2\/media?parent=1849"}],"wp:term":[{"taxonomy":"category","embeddable":true,"href":"https:\/\/la-presse-anarchiste.net\/index.php\/wp-json\/wp\/v2\/categories?post=1849"},{"taxonomy":"post_tag","embeddable":true,"href":"https:\/\/la-presse-anarchiste.net\/index.php\/wp-json\/wp\/v2\/tags?post=1849"},{"taxonomy":"author","embeddable":true,"href":"https:\/\/la-presse-anarchiste.net\/index.php\/wp-json\/wp\/v2\/ppma_author?post=1849"}],"curies":[{"name":"wp","href":"https:\/\/api.w.org\/{rel}","templated":true}]}}