{"id":185,"date":"1966-01-01T00:05:14","date_gmt":"1966-01-01T00:05:14","guid":{"rendered":"https:\/\/la-presse-anarchiste.net\/index.php\/2007\/02\/26\/informations-objecteurs\/"},"modified":"2024-04-22T06:33:58","modified_gmt":"2024-04-22T06:33:58","slug":"informations-objecteurs","status":"publish","type":"post","link":"https:\/\/la-presse-anarchiste.net\/index.php\/1966\/01\/01\/informations-objecteurs\/","title":{"rendered":"Informations objecteurs"},"content":{"rendered":"<div class=\"pdfprnt-buttons pdfprnt-buttons-post pdfprnt-top-right\"><a href=\"https:\/\/la-presse-anarchiste.net\/index.php\/wp-json\/wp\/v2\/posts\/185?print=pdf\" class=\"pdfprnt-button pdfprnt-button-pdf\" target=\"_blank\"><img decoding=\"async\" src=\"https:\/\/la-presse-anarchiste.net\/wp-content\/plugins\/pdf-print\/images\/pdf.png\" alt=\"image_pdf\" title=\"Afficher le PDF\"><\/a><a href=\"https:\/\/la-presse-anarchiste.net\/index.php\/wp-json\/wp\/v2\/posts\/185?print=print\" class=\"pdfprnt-button pdfprnt-button-print\" target=\"_blank\"><img decoding=\"async\" src=\"https:\/\/la-presse-anarchiste.net\/wp-content\/plugins\/pdf-print\/images\/print.png\" alt=\"image_print\" title=\"Contenu imprim\u00e9\"><\/a><\/div><p class=\"post_excerpt\" style=\"text-align: justify; padding-left: 200px;\"><em>Dans le der\u00adnier num\u00e9\u00adro d\u2019\u00abAnarchisme et Non-Vio\u00adlence&nbsp;\u00bb, nous avons publi\u00e9 la <a href=\"https:\/\/la-presse-anarchiste.net\/index.php\/1965\/10\/01\/objecteurs-rapport-au-ministre\/\">lettre envoy\u00e9e au ministre de l\u2019In\u00adt\u00e9\u00adrieur<\/a> par 33 objec\u00adteurs du camp de Bri\u00adgnoles. Ils expli\u00adquaient dans cette lettre les rai\u00adsons qui les avaient ame\u00adn\u00e9s \u00e0 ces\u00adser le travail.<\/em><\/p>\n<p style=\"text-align: justify; padding-left: 200px;\"><em>Nous allons dans ce num\u00e9\u00adro vous expo\u00adser bri\u00e8\u00adve\u00adment les \u00e9v\u00e9\u00adne\u00adments qui se sont suc\u00adc\u00e9\u00add\u00e9 depuis.<\/em><\/p>\n<div align=\"justify\">\n<p style=\"text-align: justify;\">Peu de temps apr\u00e8s cette lettre, les signa\u00adtaires \u00e9taient inter\u00adro\u00adg\u00e9s indi\u00advi\u00adduel\u00adle\u00adment de fa\u00e7on \u00e0 s\u00e9lec\u00adtion\u00adner les meneurs. Suite \u00e0 cela le 16 octobre, au petit jour, des C.R.S. embarquent 20 objec\u00adteurs et les conduisent \u00e0 Uz\u00e8s o\u00f9 ils sont inter\u00adn\u00e9s pour une soixan\u00adtaine de jours. Une note de ser\u00advice du ministre de l\u2019In\u00adt\u00e9\u00adrieur informe les objec\u00adteurs res\u00adtant \u00e0 Bri\u00adgnoles qu\u2019au\u00adcun espoir de r\u00e9vi\u00adsion du sta\u00adtut ne semble per\u00admis. Il y est dit, entre autres, que les appe\u00adl\u00e9s ver\u00ads\u00e9s \u00ab&nbsp;par bien\u00adveillance&nbsp;\u00bb dans une for\u00adma\u00adtion civile assu\u00adrant un tra\u00advail d\u2019in\u00adt\u00e9\u00adr\u00eat g\u00e9n\u00e9\u00adral sont sou\u00admis aux r\u00e8gles de dis\u00adci\u00adpline g\u00e9n\u00e9\u00adrale des Forces arm\u00e9es et res\u00adtent jus\u00adti\u00adciables des tri\u00adbu\u00adnaux mili\u00adtaires. Ces r\u00e8gles, en voi\u00adci quelques-unes bri\u00e8vement&nbsp;:<\/p>\n<ul style=\"text-align: justify;\">\n<li>Obli\u00adga\u00adtion d\u2019o\u00adb\u00e9ir en tous lieux, sans h\u00e9si\u00adta\u00adtion ni mur\u00admure (sic) aux ordres des sup\u00e9\u00adrieurs hi\u00e9rarchiques&nbsp;;<\/li>\n<li>Obli\u00adga\u00adtion d\u2019a\u00advoir une tenue correcte&nbsp;;<\/li>\n<li>Inter\u00addic\u00adtion de par\u00adti\u00adci\u00adper \u00e0 des mani\u00adfes\u00adta\u00adtions d\u2019ordre poli\u00adtique (les marches de la paix semblent en faire partie!);<\/li>\n<li>Inter\u00addic\u00adtion de quit\u00adter le camp sans auto\u00adri\u00adsa\u00adtion r\u00e9gu\u00adli\u00e8re, etc.<\/li>\n<\/ul>\n<p style=\"text-align: justify;\">\u00c0 la suite de cette lec\u00adture, 11 des objec\u00adteurs res\u00adtant \u00e0 Bri\u00adgnoles se d\u00e9clarent soli\u00addaires des inter\u00adn\u00e9s d\u2019U\u00adz\u00e8s. Le 2 novembre, l\u2019ad\u00admi\u00adnis\u00adtra\u00adtion leur accorde une per\u00admis\u00adsion de 5 jours, puis les envoie faire un stage \u00e0 Nain\u00adville-les-Roches dans un centre de la Pro\u00adtec\u00adtion civile o\u00f9 ils sont tr\u00e8s bien trai\u00adt\u00e9s. Pen\u00addant ce stage, ils re\u00e7oivent des cours de d\u00e9fense pas\u00adsive qu\u2019ils ne semblent pas avoir refu\u00ads\u00e9 de suivre.<\/p>\n<p style=\"text-align: justify;\">Pen\u00addant ce temps, \u00e0 Bri\u00adgnoles, une ving\u00adtaine de nou\u00adveaux objec\u00adteurs arrivent qui se d\u00e9clarent soli\u00addaires de leurs cama\u00adrades enfer\u00adm\u00e9s, \u00e0 Uz\u00e8s, mais ils acceptent pro\u00advi\u00adsoi\u00adre\u00adment de travailler.<\/p>\n<p style=\"text-align: justify;\">Le 8 novembre, les objec\u00adteurs empri\u00adson\u00adn\u00e9s d\u00e9cident un je\u00fbne de 15 jours pour r\u00e9af\u00adfir\u00admer leurs posi\u00adtions et r\u00e9cla\u00admer une solu\u00adtion qui ne soit pas une demi-mesure.<\/p>\n<p style=\"text-align: justify;\">Par soli\u00adda\u00adri\u00adt\u00e9, les nou\u00adveaux venus de Bri\u00adgnoles je\u00fbnent, quelques jours. Les 20 et 21 novembre, une qua\u00adran\u00adtaine de r\u00e9ser\u00advistes&nbsp;: anciens objec\u00adteurs, cama\u00adrades d\u2019\u00abAnarchisme et Non-Vio\u00adlence&nbsp;\u00bb, repr\u00e9\u00adsen\u00adtants de groupes de pr\u00e9\u00adpa\u00adra\u00adtion \u00e0 l\u2019ac\u00adtion non vio\u00adlente se rendent \u00e0 Uz\u00e8s o\u00f9 ils sou\u00adtiennent, par un je\u00fbne col\u00adlec\u00adtif, l\u2019ac\u00adtion des inter\u00adn\u00e9s. De leur c\u00f4t\u00e9, Louis Lecoin, le pas\u00adteur Roser, Andr\u00e9 Phi\u00adlip et quelques autres contactent des repr\u00e9\u00adsen\u00adtants du gou\u00adver\u00adne\u00adment pour ten\u00adter d\u2019a\u00adm\u00e9\u00adlio\u00adrer le statut.<\/p>\n<p style=\"text-align: justify;\">Le 13 d\u00e9cembre, les inter\u00adn\u00e9s d\u2019U\u00adz\u00e8s reviennent \u00e0 Bri\u00adgnoles, o\u00f9 ils se voient accor\u00adder une per\u00admis\u00adsion d\u2019une dur\u00e9e illimit\u00e9e.<\/p>\n<p style=\"text-align: justify;\">Les avis dif\u00adf\u00e8rent quant au sort qui va leur \u00eatre r\u00e9ser\u00adv\u00e9. D\u2019a\u00adpr\u00e8s les diverses infor\u00adma\u00adtions que nous avons recueillies, le gou\u00adver\u00adne\u00adment aurait d\u00e9si\u00adgn\u00e9 une com\u00admis\u00adsion char\u00adg\u00e9e d\u2019\u00e9\u00adtu\u00addier un nou\u00adveau sta\u00adtut&nbsp;: le grou\u00adpe\u00adment de secou\u00adristes-pom\u00adpiers serait dis\u00adsous&nbsp;; les objec\u00adteurs ne seraient plus rat\u00adta\u00adch\u00e9s \u00e0 un orga\u00adnisme para\u00admi\u00adli\u00adtaire, mais soit au minis\u00adt\u00e8re de l\u2019A\u00adgri\u00adcul\u00adture (ce qui est le v\u0153u de presque tous les objec\u00adteurs), soit dis\u00adper\u00ads\u00e9s dans diverses branches, selon leurs capa\u00adci\u00adt\u00e9s, mais sur\u00adtout selon le bon vou\u00adloir de l\u2019ad\u00admi\u00adnis\u00adtra\u00adtion. Cette der\u00adni\u00e8re solu\u00adtion, visant \u00e0 s\u00e9pa\u00adrer les objec\u00adteurs, enl\u00e8\u00adve\u00adrait toute por\u00adt\u00e9e \u00e0 leur ten\u00adta\u00adtive qui ne se limi\u00adte\u00adrait plus qu\u2019\u00e0 une prise de conscience individuelle.<\/p>\n<p style=\"text-align: justify;\">De toute fa\u00e7on, il est fort pro\u00adbable que le sta\u00adtut soit r\u00e9vi\u00ads\u00e9. La digni\u00adt\u00e9 et la d\u00e9ter\u00admi\u00adna\u00adtion qu\u2019ont mani\u00adfes\u00adt\u00e9es les objec\u00adteurs tous ces der\u00adniers temps, en d\u00e9pit des pro\u00adfonds d\u00e9sac\u00adcords exis\u00adtant entre eux, ont contraint le gou\u00adver\u00adne\u00adment \u00e0 prendre une d\u00e9ci\u00adsion. La p\u00e9riode \u00e9lec\u00adto\u00adrale, qui a para\u00adly\u00ads\u00e9 le gou\u00adver\u00adne\u00adment, a retar\u00add\u00e9 l\u2019\u00e9\u00adtude d\u2019un nou\u00adveau statut.<\/p>\n<p style=\"text-align: justify;\">Plu\u00adsieurs ques\u00adtions aujourd\u2019\u00adhui se posent aux\u00adquelles nous pour\u00adrons, nous l\u2019es\u00adp\u00e9\u00adrons, r\u00e9pondre dans le pro\u00adchain num\u00e9\u00adro de cette&nbsp;revue&nbsp;:<\/p>\n<ul style=\"text-align: justify;\">\n<li>Quel va \u00eatre le nou\u00adveau statut&nbsp;?<\/li>\n<li>La per\u00admis\u00adsion illi\u00admi\u00adt\u00e9e accor\u00add\u00e9e aux objec\u00adteurs sera-t-elle com\u00adprise dans leur temps de service&nbsp;?<\/li>\n<li>S\u2019ils refusent le nou\u00adveau sta\u00adtut, ou s\u2019ils sont ame\u00adn\u00e9s par la force des choses \u00e0 ne pas se plier \u00e0 cer\u00adtaines r\u00e9gle\u00admen\u00adta\u00adtions, seront-ils jus\u00adti\u00adciables d\u2019un tri\u00adbu\u00adnal civil ou d\u2019un tri\u00adbu\u00adnal militaire&nbsp;?<\/li>\n<li>Le droit de par\u00adler de l\u2019ob\u00adjec\u00adtion de conscience ne sera-t-il tou\u00adjours que tol\u00e9r\u00e9&nbsp;?<\/li>\n<li>Et, enfin, la dur\u00e9e du ser\u00advice civil sera-t-elle tou\u00adjours du double de celle du ser\u00advice militaire&nbsp;?<\/li>\n<\/ul>\n<p style=\"text-align: justify;\">Selon les d\u00e9ci\u00adsions que pren\u00addra le gou\u00adver\u00adne\u00adment et en fonc\u00adtion des r\u00e9ac\u00adtions des objec\u00adteurs, nous sommes pr\u00eats \u00e0 sou\u00adte\u00adnir ces der\u00adniers par diverses actions que nous avions envi\u00adsa\u00adg\u00e9es, dans un contexte dif\u00adf\u00e9\u00adrent, lors de notre der\u00adni\u00e8re ren\u00adcontre de travail.<\/p>\n<\/div>\n","protected":false},"excerpt":{"rendered":"<p>Dans le der\u00adnier num\u00e9\u00adro d\u2019\u00abAnarchisme et Non-Vio\u00ad\u00adlence&nbsp;\u00bb, nous avons publi\u00e9 la lettre envoy\u00e9e au ministre de l\u2019In\u00adt\u00e9\u00adrieur par 33 objec\u00adteurs du camp de Bri\u00adgnoles. Ils expli\u00adquaient dans cette lettre les rai\u00adsons qui les avaient ame\u00adn\u00e9s \u00e0 ces\u00adser le tra\u00advail. Nous allons dans ce num\u00e9\u00adro vous expo\u00adser bri\u00e8\u00adve\u00adment les \u00e9v\u00e9\u00adne\u00adments qui se sont suc\u00adc\u00e9\u00add\u00e9 depuis. Peu&nbsp;[\u2026]<\/p>\n","protected":false},"author":8,"featured_media":5157,"comment_status":"closed","ping_status":"closed","sticky":false,"template":"wp-custom-template-page-d-article","format":"standard","meta":{"wp_typography_post_enhancements_disabled":false,"footnotes":""},"categories":[20],"tags":[554],"ppma_author":[680],"class_list":["post-185","post","type-post","status-publish","format-standard","has-post-thumbnail","hentry","category-anarchisme-et-non-violence-na3-janvier-1966","tag-objection-de-conscience"],"authors":[{"term_id":680,"user_id":8,"is_guest":0,"slug":"anonyme","display_name":"Anonyme","avatar_url":"https:\/\/secure.gravatar.com\/avatar\/cdccebf2bbf18d75df96a6721f7ce7f7ec80d026f1b8ec6be93de563bca5236b?s=96&d=mm&r=g","author_category":"","user_url":"","last_name":"","first_name":"","job_title":"","description":""}],"_links":{"self":[{"href":"https:\/\/la-presse-anarchiste.net\/index.php\/wp-json\/wp\/v2\/posts\/185","targetHints":{"allow":["GET"]}}],"collection":[{"href":"https:\/\/la-presse-anarchiste.net\/index.php\/wp-json\/wp\/v2\/posts"}],"about":[{"href":"https:\/\/la-presse-anarchiste.net\/index.php\/wp-json\/wp\/v2\/types\/post"}],"author":[{"embeddable":true,"href":"https:\/\/la-presse-anarchiste.net\/index.php\/wp-json\/wp\/v2\/users\/8"}],"replies":[{"embeddable":true,"href":"https:\/\/la-presse-anarchiste.net\/index.php\/wp-json\/wp\/v2\/comments?post=185"}],"version-history":[{"count":3,"href":"https:\/\/la-presse-anarchiste.net\/index.php\/wp-json\/wp\/v2\/posts\/185\/revisions"}],"predecessor-version":[{"id":7030,"href":"https:\/\/la-presse-anarchiste.net\/index.php\/wp-json\/wp\/v2\/posts\/185\/revisions\/7030"}],"wp:featuredmedia":[{"embeddable":true,"href":"https:\/\/la-presse-anarchiste.net\/index.php\/wp-json\/wp\/v2\/media\/5157"}],"wp:attachment":[{"href":"https:\/\/la-presse-anarchiste.net\/index.php\/wp-json\/wp\/v2\/media?parent=185"}],"wp:term":[{"taxonomy":"category","embeddable":true,"href":"https:\/\/la-presse-anarchiste.net\/index.php\/wp-json\/wp\/v2\/categories?post=185"},{"taxonomy":"post_tag","embeddable":true,"href":"https:\/\/la-presse-anarchiste.net\/index.php\/wp-json\/wp\/v2\/tags?post=185"},{"taxonomy":"author","embeddable":true,"href":"https:\/\/la-presse-anarchiste.net\/index.php\/wp-json\/wp\/v2\/ppma_author?post=185"}],"curies":[{"name":"wp","href":"https:\/\/api.w.org\/{rel}","templated":true}]}}