{"id":1854,"date":"2008-11-28T15:03:16","date_gmt":"2008-11-28T15:03:16","guid":{"rendered":"https:\/\/la-presse-anarchiste.net\/index.php\/2008\/11\/28\/nationalisations\/"},"modified":"2008-11-28T15:03:16","modified_gmt":"2008-11-28T15:03:16","slug":"nationalisations","status":"publish","type":"post","link":"https:\/\/la-presse-anarchiste.net\/index.php\/2008\/11\/28\/nationalisations\/","title":{"rendered":"Nationalisations"},"content":{"rendered":"<div class=\"pdfprnt-buttons pdfprnt-buttons-post pdfprnt-top-right\"><a href=\"https:\/\/la-presse-anarchiste.net\/index.php\/wp-json\/wp\/v2\/posts\/1854?print=pdf\" class=\"pdfprnt-button pdfprnt-button-pdf\" target=\"_blank\"><img decoding=\"async\" src=\"https:\/\/la-presse-anarchiste.net\/wp-content\/plugins\/pdf-print\/images\/pdf.png\" alt=\"image_pdf\" title=\"Afficher le PDF\"><\/a><a href=\"https:\/\/la-presse-anarchiste.net\/index.php\/wp-json\/wp\/v2\/posts\/1854?print=print\" class=\"pdfprnt-button pdfprnt-button-print\" target=\"_blank\"><img decoding=\"async\" src=\"https:\/\/la-presse-anarchiste.net\/wp-content\/plugins\/pdf-print\/images\/print.png\" alt=\"image_print\" title=\"Contenu imprim\u00e9\"><\/a><\/div><p>\u00ab&nbsp;\u00celots d\u00e9mo\u00adcra\u00adtiques&nbsp;\u00bb dans l\u2019oc\u00e9an capi\u00adta\u00adliste ou \u00ab&nbsp;moda\u00adli\u00adt\u00e9s par\u00adti\u00adcu\u00adli\u00e8res de l\u2019interventionnisme de l\u2019\u00c9tat capi\u00adta\u00adliste&nbsp;\u00bb, les entre\u00adprises publiques et natio\u00adna\u00adli\u00ads\u00e9es sont un fait g\u00e9n\u00e9\u00adral dans la plu\u00adpart des pays capi\u00adta\u00adlistes du bloc atlantique.<\/p>\n<p>D\u2019importance variable selon les pays \u00e9tu\u00addi\u00e9s, le sec\u00adteur public et natio\u00adna\u00adli\u00ads\u00e9 des pays capi\u00adta\u00adlistes du bloc atlan\u00adtique pr\u00e9\u00adsente deux carac\u00adt\u00e9\u00adris\u00adtiques fondamentales&nbsp;:<br> \u2013 Poids consi\u00add\u00e9\u00adrable de ses inves\u00adtis\u00adse\u00adments par rap\u00adport au total des inves\u00adtis\u00adse\u00adments natio\u00adnaux (21&nbsp;% pour la R.F.A., 33&nbsp;% pour l\u2019Autriche, 35&nbsp;% pour la France);<br> \u2013 Fai\u00adblesse de sa pro\u00adduc\u00adtion mar\u00adchande dans la pro\u00adduc\u00adtion totale (9&nbsp;% pour la R.F.A., 13&nbsp;% pour l\u2019Autriche et 12&nbsp;% pour la France).<\/p>\n<p>En deve\u00adnant l\u2019agent \u00e9co\u00adno\u00admique prin\u00adci\u00adpal des pays capi\u00adta\u00adlistes, et un centre de d\u00e9ci\u00adsions modi\u00adfiant direc\u00adte\u00adment les don\u00adn\u00e9es imm\u00e9\u00addiates de l\u2019\u00e9quilibre des \u00e9co\u00adno\u00admies capi\u00adta\u00adlistes, l\u2019\u00c9tat agit sur les com\u00adpo\u00adsantes de cet \u00e9qui\u00adlibre&nbsp;: pro\u00adduit natio\u00adnal brut, inves\u00adtis\u00adse\u00adments, emploi, poli\u00adtique sala\u00adriale et financi\u00e8re\u2026<\/p>\n<p>Cette action est cepen\u00addant r\u00e9cente, car \u00e0 la veille de la pre\u00admi\u00e8re guerre mon\u00addiale l\u2019intervention de l\u2019\u00c9tat dans le domaine de la ges\u00adtion des entre\u00adprises indus\u00adtrielles et com\u00admer\u00adciales \u00e9tait, somme toute, d\u2019une por\u00adt\u00e9e limit\u00e9e.<\/p>\n<p>La nais\u00adsance d\u2019un d\u00e9bat poli\u00adtique sur cette ques\u00adtion date, dans le mou\u00adve\u00adment ouvrier, de l\u2019imm\u00e9diat entre-deux-guerres.<\/p>\n<p>Le retour aux sources d\u00e9montre, \u00e0 l\u2019\u00e9vidence, l\u2019int\u00e9r\u00eat des tra\u00advailleurs pour une telle ques\u00adtion qui allait deve\u00adnir r\u00e9a\u00adli\u00adt\u00e9 au moment de la \u00ab&nbsp;grande d\u00e9pres\u00adsion&nbsp;\u00bb des ann\u00e9es trente.<\/p>\n<p>Par ses inter\u00adro\u00adga\u00adtions et ses r\u00e9ponses, le mou\u00adve\u00adment ouvrier, d\u00e8s cette \u00e9poque, pose les jalons du grand d\u00e9bat his\u00adto\u00adrique relan\u00adc\u00e9 depuis le 27&nbsp;juin 1972 par le Pro\u00adgramme com\u00admun de gou\u00adver\u00adne\u00adment des par\u00adtis de la gauche parlementaire.<\/p>\n<p>Sous ce double aspect, la ques\u00adtion des natio\u00adna\u00adli\u00adsa\u00adtions m\u00e9rite qu\u2019on s\u2019y arr\u00eate s\u00e9rieusement.<\/p>\n<p>La toile le fond de ce d\u00e9bat est la sui\u00advante&nbsp;: la classe ouvri\u00e8re doit-elle se battre pour \u00e9tendre le sec\u00adteur nationalis\u00e9&nbsp;?<\/p>\n<p>Le pr\u00e9a\u00adlable \u00e0 toute r\u00e9ponse claire consiste, pour les syn\u00addi\u00adca\u00adlistes r\u00e9vo\u00adlu\u00adtion\u00adnaires, \u00e0 ana\u00adly\u00adser les ori\u00adgines de l\u2019id\u00e9e de natio\u00adna\u00adli\u00adsa\u00adtion dans le mou\u00adve\u00adment ouvrier et en France en particulier.<\/p>\n<h3>Un accouchement difficile<\/h3>\n<p>L\u2019id\u00e9e de natio\u00adna\u00adli\u00adsa\u00adtion comme \u00ab&nbsp;ges\u00adtion auto\u00adnome d\u2019unit\u00e9s de pro\u00adduc\u00adtion au b\u00e9n\u00e9\u00adfice de la col\u00adlec\u00adti\u00advi\u00adt\u00e9&nbsp;\u00bb, col\u00adlec\u00adti\u00advi\u00adt\u00e9 qui ne sau\u00adrait s\u2019identifier n\u00e9ces\u00adsai\u00adre\u00adment avec l\u2019\u00c9tat, est une id\u00e9e neuve dans le mou\u00adve\u00adment ouvrier.<\/p>\n<p>Elle n\u2019est appa\u00adrue en France de fa\u00e7on claire et dis\u00adtincte qu\u2019en 1919 \u00e0 l\u2019occasion du congr\u00e8s conf\u00e9\u00add\u00e9\u00adral de la C.G.T. r\u00e9uni \u00e0&nbsp;Lyon.<\/p>\n<p>Avant la guerre de 1914, le mot exis\u00adtait. Il signi\u00adfiait pure\u00adment et sim\u00adple\u00adment \u00ab&nbsp;appro\u00adpria\u00adtion par l\u2019\u00c9tat des moyens de pro\u00adduc\u00adtion&nbsp;\u00bb. Pour la petite his\u00adtoire et pour mon\u00adtrer l\u2019impact d\u2019un tel mot d\u2019ordre sur les tra\u00advailleurs, citons le \u00ab&nbsp;mar\u00adxiste fran\u00ad\u00e7ais&nbsp;\u00bb Jules Guesde au congr\u00e8s conf\u00e9\u00add\u00e9\u00adral de&nbsp;1910&nbsp;:<\/p>\n<blockquote><p>\u00ab&nbsp;Vous mul\u00adti\u00adpliez la force du capi\u00adtal par la force de l\u2019\u00c9tat en les coa\u00adli\u00adsant contre les tra\u00advailleurs. L\u2019\u00c9tat, c\u2019est l\u2019ennemi, c\u2019est l\u2019arsenal et la for\u00adte\u00adresse de la classe enne\u00admie que le pro\u00adl\u00e9\u00adta\u00adriat devra empor\u00adter s\u2019il veut s\u2019affranchir pour s\u2019affranchir. Et lorsque vous vou\u00adlez \u00e9tendre le domaine de cet \u00c9tat, dou\u00adbler l\u2019\u00c9tat gen\u00addarme de l\u2019\u00c9tat patron, je ne com\u00adprends plus. C\u2019est un v\u00e9ri\u00adtable sui\u00adcide que vous vou\u00adlez provoquer.&nbsp;\u00bb<\/p><\/blockquote>\n<p>L\u2019imm\u00e9diat apr\u00e8s-guerre vit la direc\u00adtion de la C.G.T. r\u00e9cla\u00admer le d\u00e9bat sur cette ques\u00adtion. La volon\u00adt\u00e9 de \u00ab&nbsp;r\u00e9con\u00adci\u00adlier le syn\u00addi\u00adca\u00adlisme avec la nation&nbsp;\u00bb, c\u2019est-\u00e0-dire la volon\u00adt\u00e9 d\u2019aider au rel\u00e8\u00adve\u00adment \u00e9co\u00adno\u00admique de la bour\u00adgeoi\u00adsie fran\u00ad\u00e7aise tout en pr\u00e9\u00adten\u00addant d\u00e9fendre les tra\u00advailleurs condui\u00adsit la direc\u00adtion conf\u00e9\u00add\u00e9\u00adrale d\u2019alors \u00e0 un double refus&nbsp;;<\/p>\n<p>1) Refus de pla\u00adcer sous contr\u00f4le ouvrier ou en \u00ab&nbsp;r\u00e9gie ouvri\u00e8re&nbsp;\u00bb, pour reprendre le terme de Prou\u00addhon (<i>Id\u00e9e g\u00e9n\u00e9\u00adrale de la R\u00e9vo\u00adlu\u00adtion au XIX<sup>e<\/sup> si\u00e8cle<\/i> \u2013 1851), les entreprises-cl\u00e9.<\/p>\n<p>\u00ab&nbsp;Il n\u2019est donc pas ques\u00adtion de don\u00adner la mine aux mineurs et les che\u00admins de fer aux che\u00admi\u00adnots&nbsp;\u00bb dira alors Jou\u00adhaux, l\u2019homme qui avait don\u00adn\u00e9 le sou\u00adtien de la C.G.T. \u00e0 la poli\u00adtique de \u00ab&nbsp;d\u00e9fense natio\u00adnale&nbsp;\u00bb du patronat.<\/p>\n<p>2) Refus de l\u2019\u00e9tatisation ou, pour reprendre le voca\u00adbu\u00adlaire de l\u2019\u00e9poque, refus de la r\u00e9gie d\u2019\u00c9tat \u00e0 l\u2019instar des natio\u00adna\u00adli\u00adsa\u00adtions des che\u00admins de fer en Alle\u00admagne et en Autriche pen\u00addant la guerre.<\/p>\n<p>Ce double refus de cette volon\u00adt\u00e9 de la direc\u00adtion conf\u00e9\u00add\u00e9\u00adrale de \u00ab&nbsp;r\u00e9con\u00adci\u00adlier le syn\u00addi\u00adca\u00adlisme avec la nation&nbsp;\u00bb abou\u00adtit \u00e0 la r\u00e9gie coop\u00e9\u00adra\u00adtrice, c\u2019est-\u00e0-dire \u00e0 des \u00ab&nbsp;entre\u00adprises d\u2019utilit\u00e9 publique g\u00e9r\u00e9es de mani\u00e8re bipar\u00adtite&nbsp;\u00bb, c\u2019est-\u00e0-dire par les pro\u00adduc\u00adteurs et les usa\u00adgers (capi\u00adta\u00adlistes et consom\u00adma\u00adteurs). Tel est le mod\u00e8le inter\u00adm\u00e9\u00addiaire carac\u00adt\u00e9\u00adri\u00adsant la ges\u00adtion des entre\u00adprises publiques d\u00e9fen\u00addu par la F\u00e9d\u00e9\u00adra\u00adtion de che\u00admi\u00adnots lors de son congr\u00e8s ouvert le 28&nbsp;juin 1918 \u00e0 Bel\u00adli\u00advoise. L\u2019objectif vis\u00e9 par la natio\u00adna\u00adli\u00adsa\u00adtion est alors clai\u00adre\u00adment exprim\u00e9&nbsp;:<\/p>\n<blockquote><p>\u00ab&nbsp;Un grand ser\u00advice public ne doit avoir pour but que l\u2019administration des choses.&nbsp;\u00bb<\/p><\/blockquote>\n<p>Pour les diri\u00adgeants de la F\u00e9d\u00e9\u00adra\u00adtion des che\u00admi\u00adnots, la natio\u00adna\u00adli\u00adsa\u00adtion per\u00admet\u00adtrait une r\u00e9no\u00adva\u00adtion des r\u00e9seaux, une uni\u00adfi\u00adca\u00adtion des signaux et la fin de la guerre des tarifs entre che\u00admins de fer et canaux.<\/p>\n<p>Bipar\u00adtisme et lutte contre le gas\u00adpillage sont les deux pen\u00addants de cette poli\u00adtique. On est bien loin, comme on voit, du pou\u00advoir ouvrier&nbsp;! Le congr\u00e8s de Lyon (1919) don\u00adne\u00adra la sanc\u00adtion conf\u00e9\u00add\u00e9\u00adrale \u00e0 cette politique&nbsp;:<\/p>\n<blockquote><p>\u00ab&nbsp;La natio\u00adna\u00adli\u00adsa\u00adtion indus\u00adtria\u00adli\u00ads\u00e9e sous le contr\u00f4le des pro\u00adduc\u00adteurs et des consom\u00adma\u00adteurs des grands ser\u00advices de l\u2019\u00e9conomie moderne&nbsp;: les trans\u00adports ter\u00adrestres et mari\u00adtimes, les mines, la houille blanche, les grands orga\u00adnismes de cr\u00e9\u00addit\u2026 Par la natio\u00adna\u00adli\u00adsa\u00adtion, nous enten\u00addons confier la pro\u00adpri\u00e9\u00adt\u00e9 natio\u00adnale aux int\u00e9\u00adres\u00ads\u00e9s eux-m\u00eames&nbsp;: pro\u00adduc\u00adteurs et consom\u00adma\u00adteurs associ\u00e9s.&nbsp;\u00bb<\/p><\/blockquote>\n<h3>Les choses se pr\u00e9cisent&nbsp;: du bipartisme au tripartisme<\/h3>\n<p>En refu\u00adsant de don\u00adner le pou\u00advoir de d\u00e9ci\u00adsion, le pou\u00advoir poli\u00adtique, aux masses ouvri\u00e8res et \u00e0 leur orga\u00adni\u00adsa\u00adtion repr\u00e9\u00adsen\u00adta\u00adtive, la C.G.T., la direc\u00adtion conf\u00e9\u00add\u00e9\u00adrale ne put r\u00e9sis\u00adter long\u00adtemps contre ceux qui, comme L\u00e9on Blum, le d\u00e9fen\u00addaient au Par\u00adle\u00adment, c\u2019est-\u00e0-dire en dehors de tout contr\u00f4le ouvrier. Ain\u00adsi L\u00e9on Blum \u00e9cri\u00advait-il dans <i>L\u2019Humanit\u00e9<\/i> du 6&nbsp;octobre 1919&nbsp;:<\/p>\n<blockquote><p>\u00ab&nbsp;Com\u00adment le syn\u00addi\u00adca\u00adlisme, s\u2019il part en guerre contre les r\u00e9gies d\u2019\u00c9tat, con\u00e7oit et entend-il op\u00e9\u00adrer la natio\u00adna\u00adli\u00adsa\u00adtion des grandes indus\u00adtries r\u00e9gu\u00adla\u00adtrices&nbsp;: cr\u00e9\u00addit, trans\u00adports, forces motrices&nbsp;?&nbsp;\u00bb<\/p><\/blockquote>\n<p>Eh oui, Blum met\u00adtait ain\u00adsi les pieds dans le&nbsp;plat.<\/p>\n<p>Si le poli\u00adtique d\u00e9passe les masses ouvri\u00e8res orga\u00adni\u00ads\u00e9es et qu\u2019en plus on veut les r\u00e9con\u00adci\u00adlier avec la nation, alors l\u2019action par\u00adle\u00admen\u00adtaire et l\u00e9ga\u00adliste devient le moyen d\u2019acc\u00e9der aux r\u00e9formes d\u00e9si\u00adr\u00e9es par la direc\u00adtion conf\u00e9\u00add\u00e9\u00adrale. Mais le bipar\u00adtisme de la C.G.T. exclut tout contr\u00f4le des par\u00adle\u00admen\u00adtaires. Pour\u00adquoi les exclure&nbsp;? dira&nbsp;Blum.<\/p>\n<p>De plus \u00ab&nbsp;les consom\u00adma\u00adteurs n\u2019ont pas \u00e0 \u00eatre repr\u00e9\u00adsen\u00adt\u00e9s en dehors de l\u2019\u00c9tat&nbsp;\u00bb, donc des parlementaires.<\/p>\n<p>En r\u00e9su\u00adm\u00e9, le tri\u00adpar\u00adtisme na\u00ee\u00adtra d\u2019un triple refus&nbsp;:<\/p>\n<ol>\n<li> \u00c9vi\u00adter le bipar\u00adtisme avec l\u2019\u00c9tat-patron comme en Grande-Bre\u00adtagne o\u00f9 la F\u00e9d\u00e9\u00adra\u00adtion des mineurs, dans son rap\u00adport publi\u00e9 le 20&nbsp;juin 1919, pro\u00adpo\u00adsait la cr\u00e9a\u00adtion d\u2019un Conseil des mines com\u00adpo\u00ads\u00e9 de dix par\u00adle\u00admen\u00adtaires et de dix repr\u00e9\u00adsen\u00adtants ouvriers.<\/li>\n<li> \u00c9vi\u00adter d\u2019exclure les par\u00adle\u00admen\u00adtaires, c\u2019est-\u00e0-dire le \u00ab&nbsp;moyen de faire des&nbsp;lois&nbsp;\u00bb.<\/li>\n<li> \u00c9vi\u00adter que les masses ouvri\u00e8res et leur repr\u00e9\u00adsen\u00adtant, la C.G.T., soient les seuls \u00e0 avoir le pou\u00advoir, autre\u00adment dit que l\u2019action n\u00e9ces\u00adsaire aux trans\u00adfor\u00adma\u00adtions se situe sur un ter\u00adrain extra-par\u00adle\u00admen\u00adtaire, et pose le pro\u00adbl\u00e8me de la contrainte de la classe ouvri\u00e8re sur le patronat.<\/li>\n<\/ol>\n<p>Ce triple refus est \u00e0 l\u2019origine du pas\u00adsage du bipar\u00adtisme au tri\u00adpar\u00adtisme, tel qu\u2019il appa\u00adra\u00eet pour la pre\u00admi\u00e8re fois le 6 mai 1910 avec la publi\u00adca\u00adtion du texte C.G.T. ten\u00addant \u00e0 la natio\u00adna\u00adli\u00adsa\u00adtion des che\u00admins de fer. Cette fois, les prin\u00adcipes sont net\u00adte\u00adment arr\u00eat\u00e9s&nbsp;:<\/p>\n<p>- Par\u00adtout o\u00f9 il y a ser\u00advice d\u2019utilit\u00e9 publique, la natio\u00adna\u00adli\u00adsa\u00adtion doit repo\u00adser sur la ges\u00adtion tripartite.<br> \u2013 L\u2019organisation de ces ser\u00advices sera diri\u00adg\u00e9e par un Conseil d\u2019administration com\u00adpo\u00ads\u00e9 de trois par\u00adties \u00e9gales&nbsp;: par exemple, six pro\u00adduc\u00adteurs d\u00e9si\u00adgn\u00e9s par leurs orga\u00adni\u00adsa\u00adtions repr\u00e9\u00adsen\u00adta\u00adtives (ouvriers et tech\u00adni\u00adciens), six consom\u00adma\u00adteurs (la moi\u00adti\u00e9 repr\u00e9\u00adsen\u00adtant la consom\u00adma\u00adtion \u00ab&nbsp;domes\u00adtique&nbsp;\u00bb, l\u2019autre les usa\u00adgers indus\u00adtriels), six repr\u00e9\u00adsen\u00adtant la \u00ab&nbsp;col\u00adlec\u00adti\u00advi\u00adt\u00e9&nbsp;\u00bb d\u00e9si\u00adgn\u00e9s par la direc\u00adtion g\u00e9n\u00e9\u00adrale de l\u2019\u00e9conomie nationale.<\/p>\n<p>Ain\u00adsi se met\u00adtait en place l\u2019id\u00e9e de natio\u00adna\u00adli\u00adsa\u00adtion \u00ab&nbsp;sec\u00adteur d\u2019utilit\u00e9 publique g\u00e9r\u00e9 de fa\u00e7on tri\u00adpar\u00adtite&nbsp;\u00bb qui devait \u00eatre reprise dans le plan \u00e9la\u00adbo\u00adr\u00e9 par la C.G.T. en 1935, puis dans le pro\u00adgramme du Conseil natio\u00adnal de la R\u00e9sis\u00adtance, avant d\u2019inspirer un cer\u00adtain nombre de natio\u00adna\u00adli\u00adsa\u00adtions entre 1945 et&nbsp;1946.<\/p>\n<p>Le mot d\u2019ordre de ges\u00adtion tri\u00adpar\u00adtite marque dans le mou\u00adve\u00adment ouvrier la conjonc\u00adtion de trois cou\u00adrants d\u00e9fen\u00addant tous avec une m\u00eame ardeur leurs patrons nationaux&nbsp;;<\/p>\n<p>- La social-d\u00e9mo\u00adcra\u00adtie autri\u00adchienne avec son chef de file Otto Bauer, v\u00e9ri\u00adtable th\u00e9o\u00adri\u00adcien du tri\u00adpar\u00adtisme, voire du qua\u00addri\u00adpar\u00adtisme, \u00e0 l\u2019instar de ce que fut le mode d\u2019organisation des houill\u00e8res en Alle\u00admagne dans l\u2019imm\u00e9diat apr\u00e8s-guerre&nbsp;;<br> \u2013 Le socia\u00adliste fran\u00ad\u00e7ais d\u2019Albert Tho\u00admas, qui fut pen\u00addant la Pre\u00admi\u00e8re Guerre mon\u00addiale d\u2019abord sous-secr\u00e9\u00adtaire d\u2019\u00c9tat \u00e0 l\u2019artillerie et aux muni\u00adtions puis ministre de l\u2019Armement (fin 1916-sep\u00adtembre 1917),<br> \u2013 Enfin la droite syn\u00addi\u00adcale, grande conci\u00adlia\u00adtrice des ouvriers et des patrons pen\u00addant et apr\u00e8s la guerre. Ce cou\u00adrant se trou\u00adva repr\u00e9\u00adsen\u00adt\u00e9 dans la per\u00adsonne de L\u00e9on Jouhaux.<\/p>\n<p>Pour ces socia\u00adlistes nationaux&nbsp;;<\/p>\n<ol>\n<li> L\u2019int\u00e9r\u00eat natio\u00adnal est sup\u00e9\u00adrieur aux int\u00e9\u00adr\u00eats de classe. Nous sommes loin de la for\u00admule du <i>Mani\u00adfeste com\u00admu\u00adniste<\/i> \u00ab&nbsp;les pro\u00adl\u00e9\u00adtaires n\u2019ont pas de patrie&nbsp;\u00bb.<\/li>\n<li> Il n\u2019est pas ques\u00adtion de don\u00adner le pou\u00advoir aux tra\u00advailleurs (mineurs ou cheminots).<\/li>\n<li> Le sec\u00adteur natio\u00adna\u00adli\u00ads\u00e9 est un \u00eelot socia\u00adliste au milieu de l\u2019oc\u00e9an capitaliste.<\/li>\n<li> Le socia\u00adlisme n\u2019est rien d\u2019autre qu\u2019un chan\u00adge\u00adment de forme de la pro\u00adpri\u00e9\u00adt\u00e9 capi\u00adta\u00adliste, les ouvriers ne doivent pas y avoir le pou\u00advoir de d\u00e9cision.<\/li>\n<li> Le contr\u00f4le et la cen\u00adtra\u00adli\u00adsa\u00adtion de la pro\u00adpri\u00e9\u00adt\u00e9 natio\u00adna\u00adli\u00ads\u00e9e doivent s\u2019effectuer non par les orga\u00adni\u00adsa\u00adtions de masse de la classe ouvri\u00e8re mais par les orga\u00adni\u00adsa\u00adtions inter\u00adclas\u00adsistes de type parlementaire.<\/li>\n<li> L\u2019organisation syn\u00addi\u00adcale devient donc le lieu o\u00f9 se conforte l\u2019illusion d\u00e9mo\u00adcra\u00adtique bour\u00adgeoise qui veut que l\u2019\u00c9tat soit au-des\u00adsus des classes et que le pou\u00advoir soit au Par\u00adle\u00adment. Dans cette pers\u00adpec\u00adtive, la t\u00e2che des orga\u00adni\u00adsa\u00adtions ouvri\u00e8res est de sou\u00adte\u00adnir les d\u00e9pu\u00adt\u00e9s ouvriers. L\u2019organisation de classe n\u2019est donc pas un organe de pou\u00advoir extra-par\u00adle\u00admen\u00adtaire des masses, ni l\u2019organisation construite pour contraindre le patro\u00adnat par la force de la gr\u00e8ve et de la lutte per\u00adma\u00adnente des travailleurs.<\/li>\n<\/ol>\n<p>Et quand Albert Tho\u00admas d\u00e9po\u00adse\u00adra le 19&nbsp;avril 1919 sur le bureau de l\u2019Assembl\u00e9e natio\u00adnale ses pro\u00adpo\u00adsi\u00adtions ten\u00addant \u00e0 l\u2019autonomie finan\u00adci\u00e8re et indus\u00adtrielle des \u00e9ta\u00adblis\u00adse\u00adments d\u2019\u00c9tat, il d\u00e9non\u00adce\u00adra dans son pro\u00adjet la lour\u00addeur de l\u2019appareil \u00e9co\u00adno\u00admique de l\u2019\u00c9tat, sa cen\u00adtra\u00adli\u00adsa\u00adtion admi\u00adnis\u00adtra\u00adtive exces\u00adsive et la m\u00e9dio\u00adcri\u00adt\u00e9 des salaires publics, employant avec cin\u00adquante ans d\u2019avance le m\u00eame type d\u2019arguments que le gaul\u00adliste Simon Nora. Mais, alors que le pre\u00admier ten\u00adtait de d\u00e9mon\u00adtrer la n\u00e9ces\u00adsi\u00adt\u00e9 du tri\u00adpar\u00adtisme par rap\u00adport aux r\u00e9gies d\u2019\u00c9tat, l\u2019autre fera l\u2019\u00e9loge de la libre entre\u00adprise par rap\u00adport au tri\u00adpar\u00adtisme. Les temps changent.<\/p>\n","protected":false},"excerpt":{"rendered":"<p>\u00ab&nbsp;\u00celots d\u00e9mo\u00adcra\u00adtiques&nbsp;\u00bb dans l\u2019oc\u00e9an capi\u00adta\u00adliste ou \u00ab&nbsp;moda\u00adli\u00adt\u00e9s par\u00adti\u00adcu\u00adli\u00e8res de l\u2019interventionnisme de l\u2019\u00c9tat capi\u00adta\u00adliste&nbsp;\u00bb, les entre\u00adprises publiques et natio\u00adna\u00adli\u00ads\u00e9es sont un fait g\u00e9n\u00e9\u00adral dans la plu\u00adpart des pays capi\u00adta\u00adlistes du bloc atlan\u00adtique. D\u2019importance variable selon les pays \u00e9tu\u00addi\u00e9s, le sec\u00adteur public et natio\u00adna\u00adli\u00ads\u00e9 des pays capi\u00adta\u00adlistes du bloc atlan\u00adtique pr\u00e9\u00adsente deux carac\u00adt\u00e9\u00adris\u00adtiques fon\u00adda\u00admen\u00adtales&nbsp;: \u2013 Poids consid\u00e9rable&nbsp;[\u2026]<\/p>\n","protected":false},"author":1,"featured_media":0,"comment_status":"closed","ping_status":"closed","sticky":false,"template":"","format":"standard","meta":{"wp_typography_post_enhancements_disabled":false,"footnotes":""},"categories":[228],"tags":[],"ppma_author":[540],"class_list":["post-1854","post","type-post","status-publish","format-standard","hentry","category-solidarite-ouvriere-n50-juin-1975"],"authors":[{"term_id":540,"user_id":1,"is_guest":0,"slug":"admin_3gikpwyf","display_name":"Vincent Dubuc","avatar_url":"https:\/\/secure.gravatar.com\/avatar\/d015720652c25fd2ced191ade86430094e1f288a17483713e3b34d26dea52507?s=96&d=mm&r=g","author_category":"","user_url":"https:\/\/la-presse-anarchiste.net","last_name":"Dubuc","first_name":"Vincent","job_title":"","description":""}],"_links":{"self":[{"href":"https:\/\/la-presse-anarchiste.net\/index.php\/wp-json\/wp\/v2\/posts\/1854","targetHints":{"allow":["GET"]}}],"collection":[{"href":"https:\/\/la-presse-anarchiste.net\/index.php\/wp-json\/wp\/v2\/posts"}],"about":[{"href":"https:\/\/la-presse-anarchiste.net\/index.php\/wp-json\/wp\/v2\/types\/post"}],"author":[{"embeddable":true,"href":"https:\/\/la-presse-anarchiste.net\/index.php\/wp-json\/wp\/v2\/users\/1"}],"replies":[{"embeddable":true,"href":"https:\/\/la-presse-anarchiste.net\/index.php\/wp-json\/wp\/v2\/comments?post=1854"}],"version-history":[{"count":0,"href":"https:\/\/la-presse-anarchiste.net\/index.php\/wp-json\/wp\/v2\/posts\/1854\/revisions"}],"wp:attachment":[{"href":"https:\/\/la-presse-anarchiste.net\/index.php\/wp-json\/wp\/v2\/media?parent=1854"}],"wp:term":[{"taxonomy":"category","embeddable":true,"href":"https:\/\/la-presse-anarchiste.net\/index.php\/wp-json\/wp\/v2\/categories?post=1854"},{"taxonomy":"post_tag","embeddable":true,"href":"https:\/\/la-presse-anarchiste.net\/index.php\/wp-json\/wp\/v2\/tags?post=1854"},{"taxonomy":"author","embeddable":true,"href":"https:\/\/la-presse-anarchiste.net\/index.php\/wp-json\/wp\/v2\/ppma_author?post=1854"}],"curies":[{"name":"wp","href":"https:\/\/api.w.org\/{rel}","templated":true}]}}