{"id":1857,"date":"2008-11-28T18:08:19","date_gmt":"2008-11-28T18:08:19","guid":{"rendered":"https:\/\/la-presse-anarchiste.net\/index.php\/2008\/11\/28\/les-partis-dans-lentreprise\/"},"modified":"2008-11-28T18:08:19","modified_gmt":"2008-11-28T18:08:19","slug":"les-partis-dans-lentreprise","status":"publish","type":"post","link":"https:\/\/la-presse-anarchiste.net\/index.php\/2008\/11\/28\/les-partis-dans-lentreprise\/","title":{"rendered":"Les partis dans l\u2019Entreprise"},"content":{"rendered":"<div class=\"pdfprnt-buttons pdfprnt-buttons-post pdfprnt-top-right\"><a href=\"https:\/\/la-presse-anarchiste.net\/index.php\/wp-json\/wp\/v2\/posts\/1857?print=pdf\" class=\"pdfprnt-button pdfprnt-button-pdf\" target=\"_blank\"><img decoding=\"async\" src=\"https:\/\/la-presse-anarchiste.net\/wp-content\/plugins\/pdf-print\/images\/pdf.png\" alt=\"image_pdf\" title=\"Afficher le PDF\"><\/a><a href=\"https:\/\/la-presse-anarchiste.net\/index.php\/wp-json\/wp\/v2\/posts\/1857?print=print\" class=\"pdfprnt-button pdfprnt-button-print\" target=\"_blank\"><img decoding=\"async\" src=\"https:\/\/la-presse-anarchiste.net\/wp-content\/plugins\/pdf-print\/images\/print.png\" alt=\"image_print\" title=\"Contenu imprim\u00e9\"><\/a><\/div><p>\u00ab&nbsp;Les droits d\u2019organisation et d\u2019expression des par\u00adtis poli\u00adtiques sur le lieu du tra\u00advail seront recon\u00adnus et garan\u00adtis.&nbsp;\u00bb C\u2019est dans le pro\u00adgramme com\u00admun, page&nbsp;110. Mais c\u2019est aus\u00adsi dans la r\u00e9a\u00adli\u00adt\u00e9 d\u2019aujourd\u2019hui, avec les inter\u00adven\u00adtions d\u2019\u00e9lus socia\u00adlistes et com\u00admu\u00adnistes dans ou hors les entreprises.&nbsp;<\/p>\n<p>Nous ne vou\u00adlons pas par\u00adler sim\u00adple\u00adment des rap\u00adports entre les par\u00adtis et les syn\u00addi\u00adcats mais voir com\u00adment les ten\u00adta\u00adtives d\u2019application par les par\u00adtis de gauche de cette reven\u00addi\u00adca\u00adtion peuvent modi\u00adfier la situa\u00adtion dans les entre\u00adprises. Il s\u2019agit de savoir aus\u00adsi quelle peut \u00eatre la r\u00e9ac\u00adtion des mili\u00adtants syndicalistes.&nbsp;<\/p>\n<p>La pr\u00e9\u00adsence et l\u2019intervention des par\u00adtis poli\u00adtiques \u00e0 l\u2019entreprise ne sont pas un ph\u00e9\u00adno\u00adm\u00e8ne nou\u00adveau, La cr\u00e9a\u00adtion des cel\u00adlules d\u2019entreprise du P.C. \u00e0 par\u00adtir de 1924, a \u00e9t\u00e9, au niveau de la m\u00e9thode, un point de rup\u00adture avec la social-d\u00e9mo\u00adcra\u00adtie tra\u00addi\u00adtion\u00adnelle. Celle-ci \u00e9tait d\u00e9j\u00e0 rela\u00adti\u00adve\u00adment bien implan\u00adt\u00e9e, orga\u00adni\u00ads\u00e9e en sec\u00adtions par loca\u00adli\u00adt\u00e9, et n\u2019intervenait pas en direc\u00adtion d\u2019une classe sociale pr\u00e9\u00adcise. Pour ceux qui avaient sui\u00advi Mos\u00adcou, il \u00e9tait impor\u00adtant de s\u2019appuyer sur la classe ouvri\u00e8re, le mythe d\u2019une r\u00e9vo\u00adlu\u00adtion pro\u00adl\u00e9\u00adta\u00adrienne en Rus\u00adsie ser\u00advant de sup\u00adport id\u00e9ologique.&nbsp;<\/p>\n<p>\u00c0 la fin des ann\u00e9es cin\u00adquante, la clien\u00adt\u00e8le \u00e9lec\u00adto\u00adrale de la S.F.I.O. com\u00admence \u00e0 l\u2019abandonner. Ce Par\u00adti de notables devient un Par\u00adti par\u00adle\u00admen\u00adtaire sans d\u00e9pu\u00adt\u00e9s ou presque.&nbsp;<\/p>\n<p>Le P.C., quant \u00e0 lui, a l\u00e9g\u00e8\u00adre\u00adment modi\u00adfi\u00e9 sa tac\u00adtique&nbsp;: l\u2019entreprise demeure le lieu pri\u00advi\u00adl\u00e9\u00adgi\u00e9 de son action, mais il s\u2019adresse direc\u00adte\u00adment au \u00ab&nbsp;peuple&nbsp;\u00bb, patriotes apr\u00e8s la guerre, femmes \u2013 elles ont le droit de vote, mais le tra\u00advail f\u00e9mi\u00adnin est moins d\u00e9ve\u00adlop\u00adp\u00e9 qu\u2019aujourd\u2019hui \u2013, jeunes non sala\u00adri\u00e9s, com\u00admer\u00ad\u00e7ants. Avec le gaul\u00adlisme, sa presse p\u00e9ri\u00adclite, son influence dans la classe ouvri\u00e8re diminue.&nbsp;<\/p>\n<h3>\u00c0 la recherche d\u2019une \u00ab&nbsp;chair ouvri\u00e8re&nbsp;\u00bb<\/h3>\n<p>Aujourd\u2019hui, le P.C. et le P.S. orientent tous deux leur pro\u00adpa\u00adgande vers les entre\u00adprises. La S.F.I.O. a \u00e9t\u00e9 com\u00adpl\u00e8\u00adte\u00adment r\u00e9no\u00adv\u00e9e. On sait par qui. D\u00e8s 1955, la ten\u00addance vers la consti\u00adtu\u00adtion d\u2019une force socia\u00adliste dis\u00adpo\u00adsant d\u2019une implan\u00adta\u00adtion ouvri\u00e8re s\u2019affirme&nbsp;: <\/p>\n<blockquote><p>\u00ab&nbsp;Tout cet ensemble de faits concourt \u00e0 mon\u00adtrer qu\u2019il est indis\u00adpen\u00adsable de cr\u00e9er une opi\u00adnion ouvri\u00e8re qui, infor\u00adm\u00e9e par les orga\u00adni\u00adsa\u00adtions syn\u00addi\u00adcales, puis\u00adsam\u00adment ani\u00adm\u00e9e par elles, serait sus\u00adcep\u00adtible de cr\u00e9er dans le pays un regrou\u00adpe\u00adment d\u2019hommes et d\u2019organisations qui, sans avoir pour eux-m\u00eames de pr\u00e9\u00adoc\u00adcu\u00adpa\u00adtions pure\u00adment poli\u00adtiques, pour\u00adraient cepen\u00addant cr\u00e9er les condi\u00adtions indis\u00adpen\u00adsables d\u2019un renou\u00adveau.&nbsp;\u00bb (Rap\u00adport moral du XXVIII<sup>e<\/sup> Congr\u00e8s de la C.F.T.C., mai&nbsp;1955).&nbsp;<\/p><\/blockquote>\n<p>Le cou\u00adrant qui tra\u00advaille \u00e0 la r\u00e9no\u00adva\u00adtion de la C.F.T.C. semble en fait avoir pour but de r\u00e9no\u00adver la S.F.I.O. en pas\u00adsant par les syndicats&nbsp;:&nbsp;<\/p>\n<blockquote><p>\u00ab\u2026Il ne peut y avoir de force poli\u00adtique de gauche suf\u00adfi\u00adsam\u00adment puis\u00adsante \u00e0 la fois pour \u00eatre effi\u00adcace et pour \u00e9chap\u00adper \u00e0 la domi\u00adna\u00adtion du com\u00admu\u00adnisme, si le syn\u00addi\u00adca\u00adlisme libre ne trouve pas les moyens de favo\u00adri\u00adser la consti\u00adtu\u00adtion de cette force.&nbsp;\u00bb (rap\u00adport d\u2019Eug\u00e8ne Des\u00adcamps au Congr\u00e8s de novembre&nbsp;1964.)&nbsp;<\/p><\/blockquote>\n<p>Ce n\u2019est donc pas d\u2019hier que la direc\u00adtion de la C.F.D.T. tra\u00advaille \u00e0 la \u00ab&nbsp;Recons\u00adtruc\u00adtion&nbsp;\u00bb du P.S. <\/p>\n<p>Le P.C. peut craindre l\u2019arriv\u00e9e d\u2019un concur\u00adrent dis\u00adpo\u00adsant de moyens impor\u00adtants dans les entre\u00adprises. P.C. et P.S. peuvent craindre \u00e9ga\u00adle\u00adment que les tra\u00advailleurs, r\u00e9a\u00adli\u00adsant l\u2019impasse des m\u00e9thodes par\u00adle\u00admen\u00adtaires que la V<sup>e<\/sup>&nbsp;R\u00e9pu\u00adblique met par\u00adti\u00adcu\u00adli\u00e8\u00adre\u00adment en \u00e9vi\u00addence \u2013, ne s\u2019en remettent au syn\u00addi\u00adcat pour la d\u00e9fense de leurs int\u00e9\u00adr\u00eats. La situa\u00adtion en Ita\u00adlie consti\u00adtue \u00e0 ce pro\u00adpos un exemple significatif.&nbsp;<\/p>\n<h3>Les d\u00e9put\u00e9s en premi\u00e8re ligne<\/h3>\n<p>On a donc vu ces der\u00adniers temps P.C. et P.S. tenir ou ten\u00adter de tenir des r\u00e9unions dans les entre\u00adprises en la pr\u00e9\u00adsence active de d\u00e9pu\u00adt\u00e9s. Le mot d\u2019ordre \u00e0 long terme \u00ab&nbsp;recon\u00adnais\u00adsance de la sec\u00adtion poli\u00adtique d\u2019entreprise&nbsp;\u00bb signi\u00adfie \u00e0 court terme l\u2019affirmation du r\u00f4le moteur du par\u00adti, y com\u00adpris dans le domaine de la d\u00e9fense \u00e9co\u00adno\u00admique. Ces actions d\u2019implantation des par\u00adtis de gauche dans les entre\u00adprises sont la suite logique des m\u00e9thodes de d\u00e9l\u00e9\u00adga\u00adtions, de p\u00e9ti\u00adtions aux d\u00e9pu\u00adt\u00e9s, aux s\u00e9na\u00adteurs, aux conseillers g\u00e9n\u00e9\u00adraux, aux ministres, \u00e0 l\u2019Elys\u00e9e, aux pr\u00e9\u00adfets, qui ont bien sou\u00advent d\u00e9tour\u00adn\u00e9 l\u2019action des tra\u00advailleurs en lutte contre les licenciements.&nbsp;<\/p>\n<p>Ce r\u00f4le moteur du Par\u00adti est r\u00e9af\u00adfir\u00adm\u00e9, tant par le P.C. que par les diri\u00adgeants du sec\u00adteur Entre\u00adprises du P.S. Le P.C. le fait sans nuance&nbsp;:&nbsp;<\/p>\n<p><quote>\u00ab&nbsp;L\u2019action syn\u00addi\u00adcale est d\u2019une f\u00e9con\u00addi\u00adt\u00e9 exem\u00adplaire. Par elle, les sala\u00adri\u00e9s se d\u00e9fendent quo\u00adti\u00addien\u00adne\u00adment. Mais nous savons qu\u2019elle a des limites, que le syn\u00addi\u00adcat ne rem\u00adpla\u00adce\u00adra jamais le Par\u00adti ouvrier, que la classe ouvri\u00e8re a un besoin vital de ce Par\u00adti pour rem\u00adplir sa fonc\u00adtion historique.&nbsp;<\/quote><\/p>\n<p>\u00ab&nbsp;\u00c0 lui de faire de la poli\u00adtique dans l\u2019entreprise, de ne pas lais\u00adser \u00e0 d\u2019autres le soin d\u2019\u00eatre lui-m\u00eame, de ne c\u00e9der \u00e0 per\u00adsonne son r\u00f4le ou plu\u00adt\u00f4t sa mis\u00adsion. \u00c0 lui d\u2019affronter \u00e0 la fois patro\u00adnat et pou\u00advoir sur le ter\u00adrain o\u00f9 se d\u00e9cide la victoire.&nbsp;<\/p>\n<p>\u00ab\u2026Qui dit par\u00adti dit action poli\u00adtique. Lui seul peut la mener, lui seul le&nbsp;doit.<\/p>\n<p>\u00ab\u2026Dans les entre\u00adprises avant tout, dans les entre\u00adprises o\u00f9 il y a un monde \u00e0 gagner aux id\u00e9es de la d\u00e9mo\u00adcra\u00adtie et du socia\u00adlisme.&nbsp;\u00bb (Laurent Sali\u00adni, <i>L\u2019Humanit\u00e9<\/i> du 2&nbsp;mars 1974.)<\/p>\n<p>Mais au P.S. aus\u00adsi, cer\u00adtains affirment leurs d\u00e9sac\u00adcords avec l\u2019id\u00e9e de l\u2019\u00e9galit\u00e9 entre le Par\u00adti et le syndicat&nbsp;:&nbsp;<\/p>\n<p><quote>\u00ab&nbsp;Com\u00adment mener la lutte pour le socia\u00adlisme sans ouvrir des pers\u00adpec\u00adtives poli\u00adtiques concr\u00e8tes&nbsp;? la dyna\u00admique de la prise de conscience des masses d\u00e9bouche n\u00e9ces\u00adsai\u00adre\u00adment sur la conqu\u00eate du pou\u00advoir d\u2019Etat. C\u2019est donc l\u2019affaire du Par\u00adti. D\u00e8s lors, son inter\u00adven\u00adtion, notam\u00adment dans les entre\u00adprises, ne doit pas se bor\u00adner \u00e0 saluer les luttes, elle doit les relier \u00e0 une pers\u00adpec\u00adtive globale.&nbsp;<\/quote><\/p>\n<p>\u00ab&nbsp;En cons\u00e9\u00adquence, si le Par\u00adti aus\u00adsi bien que le syn\u00addi\u00adcat conduisent leur action, l\u2019un et l\u2019autre, en toute ind\u00e9\u00adpen\u00addance, ils ne sont pas auto\u00adnomes l\u2019un par rap\u00adport \u00e0 l\u2019autre. Ils ont en com\u00admun une pers\u00adpec\u00adtive et sur\u00adtout des res\u00adpon\u00adsa\u00adbi\u00adli\u00adt\u00e9s vis-\u00e0-vis des tra\u00advailleurs, m\u00eame si la nature de ces res\u00adpon\u00adsa\u00adbi\u00adli\u00adt\u00e9s dif\u00adf\u00e8re\u2026\u00bb (Georges Sarre, secr\u00e9\u00adtaire natio\u00adnal du sec\u00adteur Entre\u00adprise du P.S., <i>Le Monde<\/i>, ao\u00fbt.&nbsp;75).<\/p>\n<p>Apr\u00e8s ces affir\u00adma\u00adtions, admises au niveau des organes diri\u00adgeants des par\u00adtis et des conf\u00e9\u00add\u00e9\u00adra\u00adtions C.G.T. et C.F.D.T., il faut savoir com\u00adment s\u2019op\u00e8re l\u2019implantation du Par\u00adti dans l\u2019entreprise. Le P.C. dis\u00adpose d\u2019une implan\u00adta\u00adtion ancienne, qui a par\u00adfois \u00e9t\u00e9 mise en som\u00admeil, les mili\u00adtants se conten\u00adtant d\u2019assumer les res\u00adpon\u00adsa\u00adbi\u00adli\u00adt\u00e9s syn\u00addi\u00adcales, mais qui red\u00e9\u00admarre d\u00e8s que la n\u00e9ces\u00adsi\u00adt\u00e9 pour le Par\u00adti le dicte. Les com\u00admu\u00adnistes savent alors dans leur grande majo\u00adri\u00adt\u00e9 prendre des ini\u00adtia\u00adtives spectaculaires.&nbsp;<\/p>\n<p>Pour le P.S., les choses ne sont pas aus\u00adsi simples. Dans la plu\u00adpart des cas, le tra\u00advail pr\u00e9\u00adpa\u00adra\u00adtoire d\u2019implantation est \u00e0 faire. Pour p\u00e9n\u00e9\u00adtrer l\u2019entreprise, deux voies sont pos\u00adsibles&nbsp;: pas\u00adser par la direc\u00adtion ou par les syn\u00addi\u00adcats. Une bro\u00adchure est \u00e9di\u00adt\u00e9e \u00e0 cet effet par le secr\u00e9\u00adta\u00adriat du sec\u00adteur Entre\u00adprises du P.S., inti\u00adtu\u00adl\u00e9e \u00ab&nbsp;Pr\u00e9\u00adsence et inter\u00adven\u00adtion des socia\u00adlistes dans l\u2019entreprise&nbsp;\u00bb. On y conseille, dans le cas o\u00f9 aucun adh\u00e9\u00adrent n\u2019est signa\u00adl\u00e9 \u00e0 l\u2019int\u00e9rieur, de contac\u00adter les syn\u00addi\u00adca\u00adlistes. Au milieu d\u2019autres direc\u00adtives sur l\u2019attitude \u00e0 adop\u00adter vis-\u00e0-vis des sec\u00adtions syn\u00addi\u00adcales \u2013 direc\u00adtives qui res\u00adsemblent fort \u00e0 l\u2019autonomie enga\u00adg\u00e9e ch\u00e8re aux diri\u00adgeants c\u00e9d\u00e9\u00adtistes \u2013 on y apprend que&nbsp;<\/p>\n<p><quote>\u00ab&nbsp;Lorsqu\u2019une lutte se pro\u00adduit dans l\u2019entreprise, le mili\u00adtant socia\u00adliste doit r\u00e9agir en mili\u00adtant politique&nbsp;\u00bb.<\/quote><\/p>\n<p>\u00ab\u2026il faut d\u00e9mon\u00adtrer aux tra\u00advailleurs que l\u2019action poli\u00adtique d\u00e9passe et pro\u00adlonge l\u2019action syndicale.&nbsp;\u00bb<\/p>\n<p>La direc\u00adtion c\u00e9d\u00e9\u00adtiste actuelle, qui a tout de m\u00eame un peu plus d\u2019information sur le monde de l\u2019entreprise que le P.S., a tout mis en \u0153uvre pour lui faci\u00adli\u00adter la t\u00e2che, pour\u00adsui\u00advant en cela la mis\u00adsion qu\u2019elle s\u2019\u00e9tait fix\u00e9e il y a quelques ann\u00e9es.&nbsp;<\/p>\n<h3>Deux pas en avant, un pas en arri\u00e8re<\/h3>\n<p>Pour habi\u00adtuer les tra\u00advailleurs \u00e0 la pr\u00e9\u00adsence. des par\u00adtis poli\u00adtiques dans l\u2019entreprise, des d\u00e9pu\u00adt\u00e9s y ont \u00e9t\u00e9 para\u00adchu\u00adt\u00e9s. La fosse de r\u00e9cep\u00adtion \u00e9tait consti\u00adtu\u00e9e par les sec\u00adtions C.G.T. et C.F.D.T. Lorsque les r\u00e9unions se sont tenues dans l\u2019entreprise, ce sont les d\u00e9l\u00e9\u00adgu\u00e9s C.G.T. et C.F.D.T. au Comi\u00adt\u00e9 d\u2019entreprise qui ont \u00e9t\u00e9 uti\u00adli\u00ads\u00e9s. Cela a pro\u00advo\u00adqu\u00e9 en quelques endroits comme au Cr\u00e9\u00addit Lyon\u00adnais \u00e0 Paris, des mesures dis\u00adci\u00adpli\u00adnaires et de dimi\u00adnu\u00adtion de salaire contre ces d\u00e9l\u00e9\u00adgu\u00e9s. Pre\u00admier r\u00e9sul\u00adtat pra\u00adtique de l\u2019action des par\u00adtis dans l\u2019entreprise&nbsp;: des d\u00e9l\u00e9\u00adgu\u00e9s sanctionn\u00e9s.<\/p>\n<p>Apr\u00e8s avoir, comme \u00e0 son habi\u00adtude lan\u00adc\u00e9 un bal\u00adlon d\u2019essai, la direc\u00adtion de la C.F.D.T. a fait machine arri\u00e8re, sous la plume de Jean\u00adnette Laot dans <i>Syn\u00addi\u00adca\u00adlisme Heb\u00addo<\/i> du 18&nbsp;sep\u00adtembre. Apr\u00e8s avoir rap\u00adpe\u00adl\u00e9 la posi\u00adtion conf\u00e9d\u00e9rale&nbsp;:&nbsp;<\/p>\n<blockquote><p>\u00ab&nbsp;La C.F.D.T. consi\u00add\u00e8re que les mili\u00adtants poli\u00adtiques devraient pou\u00advoir prendre contact avec les tra\u00advailleurs qui le d\u00e9si\u00adrent dans un local pr\u00e9\u00advu \u00e0 cet effet, dans l\u2019entreprise elle-m\u00eame.&nbsp;\u00bb&nbsp;<\/p><\/blockquote>\n<p>Jean\u00adnette Laot, \u00e9vo\u00adquant les sanc\u00adtions et l\u2019absence d\u2019un rap\u00adport de force favo\u00adrable sur ce pro\u00adbl\u00e8me, rec\u00adti\u00adfie le&nbsp;tir&nbsp;:&nbsp;<\/p>\n<p><quote>\u00ab&nbsp;Il convient d\u2019y voir clair dans les prio\u00adri\u00adt\u00e9s, en fonc\u00adtion du rap\u00adport de&nbsp;force.&nbsp;<\/quote><\/p>\n<p>\u00ab&nbsp;L\u2019attribution aux tra\u00advailleurs du droit d\u2019expression pour s\u2019informer et dis\u00adcu\u00adter de leurs affaires avec leurs sec\u00adtions syn\u00addi\u00adcales est premi\u00e8re.<\/p>\n<p>\u00ab&nbsp;Sur la base de la mobi\u00adli\u00adsa\u00adtion et de l\u2019action men\u00e9e sur ce droit d\u2019expression, il sera pos\u00adsible de faire sau\u00adter le ver\u00adrou patro\u00adnal qui s\u2019oppose \u00e0 l\u2019entr\u00e9e de res\u00adpon\u00adsables syn\u00addi\u00adcaux dans l\u2019entreprise et de g\u00e9n\u00e9\u00adra\u00adli\u00adser cette pratique.&nbsp;<\/p>\n<p>\u00ab&nbsp;Alors les condi\u00adtions seront meilleures pour impo\u00adser la liber\u00adt\u00e9 d\u2019expression poli\u00adtique dans l\u2019entreprise, sur\u00adtout si les sec\u00adtions poli\u00adtiques agissent de leur c\u00f4t\u00e9 pour impo\u00adser le droit pour les mili\u00adtants poli\u00adtiques d\u2019y p\u00e9n\u00e9\u00adtrer.&nbsp;\u00bb <\/p>\n<p>Comme on le voit, la direc\u00adtion conf\u00e9\u00add\u00e9\u00adrale est mise dans l\u2019embarras, peut-\u00eatre pas tant par les sanc\u00adtions qui ont frap\u00adp\u00e9 des d\u00e9l\u00e9\u00adgu\u00e9s que par le peu d\u2019enthousiasme des tra\u00advailleurs \u2013 consta\u00adt\u00e9 dans la majo\u00adri\u00adt\u00e9 des cas  \u2013 \u00e0 se rendre aux r\u00e9unions et sur\u00adtout \u00e0 se mobi\u00adli\u00adser pour le droit d\u2019expression poli\u00adtique. La direc\u00adtion conf\u00e9\u00add\u00e9\u00adrale ne peut qu\u2019apporter une fois de plus la preuve de sa m\u00e9con\u00adnais\u00adsance qua\u00adsi totale des r\u00e9ac\u00adtions ouvri\u00e8res.<\/p>\n<p>Quant aux gau\u00adchistes, qui ont une fois de plus fon\u00adc\u00e9 dans la br\u00e8che ouverte par leurs a\u00een\u00e9s social-d\u00e9mo\u00adcrates, ils ne peuvent igno\u00adrer que la recon\u00adnais\u00adsance juri\u00addique de la sec\u00adtion poli\u00adtique d\u2019entreprise ne pour\u00adrait s\u2019effectuer \u2013 en toute d\u00e9mo\u00adcra\u00adtie bour\u00adgeoise \u2013 qu\u2019au b\u00e9n\u00e9\u00adfice des par\u00adtis poli\u00adtiques \u00ab&nbsp;repr\u00e9\u00adsen\u00adta\u00adtifs&nbsp;\u00bb, le cri\u00adt\u00e8re de repr\u00e9\u00adsen\u00adta\u00adti\u00advi\u00adt\u00e9 \u00e9tant un r\u00e9sul\u00adtat \u00e9lec\u00adto\u00adral. Ils ne pour\u00adraient y gagner que des pos\u00adsi\u00adbi\u00adli\u00adt\u00e9s d\u2019intervention \u00ab&nbsp;gauche&nbsp;\u00bb dans les mee\u00adtings des autres, en r\u00e9cla\u00admant vingt natio\u00adna\u00adli\u00adsa\u00adtions au lieu de&nbsp;dix.<\/p>\n<h3>Les cons\u00e9quences de la \u00ab&nbsp;politisation&nbsp;\u00bb<\/h3>\n<p>Nous n\u2019allons pas reve\u00adnir sur la concur\u00adrence qui existe entre le par\u00adti et le syn\u00addi\u00adcat. Les ten\u00adta\u00adtives actuelles des par\u00adtis de gauche en direc\u00adtion de la classe ouvri\u00e8re en sont une preuve sup\u00adpl\u00e9\u00admen\u00adtaire. Et nous nous employons \u00e0 accen\u00adtuer cette concurrence.&nbsp;<\/p>\n<p>Mais dans la pra\u00adtique, la pr\u00e9\u00adsence r\u00e9af\u00adfir\u00adm\u00e9e, l\u00e9gale ou non, des par\u00adtis poli\u00adtiques dans les entre\u00adprises va poser de nou\u00adveaux pro\u00adbl\u00e8mes aux mili\u00adtant syndicalistes.&nbsp;<\/p>\n<p>La pre\u00admi\u00e8re cons\u00e9\u00adquence pr\u00e9\u00advi\u00adsible, c\u2019est la d\u00e9saf\u00adfec\u00adtion des tra\u00advailleurs pour les syn\u00addi\u00adcats qui auront fait entrer les par\u00adtis. Cela se tra\u00addui\u00adra au niveau des \u00e9lec\u00adtions et au niveau des adh\u00e9\u00adrents par une baisse de leur influence. On ver\u00adra se ren\u00adfor\u00adcer des syn\u00addi\u00adcats comme F.O. ou la C.F.T.C., voire des orga\u00adni\u00adsa\u00adtions comme la C.F.T. <\/p>\n<p>La deuxi\u00e8me cons\u00e9\u00adquence, c\u2019est que les luttes d\u2019influence qui auront lieu entre par\u00adtis accen\u00adtue\u00adront la divi\u00adsion des tra\u00advailleurs, aux\u00adquels on fera jouer direc\u00adte\u00adment dans l\u2019entreprise le jeu soit des int\u00e9\u00adr\u00eats du bloc capi\u00adta\u00adliste atlan\u00adtique soit des int\u00e9\u00adr\u00eats du capi\u00adta\u00adlisme d\u2019\u00c9tat. <\/p>\n<p>Dans cette confu\u00adsion, les tra\u00advailleurs syn\u00addi\u00adca\u00adlistes r\u00e9agi\u00adront selon leurs int\u00e9\u00adr\u00eats de classe et n\u2019accepteront pas que leur com\u00adbat syn\u00addi\u00adcal soit limi\u00adt\u00e9 encore plus que par le pas\u00ads\u00e9 par les direc\u00adtions petites bour\u00adgeoises ou bour\u00adgeoises des par\u00adtis dits ouvriers. Il est en effet cer\u00adtain qu\u2019une implan\u00adta\u00adtion des par\u00adtis de gauche dans les entre\u00adprises per\u00admet\u00adtrait, en cas de vic\u00adtoire \u00e9lec\u00adto\u00adrale, de lan\u00adcer la fameuse \u00ab&nbsp;bataille de la pro\u00adduc\u00adtion&nbsp;\u00bb. L\u2019organisation de classe des tra\u00advailleurs doit donc ten\u00adter de les concur\u00adren\u00adcer. C\u2019est par un tra\u00advail d\u2019explication et d\u2019action en s\u2019organisant dans les struc\u00adtures syn\u00addi\u00adcales, pour main\u00adte\u00adnir le niveau de lutte contre le capi\u00adta\u00adlisme et pour affir\u00admer les int\u00e9\u00adr\u00eats ouvriers face aux par\u00adtis jusque dans les r\u00e9unions qu\u2019ils orga\u00adni\u00adse\u00adront que les anar\u00adcho-syn\u00addi\u00adca\u00adlistes pour\u00adront per\u00admettre que se d\u00e9gage dans la n\u00e9ces\u00adsi\u00adt\u00e9 de l\u2019autonomie ouvri\u00e8re pour le com\u00adbat de la classe des tra\u00advailleurs sala\u00adri\u00e9s. Auto\u00adno\u00admie th\u00e9o\u00adrique et d\u2019organisation, seul moyen pour r\u00e9a\u00adli\u00adser le socia\u00adlisme qui est l\u2019abolition du sala\u00adriat par la direc\u00adtion, sur la soci\u00e9\u00adt\u00e9, des orga\u00adni\u00adsa\u00adtions de classe du prol\u00e9tariat.&nbsp;<\/p>\n<h3>Extension des droits syndicaux<\/h3>\n<p>Aujourd\u2019hui, nous n\u2019en sommes qu\u2019aux pr\u00e9\u00adli\u00admi\u00adnaires de l\u2019implantation active et recon\u00adnue dans l\u2019entreprise des par\u00adtis. Les mili\u00adtants syn\u00addi\u00adca\u00adlistes doivent r\u00e9pondre aux pro\u00adbl\u00e8mes qui leur sont pos\u00e9s, tels que vote au C.E. sur le pr\u00eat d\u2019une salle, etc. Cette demande leur sera sou\u00advent pr\u00e9\u00adsen\u00adt\u00e9e au nom de la liber\u00adt\u00e9, de la d\u00e9mo\u00adcra\u00adtie. Ils ne vou\u00addront pas refu\u00adser pour ne pas voter avec le patron. S\u2019ils votent pour, ils s\u2019exposent \u00e0 des sanc\u00adtions sans rap\u00adport de force, il fau\u00addra perdre un temps pr\u00e9\u00adcieux \u00e0 expli\u00adquer cette posi\u00adtion aux tra\u00advailleurs. En bref, du temps per\u00addu pour l\u2019organisation des travailleurs.&nbsp;<\/p>\n<p>Nous pen\u00adsons que si la situa\u00adtion se pr\u00e9\u00adsente, les sec\u00adtions syn\u00addi\u00adcales doivent poser comme pr\u00e9a\u00adlable \u00e0 toute dis\u00adcus\u00adsion sur le droit d\u2019expression des par\u00adtis poli\u00adtiques l\u2019extension des droits syn\u00addi\u00adcaux. Elles reven\u00addi\u00adque\u00adront la cr\u00e9a\u00adtion ou l\u2019extension d\u2019heures d\u2019information syn\u00addi\u00adcale pay\u00e9es, sur le temps de tra\u00advail, la libre cir\u00adcu\u00adla\u00adtion des mili\u00adtants syn\u00addi\u00adcaux sur les lieux de travail.&nbsp;<\/p>\n<p>Les syn\u00addi\u00adca\u00adlistes sau\u00adront contraindre les tra\u00advailleurs actuel\u00adle\u00adment \u00e9ga\u00adr\u00e9s dans des orga\u00adni\u00adsa\u00adtions de citoyens \u00e0 s\u2019exprimer direc\u00adte\u00adment en tant que tra\u00advailleurs avec les autres tra\u00advailleurs. Lorsque le syn\u00addi\u00adcat joue\u00adra plei\u00adne\u00adment son r\u00f4le de seule orga\u00adni\u00adsa\u00adtion de classe, qu\u2019il aura conquis les moyens de mobi\u00adli\u00adser, d\u2019informer, d\u2019organiser tous les tra\u00advailleurs, ce sera peut-\u00eatre le patro\u00adnat qui r\u00e9cla\u00adme\u00adra, l\u2019expression des par\u00adtis poli\u00adtiques dans les entre\u00adprises. Mais les tra\u00advailleurs en voudront-ils&nbsp;?<\/p>\n","protected":false},"excerpt":{"rendered":"<p>\u00ab&nbsp;Les droits d\u2019organisation et d\u2019expression des par\u00adtis poli\u00adtiques sur le lieu du tra\u00advail seront recon\u00adnus et garan\u00adtis.&nbsp;\u00bb C\u2019est dans le pro\u00adgramme com\u00admun, page&nbsp;110. Mais c\u2019est aus\u00adsi dans la r\u00e9a\u00adli\u00adt\u00e9 d\u2019aujourd\u2019hui, avec les inter\u00adven\u00adtions d\u2019\u00e9lus socia\u00adlistes et com\u00admu\u00adnistes dans ou hors les entre\u00adprises.&nbsp; Nous ne vou\u00adlons pas par\u00adler sim\u00adple\u00adment des rap\u00adports entre les par\u00adtis et&nbsp;les&nbsp;[\u2026]<\/p>\n","protected":false},"author":1,"featured_media":0,"comment_status":"closed","ping_status":"closed","sticky":false,"template":"","format":"standard","meta":{"wp_typography_post_enhancements_disabled":false,"footnotes":""},"categories":[230],"tags":[],"ppma_author":[540],"class_list":["post-1857","post","type-post","status-publish","format-standard","hentry","category-solidarite-ouvriere-n52-octobre-1975"],"authors":[{"term_id":540,"user_id":1,"is_guest":0,"slug":"admin_3gikpwyf","display_name":"Vincent Dubuc","avatar_url":"https:\/\/secure.gravatar.com\/avatar\/d015720652c25fd2ced191ade86430094e1f288a17483713e3b34d26dea52507?s=96&d=mm&r=g","author_category":"","user_url":"https:\/\/la-presse-anarchiste.net","last_name":"Dubuc","first_name":"Vincent","job_title":"","description":""}],"_links":{"self":[{"href":"https:\/\/la-presse-anarchiste.net\/index.php\/wp-json\/wp\/v2\/posts\/1857","targetHints":{"allow":["GET"]}}],"collection":[{"href":"https:\/\/la-presse-anarchiste.net\/index.php\/wp-json\/wp\/v2\/posts"}],"about":[{"href":"https:\/\/la-presse-anarchiste.net\/index.php\/wp-json\/wp\/v2\/types\/post"}],"author":[{"embeddable":true,"href":"https:\/\/la-presse-anarchiste.net\/index.php\/wp-json\/wp\/v2\/users\/1"}],"replies":[{"embeddable":true,"href":"https:\/\/la-presse-anarchiste.net\/index.php\/wp-json\/wp\/v2\/comments?post=1857"}],"version-history":[{"count":0,"href":"https:\/\/la-presse-anarchiste.net\/index.php\/wp-json\/wp\/v2\/posts\/1857\/revisions"}],"wp:attachment":[{"href":"https:\/\/la-presse-anarchiste.net\/index.php\/wp-json\/wp\/v2\/media?parent=1857"}],"wp:term":[{"taxonomy":"category","embeddable":true,"href":"https:\/\/la-presse-anarchiste.net\/index.php\/wp-json\/wp\/v2\/categories?post=1857"},{"taxonomy":"post_tag","embeddable":true,"href":"https:\/\/la-presse-anarchiste.net\/index.php\/wp-json\/wp\/v2\/tags?post=1857"},{"taxonomy":"author","embeddable":true,"href":"https:\/\/la-presse-anarchiste.net\/index.php\/wp-json\/wp\/v2\/ppma_author?post=1857"}],"curies":[{"name":"wp","href":"https:\/\/api.w.org\/{rel}","templated":true}]}}