{"id":1863,"date":"2008-11-28T21:13:50","date_gmt":"2008-11-28T21:13:50","guid":{"rendered":"https:\/\/la-presse-anarchiste.net\/index.php\/2008\/11\/28\/pour-lorganisation-des-anarcho-syndicalistes\/"},"modified":"2008-11-28T21:13:50","modified_gmt":"2008-11-28T21:13:50","slug":"pour-lorganisation-des-anarcho-syndicalistes","status":"publish","type":"post","link":"https:\/\/la-presse-anarchiste.net\/index.php\/2008\/11\/28\/pour-lorganisation-des-anarcho-syndicalistes\/","title":{"rendered":"Pour l\u2019organisation des anarcho-syndicalistes"},"content":{"rendered":"<div class=\"pdfprnt-buttons pdfprnt-buttons-post pdfprnt-top-right\"><a href=\"https:\/\/la-presse-anarchiste.net\/index.php\/wp-json\/wp\/v2\/posts\/1863?print=pdf\" class=\"pdfprnt-button pdfprnt-button-pdf\" target=\"_blank\"><img decoding=\"async\" src=\"https:\/\/la-presse-anarchiste.net\/wp-content\/plugins\/pdf-print\/images\/pdf.png\" alt=\"image_pdf\" title=\"Afficher le PDF\"><\/a><a href=\"https:\/\/la-presse-anarchiste.net\/index.php\/wp-json\/wp\/v2\/posts\/1863?print=print\" class=\"pdfprnt-button pdfprnt-button-print\" target=\"_blank\"><img decoding=\"async\" src=\"https:\/\/la-presse-anarchiste.net\/wp-content\/plugins\/pdf-print\/images\/print.png\" alt=\"image_print\" title=\"Contenu imprim\u00e9\"><\/a><\/div><p>N\u00e9 d\u2019un conflit de ten\u00addances au sein de la Pre\u00admi\u00e8re Inter\u00adna\u00adtio\u00adnale, majo\u00adri\u00adtaire dans de nom\u00adbreux pays au d\u00e9but du si\u00e8cle, l\u2019anarchosyndicalisme rejaillit des pro\u00adfon\u00addeurs de la classe des tra\u00advailleurs sala\u00adri\u00e9s lorsqu\u2019une par\u00adtie de ces tra\u00advailleurs tentent de prendre en mains leur des\u00adti\u00adn\u00e9e. Lors des der\u00adni\u00e8res grandes gr\u00e8ves de Pologne, Gie\u00adrek n\u2019a\u2011t-il pas dit&nbsp;: \u00ab&nbsp;Des conseils ouvriers sans par\u00adti, mais c\u2019est de l\u2019anarchosyndicalisme&nbsp;!&nbsp;\u00bb. <\/p>\n<p>Les mili\u00adtants de l\u2019Alliance syn\u00addi\u00adca\u00adliste, en revanche, ne consi\u00add\u00e8rent pas la pra\u00adtique et la th\u00e9o\u00adrie de l\u2019anarchosyndicalisme comme acquises et r\u00e9v\u00e9\u00adl\u00e9es une fois pour toutes. Nous pen\u00adsons que la condi\u00adtion pre\u00admi\u00e8re indis\u00adpen\u00adsable est de mili\u00adter l\u00e0 o\u00f9 la classe ouvri\u00e8re est orga\u00adni\u00ads\u00e9e, dans les orga\u00adni\u00adsa\u00adtions et les struc\u00adtures repr\u00e9\u00adsen\u00adta\u00adtives des travailleurs.<\/p>\n<p>Il nous semble en cons\u00e9\u00adquence int\u00e9\u00adres\u00adsant d\u2019observer la stra\u00adt\u00e9\u00adgie de l\u2019anarchosyndicalisme dans le mou\u00adve\u00adment ouvrier pour en d\u00e9ga\u00adger des le\u00e7ons afin de rendre plus effi\u00adcace notre pra\u00adtique actuelle.&nbsp;<\/p>\n<p>Dans la fin du XIX<sup>e<\/sup> si\u00e8cle, l\u2019A.I.T. va ten\u00adter de ras\u00adsem\u00adbler l\u2019ensemble des tra\u00advailleurs pour construire le socia\u00adlisme&nbsp;; elle \u00e9tait \u00e0 la fois orga\u00adni\u00adsa\u00adtion de classe et avait voca\u00adtion de masse. Le com\u00adbat men\u00e9 par une frac\u00adtion des mili\u00adtants de l\u2019Internationale pour trans\u00adfor\u00admer les sec\u00adtions natio\u00adnales en par\u00adtis poli\u00adtiques par\u00adle\u00admen\u00adtaires \u2013 ten\u00adta\u00adtive qui r\u00e9us\u00adsi\u00adra vingt ans plus tard \u2013 abou\u00adti\u00adra \u00e0 la dis\u00adso\u00adlu\u00adtion de l\u2019organisation.<\/p>\n<p>La vieille Inter\u00adna\u00adtio\u00adnale ne res\u00adte\u00adra vivante que dans les pays ib\u00e9\u00adriques o\u00f9 apr\u00e8s maints \u00e9cueils les tra\u00advailleurs por\u00adtu\u00adgais et espa\u00adgnols sau\u00adront orga\u00adni\u00adser des orga\u00adni\u00adsa\u00adtions syn\u00addi\u00adcales r\u00e9vo\u00adlu\u00adtion\u00adnaires de&nbsp;masse.&nbsp;<\/p>\n<p>Dans les autres pays euro\u00adp\u00e9ens, la lutte entre social-d\u00e9mo\u00adcra\u00adtie et syn\u00addi\u00adca\u00adlisme-r\u00e9vo\u00adlu\u00adtion\u00adnaire va emplir de tumulte usines, fau\u00adbourgs et salles de r\u00e9union&nbsp;; peu \u00e0 peu, \u00e0 mesure que les condi\u00adtions de tra\u00advail et l\u2019exp\u00e9rience acquise dans les luttes s\u2019am\u00e9liorent, dans la mesure aus\u00adsi o\u00f9 l\u2019exp\u00e9rience par\u00adle\u00admen\u00adtaire se concr\u00e9\u00adtise, pen\u00addant cette longue p\u00e9riode de 1871 \u00e0 1914 o\u00f9 les divers int\u00e9\u00adr\u00eats capi\u00adta\u00adlistes ne jettent pas le monde indus\u00adtriel dans la guerre, se satis\u00adfai\u00adsant de se par\u00adta\u00adger le monde par colo\u00adnies inter\u00adpo\u00ads\u00e9es, peu \u00e0 peu l\u2019anarcho-syndicalisme regagne du ter\u00adrain. \u00ab&nbsp;La C.G.T., disait James Guillaume, est la renais\u00adsance de la vieille Inter\u00adna\u00adtio\u00adnale&nbsp;\u00bb&nbsp;; dans les pays ger\u00adma\u00adniques o\u00f9 la social-d\u00e9mo\u00adcra\u00adtie \u00e9tait tr\u00e8s puis\u00adsante, des bas\u00adtions \u00e9taient conquis, en Su\u00e8de et en Allemagne&nbsp;.&nbsp;<\/p>\n<h3>La C.G.T.<\/h3>\n<p>En France, par exemple, tous les cou\u00adrants coha\u00adbitent dans la jeune C.G.T., sans qu\u2019aucun ne prenne r\u00e9el\u00adle\u00adment la direc\u00adtion de l\u2019organisation. Si on se r\u00e9f\u00e8re aux docu\u00adments de l\u2019\u00e9poque, on s\u2019aper\u00e7oit que les mili\u00adtants anar\u00adcho-syn\u00addi\u00adca\u00adlistes se conten\u00adtaient d\u2019assurer une pr\u00e9\u00adsence active dans l\u2019organisation&nbsp;; leur tra\u00advail n\u2019\u00e9tait pas coor\u00addon\u00adn\u00e9 et se retrou\u00advait sou\u00advent en accord avec les autres socia\u00adlistes dans l\u2019action quo\u00adti\u00addienne, et c\u2019est \u00e0 par\u00adtir de cette action qu\u2019ils fai\u00adsaient avan\u00adcer les choses, notam\u00adment la pra\u00adtique de l\u2019action directe.&nbsp;<\/p>\n<p>Par\u00adlant de cette \u00e9poque, l\u2019actuelle C.G.T. dans ses cours de for\u00adma\u00adtion syn\u00addi\u00adcale d\u00e9nonce \u00ab&nbsp;tout ce qu\u2019avait de ges\u00adti\u00adcu\u00adla\u00adtoire&nbsp;\u00bb l\u2019anarcho-syndicalisme au d\u00e9but du si\u00e8cle&nbsp;; et il est vrai qu\u2019\u00e0 par\u00adtir de 1909 le groupe de <i>La Vie ouvri\u00e8re<\/i> a ten\u00addu \u00e0 consti\u00adtuer des noyaux de mili\u00adtants for\u00adm\u00e9s, pour r\u00e9agir contre le verbalisme.&nbsp;<\/p>\n<p>L\u2019arriv\u00e9e du bol\u00adche\u00advisme dans les syn\u00addi\u00adcats va poser les pro\u00adbl\u00e8mes cru\u00adciaux du mou\u00adve\u00adment anar\u00adcho\u00adsyn\u00addi\u00adca\u00adliste. En effet, avant 1917, nous nous trou\u00advons devant une situa\u00adtion o\u00f9 tout le monde semble res\u00adpec\u00adter la r\u00e8gle du jeu, concr\u00e9\u00adti\u00ads\u00e9e par la Charte d\u2019Amiens. La lec\u00adture de ce \u00ab&nbsp;docu\u00adment&nbsp;\u00bb montre la posi\u00adtion ambi\u00adgu\u00eb plus ou moins accep\u00adt\u00e9e par ses r\u00e9dac\u00adteurs&nbsp;: le syn\u00addi\u00adcat reste l\u2019organisation essen\u00adtielle des tra\u00advailleurs, mais l\u2019existence \u2013 donc de fait le pou\u00advoir \u2013 des par\u00adtis poli\u00adtiques, des cha\u00adpelles et des groupes divers est admise. Devant le tra\u00advail de frac\u00adtion, la Charte d\u2019Amiens sera impuis\u00adsante et le mou\u00adve\u00adment ouvrier dans la C.G.T. sera peu \u00e0 peu contr\u00f4\u00adl\u00e9 par le par\u00adti com\u00admu\u00adniste. Com\u00adment une orga\u00adni\u00adsa\u00adtion inexis\u00adtante avant la Pre\u00admi\u00e8re Guerre mon\u00addiale est-elle arri\u00adv\u00e9e \u00e0 contr\u00f4\u00adler toute une orga\u00adni\u00adsa\u00adtion ouvri\u00e8re&nbsp;? La r\u00e9ponse en est tr\u00e8s simple&nbsp;: les mili\u00adtants com\u00admu\u00adnistes avaient un but, le contr\u00f4le de la C.G.T.&nbsp;; ils \u00e9taient orga\u00adni\u00ads\u00e9s, donc efficaces.&nbsp;<\/p>\n<p>Face \u00e0 ce dan\u00adger pour le mou\u00adve\u00adment ouvrier, quelle fut l\u2019action des mili\u00adtants syn\u00addi\u00adca\u00adlistes-r\u00e9vo\u00adlu\u00adtion\u00adnaires de l\u2019\u00e9poque&nbsp;? La r\u00e9ponse est simple&nbsp;: d\u00e9sor\u00adga\u00adni\u00ads\u00e9s, ils per\u00addirent pied dans tous les sec\u00adteurs o\u00f9 ils \u00e9taient en majo\u00adri\u00adt\u00e9. Ils \u00e9taient dans l\u2019ensemble dans une posi\u00adtion de repli, lais\u00adsant donc l\u2019initiative aux com\u00admu\u00adnistes. Les uns, prin\u00adci\u00adpa\u00adle\u00adment tra\u00advailleurs du Livre, res\u00adte\u00adront \u00e0 la C.G.T., d\u2019autres iront \u00e0 la C.G.T.U., d\u2019autres encore  avec Pierre Bes\u00adnard, iront \u00e0 la C.G.T.S.R. La situa\u00adtion fran\u00ad\u00e7aise n\u2019\u00e9tait pas une excep\u00adtion, et au plan inter\u00adna\u00adtio\u00adnal le m\u00eame pro\u00adces\u00adsus se d\u00e9roule.&nbsp;<\/p>\n<h3>L\u2019AI.T. de&nbsp;1923<\/h3>\n<p>En 1923 \u00e9tait cr\u00e9\u00e9e \u00e0 Ber\u00adlin la nou\u00advelle A.I.T. Une des pi\u00e8ces ma\u00ee\u00adtresses de cette inter\u00adna\u00adtio\u00adnale \u00e9tait la C.N.T. espa\u00adgnole. Mais la C.N.T., tout comme la C.G.T. por\u00adtu\u00adgaise, \u00e9tait une orga\u00adni\u00adsa\u00adtion de masse. Ce n\u2019\u00e9tait pas le cas de nom\u00adbreuses sec\u00adtions de l\u2019A.I.T. <\/p>\n<p>Si consti\u00adtuer une inter\u00adna\u00adtio\u00adnale anar\u00adcho-syn\u00addi\u00adca\u00adliste \u00e9tait \u2013 et reste \u2013 un point fon\u00adda\u00admen\u00adtal pour les mili\u00adtants com\u00admu\u00adnistes liber\u00adtaires, la forme que se don\u00adn\u00e8rent la majo\u00adri\u00adt\u00e9 des sec\u00adtions natio\u00adnales fut une g\u00eane \u00e0 l\u2019organisation de la classe ouvri\u00e8re sur des bases anar\u00adcho-syn\u00addi\u00adca\u00adlistes. En effet, cr\u00e9er des conf\u00e9\u00add\u00e9\u00adra\u00adtions sans syn\u00addi\u00adcats, ou autour d\u2019une f\u00e9d\u00e9\u00adra\u00adtion solide mais fai\u00adble\u00adment implan\u00adt\u00e9e, revint \u00e0 se cou\u00adper des tra\u00advailleurs, \u00e0 se marginaliser.&nbsp;<\/p>\n<p>II n\u2019y a qu\u2019\u00e0 r\u00e9fl\u00e9\u00adchir \u00e0 la situa\u00adtion actuelle de nos cama\u00adrades su\u00e9\u00addois de la S.A.C. face au mono\u00adpole de l\u2019embauche de la Land\u00adsor\u00adga\u00adni\u00adsa\u00adtion pour mesu\u00adrer l\u2019\u00e9tendue du pro\u00adbl\u00e8me. On nous objec\u00adte\u00adra que la C.G.T.S.R. ne ras\u00adsem\u00adblait pas beau\u00adcoup d\u2019adh\u00e9rents, certes (envi\u00adron 10.000 pen\u00addant la guerre d\u2019Espagne) mais pou\u00advait par son heb\u00addo\u00adma\u00addaire, <i>Le Com\u00adbat syn\u00addi\u00adca\u00adliste<\/i> influen\u00adcer de nom\u00adbreux mili\u00adtants res\u00adt\u00e9s \u00e0 la C.G.T. Encore aurait-il fal\u00adlu que ceux-ci soient orga\u00adni\u00ads\u00e9s. Mais par sou\u00adci de ne pas faire comme les adver\u00adsaires, ces cama\u00adrades pra\u00adti\u00adquaient en fait le sui\u00adcide individuel.&nbsp;<\/p>\n<h3>Aujourd\u2019hui\u2026<\/h3>\n<p>L\u2019apr\u00e8s-guerre, avec l\u2019\u00e9chec reten\u00adtis\u00adsant de la C.N.T. fran\u00ad\u00e7aise, l\u2019enlisement dans F.O., la C.G.T. men\u00e9e de main de ma\u00eetre par le P.C., sem\u00adblait avoir son\u00adn\u00e9 le glas de l\u2019anarcho-syndicalisme. Mai 68 sur\u00advint et cer\u00adtains par\u00adl\u00e8rent d\u2019une r\u00e9sur\u00adgence de ce mou\u00adve\u00adment, puisque dans les faits les tra\u00advailleurs r\u00e9af\u00adfir\u00admaient ses pos\u00adtu\u00adlats. Pour les mili\u00adtants actuels, la t\u00e2che n\u2019est pas facile. Les tra\u00advailleurs sont dis\u00adper\u00ads\u00e9s dans trois conf\u00e9\u00add\u00e9\u00adra\u00adtions, le sec\u00adteur ter\u00adtiaire se d\u00e9ve\u00adloppe, bou\u00adle\u00adver\u00adsant les cli\u00adch\u00e9s tra\u00addi\u00adtion\u00adnels des sec\u00adteurs com\u00adba\u00adtifs, b\u00e2ti\u00adment, livre, etc. Bref, le tra\u00advail est \u00e0 reprendre \u00e0 z\u00e9ro. Dans <i>Soli\n<\/i><\/p>","protected":false},"excerpt":{"rendered":"<p>N\u00e9 d\u2019un conflit de ten\u00addances au sein de la Pre\u00admi\u00e8re Inter\u00adna\u00adtio\u00adnale, majo\u00adri\u00adtaire dans de nom\u00adbreux pays au d\u00e9but du si\u00e8cle, l\u2019anarchosyndicalisme rejaillit des pro\u00adfon\u00addeurs de la classe des tra\u00advailleurs sala\u00adri\u00e9s lorsqu\u2019une par\u00adtie de ces tra\u00advailleurs tentent de prendre en mains leur des\u00adti\u00adn\u00e9e. Lors des der\u00adni\u00e8res grandes gr\u00e8ves de Pologne, Gie\u00adrek n\u2019a\u2011t\u2011il pas dit&nbsp;: \u00ab&nbsp;Des conseils&nbsp;[\u2026]<\/p>\n","protected":false},"author":1,"featured_media":0,"comment_status":"closed","ping_status":"closed","sticky":false,"template":"","format":"standard","meta":{"wp_typography_post_enhancements_disabled":false,"footnotes":""},"categories":[233],"tags":[],"ppma_author":[540],"class_list":["post-1863","post","type-post","status-publish","format-standard","hentry","category-solidarite-ouvriere-n55-fevrier-1976"],"authors":[{"term_id":540,"user_id":1,"is_guest":0,"slug":"admin_3gikpwyf","display_name":"Vincent Dubuc","avatar_url":"https:\/\/secure.gravatar.com\/avatar\/d015720652c25fd2ced191ade86430094e1f288a17483713e3b34d26dea52507?s=96&d=mm&r=g","author_category":"","user_url":"https:\/\/la-presse-anarchiste.net","last_name":"Dubuc","first_name":"Vincent","job_title":"","description":""}],"_links":{"self":[{"href":"https:\/\/la-presse-anarchiste.net\/index.php\/wp-json\/wp\/v2\/posts\/1863","targetHints":{"allow":["GET"]}}],"collection":[{"href":"https:\/\/la-presse-anarchiste.net\/index.php\/wp-json\/wp\/v2\/posts"}],"about":[{"href":"https:\/\/la-presse-anarchiste.net\/index.php\/wp-json\/wp\/v2\/types\/post"}],"author":[{"embeddable":true,"href":"https:\/\/la-presse-anarchiste.net\/index.php\/wp-json\/wp\/v2\/users\/1"}],"replies":[{"embeddable":true,"href":"https:\/\/la-presse-anarchiste.net\/index.php\/wp-json\/wp\/v2\/comments?post=1863"}],"version-history":[{"count":0,"href":"https:\/\/la-presse-anarchiste.net\/index.php\/wp-json\/wp\/v2\/posts\/1863\/revisions"}],"wp:attachment":[{"href":"https:\/\/la-presse-anarchiste.net\/index.php\/wp-json\/wp\/v2\/media?parent=1863"}],"wp:term":[{"taxonomy":"category","embeddable":true,"href":"https:\/\/la-presse-anarchiste.net\/index.php\/wp-json\/wp\/v2\/categories?post=1863"},{"taxonomy":"post_tag","embeddable":true,"href":"https:\/\/la-presse-anarchiste.net\/index.php\/wp-json\/wp\/v2\/tags?post=1863"},{"taxonomy":"author","embeddable":true,"href":"https:\/\/la-presse-anarchiste.net\/index.php\/wp-json\/wp\/v2\/ppma_author?post=1863"}],"curies":[{"name":"wp","href":"https:\/\/api.w.org\/{rel}","templated":true}]}}