{"id":1866,"date":"2008-11-28T22:14:35","date_gmt":"2008-11-28T22:14:35","guid":{"rendered":"https:\/\/la-presse-anarchiste.net\/index.php\/2008\/11\/28\/78-syndicalisme-independant\/"},"modified":"2008-11-28T22:14:35","modified_gmt":"2008-11-28T22:14:35","slug":"78-syndicalisme-independant","status":"publish","type":"post","link":"https:\/\/la-presse-anarchiste.net\/index.php\/2008\/11\/28\/78-syndicalisme-independant\/","title":{"rendered":"78&nbsp;: Syndicalisme ind\u00e9pendant&nbsp;?"},"content":{"rendered":"<div class=\"pdfprnt-buttons pdfprnt-buttons-post pdfprnt-top-right\"><a href=\"https:\/\/la-presse-anarchiste.net\/index.php\/wp-json\/wp\/v2\/posts\/1866?print=pdf\" class=\"pdfprnt-button pdfprnt-button-pdf\" target=\"_blank\"><img decoding=\"async\" src=\"https:\/\/la-presse-anarchiste.net\/wp-content\/plugins\/pdf-print\/images\/pdf.png\" alt=\"image_pdf\" title=\"Afficher le PDF\"><\/a><a href=\"https:\/\/la-presse-anarchiste.net\/index.php\/wp-json\/wp\/v2\/posts\/1866?print=print\" class=\"pdfprnt-button pdfprnt-button-print\" target=\"_blank\"><img decoding=\"async\" src=\"https:\/\/la-presse-anarchiste.net\/wp-content\/plugins\/pdf-print\/images\/print.png\" alt=\"image_print\" title=\"Contenu imprim\u00e9\"><\/a><\/div><p><sc>Lorsque<\/sc>, d\u00e9but octobre, deux membres de la com\u00admis\u00adsion ex\u00e9\u00adcu\u00adtive de la C.G.T. votaient contre la d\u00e9cla\u00adra\u00adtion pr\u00e9\u00adsen\u00adt\u00e9e par le bureau conf\u00e9\u00add\u00e9\u00adral sur la rup\u00adture des n\u00e9go\u00adcia\u00adtions entre les par\u00adtis de gauche, beau\u00adcoup de cama\u00adrades se sont \u00e9ton\u00adn\u00e9s. Le fameux mono\u00adli\u00adthisme de la C.G.T. n\u2019aurait-il \u00e9t\u00e9 que de fa\u00e7ade&nbsp;?&nbsp;<\/p>\n<p>Caras\u00adsus et Ger\u00admon, membres du P.S., ayant tous deux vot\u00e9 contre, se sont expli\u00adqu\u00e9s dans la presse&nbsp;; pour le pre\u00admier \u00ab&nbsp;s\u2019appuyant sur la d\u00e9fi\u00adni\u00adtion que l\u2019I.N.S.E.E. donne des groupes indus\u00adtriels, le bureau conf\u00e9\u00add\u00e9\u00adral de la C.G.T. a don\u00adn\u00e9 son inter\u00adpr\u00e9\u00adta\u00adtion de la pro\u00adpo\u00adsi\u00adtion de natio\u00adna\u00adli\u00adsa\u00adtion des neuf groupes conte\u00adnue dans le Pro\u00adgramme com\u00admun. Pour lui, une seule signi\u00adfi\u00adca\u00adtion exacte&nbsp;: il faut natio\u00adna\u00adli\u00adser la soci\u00e9\u00adt\u00e9 m\u00e8re et les filiales (plus de 50&nbsp;%). L\u2019arbitrage ren\u00addu est sans ambi\u00adgu\u00ef\u00adt\u00e9&nbsp;: \u00ab&nbsp;la seule signi\u00adfi\u00adca\u00adtion exacte des natio\u00adna\u00adli\u00adsa\u00adtion est celle rete\u00adnue par le Par\u00adti com\u00admu\u00adniste&nbsp;\u00bb&nbsp;; pour Ger\u00admon, la crise actuelle montre que des nuances appa\u00adraissent aujourd\u2019hui dans la Conf\u00e9\u00add\u00e9\u00adra\u00adtion, il est n\u00e9ces\u00adsaire que non seule\u00adment elles se refl\u00e8tent dans le recru\u00adte\u00adment des per\u00adma\u00adnents mais aus\u00adsi dans la presse de la C.G.T. \u00c0 quand des tri\u00adbunes libres dans la \u00ab&nbsp;V.O.&nbsp;\u00bb&nbsp;? On en par\u00adle\u00adra \u00e0 une pro\u00adchaine C.E. <\/p>\n<p>Les troubles allaient conti\u00adnuer&nbsp;: d\u2019autres mili\u00adtants du P.S., \u00e0 Nantes notam\u00adment, en vinrent \u00e0 lais\u00adser entendre que la C.G.T. pre\u00adnait par\u00adti pour le P.C. dans la que\u00adrelle. Il y eut m\u00eame des bavures. Alors que la C.E. conf\u00e9\u00add\u00e9\u00adrale, r\u00e9unie de nou\u00adveau, r\u00e9us\u00adsis\u00adsait \u00e0 trou\u00adver une una\u00adni\u00admi\u00adt\u00e9 fra\u00adgile sur le mani\u00adfeste \u00ab&nbsp;Pour que vive le Pro\u00adgramme com\u00admun&nbsp;\u00bb, dans laquelle la ques\u00adtion des filiales \u00e9tait \u00e9va\u00adcu\u00e9e&nbsp;; \u00e0 Paris, les res\u00adpon\u00adsables d\u00e9ci\u00add\u00e8rent de \u00ab&nbsp;s\u2019occuper&nbsp;\u00bb de Carassus.&nbsp;<\/p>\n<p>La r\u00e9so\u00adlu\u00adtion pr\u00e9\u00adsen\u00adt\u00e9e au Comi\u00adt\u00e9 g\u00e9n\u00e9\u00adral de l\u2019U.D. \u00e9tait, elle, par\u00adfai\u00adte\u00adment conforme \u00e0 la ver\u00adsion num\u00e9\u00adro un&nbsp;: il faut natio\u00adna\u00adli\u00adser les filiales&nbsp;; et voyons un peu qui n\u2019est pas d\u2019accord. \u00c0 part une abs\u00adten\u00adtion \u2013 celle du Syn\u00addi\u00adcat des cor\u00adrec\u00adteurs, l\u2019unanimit\u00e9 se fit. En effet, au Comi\u00adt\u00e9 g\u00e9n\u00e9\u00adral des syn\u00addi\u00adcats C.G.T. de Paris, seuls les syn\u00addi\u00adcats ont le droit de vote. La com\u00admis\u00adsion ex\u00e9\u00adcu\u00adtive n\u2019a que voix consul\u00adta\u00adtive et ne vote pas. On assis\u00adta donc \u00e0 une savante man\u0153uvre de congr\u00e8s pour faire en sorte que tous les pr\u00e9\u00adsents puissent s\u2019exprimer. Et Caras\u00adsus remit&nbsp;cela&nbsp;!&nbsp;<\/p>\n<p>On pour\u00adrait sou\u00adrire. Qu\u2019est-ce que cela a \u00e0 voir avec les int\u00e9\u00adr\u00eats des tra\u00advailleurs&nbsp;? N\u2019oublions pas que la C.G.T. influence une grande par\u00adtie des sala\u00adri\u00e9s et pour la pre\u00admi\u00e8re fois depuis des ann\u00e9es l\u2019unanimit\u00e9 de l\u2019appareil diri\u00adgeant se fis\u00adsure, jetant le mili\u00adtant d\u2019entreprise dans le d\u00e9sar\u00adroi le plus com\u00adplet. Au Cr\u00e9\u00addit lyon\u00adnais pari\u00adsien, l\u2019absence de pers\u00adpec\u00adtive d\u00e9cou\u00adrage les adh\u00e9\u00adrents, qui oscil\u00adlent entre le replie\u00adment sur la reven\u00addi\u00adca\u00adtion quo\u00adti\u00addienne et l\u2019envoi de d\u00e9l\u00e9\u00adga\u00adtions aux par\u00adtis poli\u00adtiques. Par\u00admi les conduc\u00adteurs du m\u00e9tro, les mili\u00adtants ont peur de s\u2019adresser aux tra\u00advailleurs, parce que dans les dis\u00adcus\u00adsions qui s\u2019engagent chaque res\u00adpon\u00adsable donne la posi\u00adtion de son par\u00adti et non celle de la Conf\u00e9\u00add\u00e9\u00adra\u00adtion. Cela est vrai aus\u00adsi dans une grande par\u00adtie des U.L., \u00e0 l\u2019EDF-GDF et dans les syn\u00addi\u00adcats du Cr\u00e9dit.&nbsp;<\/p>\n<p>Beau\u00adcoup de tra\u00advailleurs et de mili\u00adtants estiment en outre que \u00ab&nbsp;c\u2019est fou\u00adtu&nbsp;!&nbsp;\u00bb et baissent le dos. \u00c0 Paris, alors que la Conf\u00e9\u00add\u00e9\u00adra\u00adtion pousse tr\u00e8s fort pour lan\u00adcer des d\u00e9bats sur le mani\u00adfeste \u00ab&nbsp;Pour que vive le Pro\u00adgramme com\u00admun&nbsp;\u00bb, accom\u00adpa\u00adgn\u00e9 de pro\u00adc\u00e8s-ver\u00adbaux des dis\u00adcus\u00adsions, seule\u00adment dix docu\u00adments sont remontes \u00e0 l\u2019U.D. <\/p>\n<h3>Et le 1<sup>er<\/sup> d\u00e9cembre&nbsp;?<\/h3>\n<p>Dans cette situa\u00adtion confuse, le mot d\u2019ordre de gr\u00e8ve de vingt-quatre heures de gr\u00e8ve du 1<sup>er<\/sup>&nbsp;d\u00e9cembre appa\u00adra\u00eet comme une bou\u00e9e, et cha\u00adcun se lance dans la pr\u00e9\u00adpa\u00adra\u00adtion de l\u2019action. Atten\u00adtion, dit-on du c\u00f4t\u00e9 des direc\u00adtions, \u00e0 la fuite en&nbsp;avant&nbsp;!&nbsp;<\/p>\n<p>Dans cer\u00adtains sec\u00adteurs de la SNCF, il sem\u00adble\u00adrait que \u00ab&nbsp;les choses ne sont pas claires&nbsp;\u00bb&nbsp;; des tra\u00advailleurs, des mili\u00adtants pensent \u00ab&nbsp;encore&nbsp;\u00bb que pour \u00eatre effi\u00adcaces les gr\u00e8ves doivent blo\u00adquer l\u2019\u00e9conomie. Il faut que la direc\u00adtion apporte ses expli\u00adca\u00adtions&nbsp;: les gr\u00e8ves natio\u00adnales sont l\u2019expression d\u2019un m\u00e9con\u00adten\u00adte\u00adment. \u00c9vi\u00addem\u00adment, apr\u00e8s cela, les tra\u00advailleurs sont las des gr\u00e8ves de vingt-quatre heures\u2026&nbsp;<\/p>\n<p>Ris\u00adque\u00adrait-il d\u2019y avoir des \u00ab&nbsp;d\u00e9bor\u00adde\u00adments&nbsp;\u00bb&nbsp;? Les ouvriers fati\u00adgu\u00e9s ne don\u00adne\u00adront-ils pas le beau spec\u00adtacle du 24&nbsp;mai, dans l\u2019unit\u00e9, pour le pro\u00adgramme com\u00admun et l\u2019union de la gauche&nbsp;?&nbsp;<\/p>\n<p>On peut mesu\u00adrer \u00e0 ces quelques indi\u00adca\u00adtions com\u00adbien on a mar\u00adch\u00e9 chez les tra\u00advailleurs, com\u00adbien l\u2019aspiration au chan\u00adge\u00adment a pu \u00eatre cap\u00adt\u00e9e par les par\u00adtis de la gauche par\u00adle\u00admen\u00adtaire et com\u00adbien la d\u00e9ma\u00adgo\u00adgie \u00e9lec\u00adto\u00adra\u00adliste peut \u00eatre n\u00e9faste.&nbsp;<\/p>\n<p>Fai\u00adsons \u00e9cla\u00adter les contra\u00addic\u00adtions&nbsp;; mon\u00adtrons aujourd\u2019hui que les cra\u00adque\u00adments de la C.G.T. ne sont qu\u2019escarmouches de par\u00adtis sur des pro\u00adbl\u00e8mes d\u2019h\u00e9g\u00e9monie dans les appa\u00adreils syn\u00addi\u00adcaux&nbsp;; agran\u00addis\u00adsons la fis\u00adsure qui appa\u00adra\u00eet entre le P.C. et le C.E.R.E.S. \u00e0 l\u2019int\u00e9rieur des syn\u00addi\u00adcats&nbsp;; par\u00adti\u00adci\u00adpons au d\u00e9bat et plu\u00adt\u00f4t que de par\u00adler des filiales dis\u00adcu\u00adtons des tra\u00advailleurs, de leurs orga\u00adni\u00adsa\u00adtions, de leurs reven\u00addi\u00adca\u00adtions et du socialisme&nbsp;!&nbsp;<\/p>\n<p>Mon\u00adtrons le scan\u00addale qui consiste pen\u00addant cinq ans \u00e0 matra\u00adquer les tra\u00advailleurs pour les lan\u00adcer \u00e0 l\u2019assaut des urnes de la V<sup>e<\/sup>&nbsp;R\u00e9pu\u00adblique, pour tout cas\u00adser ensuite, avec pour cons\u00e9\u00adquence le d\u00e9cou\u00adra\u00adge\u00adment et la lassitude.&nbsp;<\/p>\n<h3>Crapules ou incapables&nbsp;?<\/h3>\n<p>Et ce n\u2019est pas fini&nbsp;; un res\u00adpon\u00adsable de l\u2019U.D. de Paris CGT ne disait-il pas que \u00ab&nbsp;si l\u2019Union de la Gauche n\u2019est qu\u2019un accord de d\u00e9sis\u00adte\u00adment, la C.G.T. ne pour\u00adra pas appor\u00adter son sou\u00adtien \u00e0 un niveau aus\u00adsi grand qu\u2019elle l\u2019a fait pour le pro\u00adgramme com\u00admun&nbsp;\u00bb. En clair, la frac\u00adtion du P.C.F. est pr\u00eate \u00e0 tout blo\u00adquer, y com\u00adpris jusqu\u2019\u00e0 lais\u00adser la droite gagner les \u00e9lections.&nbsp;<\/p>\n<p>Les voi\u00adl\u00e0 les com\u00adpli\u00adci\u00adt\u00e9s objec\u00adtives&nbsp;! L\u2019appareil du P.C.F. est, comme il y a cin\u00adquante ans en U.R.S.S., qua\u00adrante en Espagne, pr\u00eat \u00e0 tout pour conser\u00adver son h\u00e9g\u00e9\u00admo\u00adnie sur les tra\u00advailleurs. Nous avons l\u00e0, avec l\u2019ensemble des syn\u00addi\u00adca\u00adlistes, l\u2019occasion de le mon\u00adtrer aux tra\u00advailleurs, afin qu\u2019ils recon\u00adqui\u00e8rent la direc\u00adtion de leurs syndicats.<\/p>\n","protected":false},"excerpt":{"rendered":"<p>Lorsque, d\u00e9but octobre, deux membres de la com\u00admis\u00adsion ex\u00e9\u00adcu\u00adtive de la C.G.T. votaient contre la d\u00e9cla\u00adra\u00adtion pr\u00e9\u00adsen\u00adt\u00e9e par le bureau conf\u00e9\u00add\u00e9\u00adral sur la rup\u00adture des n\u00e9go\u00adcia\u00adtions entre les par\u00adtis de gauche, beau\u00adcoup de cama\u00adrades se sont \u00e9ton\u00adn\u00e9s. Le fameux mono\u00adli\u00adthisme de la C.G.T. n\u2019aurait-il \u00e9t\u00e9 que de fa\u00e7ade&nbsp;?&nbsp; Caras\u00adsus et Ger\u00admon, membres du P.S.,&nbsp;ayant&nbsp;[\u2026]<\/p>\n","protected":false},"author":1,"featured_media":0,"comment_status":"closed","ping_status":"closed","sticky":false,"template":"","format":"standard","meta":{"wp_typography_post_enhancements_disabled":false,"footnotes":""},"categories":[235],"tags":[],"ppma_author":[540],"class_list":["post-1866","post","type-post","status-publish","format-standard","hentry","category-solidarite-ouvriere-n76-novembre-1977"],"authors":[{"term_id":540,"user_id":1,"is_guest":0,"slug":"admin_3gikpwyf","display_name":"Vincent Dubuc","avatar_url":"https:\/\/secure.gravatar.com\/avatar\/d015720652c25fd2ced191ade86430094e1f288a17483713e3b34d26dea52507?s=96&d=mm&r=g","author_category":"","user_url":"https:\/\/la-presse-anarchiste.net","last_name":"Dubuc","first_name":"Vincent","job_title":"","description":""}],"_links":{"self":[{"href":"https:\/\/la-presse-anarchiste.net\/index.php\/wp-json\/wp\/v2\/posts\/1866","targetHints":{"allow":["GET"]}}],"collection":[{"href":"https:\/\/la-presse-anarchiste.net\/index.php\/wp-json\/wp\/v2\/posts"}],"about":[{"href":"https:\/\/la-presse-anarchiste.net\/index.php\/wp-json\/wp\/v2\/types\/post"}],"author":[{"embeddable":true,"href":"https:\/\/la-presse-anarchiste.net\/index.php\/wp-json\/wp\/v2\/users\/1"}],"replies":[{"embeddable":true,"href":"https:\/\/la-presse-anarchiste.net\/index.php\/wp-json\/wp\/v2\/comments?post=1866"}],"version-history":[{"count":0,"href":"https:\/\/la-presse-anarchiste.net\/index.php\/wp-json\/wp\/v2\/posts\/1866\/revisions"}],"wp:attachment":[{"href":"https:\/\/la-presse-anarchiste.net\/index.php\/wp-json\/wp\/v2\/media?parent=1866"}],"wp:term":[{"taxonomy":"category","embeddable":true,"href":"https:\/\/la-presse-anarchiste.net\/index.php\/wp-json\/wp\/v2\/categories?post=1866"},{"taxonomy":"post_tag","embeddable":true,"href":"https:\/\/la-presse-anarchiste.net\/index.php\/wp-json\/wp\/v2\/tags?post=1866"},{"taxonomy":"author","embeddable":true,"href":"https:\/\/la-presse-anarchiste.net\/index.php\/wp-json\/wp\/v2\/ppma_author?post=1866"}],"curies":[{"name":"wp","href":"https:\/\/api.w.org\/{rel}","templated":true}]}}