{"id":1867,"date":"2008-11-28T22:19:23","date_gmt":"2008-11-28T22:19:23","guid":{"rendered":"https:\/\/la-presse-anarchiste.net\/index.php\/2008\/11\/28\/cfdt-quel-syndicalisme\/"},"modified":"2008-11-28T22:19:23","modified_gmt":"2008-11-28T22:19:23","slug":"cfdt-quel-syndicalisme","status":"publish","type":"post","link":"https:\/\/la-presse-anarchiste.net\/index.php\/2008\/11\/28\/cfdt-quel-syndicalisme\/","title":{"rendered":"CFDT, quel syndicalisme&nbsp;?"},"content":{"rendered":"<div class=\"pdfprnt-buttons pdfprnt-buttons-post pdfprnt-top-right\"><a href=\"https:\/\/la-presse-anarchiste.net\/index.php\/wp-json\/wp\/v2\/posts\/1867?print=pdf\" class=\"pdfprnt-button pdfprnt-button-pdf\" target=\"_blank\"><img decoding=\"async\" src=\"https:\/\/la-presse-anarchiste.net\/wp-content\/plugins\/pdf-print\/images\/pdf.png\" alt=\"image_pdf\" title=\"Afficher le PDF\"><\/a><a href=\"https:\/\/la-presse-anarchiste.net\/index.php\/wp-json\/wp\/v2\/posts\/1867?print=print\" class=\"pdfprnt-button pdfprnt-button-print\" target=\"_blank\"><img decoding=\"async\" src=\"https:\/\/la-presse-anarchiste.net\/wp-content\/plugins\/pdf-print\/images\/print.png\" alt=\"image_print\" title=\"Contenu imprim\u00e9\"><\/a><\/div><p><cs>Se faire entendre en tant que syn\u00addi\u00adca\u00adlistes et liber\u00adtaires sans user de pra\u00adtiques bureau\u00adcra\u00adtiques ni d\u00e9tour\u00adne\u00adment de man\u00addats au sein de la CFDT&nbsp;; telle semble \u00eatre la moti\u00adva\u00adtion du nou\u00adveau groupe de mili\u00adtants qui vient d\u2019\u00e9diter dis\u00adcr\u00e8\u00adte\u00adment le n\u00b0&nbsp;1 du bul\u00adle\u00adtin \u00ab&nbsp;R\u00e9flexion syn\u00addi\u00adca\u00adliste et liber\u00adtaire&nbsp;\u00bb. Qui sont ces mili\u00adtants&nbsp;? Dans leur lettre de pr\u00e9\u00adsen\u00adta\u00adtion parue en juin ils se d\u00e9fi\u00adnissent ain\u00adsi&nbsp;: \u00ab&nbsp;Nous sommes un groupe de mili\u00adtants CFDT d\u00e9si\u00adreux de faire entendre nos concep\u00adtions appuy\u00e9es sur une pra\u00adtique de tous les&nbsp;jours.&nbsp;\u00bb&nbsp;<\/cs><\/p>\n<p>N\u2019acceptant pas les m\u00e9thodes bureau\u00adcra\u00adtiques de la \u00ab&nbsp;contri\u00adbu\u00adtion&nbsp;\u00bb, ils veulent \u00ab&nbsp;avant tout, conser\u00adver l\u2019unit\u00e9 de la CFDT gra\u00adve\u00adment mena\u00adc\u00e9e \u00e0 l\u2019heure actuelle par les affron\u00adte\u00adments, ouverts ou feu\u00adtr\u00e9s, entre la \u00ab&nbsp;majo\u00adri\u00adt\u00e9 conf\u00e9\u00add\u00e9\u00adrale&nbsp;\u00bb, la \u00ab&nbsp;contri\u00adbu\u00adtion&nbsp;\u00bb et l\u2019extr\u00eame gauche r\u00e9vo\u00adlu\u00adtion\u00adnaire&nbsp;\u00bb&nbsp;! Le groupe \u00ab&nbsp;R\u00e9flexion&nbsp;\u00bb accuse les som\u00admets f\u00e9d\u00e9\u00adraux d\u2019avoir pro\u00advo\u00adqu\u00e9 la situa\u00adtion actuelle de la CFDT cons\u00e9\u00adcu\u00adti\u00adve\u00adment aux appels pour les Assises du socia\u00adlisme qui auraient exa\u00adcer\u00adb\u00e9 les luttes de ten\u00addances, dan\u00adger pour l\u2019unit\u00e9 et l\u2019efficacit\u00e9 de la&nbsp;CFDT.&nbsp;<\/p>\n<p>Le lec\u00adteur note\u00adra sans doute la simi\u00adli\u00adtude de conso\u00adnance entre le groupe \u00ab&nbsp;R\u00e9flexion&nbsp;\u00bb avec celle du groupe \u00ab&nbsp;Recons\u00adtruc\u00adtion&nbsp;\u00bb, groupe qui a \u00e9t\u00e9 \u00e0 l\u2019origine de la trans\u00adfor\u00adma\u00adtion de la CFTC en&nbsp;CFDT.&nbsp;<\/p>\n<p>Nous sommes assez r\u00e9ti\u00adcents quant \u00e0 la for\u00adma\u00adtion de groupes intra-conf\u00e9\u00add\u00e9\u00adraux. Sou\u00advent, et l\u2019exp\u00e9rience le prouve, ceux-ci finissent par d\u00e9na\u00adtu\u00adrer les id\u00e9es et l\u2019action syn\u00addi\u00adca\u00adlistes liber\u00adtaires. La cause en est la n\u00e9ces\u00adsaire et l\u2019in\u00e9vitable d\u00e9fense de l\u2019unit\u00e9 conf\u00e9\u00add\u00e9\u00adrale qui est la contre-par\u00adtie indis\u00adpen\u00adsable \u00e0 don\u00adner pour se faire tol\u00e9\u00adrer et ne pas atti\u00adrer imm\u00e9\u00addia\u00adte\u00adment les r\u00e9ac\u00adtions r\u00e9pres\u00adsives de l\u2019appareil. C\u2019est le cas des pseu\u00addo-syn\u00addi\u00adca\u00adlistes r\u00e9vo\u00adlu\u00adtion\u00adnaires de F.O. de l\u2019ancien bul\u00adle\u00adtin \u00ab&nbsp;Pour nous le com\u00adbat conti\u00adnue&nbsp;\u00bb, regrou\u00adp\u00e9s aujourd\u2019hui dans le groupe Fer\u00adnand-Pel\u00adlou\u00adtier d\u2019Alexandre H\u00e9bert, per\u00adma\u00adnent F.O. depuis des lustres. Ce groupe qui passe l\u2019essentiel de son temps \u00e0 la cri\u00adtique de l\u2019\u00c9glise catho\u00adlique, ency\u00adcliques \u00e0 l\u2019appui, et \u00e0 celle de la CFDT accu\u00ads\u00e9e d\u2019\u00eatre un paravent \u00e0 cur\u00e9s. Mais de com\u00adpro\u00admis en com\u00adpro\u00admis\u00adsion, ces cama\u00adrades en sont arri\u00adv\u00e9s \u00e0 ne plus rien faire d\u2019autre que d\u2019assurer le sou\u00adtien de F.O. et Ber\u00adge\u00adron, garant de l\u2019unit\u00e9 de F.O., et la p\u00e9ren\u00adni\u00adt\u00e9 de l\u2019appareil de Force Ouvri\u00e8re quoi qu\u2019il en co\u00fbte. Deman\u00addez aux cama\u00adrades confron\u00adt\u00e9s loca\u00adle\u00adment \u00e0 cette r\u00e9a\u00adli\u00adt\u00e9 ce qu\u2019il en est exac\u00adte\u00adment du syn\u00addi\u00adca\u00adlisme liber\u00adtaire de ces messieurs&nbsp;!<\/p>\n<p>Rap\u00adpe\u00adlons que le groupe \u00ab&nbsp;Recons\u00adtruc\u00adtion&nbsp;\u00bb repo\u00adsait presque uni\u00adque\u00adment sur des res\u00adpon\u00adsables bien implan\u00adt\u00e9s dans l\u2019appareil de la CFTC dont la figure la plus mar\u00adquante aura \u00e9t\u00e9 Eug\u00e8ne Des\u00adcamps. Les anciens membres de ce groupe sont les actuels per\u00adma\u00adnents f\u00e9d\u00e9\u00adraux et conf\u00e9\u00add\u00e9\u00adraux accu\u00ads\u00e9s aujourd\u2019hui de frac\u00adtion\u00adnisme et qui, ne l\u2019oublions pas, sont rom\u00adpus aux pra\u00adtiques obs\u00adcures, bureau\u00adcra\u00adtiques et de ten\u00addances, tel qu\u2019ils ont pu le d\u00e9mon\u00adtrer dans les affaires r\u00e9centes que d\u00e9nonce le groupe \u00ab&nbsp;R\u00e9flexion&nbsp;\u00bb.<\/p>\n<p>L\u2019Alliance Syn\u00addi\u00adca\u00adliste est heu\u00adreuse de consta\u00adter que des ini\u00adtia\u00adtives liber\u00adtaires se mani\u00adfestent avec viva\u00adci\u00adt\u00e9, mais que ce sen\u00adti\u00adment n\u2019emp\u00eache pas la cri\u00adtique n\u00e9ces\u00adsaire et le d\u00e9bat public.&nbsp;<\/p>\n<p>Quand les anar\u00adcho\u00adsyn\u00addi\u00adca\u00adlistes et les syn\u00addi\u00adca\u00adlistes r\u00e9vo\u00adlu\u00adtion\u00adnaires anti\u00adau\u00adto\u00adri\u00adtaires ont d\u00e9ci\u00add\u00e9 de consti\u00adtuer l\u2019ASRAS, leur but \u00e9tait de construire une orga\u00adni\u00adsa\u00adtion d\u2019expression et d\u2019action syn\u00addi\u00adca\u00adliste liber\u00adtaire qui puisse regrou\u00adper l\u2019ensemble des anar\u00adcho\u00adsyn\u00addi\u00adca\u00adlistes et syn\u00addi\u00adca\u00adlistes r\u00e9vo\u00adlu\u00adtion\u00adnaires sans aucune consi\u00add\u00e9\u00adra\u00adtion d\u2019appartenance syn\u00addi\u00adcale ni et sur\u00adtout de ne pri\u00advi\u00adl\u00e9\u00adgier aucune conf\u00e9\u00add\u00e9\u00adra\u00adtion quel\u00adconque. Il appar\u00adte\u00adnait \u00e0 cha\u00adcun de se d\u00e9ter\u00admi\u00adner en fonc\u00adtion des r\u00e9a\u00adli\u00adt\u00e9s locales et d\u2019\u00eatre l\u00e0 o\u00f9 son action aurait \u00e9t\u00e9 le plus effi\u00adcace et o\u00f9 la d\u00e9fense des int\u00e9\u00adr\u00eats ouvriers serait le mieux d\u00e9fen\u00addu. Dans la pra\u00adtique, la CFDT a \u00e9t\u00e9 pri\u00advi\u00adl\u00e9\u00adgi\u00e9e de fait&nbsp;: le choix de la majo\u00adri\u00adt\u00e9 des cama\u00adrades se por\u00adtant sur la CFDT, seule struc\u00adture d\u00e9mo\u00adcra\u00adtique et d\u2019action ouvri\u00e8re du moment qui ne soit tom\u00adb\u00e9e dans la col\u00adla\u00adbo\u00adra\u00adtion de classe comme F.O. <\/p>\n<p>Nous sou\u00adhai\u00adtons de tout c\u0153ur que le jeune groupe \u00ab&nbsp;R\u00e9flexion&nbsp;\u00bb sache pas\u00adser au tra\u00advers des mailles de cet obs\u00adtacle et ne pas, non plus, d\u00e9g\u00e9\u00adn\u00e9\u00adrer en un groupe de d\u00e9fense de rela\u00adtive auto\u00adno\u00admie des syn\u00addi\u00adca\u00adlistes de sym\u00adpa\u00adthie libertaire.&nbsp;<\/p>\n<p>Le n\u00b01 de \u00ab&nbsp;R\u00e9flexion&nbsp;\u00bb ne r\u00e9pond pas \u00e0 notre seconde inqui\u00e9\u00adtude. Ce num\u00e9\u00adro sur le f\u00e9d\u00e9\u00adra\u00adlisme est un peu trop gen\u00adtillet, rien de trop cho\u00adquant pour la bureau\u00adcra\u00adtie, ni de tr\u00e8s moti\u00advant pour des mili\u00adtants qui recher\u00adche\u00adraient une struc\u00adture d\u2019action&nbsp;; m\u00eame si les ques\u00adtions sou\u00adle\u00adv\u00e9es sont assez per\u00adti\u00adnentes et que les pro\u00adpo\u00adsi\u00adtions de r\u00e9forme, visant \u00e0 am\u00e9\u00adlio\u00adrer le fonc\u00adtion\u00adne\u00adment de la CFDT, sont hon\u00adn\u00eates. Notamment&nbsp;:<br> \u2013 l\u2019institution sys\u00adt\u00e9\u00adma\u00adtique du vote s\u00e9pa\u00adr\u00e9 d\u00e8s lors qu\u2019une mino\u00adri\u00adt\u00e9 (dont le seuil reste \u00e0 fixer) le r\u00e9clame&nbsp;;<br> \u2013 la publi\u00adca\u00adtion int\u00e9\u00adgrale des votes lors des congr\u00e8s ou conseils afin d\u2019assurer un meilleur contr\u00f4le des mandats&nbsp;;<br> \u2013 sur le droit des struc\u00adtures mino\u00adri\u00adtaires \u00e0 ne pas s\u2019inscrire dans des actions d\u2019ensemble d\u00e9ci\u00add\u00e9es majo\u00adri\u00adtai\u00adre\u00adment ain\u00adsi que le droit \u00e0 leur expression.&nbsp;<\/p>\n<p>Par contre, les pro\u00adpo\u00adsi\u00adtions sur la charte finan\u00adci\u00e8re de la CFDT sont tr\u00e8s timo\u00adr\u00e9es et ne s\u2019inscrivent que tr\u00e8s peu dans la vision f\u00e9d\u00e9\u00adra\u00adliste liber\u00adtaire des struc\u00adtures. Le sys\u00adt\u00e8me finan\u00adcier de la CFDT est extr\u00ea\u00adme\u00adment cen\u00adtra\u00adli\u00ads\u00e9 et ne peut \u00eatre r\u00e9for\u00adm\u00e9 sans deve\u00adnir boi\u00adteux. Qui d\u00e9tient les cor\u00addons de la bourse d\u00e9tient le pou\u00advoir&nbsp;r\u00e9el.&nbsp;<\/p>\n<p>Voi\u00adla pour\u00adquoi nous res\u00adtons fid\u00e8les \u00e0 ce prin\u00adcipe d\u2019\u00eatre ouverts \u00e0 tous et de ne pas limi\u00adter notre action aux d\u00e9dales de cou\u00adloirs d\u2019une conf\u00e9\u00add\u00e9\u00adra\u00adtion, mais tout au contraire de tou\u00adjours consi\u00add\u00e9\u00adrer l\u2019ensemble des pro\u00adbl\u00e8mes de la classe ouvri\u00e8re. Com\u00adment les syn\u00addi\u00adca\u00adlistes liber\u00adtaires pour\u00adraient-ils par\u00adler d\u2019unit\u00e9 de la classe ouvri\u00e8re si eux, les pre\u00admiers, se divi\u00adsaient en une kyrielle de clubs intra-conf\u00e9\u00add\u00e9\u00adraux, tous igno\u00adrants de l\u2019action des autres cama\u00adrades des autres conf\u00e9\u00add\u00e9\u00adra\u00adtions. Ce serait une pra\u00adtique qui entra\u00ee\u00adne\u00adrait la divi\u00adsion ouvri\u00e8re, qui serait incom\u00adprise de l\u2019ensemble des travailleurs.&nbsp;<\/p>\n<p>Nous assu\u00adrons ces cama\u00adrades de notre soli\u00adda\u00adri\u00adt\u00e9, mais ne cau\u00adtion\u00adne\u00adrons pas cette ini\u00adtia\u00adtive. La consti\u00adtu\u00adtion de l\u2019Alliance Syn\u00addi\u00adca\u00adliste est une condam\u00adna\u00adtion sans appel des patrio\u00adtismes conf\u00e9\u00add\u00e9\u00adraux qui nuisent \u00e0 l\u2019action des tra\u00advailleurs et retardent l\u2019av\u00e8nement du socialisme.&nbsp;<\/p>\n<p>Par\u00adlons d\u2019unit\u00e9 bien s\u00fbr, mais de celle des travailleurs.&nbsp;<\/p>\n","protected":false},"excerpt":{"rendered":"<p>Se faire entendre en tant que syn\u00addi\u00adca\u00adlistes et liber\u00adtaires sans user de pra\u00adtiques bureau\u00adcra\u00adtiques ni d\u00e9tour\u00adne\u00adment de man\u00addats au sein de la CFDT&nbsp;; telle semble \u00eatre la moti\u00adva\u00adtion du nou\u00adveau groupe de mili\u00adtants qui vient d\u2019\u00e9diter dis\u00adcr\u00e8\u00adte\u00adment le n\u00b0&nbsp;1 du bul\u00adle\u00adtin \u00ab&nbsp;R\u00e9flexion syn\u00addi\u00adca\u00adliste et liber\u00adtaire&nbsp;\u00bb. Qui sont ces mili\u00adtants&nbsp;? Dans leur lettre de pr\u00e9\u00adsen\u00adta\u00adtion&nbsp;parue&nbsp;[\u2026]<\/p>\n","protected":false},"author":1,"featured_media":0,"comment_status":"closed","ping_status":"closed","sticky":false,"template":"","format":"standard","meta":{"wp_typography_post_enhancements_disabled":false,"footnotes":""},"categories":[235],"tags":[],"ppma_author":[540],"class_list":["post-1867","post","type-post","status-publish","format-standard","hentry","category-solidarite-ouvriere-n76-novembre-1977"],"authors":[{"term_id":540,"user_id":1,"is_guest":0,"slug":"admin_3gikpwyf","display_name":"Vincent Dubuc","avatar_url":"https:\/\/secure.gravatar.com\/avatar\/d015720652c25fd2ced191ade86430094e1f288a17483713e3b34d26dea52507?s=96&d=mm&r=g","author_category":"","user_url":"https:\/\/la-presse-anarchiste.net","last_name":"Dubuc","first_name":"Vincent","job_title":"","description":""}],"_links":{"self":[{"href":"https:\/\/la-presse-anarchiste.net\/index.php\/wp-json\/wp\/v2\/posts\/1867","targetHints":{"allow":["GET"]}}],"collection":[{"href":"https:\/\/la-presse-anarchiste.net\/index.php\/wp-json\/wp\/v2\/posts"}],"about":[{"href":"https:\/\/la-presse-anarchiste.net\/index.php\/wp-json\/wp\/v2\/types\/post"}],"author":[{"embeddable":true,"href":"https:\/\/la-presse-anarchiste.net\/index.php\/wp-json\/wp\/v2\/users\/1"}],"replies":[{"embeddable":true,"href":"https:\/\/la-presse-anarchiste.net\/index.php\/wp-json\/wp\/v2\/comments?post=1867"}],"version-history":[{"count":0,"href":"https:\/\/la-presse-anarchiste.net\/index.php\/wp-json\/wp\/v2\/posts\/1867\/revisions"}],"wp:attachment":[{"href":"https:\/\/la-presse-anarchiste.net\/index.php\/wp-json\/wp\/v2\/media?parent=1867"}],"wp:term":[{"taxonomy":"category","embeddable":true,"href":"https:\/\/la-presse-anarchiste.net\/index.php\/wp-json\/wp\/v2\/categories?post=1867"},{"taxonomy":"post_tag","embeddable":true,"href":"https:\/\/la-presse-anarchiste.net\/index.php\/wp-json\/wp\/v2\/tags?post=1867"},{"taxonomy":"author","embeddable":true,"href":"https:\/\/la-presse-anarchiste.net\/index.php\/wp-json\/wp\/v2\/ppma_author?post=1867"}],"curies":[{"name":"wp","href":"https:\/\/api.w.org\/{rel}","templated":true}]}}