{"id":1870,"date":"2008-11-28T22:50:49","date_gmt":"2008-11-28T22:50:49","guid":{"rendered":"https:\/\/la-presse-anarchiste.net\/index.php\/2008\/11\/28\/le-syndicat-doit-rester-independant\/"},"modified":"2008-11-28T22:50:49","modified_gmt":"2008-11-28T22:50:49","slug":"le-syndicat-doit-rester-independant","status":"publish","type":"post","link":"https:\/\/la-presse-anarchiste.net\/index.php\/2008\/11\/28\/le-syndicat-doit-rester-independant\/","title":{"rendered":"\u00ab&nbsp;Le syndicat doit rester ind\u00e9pendant&nbsp;\u00bb\u2026"},"content":{"rendered":"<div class=\"pdfprnt-buttons pdfprnt-buttons-post pdfprnt-top-right\"><a href=\"https:\/\/la-presse-anarchiste.net\/index.php\/wp-json\/wp\/v2\/posts\/1870?print=pdf\" class=\"pdfprnt-button pdfprnt-button-pdf\" target=\"_blank\"><img decoding=\"async\" src=\"https:\/\/la-presse-anarchiste.net\/wp-content\/plugins\/pdf-print\/images\/pdf.png\" alt=\"image_pdf\" title=\"Afficher le PDF\"><\/a><a href=\"https:\/\/la-presse-anarchiste.net\/index.php\/wp-json\/wp\/v2\/posts\/1870?print=print\" class=\"pdfprnt-button pdfprnt-button-print\" target=\"_blank\"><img decoding=\"async\" src=\"https:\/\/la-presse-anarchiste.net\/wp-content\/plugins\/pdf-print\/images\/print.png\" alt=\"image_print\" title=\"Contenu imprim\u00e9\"><\/a><\/div><p>La grande majo\u00adri\u00adt\u00e9 des adh\u00e9\u00adrents de la C.F.D.T. ne s\u2019est cer\u00adtai\u00adne\u00adment pas sen\u00adtie direc\u00adte\u00adment concer\u00adn\u00e9e par les d\u00e9bats du XXXVII<sup>e<\/sup> congr\u00e8s.<\/p>\n<p>Un congr\u00e8s marque, para\u00eet-il, la vie d\u2019une orga\u00adni\u00adsa\u00adtion. Nous sommes ten\u00adt\u00e9s de croire que ce sont plu\u00adt\u00f4t les pr\u00e9\u00adpa\u00adra\u00adtifs dans les cou\u00adloirs, les intrigues \u2013 dans les\u00adquelles inter\u00adviennent tant des consi\u00add\u00e9\u00adra\u00adtions poli\u00adtiques que des que\u00adrelles de pou\u00advoir \u2013 et les d\u00e9ci\u00adsions de l\u2019\u00e9quipe diri\u00adgeante nou\u00advel\u00adle\u00adment \u00e9lue qui enga\u00adge\u00adront des adh\u00e9\u00adrents n\u2019en pou\u00advant&nbsp;mais.&nbsp;<\/p>\n<p>Cepen\u00addant, dans un congr\u00e8s, on se bat sur des textes, on vote des motions, des r\u00e9so\u00adlu\u00adtions, on \u00e9tu\u00addie des amen\u00adde\u00adments. La tra\u00addi\u00adtion est res\u00adpec\u00adt\u00e9e&nbsp;: on pr\u00e9\u00adf\u00e8re tou\u00adjours jeter bas l\u2019adversaire avec des mots, et gar\u00adder le pou\u00advoir par des moyens appro\u00adpri\u00e9s dans les\u00adquels la d\u00e9mo\u00adcra\u00adtie syn\u00addi\u00adcale ne joue qu\u2019un r\u00f4le mineur.&nbsp;<\/p>\n<p>En poli\u00adtique, et par\u00adti\u00adcu\u00adli\u00e8\u00adre\u00adment lorsqu\u2019il s\u2019agit d\u2019\u00e9tudier et de com\u00adprendre le com\u00adpor\u00adte\u00adment des diri\u00adgeants \u00ab&nbsp;ouvriers&nbsp;\u00bb, de nom\u00adbreux fac\u00adteurs inter\u00adviennent, par\u00adti\u00adcu\u00adli\u00e8\u00adre\u00adment des ph\u00e9\u00adno\u00adm\u00e8nes de pou\u00advoir au niveau indi\u00advi\u00adduel, les vicis\u00adsi\u00adtudes de la car\u00adri\u00e8re de per\u00adma\u00adnent syn\u00addi\u00adcal, qui obligent \u00e0 bien des chan\u00adge\u00adments d\u2019attitude, plus, ce qu\u2019il est conve\u00adnu d\u2019appeler le r\u00e9a\u00adlisme et l\u2019adaptation aux nou\u00advelles r\u00e9a\u00adli\u00adt\u00e9s \u00e9co\u00adno\u00admiques et sociales, etc.&nbsp;<\/p>\n<p>C\u2019est ain\u00adsi qu\u2019on ver\u00adra des pro\u00admo\u00adteurs de l\u2019autogestion confier que ce qui s\u2019appelle ain\u00adsi en France peut tr\u00e8s bien s\u2019appeler coges\u00adtion en Alle\u00admagne f\u00e9d\u00e9\u00adrale, par\u00adti\u00adci\u00adpa\u00adtion ou concer\u00adta\u00adtion ailleurs, selon l\u2019interlocuteur patro\u00adnal ou gou\u00adver\u00adne\u00admen\u00adtal. L\u2019autogestion, le socia\u00adlisme de demain et l\u2019avenir des tra\u00advailleurs, c\u2019est de la soupe. Comme dit l\u2019autre, \u00ab&nbsp;il y a un temps pour tout&nbsp;\u00bb. Tan\u00adt\u00f4t le congr\u00e8s et \u00ab&nbsp;la r\u00e9flexion des mil\u00adliers de mili\u00adtants&nbsp;\u00bb, tan\u00adt\u00f4t les al\u00e9as de la bonne vieille poli\u00adtique au jour le&nbsp;jour.&nbsp;<\/p>\n<p>Na\u00effs ou escrocs&nbsp;? Confondre la tran\u00adsi\u00adtion au socia\u00adlisme avec l\u2019accroissement du nombre de pi\u00e8ces du par\u00adti socia\u00adliste au Par\u00adle\u00adment, badi\u00adner sur \u00ab&nbsp;la n\u00e9ces\u00adsaire uni\u00adt\u00e9 poli\u00adtique de la nation&nbsp;\u00bb, affec\u00adter de croire que des non-sala\u00adri\u00e9s et des \u00ab&nbsp;orga\u00adni\u00adsa\u00adtions proches du mou\u00adve\u00adment ouvrier&nbsp;\u00bb ont autant int\u00e9\u00adr\u00eat que la classe ouvri\u00e8re au socia\u00adlisme, est-ce de l\u2019aveuglement ou de la duplicit\u00e9&nbsp;?&nbsp;<\/p>\n<p>Les oppo\u00adsi\u00adtions et les diver\u00adgences ne pou\u00advant s\u2019exprimer au congr\u00e8s que sur des textes, les congres\u00adsistes auraient eu quelque 700 amen\u00adde\u00adments \u00e0 \u00e9tu\u00addier por\u00adtant sur la r\u00e9so\u00adlu\u00adtion g\u00e9n\u00e9\u00adrale, l\u2019ensemble de ces amen\u00adde\u00adments consti\u00adtuant une bro\u00adchure de 130 pages. La com\u00admis\u00adsion des r\u00e9so\u00adlu\u00adtions veillait, qui en int\u00e9\u00adgra quelques-uns, reje\u00adta la qua\u00adsi-tota\u00adli\u00adt\u00e9 des autres, de telle sorte qu\u2019il n\u2019en res\u00adtait que 14 \u00e0 sou\u00admettre au congr\u00e8s. Le poids de la direc\u00adtion en place \u00e9tant ce qu\u2019il est, \u00e0 la C.F.D.T. comme ailleurs, les amen\u00adde\u00adments rete\u00adnus \u00e9taient, de l\u2019avis g\u00e9n\u00e9\u00adral, les plus mal for\u00admu\u00adl\u00e9s, les plus vagues. Bien des syn\u00addi\u00adcats ne se retrou\u00advaient pas dans des amen\u00adde\u00adments pr\u00e9\u00adsen\u00adt\u00e9s comme proches des&nbsp;leurs.<\/p>\n<p>D\u2019autres struc\u00adtures avaient pr\u00e9\u00adf\u00e9\u00adr\u00e9 la forme \u00ab&nbsp;contri\u00adbu\u00adtion au d\u00e9bat&nbsp;\u00bb. On conna\u00eet le texte des f\u00e9d\u00e9\u00adra\u00adtions HA.CUI.TEX., P.T.T., Banque, San\u00adt\u00e9, Construc\u00adtion-bois et la r\u00e9gion Rh\u00f4ne-Alpes. La f\u00e9d\u00e9\u00adra\u00adtion des ser\u00advices, pour sa part, dis\u00adtri\u00adbua sa propre contri\u00adbu\u00adtion aux portes du congr\u00e8s. Nous aurons l\u2019occasion de reve\u00adnir sur l\u2019avenir conf\u00e9\u00add\u00e9\u00adral de ces signa\u00adtaires, sur\u00adtout des premiers.&nbsp;<\/p>\n<p>Dans cet enche\u00adv\u00ea\u00adtre\u00adment de textes, la majo\u00adri\u00adt\u00e9 des adh\u00e9\u00adrents, ne se retrou\u00adve\u00adra pas. Mis \u00e0 part ceux qui auront lu le compte ren\u00addu int\u00e9\u00adgral du congr\u00e8s dans <i>Syn\u00addi\u00adca\u00adlisme-heb\u00addo<\/i>, les autres n\u2019ayant qu\u2019une toute petite par\u00adtie de l\u2019information. \u00c0 moins, bien enten\u00addu, qu\u2019ils assistent \u00e0 des jour\u00adn\u00e9es de r\u00e9flexion sur le congr\u00e8s \u2013 orga\u00adni\u00ads\u00e9es <b>apr\u00e8s le congr\u00e8s<\/b>, avec le texte de la r\u00e9so\u00adlu\u00adtion g\u00e9n\u00e9\u00adrale vot\u00e9e devant les yeux, c\u2019est plus s\u00fbr. Mais la place de diri\u00adgeant syn\u00addi\u00adcal offre entre autres cet avan\u00adtage de pou\u00advoir pas\u00adser des heures et des jours \u00e0 dis\u00adcu\u00adter sur des textes et d\u2019envoyer pro\u00adme\u00adner l\u2019adh\u00e9rent curieux en lui disant que les mots n\u2019ont pas d\u2019importance. Un texte de congr\u00e8s est une arme \u00e0 double tran\u00adchant&nbsp;: c\u2019est une r\u00e9f\u00e9\u00adrence poli\u00adtique pour trois ans (la direc\u00adtion n\u2019est man\u00adda\u00adt\u00e9e que sur la base des r\u00e9so\u00adlu\u00adtions\u2026 ), et c\u2019est un repous\u00adsoir (air connu&nbsp;: \u00ab&nbsp;Le congr\u00e8s. ce n\u2019est pas la v\u00e9ri\u00adtable d\u00e9mo\u00adcra\u00adtie&nbsp;; ici, on est \u00e0 la gauche de la conf\u00e9\u00add\u00e9, tu peux me faire confiance&nbsp;\u00bb).<\/p>\n<p>Mais, en der\u00adni\u00e8re ana\u00adlyse, ce sont bien les congr\u00e8s qui nour\u00adrissent les bureaucrates.&nbsp;<\/p>\n<h3>\u00ab&nbsp;Ne laissez pas les travailleurs jouer avec le pouvoir&nbsp;\u00bb<\/h3>\n<p>Deux th\u00e8mes de dis\u00adcus\u00adsion ont par\u00adti\u00adcu\u00adli\u00e8\u00adre\u00adment rete\u00adnu notre atten\u00adtion. Le pre\u00admier, la tran\u00adsi\u00adtion au socia\u00adlisme \u2013 pour par\u00adler clair&nbsp;: que fait-on en 78 si la gauche est majo\u00adri\u00adtaire au par\u00adle\u00adment&nbsp;? \u2013 et le second, la place des cadres dans l\u2019organisation syn\u00addi\u00adcale \u2013 pour par\u00adler clair&nbsp;: la place des cadres en g\u00e9n\u00e9ral.&nbsp;<\/p>\n<p>Un para\u00adgraphe, ajou\u00adt\u00e9 avant le congr\u00e8s au pro\u00adjet de r\u00e9so\u00adlu\u00adtion g\u00e9n\u00e9\u00adrale, et vot\u00e9 sous le num\u00e9\u00adro 235, semble copi\u00e9 sur le best-sel\u00adler du par\u00adti com\u00admu\u00adniste, \u00ab&nbsp;Le socia\u00adlisme pour la France&nbsp;\u00bb&nbsp;:&nbsp;<\/p>\n<p><quote>\u00ab&nbsp;Dans la phase de tran\u00adsi\u00adtion, le pou\u00advoir est exer\u00adc\u00e9 par l\u2019ensemble des forces qui luttent pour la d\u00e9fense et la construc\u00adtion du pro\u00adjet socia\u00adliste contre toutes les sur\u00advi\u00advances de l\u2019exploitation, de la domi\u00adna\u00adtion et de l\u2019ali\u00e9nation. <\/quote><\/p>\n<p>\u00ab&nbsp;Dans le cadre de la pla\u00adni\u00adfi\u00adca\u00adtion d\u00e9mo\u00adcra\u00adtique si ce sont les tra\u00advailleurs sala\u00adri\u00e9s qui exercent une influence d\u00e9ter\u00admi\u00adnante dans l\u2019entreprise, au niveau de l\u2019ensemble de la soci\u00e9\u00adt\u00e9 d\u2019autres couches que les seuls tra\u00advailleurs sala\u00adri\u00e9s sont impliqu\u00e9es.<\/p>\n<p>\u00ab&nbsp;L\u2019ambition de la C.F.D.T. est de contri\u00adbuer au ras\u00adsem\u00adble\u00adment conscient de l\u2019immense majo\u00adri\u00adt\u00e9 de la popu\u00adla\u00adtion dans la lutte anti-capi\u00adta\u00adliste et la construc\u00adtion du socia\u00adlisme auto\u00adges\u00adtion\u00adnaire. Celui-ci ne sau\u00adrait se limi\u00adter \u00e0 l\u2019accession au pou\u00advoir des seuls salari\u00e9s.&nbsp;<\/p>\n<p>\u00ab&nbsp;Leur situa\u00adtion dans la soci\u00e9\u00adt\u00e9, l\u2019exp\u00e9rience acquise par les orga\u00adni\u00adsa\u00adtions du mou\u00adve\u00adment ouvrier conf\u00e8rent aux sala\u00adri\u00e9s orga\u00adni\u00ads\u00e9s un r\u00f4le moteur d\u2019entra\u00eenement, d\u2019initiatives et de pro\u00adpo\u00adsi\u00adtions, mais, avec eux, un grand nombre de tra\u00advailleurs non sala\u00adri\u00e9s et d\u2019organisations proches du mou\u00adve\u00adment ouvrier peuvent par\u00adve\u00adnir \u00e0 la claire conscience de la n\u00e9ces\u00adsi\u00adt\u00e9 d\u2019une soci\u00e9\u00adt\u00e9 socia\u00adliste auto\u00adg\u00e9\u00adr\u00e9e et com\u00adbattre pour sa r\u00e9alisation.&nbsp;<\/p>\n<p>\u00ab&nbsp;Com\u00adbattre toute tech\u00adno\u00adcra\u00adtie, toute bureau\u00adcra\u00adtie, c\u2019est refu\u00adser de mono\u00adpo\u00adli\u00adser le pou\u00advoir entre les mains de quelque cat\u00e9\u00adgo\u00adrie que ce&nbsp;soit.&nbsp;\u00bb&nbsp;<\/p>\n<p>\u2026 et sur\u00adtout pas des tra\u00advailleurs. On ne sait si la direc\u00adtion conf\u00e9\u00add\u00e9\u00adrale prend ses sources dans la pro\u00adpa\u00adgande du Par\u00adti com\u00admu\u00adniste. aupr\u00e8s du secr\u00e9\u00adta\u00adriat d\u2019\u00c9tat aux tra\u00advailleurs manuels ou dans les \u00c9van\u00adgiles. Parions pour les \u00c9vangiles.<\/p>\n<p>Il ne faut l\u00e9ser per\u00adsonne, c\u2019est bien connu. Les tra\u00advailleurs auront un r\u00f4le moteur dans la soci\u00e9\u00adt\u00e9. Notons qu\u2019ils ont d\u00e9j\u00e0 un grand r\u00f4le dans la soci\u00e9\u00adt\u00e9 capi\u00adta\u00adliste&nbsp;: ils produisent.&nbsp;<\/p>\n<p>Com\u00adment va-t-on orga\u00adni\u00adser cette soci\u00e9\u00adt\u00e9 qui fera droit aux int\u00e9\u00adr\u00eats des couches qui, actuel\u00adle\u00adment, sans exploi\u00adter direc\u00adte\u00adment les tra\u00advailleurs, vivent de la plus-value pro\u00adduite par ces der\u00adniers \u2013 comme les cadres \u2013 ou pro\u00adfitent de l\u2019organisation actuelle de la soci\u00e9\u00adt\u00e9 et de fa place que leur laisse le mar\u00adch\u00e9 mono\u00adpo\u00adliste&nbsp;? On pour\u00adrait peut-\u00eatre \u00e9lire le par\u00adle\u00adment \u00e0 la pro\u00adpor\u00adtion\u00adnelle et le chef d\u2019\u00e9tat-major des arm\u00e9es au suf\u00adfrage uni\u00adver\u00adsel&nbsp;? La r\u00e9vo\u00adlu\u00adtion,&nbsp;quoi.&nbsp;<\/p>\n<p>Bien enten\u00addu, lors de la dis\u00adcus\u00adsion sur un amen\u00adde\u00adment intro\u00addui\u00adsant le concept d\u2019h\u00e9g\u00e9monie ouvri\u00e8re dans l\u2019union des forces popu\u00adlaires \u2013 amen\u00adde\u00adment pas tr\u00e8s clair d\u2019ailleurs, c\u2019est le moins qu\u2019on puisse dire \u2013, on a lais\u00ads\u00e9 entendre qu\u2019il fal\u00adlait repous\u00adser l\u2019amendement pour s\u2019opposer aux m\u00e9chants pro\u00adpa\u00adgan\u00addistes de la \u00ab&nbsp;dic\u00adta\u00adture du pro\u00adl\u00e9\u00adta\u00adriat&nbsp;\u00bb, aux l\u00e9ni\u00adnistes. Ain\u00adsi oppo\u00ads\u00e9e au l\u00e9ni\u00adnisme, la d\u00e9mo\u00adcra\u00adtie bour\u00adgeoise s\u2019est refait une ver\u00adtu \u00e0 bon compte. Elle, au moins, n\u2019accorde pas tout le pou\u00advoir aux tra\u00advailleurs, m\u00eame pas dans sa propagande.&nbsp;<\/p>\n<p>Le C.I.D.-U.N.A.T.I. n\u2019a donc plus qu\u2019\u00e0 deman\u00adder son entr\u00e9e dans l\u2019union des forces popu\u00adlaires. Une orga\u00adni\u00adsa\u00adtion syn\u00addi\u00adcale de tra\u00advailleurs sala\u00adri\u00e9s se pr\u00e9\u00adoc\u00adcupe davan\u00adtage de l\u2019avenir de couches sociales \u00e9tran\u00adg\u00e8res \u00e0 la classe ouvri\u00e8re que des int\u00e9\u00adr\u00eats des tra\u00advailleurs eux-m\u00eames.&nbsp;<\/p>\n<p>H\u00e9las&nbsp;! sur cette ques\u00adtion, les oppo\u00adsants n\u2019ont gu\u00e8re d\u2019id\u00e9e plus brillante \u00e0 pro\u00adpo\u00adser. Le d\u00e9fen\u00adseur de l\u2019amendement bap\u00adti\u00ads\u00e9 \u00ab&nbsp;h\u00e9g\u00e9\u00admo\u00adnie \u2018ouvri\u00e8re&nbsp;\u00bb confiait en effet au congr\u00e8s&nbsp;:&nbsp;<\/p>\n<blockquote><p>\u00ab&nbsp;Certes, il s\u2019agit d\u2019accorder \u00e0 chaque cat\u00e9\u00adgo\u00adrie la place qui lui revient\u2026\u00bb<\/p><\/blockquote>\n<p>Sans doute est-ce le juge\u00adment de Dieu qui met\u00adtra cha\u00adcun \u00e0 sa&nbsp;place.&nbsp;<\/p>\n<h3>Organiser le personnel d\u2019encadrement vers l\u2019autogestion<\/h3>\n<p>L\u2019existence de l\u2019Union conf\u00e9\u00add\u00e9\u00adrale des cadres, le poids qu\u2019elle a pris dans la conf\u00e9\u00add\u00e9\u00adra\u00adtion, les sacri\u00adfices finan\u00adciers qu\u2019elle demande aux orga\u00adni\u00adsa\u00adtions conf\u00e9\u00add\u00e9\u00adr\u00e9es, ont pro\u00advo\u00adqu\u00e9 de nom\u00adbreux amen\u00adde\u00adments de la part des syn\u00addi\u00adcats. Citons-en quelques exemples&nbsp;:&nbsp;<\/p>\n<p><quote>\u00ab&nbsp;Le congr\u00e8s entend que les objec\u00adtifs et la stra\u00adt\u00e9\u00adgie de l\u2019U.C.C. reposent sur les bases suivantes&nbsp;:&nbsp;<\/quote><\/p>\n<p>La syn\u00addi\u00adca\u00adli\u00adsa\u00adtion et la mise \u00e0 l\u2019action col\u00adlec\u00adtive des ing\u00e9\u00adnieurs et cadres doit se faire dans le res\u00adpect des objec\u00adtifs de classe de la C.F.D.T.<\/p>\n<p>L\u2019organisation des cadres&nbsp;:<br> \u2013 ne doit pas tant se faire sur des bases de d\u00e9fense de cat\u00e9\u00adgo\u00adries pro\u00adfes\u00adsion\u00adnelles issues de la divi\u00adsion du tra\u00advail en soci\u00e9\u00adt\u00e9 capi\u00adta\u00adliste et par\u00adti\u00adci\u00adpantes \u00e0 la redis\u00adtri\u00adbu\u00adtion de la plus-value cr\u00e9\u00e9e par la classe ouvri\u00e8re&nbsp;;<br> \u2013 mais bien se faire sur les objec\u00adtifs de cette derni\u00e8re.&nbsp;<\/p>\n<p>La syn\u00addi\u00adca\u00adli\u00adsa\u00adtion des cadres leur per\u00admet de rejoindre l\u2019ensemble des tra\u00advailleurs et de concou\u00adrir \u00e0 la dis\u00adpa\u00adri\u00adtion des classes et \u00e0 l\u2019abolition du salariat.&nbsp;\u00bb<\/p>\n<p>Et, plus laconique&nbsp;:&nbsp;<\/p>\n<blockquote><p>\u00ab&nbsp;Sup\u00adpres\u00adsion de l\u2019existence de l\u2019U.C.C., struc\u00adture pro\u00advi\u00adsoire mise en place lors du XXXV<sup>e<\/sup> congr\u00e8s et qui a un r\u00f4le de divi\u00adsion cat\u00e9gorielle.&nbsp;\u00bb<\/p><\/blockquote>\n<p>L\u2019amendement pro\u00adpo\u00ads\u00e9 au vote du congr\u00e8s visait, lui, \u00e0 impul\u00adser dans l\u2019organisation une <b>dis\u00adcus\u00adsion<\/b> sur la dis\u00adpa\u00adri\u00adtion de l\u2019U.C.C., et son rem\u00adpla\u00adce\u00adment par une com\u00admis\u00adsion rat\u00adta\u00adch\u00e9e au sec\u00adteur action revendicative.<\/p>\n<p>Le d\u00e9fen\u00adseur de l\u2019amendement ayant pro\u00adpo\u00ads\u00e9 un d\u00e9bat sur l\u2019U.C.C., celui-ci fut com\u00adbat\u00adtu par un repr\u00e9\u00adsen\u00adtant de cer\u00adtains syn\u00addi\u00adcats de la chi\u00admie, de la m\u00e9tal\u00adlur\u00adgie et des P.T.T., qui r\u00e9cla\u00adma un d\u00e9bat appro\u00adfon\u00addi, et par Jean\u00adnette Laot, qui pro\u00adpo\u00adsa un bilan et un d\u00e9bat. On ne com\u00adprend pas, ou plu\u00adt\u00f4t on a peur de com\u00adprendre, sur quoi les por\u00adteurs de man\u00addats se sont prononc\u00e9s.&nbsp;<\/p>\n<p>Doit-on pen\u00adser que les pen\u00adseurs conf\u00e9\u00add\u00e9\u00adraux n\u2019ont pas su r\u00e9sis\u00adter \u00e0 la ten\u00adta\u00adtion de cher\u00adcher un \u00ab&nbsp;cr\u00e9\u00adneau&nbsp;\u00bb dans les op\u00e9\u00adra\u00adtions de \u00ab&nbsp;mar\u00adke\u00adting&nbsp;\u00bb qui se d\u00e9ve\u00adloppent en direc\u00adtion des cadres&nbsp;? Publi\u00adci\u00adt\u00e9 tapa\u00adgeuse, publi\u00adca\u00adtions luxueuses, tout le monde cherche \u00e0 cou\u00advrir le mar\u00adch\u00e9 des cadres. Ceux-ci, d\u2019ailleurs, ne demandent pas mieux. Mais comme une orga\u00adni\u00adsa\u00adtion syn\u00addi\u00adcale ne peut pas leur faire de cadeaux de fin d\u2019ann\u00e9e, leur offrir des s\u00e9mi\u00adnaires, elle attaque sur le ter\u00adrain de leurs int\u00e9\u00adr\u00eats sp\u00e9\u00adci\u00adfiques de couche sociale inter\u00adm\u00e9\u00addiaire. Les int\u00e9\u00adres\u00adser au pro\u00adjet de soci\u00e9\u00adt\u00e9 conf\u00e9\u00add\u00e9\u00adrale, c\u2019est leur offrir une place au soleil dans le socia\u00adlisme auto\u00adges\u00adtion\u00adnaire, d\u00e9mo\u00adcra\u00adtique, pla\u00adni\u00adfi\u00e9 et tout. Dans cette soci\u00e9\u00adt\u00e9, \u00e0 la dif\u00adf\u00e9\u00adrence de l\u2019ancienne, les com\u00adp\u00e9\u00adtences seront \u00e9va\u00adlu\u00e9es sur des cri\u00adt\u00e8res \u00ab&nbsp;scien\u00adti\u00adfiques&nbsp;\u00bb&nbsp;: le mieux serait que les cadres d\u2019aujourd\u2019hui soient appe\u00adl\u00e9s \u00e0 juger des com\u00adp\u00e9\u00adtences demain. Comme cela, pas de pro\u00adbl\u00e8me. La repro\u00adduc\u00adtion est assur\u00e9e.&nbsp;<\/p>\n<p>Pre\u00adnons le pro\u00adbl\u00e8me \u00e0 l\u2019envers. Une couche sociale, les cadres, s\u2019inqui\u00e8te de son ave\u00adnir dans la soci\u00e9\u00adt\u00e9 capi\u00adta\u00adliste. Le r\u00f4le d\u2019encadrement, ce n\u2019est plus ce que c\u2019\u00e9tait. On n\u2019a plus de consi\u00add\u00e9\u00adra\u00adtion, on est licen\u00adci\u00e9 comme tout le monde (indem\u00adni\u00adt\u00e9s en plus, il est vrai\u2026), les cam\u00adpagnes anti-hi\u00e9\u00adrar\u00adchiques se d\u00e9ve\u00adloppent. Bref, \u00e7a ne va plus. Les repr\u00e9\u00adsen\u00adtants les plus \u00e9clai\u00adr\u00e9s de cette cat\u00e9\u00adgo\u00adrie, avec quelques uni\u00adver\u00adsi\u00adtaires qui font car\u00adri\u00e8re dans le syn\u00addi\u00adca\u00adlisme, s\u2019emploient \u00e0 n\u00e9go\u00adcier avec les diri\u00adgeants \u00ab&nbsp;ouvriers&nbsp;\u00bb. Cela s\u2019appelle \u00ab&nbsp;socia\u00adlisme et entre\u00adprise&nbsp;\u00bb, U.G.I.C.T.-C.G.T. et U.C.C. Le socia\u00adlisme, bap\u00adti\u00ads\u00e9 auto\u00adges\u00adtion\u00adnaire ici, aux cou\u00adleurs de la France l\u00e0, c\u2019est peut-\u00eatre le pou\u00advoir des cadres, puisque ce n\u2019est pas celui des tra\u00advailleurs salari\u00e9s.&nbsp;<\/p>\n<h3>Les r\u00e9sultats des courses<\/h3>\n<p>Il est \u00e9ga\u00adle\u00adment int\u00e9\u00adres\u00adsant de se pen\u00adcher sur le r\u00e9sul\u00adtat de l\u2019\u00e9lection au Bureau Natio\u00adnal. On d\u00e9couvre que les can\u00addi\u00addats pr\u00e9\u00adsen\u00adt\u00e9s par les f\u00e9d\u00e9\u00adra\u00adtions \u00ab&nbsp;oppo\u00adsi\u00adtion\u00adnelles&nbsp;\u00bb arrivent en t\u00eate. Sont-ils des <b>repr\u00e9\u00adsen\u00adtants<\/b> d\u2019un cou\u00adrant d\u2019opposition&nbsp;? Rien n\u2019est moins s\u00fbr. On mur\u00admure ici et l\u00e0 que ces f\u00e9d\u00e9\u00adra\u00adtions, leurs organes diri\u00adgeants du moins, se seraient d\u00e9bar\u00adras\u00ads\u00e9es.&nbsp;Voire.&nbsp;<\/p>\n<p>Cer\u00adtains per\u00adma\u00adnents ont res\u00adsen\u00adti ces r\u00e9sul\u00adtats comme un \u00e9chec per\u00adson\u00adnel. On a sa fier\u00adt\u00e9. Le \u00ab&nbsp;Bul\u00adle\u00adtin du mili\u00adtant&nbsp;\u00bb de la m\u00e9tal\u00adlur\u00adgie se fait l\u2019\u00e9cho de ces d\u00e9pits. On aurait cher\u00adch\u00e9, laisse-t-il entendre, par de sombres man\u0153uvres qu\u2019il d\u00e9nonce, \u00e0 saper les assises de M.&nbsp;Ch\u00e9\u00adr\u00e8que. Lui, un ancien chef de fabri\u00adca\u00adtion&nbsp;! Quand on vous dit que les grou\u00adpus\u00adcules ne res\u00adpectent rien\u2026<\/p>\n<p>Les por\u00adteurs de man\u00addats r\u00e9unis au congr\u00e8s ont-ils por\u00adt\u00e9 leurs espoirs sur les signa\u00adtaires de la \u00ab&nbsp;contri\u00adbu\u00adtion au&nbsp;d\u00e9bat&nbsp;\u00bb&nbsp;?&nbsp;<\/p>\n<p>Le refus du Bureau natio\u00adnal d\u2019accorder des res\u00adpon\u00adsa\u00adbi\u00adli\u00adt\u00e9s aux \u00e9lus de ces f\u00e9d\u00e9\u00adra\u00adtions et r\u00e9gion, la volon\u00adt\u00e9 affir\u00adm\u00e9e d\u2019une direc\u00adtion homo\u00adg\u00e8ne, am\u00e8nent \u00e0 se deman\u00adder si la direc\u00adtion conf\u00e9\u00add\u00e9\u00adrale n\u2019a pas cher\u00adch\u00e9 \u00e0 se consti\u00adtuer une oppo\u00adsi\u00adtion. Le texte de la contri\u00adbu\u00adtion au d\u00e9bat n\u2019est pour\u00adtant pas m\u00e9chant. La phrase est \u00ab&nbsp;gauche&nbsp;\u00bb, HA.CUI.TEX. se rap\u00adpelle Krum\u00adnov (la conf\u00e9\u00add\u00e9\u00adra\u00adtion aus\u00adsi, c\u2019est le coup d\u00e9sor\u00admais clas\u00adsique du h\u00e9ros trop t\u00f4t dis\u00adpa\u00adru, c\u2019est tou\u00adjours les meilleurs qui partent, gar\u00addons les mil\u00adlions du grand-p\u00e8re et ven\u00addons son por\u00adtrait). La seule note dis\u00adcor\u00addante chez ces solistes&nbsp;: <b>ils reven\u00addiquent une meilleure r\u00e9par\u00adti\u00adtion des res\u00adpon\u00adsa\u00adbi\u00adli\u00adt\u00e9s syn\u00addi\u00adcales au b\u00e9n\u00e9\u00adfice des mili\u00adtants ouvriers<\/b>, issus direc\u00adte\u00adment de la pro\u00adduc\u00adtion ou du bureau. L\u2019analyse des \u00ab&nbsp;cur\u00adri\u00adcu\u00adlum vitae&nbsp;\u00bb des diri\u00adgeants, parus dans <i>Syn\u00addi\u00adca\u00adlisme Heb\u00addo<\/i>, est \u00e9vi\u00addem\u00adment acca\u00adblante pour cer\u00adtains carri\u00e9ristes.&nbsp;<\/p>\n<p>L\u2019avantage d\u2019une oppo\u00adsi\u00adtion \u00ab&nbsp;offi\u00adcielle&nbsp;\u00bb serait en effet esti\u00admable pour les diri\u00adgeants actuels. Elle per\u00admet\u00adtrait d\u2019isoler les \u00ab&nbsp;gau\u00adchistes&nbsp;\u00bb en contrai\u00adgnant les oppo\u00adsants \u00ab&nbsp;fac\u00adtices&nbsp;\u00bb \u00e0 leur taper des\u00adsus pour prou\u00adver leur \u00ab&nbsp;res\u00adpon\u00adsa\u00adbi\u00adli\u00adt\u00e9&nbsp;\u00bb. Et comme cer\u00adtains per\u00adma\u00adnents aiment jouer les oppo\u00adsants pour conser\u00adver leur place dans leur struc\u00adture, tout le monde y gagne, sauf les tra\u00advailleurs, mais qui s\u2019en soucie&nbsp;?&nbsp;<\/p>\n<h3>Du contre-plan au&nbsp;plan<\/h3>\n<p>La pers\u00adpec\u00adtive des \u00e9lec\u00adtions l\u00e9gis\u00adla\u00adtives de 1978 et d\u2019une \u00e9ven\u00adtuelle vic\u00adtoire de la gauche pla\u00adnait sur le congr\u00e8s&nbsp;; elle domi\u00adne\u00adra encore les pr\u00e9\u00adoc\u00adcu\u00adpa\u00adtions des diri\u00adgeants conf\u00e9\u00add\u00e9\u00adraux. Le risque est grand de les voir pr\u00e9\u00adpa\u00adrer, de concert avec leurs amis les diri\u00adgeants socia\u00adlistes, un \u00ab&nbsp;contrat&nbsp;\u00bb, un contre-plan en quelque sorte, une digue contre les aspi\u00adra\u00adtions dans tra\u00advailleurs, par\u00admi les\u00adquels cer\u00adtains na\u00effs pour\u00adraient se lais\u00adser aller \u00e0 des exc\u00e8s regret\u00adtables et se croire d\u00e9ten\u00adteurs d\u2019une par\u00adtie du pou\u00advoir. Il faut gar\u00adder \u00e0 chaque cat\u00e9\u00adgo\u00adrie la place qui lui revient&nbsp;: la direc\u00adtion aux diri\u00adgeants, l\u2019ex\u00e9cution aux ex\u00e9cutants.<\/p>\n","protected":false},"excerpt":{"rendered":"<p>La grande majo\u00adri\u00adt\u00e9 des adh\u00e9\u00adrents de la C.F.D.T. ne s\u2019est cer\u00adtai\u00adne\u00adment pas sen\u00adtie direc\u00adte\u00adment concer\u00adn\u00e9e par les d\u00e9bats du XXX\u00adVIIe congr\u00e8s. Un congr\u00e8s marque, para\u00eet-il, la vie d\u2019une orga\u00adni\u00adsa\u00adtion. Nous sommes ten\u00adt\u00e9s de croire que ce sont plu\u00adt\u00f4t les pr\u00e9\u00adpa\u00adra\u00adtifs dans les cou\u00adloirs, les intrigues \u2013 dans les\u00adquelles inter\u00adviennent tant des consi\u00add\u00e9\u00adra\u00adtions poli\u00adtiques que&nbsp;des&nbsp;[\u2026]<\/p>\n","protected":false},"author":1,"featured_media":0,"comment_status":"closed","ping_status":"closed","sticky":false,"template":"","format":"standard","meta":{"wp_typography_post_enhancements_disabled":false,"footnotes":""},"categories":[236],"tags":[],"ppma_author":[540],"class_list":["post-1870","post","type-post","status-publish","format-standard","hentry","category-solidarite-ouvriere-n60-61-juillet-aout-1976"],"authors":[{"term_id":540,"user_id":1,"is_guest":0,"slug":"admin_3gikpwyf","display_name":"Vincent Dubuc","avatar_url":"https:\/\/secure.gravatar.com\/avatar\/d015720652c25fd2ced191ade86430094e1f288a17483713e3b34d26dea52507?s=96&d=mm&r=g","author_category":"","user_url":"https:\/\/la-presse-anarchiste.net","last_name":"Dubuc","first_name":"Vincent","job_title":"","description":""}],"_links":{"self":[{"href":"https:\/\/la-presse-anarchiste.net\/index.php\/wp-json\/wp\/v2\/posts\/1870","targetHints":{"allow":["GET"]}}],"collection":[{"href":"https:\/\/la-presse-anarchiste.net\/index.php\/wp-json\/wp\/v2\/posts"}],"about":[{"href":"https:\/\/la-presse-anarchiste.net\/index.php\/wp-json\/wp\/v2\/types\/post"}],"author":[{"embeddable":true,"href":"https:\/\/la-presse-anarchiste.net\/index.php\/wp-json\/wp\/v2\/users\/1"}],"replies":[{"embeddable":true,"href":"https:\/\/la-presse-anarchiste.net\/index.php\/wp-json\/wp\/v2\/comments?post=1870"}],"version-history":[{"count":0,"href":"https:\/\/la-presse-anarchiste.net\/index.php\/wp-json\/wp\/v2\/posts\/1870\/revisions"}],"wp:attachment":[{"href":"https:\/\/la-presse-anarchiste.net\/index.php\/wp-json\/wp\/v2\/media?parent=1870"}],"wp:term":[{"taxonomy":"category","embeddable":true,"href":"https:\/\/la-presse-anarchiste.net\/index.php\/wp-json\/wp\/v2\/categories?post=1870"},{"taxonomy":"post_tag","embeddable":true,"href":"https:\/\/la-presse-anarchiste.net\/index.php\/wp-json\/wp\/v2\/tags?post=1870"},{"taxonomy":"author","embeddable":true,"href":"https:\/\/la-presse-anarchiste.net\/index.php\/wp-json\/wp\/v2\/ppma_author?post=1870"}],"curies":[{"name":"wp","href":"https:\/\/api.w.org\/{rel}","templated":true}]}}