{"id":1885,"date":"2008-12-04T00:19:37","date_gmt":"2008-12-04T00:19:37","guid":{"rendered":"https:\/\/la-presse-anarchiste.net\/index.php\/2008\/12\/04\/anarcho-syndicalisme-14\/"},"modified":"2008-12-04T00:19:37","modified_gmt":"2008-12-04T00:19:37","slug":"anarcho-syndicalisme-14","status":"publish","type":"post","link":"https:\/\/la-presse-anarchiste.net\/index.php\/2008\/12\/04\/anarcho-syndicalisme-14\/","title":{"rendered":"Anarcho-syndicalisme"},"content":{"rendered":"<div class=\"pdfprnt-buttons pdfprnt-buttons-post pdfprnt-top-right\"><a href=\"https:\/\/la-presse-anarchiste.net\/index.php\/wp-json\/wp\/v2\/posts\/1885?print=pdf\" class=\"pdfprnt-button pdfprnt-button-pdf\" target=\"_blank\"><img decoding=\"async\" src=\"https:\/\/la-presse-anarchiste.net\/wp-content\/plugins\/pdf-print\/images\/pdf.png\" alt=\"image_pdf\" title=\"Afficher le PDF\"><\/a><a href=\"https:\/\/la-presse-anarchiste.net\/index.php\/wp-json\/wp\/v2\/posts\/1885?print=print\" class=\"pdfprnt-button pdfprnt-button-print\" target=\"_blank\"><img decoding=\"async\" src=\"https:\/\/la-presse-anarchiste.net\/wp-content\/plugins\/pdf-print\/images\/print.png\" alt=\"image_print\" title=\"Contenu imprim\u00e9\"><\/a><\/div><p>Les dif\u00adf\u00e9\u00adrentes formes prises au cours de l\u2019histoire par la pro\u00adpri\u00e9\u00adt\u00e9 juri\u00addique des moyens de pro\u00adduc\u00adtion n\u2019ont jamais \u00e9t\u00e9 en elles-m\u00eames des causes dans l\u2019\u00e9volution des rap\u00adports de pro\u00adduc\u00adtion capi\u00adta\u00adlistes. Les formes juri\u00addiques ne sont qu\u2019une cons\u00e9\u00adquence, elles ne font que refl\u00e9\u00adter des rap\u00adports de pro\u00adduc\u00adtion. La soci\u00e9\u00adt\u00e9 capi\u00adta\u00adliste se carac\u00adt\u00e9\u00adrise par la constante \u00e9vo\u00adlu\u00adtion qui lui est impo\u00ads\u00e9e par la recherche du pro\u00adfit, et par la n\u00e9ces\u00adsi\u00adt\u00e9 de d\u00e9ve\u00adlop\u00adper les forces pro\u00adduc\u00adtives. Pour satis\u00adfaire ce besoin, elle ne peut faire autre\u00adment que de concen\u00adtrer le capi\u00adtal en un nombre de mains de plus en plus r\u00e9duit.&nbsp;<\/p>\n<p>Cette concen\u00adtra\u00adtion s\u2019accompagne d\u2019une \u00e9vo\u00adlu\u00adtion paral\u00adl\u00e8le dans les formes juri\u00addiques de pro\u00adpri\u00e9\u00adt\u00e9. Des formes extr\u00ea\u00adme\u00adment vari\u00e9es de pro\u00adpri\u00e9\u00adt\u00e9 sont pos\u00adsibles sans que la nature pro\u00adfonde du capi\u00adta\u00adlisme soit affec\u00adt\u00e9e, sans que soit sup\u00adpri\u00adm\u00e9e l\u2019appropriation du sur\u00adpro\u00adduit social par une mino\u00adri\u00adt\u00e9. Autre\u00adment dit, il n\u2019est nul\u00adle\u00adment besoin de pos\u00ads\u00e9\u00adder des titres de pro\u00adpri\u00e9\u00adt\u00e9 pour \u00eatre un exploi\u00adteur capitaliste.&nbsp;<\/p>\n<p>Si on ana\u00adlyse la soci\u00e9\u00adt\u00e9 bour\u00adgeoise en termes de rap\u00adports sociaux de pro\u00adduc\u00adtion et non en termes de formes juri\u00addiques, le capi\u00adta\u00adlisme lib\u00e9\u00adral ou mono\u00adpo\u00adliste peut se d\u00e9fi\u00adnir par l\u2019existence de centres mul\u00adtiples d\u2019appropriation du sur\u00adpro\u00adduit social, alors que le capi\u00adta\u00adlisme d\u2019\u00c9tat se d\u00e9fi\u00adnit par un centre unique d\u2019appropriation. La concen\u00adtra\u00adtion totale du capi\u00adtal aux mains de l\u2019\u00c9tat, l\u2019existence d\u2019un centre unique d\u2019appropriation n\u2019est pas syno\u00adnyme de socia\u00adlisme. La concen\u00adtra\u00adtion de la pro\u00adpri\u00e9\u00adt\u00e9 des moyens de pro\u00adduc\u00adtion aux mains de l\u2019\u00c9tat ne consti\u00adtue pas une rup\u00adture avec le capi\u00adta\u00adlisme, elle n\u2019en est qu\u2019une des formes.&nbsp;<\/p>\n<h3>Dans les pays industriels d\u00e9velopp\u00e9s<\/h3>\n<p>La concen\u00adtra\u00adtion du capi\u00adtal et le mou\u00adve\u00adment vers le capi\u00adta\u00adlisme d\u2019\u00c9tat ne sont pas une d\u00e9marche consciente et volon\u00adtaire. C\u2019est la r\u00e9ponse au besoin d\u2019accro\u00eetre les pro\u00adfits, de d\u00e9ve\u00adlop\u00adper les forces pro\u00adduc\u00adtives. Le capi\u00adta\u00adlisme d\u2019\u00c9tat se r\u00e9v\u00e8le comme une r\u00e9ponse \u00e0 l\u2019impossibilit\u00e9, dans des condi\u00adtions don\u00adn\u00e9es, d\u2019assurer l\u2019expansion \u00e9co\u00adno\u00admique. Il appa\u00adra\u00eet de fa\u00e7on beau\u00adcoup plus nette dans les pays o\u00f9 il est impos\u00adsible de d\u00e9ve\u00adlop\u00adper les forces pro\u00adduc\u00adtives dans les formes tra\u00addi\u00adtion\u00adnelles du capi\u00adta\u00adlisme mono\u00adpo\u00adliste ou lib\u00e9ral.&nbsp;<\/p>\n<p>Dans les pays indus\u00adtria\u00adli\u00ads\u00e9s, la ten\u00addance est d\u2019autant moins visible que le pays a une posi\u00adtion domi\u00adnante sur le mar\u00adch\u00e9 mon\u00addial. Dans le cas des \u00c9tats-Unis, la concen\u00adtra\u00adtion n\u2019a pas pris la forme \u00e9ta\u00adtique car la posi\u00adtion de force de ce pays lui per\u00admet de r\u00e9soudre ses contra\u00addic\u00adtions aux d\u00e9pens des autres \u00e9co\u00adno\u00admies natio\u00adnales, sans pas\u00adser par la solu\u00adtion \u2013 dou\u00adlou\u00adreuse mal\u00adgr\u00e9 tout \u2013 du capi\u00adta\u00adlisme d\u2019\u00c9tat. <\/p>\n<p>Aux U.S.A., la fusion du capi\u00adtal et de l\u2019\u00c9tat n\u2019en est qu\u2019\u00e0 ses d\u00e9buts. Cette fusion ne cor\u00adres\u00adpond pas \u00e0 une n\u00e9ces\u00adsi\u00adt\u00e9 vitale pour le capi\u00adta\u00adlisme. Les rap\u00adports juri\u00addiques de pro\u00adpri\u00e9\u00adt\u00e9 n\u2019entrent pas en contra\u00addic\u00adtion avec les forces de pro\u00adduc\u00adtion mat\u00e9\u00adrielle, parce que la domi\u00adna\u00adtion imp\u00e9\u00adria\u00adliste des \u00c9tats-Unis, en drai\u00adnant d\u2019immenses richesses venant du globe entier, occulte les contra\u00addic\u00adtions internes du sys\u00adt\u00e8me capi\u00adta\u00adliste am\u00e9\u00adri\u00adcain. Il en sera ain\u00adsi tant que les \u00c9tats-Unis seront en posi\u00adtion de force sur le mar\u00adch\u00e9 mon\u00addial. Les seules ten\u00addances obser\u00advables vers le capi\u00adta\u00adlisme d\u2019\u00c9tat sont les ajus\u00adte\u00adments n\u00e9ces\u00adsaires pour s\u2019adapter aux condi\u00adtions \u00e9co\u00adno\u00admiques nou\u00advelles qui se font&nbsp;jour.&nbsp;<\/p>\n<p>La fusion du capi\u00adtal et de l\u2019\u00c9tat n\u2019a pas lieu orga\u00adni\u00adque\u00adment, elle existe de fait par les rela\u00adtions per\u00adson\u00adnelles qui existent entre les capi\u00adta\u00adlistes et l\u2019appareil d\u2019\u00c9tat, par une s\u00e9rie de m\u00e9dia\u00adtions. L\u2019unit\u00e9 du capi\u00adtal et de l\u2019\u00c9tat n\u2019est pas ouver\u00adte\u00adment expri\u00adm\u00e9e. S\u2019il existe une pla\u00adni\u00adfi\u00adca\u00adtion, elle n\u2019est r\u00e9a\u00adli\u00ads\u00e9e qu\u2019\u00e0 l\u2019int\u00e9rieur de chaque mono\u00adpole (voir Soli n\u00b038). La deuxi\u00e8me guerre mon\u00addiale a impo\u00ads\u00e9 un d\u00e9but de pla\u00adni\u00adfi\u00adca\u00adtion entre les branches indus\u00adtrielles, mais la concur\u00adrence entre mono\u00adpoles a repa\u00adru \u00e0 la fin de la guerre.&nbsp;<\/p>\n<p>Au sein de la bour\u00adgeoi\u00adsie, les oppo\u00adsi\u00adtions internes se r\u00e9solvent par la concur\u00adrence entre les mono\u00adpoles ou par les ententes inter\u00admo\u00adno\u00adpo\u00adlistes. Tant que ceux-ci peuvent s\u2019entendre, tant qu\u2019on peut conser\u00adver une emprise imp\u00e9\u00adria\u00adliste sur les \u00e9co\u00adno\u00admies des autres pays, tant qu\u2019un pays repr\u00e9\u00adsen\u00adtant 6&nbsp;% de la popu\u00adla\u00adtion mon\u00addiale peut conti\u00adnuer \u00e0 consom\u00admer 30&nbsp;% des mati\u00e8res pre\u00admi\u00e8res pro\u00adduites dans le monde, l\u2019intervention de l\u2019\u00c9tat dans l\u2019\u00e9conomie n\u2019est pas n\u00e9cessaire.&nbsp;<\/p>\n<p>Mais ce serait une erreur de se bor\u00adner \u00e0 ces consta\u00adta\u00adtions et de ne pas voir la dyna\u00admique de l\u2019\u00e9volution du syst\u00e8me.&nbsp;<\/p>\n<blockquote><p>\u00ab&nbsp;Il est \u00e9vident, dit Cas\u00adto\u00adria\u00addis, que cette dyna\u00admique a comme pre\u00admier r\u00e9sul\u00adtat un d\u00e9ve\u00adlop\u00adpe\u00adment rapide des traits de concen\u00adtra\u00adtion au sein de l\u2019imp\u00e9rialisme am\u00e9\u00adri\u00adcain. Le contr\u00f4le, poli\u00adtique et \u00e9co\u00adno\u00admique \u00e0 la fois, des autres pays par le capi\u00adtal finan\u00adcier des U.S.A.; le r\u00f4le crois\u00adsant de l\u2019\u00c9tat am\u00e9\u00adri\u00adcain dans ce contr\u00f4le&nbsp;; la main\u00admise directe sur le capi\u00adtal alle\u00admand, japo\u00adnais et ita\u00adlien&nbsp;; l\u2019acc\u00e9l\u00e9ration de la concen\u00adtra\u00adtion ver\u00adti\u00adcale et hori\u00adzon\u00adtale impo\u00ads\u00e9e par le besoin d\u2019un contr\u00f4le et d\u2019une r\u00e9gle\u00admen\u00adta\u00adtion de plus en plus com\u00adpl\u00e8te des sources de mati\u00e8res pre\u00admi\u00e8res et des mar\u00adch\u00e9s aus\u00adsi bien int\u00e9\u00adrieurs qu\u2019ext\u00e9rieurs&nbsp;; l\u2019extension de l\u2019appareil mili\u00adtaire, l\u2019\u00e9ch\u00e9ance de la guerre totale et l\u2019\u00e9conomie de guerre&nbsp;; le besoin d\u2019une exploi\u00adta\u00adtion accrue de la classe ouvri\u00e8re impo\u00ads\u00e9e par la baisse du taux de pro\u00adfit&nbsp;; tous ces fac\u00adteurs poussent l\u2019\u00e9conomie am\u00e9\u00adri\u00adcaine \u00e0 d\u00e9pas\u00adser, apr\u00e8s le capi\u00adta\u00adlisme concur\u00adren\u00adtiel, le capi\u00adta\u00adlisme \u201cdes mono\u00adpoles\u201d pour arri\u00adver au mono\u00adpole uni\u00adver\u00adsel s\u2019identifiant avec l\u2019\u00c9tat.&nbsp;\u00bb (Cas\u00adto\u00adria\u00addis \u00ab&nbsp;La concen\u00adtra\u00adtion des forces pro\u00adduc\u00adtives&nbsp;\u00bb in <i>La soci\u00e9\u00adt\u00e9 bureau\u00adcra\u00adtique<\/i>, p.&nbsp;105.)&nbsp;<\/p><\/blockquote>\n<p>En Europe occi\u00adden\u00adtale, la situa\u00adtion est dif\u00adf\u00e9\u00adrente. Il s\u2019agit de pays imp\u00e9\u00adria\u00adlistes qui sont eux-m\u00eames dans une plus ou moins grande mesure domi\u00adn\u00e9s par un imp\u00e9\u00adria\u00adlisme. La crise de 1929 a \u00e9t\u00e9 un moment char\u00adni\u00e8re. Jusqu\u2019alors les crises du capi\u00adta\u00adlisme voyaient des faillites d\u2019entreprises qui acc\u00e9\u00adl\u00e9\u00adraient le mou\u00adve\u00adment de concen\u00adtra\u00adtion du capi\u00adtal, jusqu\u2019au contr\u00f4le d\u2019une branche de pro\u00adduc\u00adtion par un mono\u00adpole. C\u2019est ce qui se passe en 1929 mais sur le plan inter\u00adna\u00adtio\u00adnal. Les pays imp\u00e9\u00adria\u00adlistes euro\u00adp\u00e9ens se r\u00e9v\u00e8lent inca\u00adpables d\u2019affronter la concur\u00adrence sur le mar\u00adch\u00e9 mon\u00addial. On va main\u00adte\u00adnant vers la domi\u00adna\u00adtion de l\u2019imp\u00e9rialisme le plus puis\u00adsant \u00e9co\u00adno\u00admi\u00adque\u00adment et mili\u00adtai\u00adre\u00adment sur les autres. Les pays euro\u00adp\u00e9ens se replient sur eux-m\u00eames, s\u2019orientent vers une \u00e9co\u00adno\u00admie autar\u00adcique, et pour ce faire, com\u00admencent une nou\u00advelle phase de concen\u00adtra\u00adtion du capi\u00adtal autour de l\u2019\u00c9tat. Celui-ci en effet est seul capable de ras\u00adsem\u00adbler les res\u00adsources n\u00e9ces\u00adsaires pour assu\u00adrer la sau\u00adve\u00adgarde des int\u00e9\u00adr\u00eats imp\u00e9\u00adria\u00adlistes \u00ab&nbsp;natio\u00adnaux&nbsp;\u00bb mena\u00adc\u00e9s par l\u2019imp\u00e9rialisme \u00ab&nbsp;\u00e9tran\u00adger&nbsp;\u00bb. L\u2019\u00c9tat se trans\u00adforme en organe cen\u00adtral d\u2019administration et de ges\u00adtion de l\u2019\u00e9conomie. Les impor\u00adta\u00adtions et les expor\u00adta\u00adtions, la pro\u00adduc\u00adtion, la consom\u00adma\u00adtion, sont r\u00e9gl\u00e9es par une ins\u00adtance cen\u00adtrale qui exprime l\u2019int\u00e9r\u00eat g\u00e9n\u00e9\u00adral des couches mono\u00adpo\u00adlistes. Entre 1930 et 1939, le r\u00f4le de l\u2019\u00c9tat cro\u00eet en tant qu\u2019organe de direc\u00adtion de l\u2019\u00e9conomie capi\u00adta\u00adliste natio\u00adnale. On voit les d\u00e9buts de la fusion orga\u00adnique entre le capi\u00adtal et l\u2019\u00c9tat. Ce n\u2019est d\u2019ailleurs pas un hasard si cette ten\u00addance a \u00e9t\u00e9 la plus mar\u00adqu\u00e9e dans l\u2019Allemagne nazie et dans l\u2019Italie fas\u00adciste&nbsp;: c\u2019\u00e9taient les pays qui, par le manque de colo\u00adnies, se trou\u00advaient dans la posi\u00adtion la plus d\u00e9fa\u00advo\u00adrable face aux autres imp\u00e9rialismes.&nbsp;<\/p>\n<p>Les exemples des \u00c9tats-Unis et de l\u2019Europe occi\u00adden\u00adtale illus\u00adtrent la lente \u00e9vo\u00adlu\u00adtion des carac\u00adt\u00e8res \u00e9ta\u00adtiques des \u00e9co\u00adno\u00admies des pays indus\u00adtriels d\u00e9ve\u00adlop\u00adp\u00e9s. Ils montrent clai\u00adre\u00adment que le capi\u00adta\u00adlisme d\u2019\u00c9tat est une solu\u00adtion \u00e0 laquelle la bour\u00adgeoi\u00adsie des pays indus\u00adtria\u00adli\u00ads\u00e9s se r\u00e9signe en p\u00e9riode de crise et de d\u00e9clin des forces productives.&nbsp;<\/p>\n<h3>Dans les pays domin\u00e9s par l\u2019imp\u00e9rialisme<\/h3>\n<p>Mais le capi\u00adta\u00adlisme d\u2019\u00c9tat peut \u00e9ga\u00adle\u00adment appa\u00adra\u00eetre comme la r\u00e9ponse au besoin de d\u00e9ve\u00adlop\u00adper les forces pro\u00adduc\u00adtives dans les pays domi\u00adn\u00e9s par l\u2019imp\u00e9rialisme, et en lutte pour l\u2019ind\u00e9pendance nationale.&nbsp;<\/p>\n<p>Nulle part le capi\u00adta\u00adlisme d\u2019\u00c9tat ne se trouve \u00e0 l\u2019\u00e9tat pur. Nulle part l\u2019\u00c9tat n\u2019est pro\u00adpri\u00e9\u00adtaire de tous les moyens de pro\u00adduc\u00adtion, mais un r\u00e9gime tend d\u2019autant plus vers ce sys\u00adt\u00e8me qu\u2019il subit avec plus d\u2019intensit\u00e9 les contra\u00addic\u00adtions \u00e9conomiques.&nbsp;<\/p>\n<p>L\u2019\u00e9conomie capi\u00adta\u00adliste mon\u00addiale n\u2019est pas une simple addi\u00adtion d\u2019\u00e9conomies natio\u00adnales dis\u00adtinctes. C\u2019est un ensemble dont on ne peut consi\u00add\u00e9\u00adrer une par\u00adtie sans la lier au tout. Ain\u00adsi les pays sous-d\u00e9ve\u00adlop\u00adp\u00e9s ne sont pas de \u00ab&nbsp;jeunes&nbsp;\u00bb r\u00e9gimes capi\u00adta\u00adlistes qui aspirent \u00e0 atteindre le niveau de d\u00e9ve\u00adlop\u00adpe\u00adment des grands, ce sont les sec\u00adteurs les plus faibles du sys\u00adt\u00e8me capi\u00adta\u00adliste mon\u00addial, ce sont aus\u00adsi ceux qui \u00e9vo\u00adluent le plus natu\u00adrel\u00adle\u00adment vers le capi\u00adta\u00adlisme d\u2019\u00c9tat. <\/p>\n<p>Dans les pays indus\u00adtriels o\u00f9 existent de grands trusts pri\u00adv\u00e9s, les \u00e9co\u00adno\u00admies les plus \u00e9ta\u00adti\u00ads\u00e9es sont celles dont la situa\u00adtion inter\u00adna\u00adtio\u00adnale est la plus faible. On voit donc que le capi\u00adta\u00adlisme d\u2019\u00c9tat appa\u00adra\u00eet dans les sec\u00adteurs mar\u00adgi\u00adnaux les plus faibles du capi\u00adta\u00adlisme mono\u00adpo\u00adliste. Cette consta\u00adta\u00adtion pour\u00adrait appa\u00adrem\u00adment suf\u00adfire pour reje\u00adter l\u2019id\u00e9e que le capi\u00adta\u00adlisme d\u2019\u00c9tat est un stade de d\u00e9ve\u00adlop\u00adpe\u00adment du capi\u00adta\u00adlisme sus\u00adcep\u00adtible d\u2019une exten\u00adsion inter\u00adna\u00adtio\u00adnale, si deux faits ne venaient contre\u00addire cette id\u00e9e&nbsp;: le capi\u00adta\u00adlisme est entr\u00e9 depuis la Seconde guerre mon\u00addiale dans une \u00e9poque de crise per\u00adma\u00adnente qui favo\u00adrise le mou\u00adve\u00adment vers la concen\u00adtra\u00adtion \u00e9ta\u00adtique, m\u00eame dans les pays les plus d\u00e9ve\u00adlop\u00adp\u00e9s&nbsp;; les formes nou\u00advelles d\u2019accumulation capi\u00adta\u00adliste sont tou\u00adjours appa\u00adrues, au cours de l\u2019histoire, dans les sec\u00adteurs mar\u00adgi\u00adnaux du mode d\u2019accumulation dominant.<\/p>\n<p>C\u2019est \u00e0 par\u00adtir de la Pre\u00admi\u00e8re guerre mon\u00addiale que les mou\u00adve\u00adments de lib\u00e9\u00adra\u00adtion natio\u00adnale ont com\u00admen\u00adc\u00e9 \u00e0 se d\u00e9ve\u00adlop\u00adper. Depuis, la plu\u00adpart des nations du tiers monde ont acquis l\u2019ind\u00e9pendance. Cepen\u00addant, on constate que les pays du tiers monde ne \u00ab&nbsp;rat\u00adtrapent&nbsp;\u00bb pas le niveau de pro\u00adduc\u00adtion des pays d\u00e9ve\u00adlop\u00adp\u00e9s, mais qu\u2019au contraire l\u2019\u00e9cart tend \u00e0 s\u2019accro\u00eetre. La pro\u00adpa\u00adgande bour\u00adgeoise dif\u00adfuse l\u2019id\u00e9e que chaque pays du tiers monde a, en puis\u00adsance, une \u00e9co\u00adno\u00admie d\u00e9ve\u00adlop\u00adp\u00e9e pour\u00advu qu\u2019il soit \u00ab&nbsp;s\u00e9rieux et tra\u00advailleur&nbsp;\u00bb. C\u2019est une mys\u00adti\u00adfi\u00adca\u00adtion. Pour ne prendre que l\u2019exemple des \u00c9tats-Unis, Claude Jul\u00adlien dit qu\u2019avec 6&nbsp;% de la popu\u00adla\u00adtion mon\u00addiale, ils \u00ab&nbsp;consomment 30&nbsp;% de la bauxite pro\u00adduite dans le monde entier, 26&nbsp;% du nickel, 13&nbsp;% du man\u00adga\u00adn\u00e8se, (\u2026) 25&nbsp;% du tungs\u00adt\u00e8ne, de l\u2019amiante et du cuivre, 32&nbsp;% de l\u2019\u00e9tain, 23&nbsp;% du zinc, 14&nbsp;% du fer et du plomb, 28&nbsp;% de la potasse, 50&nbsp;% du&nbsp;caf\u00e9&nbsp;\u00bb.&nbsp;<\/p>\n<p>Autre\u00adment dit, si on est six \u00e0 table et qu\u2019un convive prend trois parts du g\u00e2teau, les cinq autres ne pour\u00adront que se par\u00adta\u00adger le&nbsp;reste.&nbsp;<\/p>\n<blockquote><p>\u00ab&nbsp;Le mythe d\u2019une pros\u00adp\u00e9\u00adri\u00adt\u00e9 am\u00e9\u00adri\u00adcaine qui serait \u00e0 la por\u00adt\u00e9e de qui\u00adconque vou\u00addrait adop\u00adter les m\u00e9thodes am\u00e9\u00adri\u00adcaines s\u2019effondre \u00e0 l\u2019examen des chiffres. L\u2019Am\u00e9rique consomme de plus en plus de fer, d\u2019aluminium, de chrome, de nickel, etc., et les gise\u00adments connus de ces mine\u00adrais ne sont pas suf\u00adfi\u00adsants pour per\u00admettre aux Euro\u00adp\u00e9ens, aux Asia\u00adtiques, aux Afri\u00adcains, aux Lati\u00adno-am\u00e9\u00adri\u00adcains, d\u2019en consom\u00admer autant que les habi\u00adtants des \u00c9tats Unis.&nbsp;\u00bb (Claude Jul\u00adlien, <i>l\u2019Empire am\u00e9\u00adri\u00adcain<\/i>.)<\/p><\/blockquote>\n<p>Cette situa\u00adtion va lar\u00adge\u00adment d\u00e9ter\u00admi\u00adner l\u2019\u00e9volution de cer\u00adtains pays du tiers monde vers le capi\u00adta\u00adlisme d\u2019\u00c9tat. Les diri\u00adgeants des mou\u00adve\u00adments d\u2019ind\u00e9pendance natio\u00adnale, une fois ins\u00adtal\u00adl\u00e9s \u00e0 la t\u00eate de l\u2019\u00c9tat, se trouvent devant la dif\u00adfi\u00adcile t\u00e2che d\u2019industrialiser le pays, de d\u00e9ve\u00adlop\u00adper les forces pro\u00adduc\u00adtives, c\u2019est-\u00e0-dire le capi\u00adtal. Dans l\u2019entourage capi\u00adta\u00adliste mon\u00addial, ces pays ne pro\u00adduisent pas assez de capi\u00adtal pour se mesu\u00adrer \u00e0 celui des m\u00e9tro\u00adpoles indus\u00adtrielles. Pour assu\u00adrer ce d\u00e9ve\u00adlop\u00adpe\u00adment du capi\u00adtal sur des bases natio\u00adnales, un ensemble de mesures rigou\u00adreuses devront \u00eatre prises, qui n\u00e9ces\u00adsitent elles-m\u00eames un cer\u00adtain nombre de condi\u00adtions de r\u00e9alisation.&nbsp;<\/p>\n<p>La r\u00e9a\u00adli\u00adsa\u00adtion du capi\u00adta\u00adlisme d\u2019\u00c9tat est sou\u00admise \u00e0 un cer\u00adtain nombre de condi\u00adtions qui n\u2019ont \u00e9t\u00e9 r\u00e9unies que deux fois dans l\u2018histoire, en Rus\u00adsie et en Chine. Cepen\u00addant, c\u2019est un mod\u00e8le vers lequel tendent les pays domi\u00adn\u00e9s par l\u2019imp\u00e9rialisme. <\/p>\n<h3>Un contexte international favorable<\/h3>\n<p>Il est appa\u00adru que le capi\u00adta\u00adlisme d\u2019\u00c9tat se d\u00e9ve\u00adloppe sur\u00adtout dans les sec\u00adteurs les plus faibles du capi\u00adta\u00adlisme mon\u00addial. Dans la mesure o\u00f9 il tend \u00e0 reti\u00adrer aux mono\u00adpoles imp\u00e9\u00adria\u00adlistes les sources de mati\u00e8res pre\u00admi\u00e8res et un mar\u00adch\u00e9, il est clair qu\u2019il y aura oppo\u00adsi\u00adtion entre ces deux formes de capi\u00adta\u00adlisme. Ce genre d\u2019opposition n\u2019a d\u2019ailleurs rien de nou\u00adveau dans l\u2019histoire. Tout au long du d\u00e9ve\u00adlop\u00adpe\u00adment du capi\u00adta\u00adlisme \u00e0 ses dif\u00adf\u00e9\u00adrentes \u00e9tapes, s\u2019est d\u00e9rou\u00adl\u00e9 un conflit entre les dif\u00adf\u00e9\u00adrentes frac\u00adtions oppo\u00ads\u00e9es de la bour\u00adgeoi\u00adsie, entre les formes ascen\u00addantes et les formes d\u00e9cli\u00adnantes du capi\u00adta\u00adlisme. De plus, les formes \u00ab&nbsp;ascen\u00addantes&nbsp;\u00bb se d\u00e9ve\u00adloppent tou\u00adjours \u2013 gr\u00e2ce \u00e0 l\u2019apparition de condi\u00adtions mat\u00e9\u00adrielles qui rendent la chose pos\u00adsible \u2013 au sein d\u2019une frac\u00adtion subor\u00addon\u00adn\u00e9e du capi\u00adta\u00adlisme qui finit par deve\u00adnir h\u00e9g\u00e9monique.&nbsp;<\/p>\n<blockquote><p>\u00ab\u2026ayant atteint un cer\u00adtain niveau de d\u00e9ve\u00adlop\u00adpe\u00adment, les forces pro\u00adduc\u00adtives de la soci\u00e9\u00adt\u00e9 entrent en contra\u00addic\u00adtion avec les rap\u00adports de pro\u00adduc\u00adtion exis\u00adtants ou, ce qui n\u2019en est que l\u2019expression juri\u00addique, avec le r\u00e9gime de la pro\u00adpri\u00e9\u00adt\u00e9 au sein duquel elles ont \u00e9vo\u00adlu\u00e9 jusqu\u2019alors. De fac\u00adteurs de d\u00e9ve\u00adlop\u00adpe\u00adment des forces pro\u00adduc\u00adtives, ces rap\u00adports deviennent des entraves de ces forces. Alors s\u2019ouvre une \u00e8re de r\u00e9vo\u00adlu\u00adtions sociales.&nbsp;\u00bb (Marx, pr\u00e9\u00adface \u00e0 <i>Contri\u00adbu\u00adtion \u00e0 la Cri\u00adtique de l\u2019\u00e9conomie poli\u00adtique<\/i>.) <\/p><\/blockquote>\n<p>L\u2019histoire du capi\u00adta\u00adlisme a connu de mul\u00adtiples r\u00e9vo\u00adlu\u00adtions sociales o\u00f9 une frac\u00adtion de la bour\u00adgeoi\u00adsie sup\u00adplante une autre et adapte les rap\u00adports de pro\u00adduc\u00adtion \u00e0 une accu\u00admu\u00adla\u00adtion plus grande du capi\u00adtal et \u00e0 une exploi\u00adta\u00adtion plus effi\u00adcace de la force de travail.&nbsp;<\/p>\n<p>Aujourd\u2019hui, le capi\u00adta\u00adlisme s\u2019est d\u00e9ve\u00adlop\u00adp\u00e9 \u00e0 l\u2019\u00e9chelle mon\u00addiale&nbsp;; c\u2019est \u00e0 l\u2019\u00e9chelle mon\u00addiale que se situent les contra\u00addic\u00adtions entre les besoins de l\u2019accumulation du capi\u00adtal et les formes par\u00adti\u00adcu\u00adli\u00e8res gr\u00e2ce aux\u00adquelles cette accu\u00admu\u00adla\u00adtion se&nbsp;fait.&nbsp;<\/p>\n<p>La consti\u00adtu\u00adtion de r\u00e9gimes capi\u00adta\u00adlistes d\u2019\u00c9tat est lar\u00adge\u00adment d\u00e9ter\u00admi\u00adn\u00e9e par l\u2019existence de condi\u00adtions inter\u00adna\u00adtio\u00adnales favo\u00adrables. Ces condi\u00adtions consistent prin\u00adci\u00adpa\u00adle\u00adment en un rel\u00e2\u00adche\u00adment du contr\u00f4le de l\u2019imp\u00e9rialisme sur les pays domi\u00adn\u00e9s, \u00e0 l\u2019occasion d\u2019une crise inter\u00adna\u00adtio\u00adnale ou d\u2019une guerre. De telles cir\u00adcons\u00adtances ne sur\u00adviennent que rare\u00adment. Apr\u00e8s la pre\u00admi\u00e8re guerre mon\u00addiale, les \u00c9tats imp\u00e9\u00adria\u00adlistes euro\u00adp\u00e9ens \u00e9taient rui\u00adn\u00e9s, exsangues et inca\u00adpables d\u2019un effort mili\u00adtaire sou\u00adte\u00adnu contre le jeune \u00c9tat sovi\u00e9\u00adtique. L\u2019\u00e9chec de la r\u00e9vo\u00adlu\u00adtion en Europe occi\u00adden\u00adtale a emp\u00ea\u00adch\u00e9 la r\u00e9vo\u00adlu\u00adtion russe d\u2019aller de l\u2019avant dans le sens des int\u00e9\u00adr\u00eats r\u00e9els du pro\u00adl\u00e9\u00adta\u00adriat&nbsp;; la fai\u00adblesse rela\u00adtive des imp\u00e9\u00adria\u00adlistes occi\u00adden\u00adtaux a emp\u00ea\u00adch\u00e9 le retour en arri\u00e8re vers une forme de capi\u00adta\u00adlisme lib\u00e9\u00adral ou monopoliste.&nbsp;<\/p>\n<p>Des cir\u00adcons\u00adtances ana\u00adlogues ont per\u00admis au capi\u00adta\u00adlisme d\u2019\u00c9tat de se for\u00admer en&nbsp;Chine.&nbsp;<\/p>\n<p>Les r\u00e9gimes imp\u00e9\u00adria\u00adlistes fon\u00add\u00e9s sur le capi\u00adta\u00adlisme de mono\u00adpoles sont les enne\u00admis natu\u00adrels du capi\u00adta\u00adlisme d\u2019\u00c9tat. Cela ne conf\u00e8re pas cepen\u00addant au capi\u00adta\u00adlisme d\u2019\u00c9tat un carac\u00adt\u00e8re pro\u00adl\u00e9\u00adta\u00adrien ou r\u00e9vo\u00adlu\u00adtion\u00adnaire, pas plus que le capi\u00adta\u00adlisme mono\u00adpo\u00adliste n\u2019est pro\u00adl\u00e9\u00adta\u00adrien sous pr\u00e9\u00adtexte qu\u2019il d\u00e9truit les formes f\u00e9o\u00addales de pro\u00adduc\u00adtion l\u00e0 o\u00f9 elles existent encore&nbsp;.<\/p>\n","protected":false},"excerpt":{"rendered":"<p>Les dif\u00adf\u00e9\u00adrentes formes prises au cours de l\u2019histoire par la pro\u00adpri\u00e9\u00adt\u00e9 juri\u00addique des moyens de pro\u00adduc\u00adtion n\u2019ont jamais \u00e9t\u00e9 en elles-m\u00eames des causes dans l\u2019\u00e9volution des rap\u00adports de pro\u00adduc\u00adtion capi\u00adta\u00adlistes. Les formes juri\u00addiques ne sont qu\u2019une cons\u00e9\u00adquence, elles ne font que refl\u00e9\u00adter des rap\u00adports de pro\u00adduc\u00adtion. La soci\u00e9\u00adt\u00e9 capi\u00adta\u00adliste se carac\u00adt\u00e9\u00adrise par la constante \u00e9volution&nbsp;[\u2026]<\/p>\n","protected":false},"author":1,"featured_media":0,"comment_status":"closed","ping_status":"closed","sticky":false,"template":"","format":"standard","meta":{"wp_typography_post_enhancements_disabled":false,"footnotes":""},"categories":[248],"tags":[],"ppma_author":[540],"class_list":["post-1885","post","type-post","status-publish","format-standard","hentry","category-solidarite-ouvriere-n56-mars-1976"],"authors":[{"term_id":540,"user_id":1,"is_guest":0,"slug":"admin_3gikpwyf","display_name":"Vincent Dubuc","avatar_url":"https:\/\/secure.gravatar.com\/avatar\/d015720652c25fd2ced191ade86430094e1f288a17483713e3b34d26dea52507?s=96&d=mm&r=g","author_category":"","user_url":"https:\/\/la-presse-anarchiste.net","last_name":"Dubuc","first_name":"Vincent","job_title":"","description":""}],"_links":{"self":[{"href":"https:\/\/la-presse-anarchiste.net\/index.php\/wp-json\/wp\/v2\/posts\/1885","targetHints":{"allow":["GET"]}}],"collection":[{"href":"https:\/\/la-presse-anarchiste.net\/index.php\/wp-json\/wp\/v2\/posts"}],"about":[{"href":"https:\/\/la-presse-anarchiste.net\/index.php\/wp-json\/wp\/v2\/types\/post"}],"author":[{"embeddable":true,"href":"https:\/\/la-presse-anarchiste.net\/index.php\/wp-json\/wp\/v2\/users\/1"}],"replies":[{"embeddable":true,"href":"https:\/\/la-presse-anarchiste.net\/index.php\/wp-json\/wp\/v2\/comments?post=1885"}],"version-history":[{"count":0,"href":"https:\/\/la-presse-anarchiste.net\/index.php\/wp-json\/wp\/v2\/posts\/1885\/revisions"}],"wp:attachment":[{"href":"https:\/\/la-presse-anarchiste.net\/index.php\/wp-json\/wp\/v2\/media?parent=1885"}],"wp:term":[{"taxonomy":"category","embeddable":true,"href":"https:\/\/la-presse-anarchiste.net\/index.php\/wp-json\/wp\/v2\/categories?post=1885"},{"taxonomy":"post_tag","embeddable":true,"href":"https:\/\/la-presse-anarchiste.net\/index.php\/wp-json\/wp\/v2\/tags?post=1885"},{"taxonomy":"author","embeddable":true,"href":"https:\/\/la-presse-anarchiste.net\/index.php\/wp-json\/wp\/v2\/ppma_author?post=1885"}],"curies":[{"name":"wp","href":"https:\/\/api.w.org\/{rel}","templated":true}]}}