{"id":1888,"date":"2008-12-08T20:36:11","date_gmt":"2008-12-08T20:36:11","guid":{"rendered":"https:\/\/la-presse-anarchiste.net\/index.php\/2008\/12\/08\/dans-le-livre-parisien\/"},"modified":"2008-12-08T20:36:11","modified_gmt":"2008-12-08T20:36:11","slug":"dans-le-livre-parisien","status":"publish","type":"post","link":"https:\/\/la-presse-anarchiste.net\/index.php\/2008\/12\/08\/dans-le-livre-parisien\/","title":{"rendered":"Dans le livre parisien"},"content":{"rendered":"<div class=\"pdfprnt-buttons pdfprnt-buttons-post pdfprnt-top-right\"><a href=\"https:\/\/la-presse-anarchiste.net\/index.php\/wp-json\/wp\/v2\/posts\/1888?print=pdf\" class=\"pdfprnt-button pdfprnt-button-pdf\" target=\"_blank\"><img decoding=\"async\" src=\"https:\/\/la-presse-anarchiste.net\/wp-content\/plugins\/pdf-print\/images\/pdf.png\" alt=\"image_pdf\" title=\"Afficher le PDF\"><\/a><a href=\"https:\/\/la-presse-anarchiste.net\/index.php\/wp-json\/wp\/v2\/posts\/1888?print=print\" class=\"pdfprnt-button pdfprnt-button-print\" target=\"_blank\"><img decoding=\"async\" src=\"https:\/\/la-presse-anarchiste.net\/wp-content\/plugins\/pdf-print\/images\/print.png\" alt=\"image_print\" title=\"Contenu imprim\u00e9\"><\/a><\/div><p>\tApr\u00e8s la pr\u00e9\u00adten\u00addue \u00ab&nbsp;lib\u00e9\u00adra\u00adtion&nbsp;\u00bb, les ouvriers du Livre, ain\u00adsi que l\u2019en\u00adsemble de la classe ouvri\u00e8re fran\u00ad\u00e7aise, avaient salu\u00e9 avec enthou\u00adsiasme la fin du long cau\u00adche\u00admar qu\u2019a\u00advaient \u00e9t\u00e9 l\u2019oc\u00adcu\u00adpa\u00adtion et le r\u00e9gime vichys\u00adsois. Des pro\u00admesses, solen\u00adnelles comme tou\u00adjours, n\u2019a\u00advaient-elles pas \u00e9t\u00e9 faites&nbsp;? La C.G.T. et les Syn\u00addi\u00adcats recons\u00adti\u00adtu\u00e9s, les libert\u00e9s&nbsp;(<html><\/html><\/p><p>\tLors de la lib\u00e9\u00adra\u00adtion, dans le Livre, \u00e0 Paris, les salaires sont fix\u00e9s \u00e0 21 francs de l\u2019heure \u00e0 la suite de l\u2019aug\u00admen\u00adta\u00adtion g\u00e9n\u00e9\u00adrale accor\u00add\u00e9e par le gou\u00adver\u00adne\u00adment. Mais les prix des sub\u00adsis\u00adtances aug\u00admentent tou\u00adjours. Les Syn\u00addi\u00adcats demandent l\u2019ap\u00adpli\u00adca\u00adtion des indices tels qu\u2019ils ont \u00e9t\u00e9 fix\u00e9s \u00e0 la der\u00adni\u00e8re r\u00e9union de la com\u00admis\u00adsion (mai 1944&nbsp;; or, nous sommes \u00e0 la fin de l\u2019an\u00adn\u00e9e et les prix ont d\u00e9j\u00e0 fait un bond \u00e9norme&nbsp;; les ouvriers font donc une tr\u00e8s grosse conces\u00adsion). Ceci don\u00adne\u00adrait 31&nbsp;fr. de l\u2019heure. Menace de gr\u00e8ve. Les patrons, qui r\u00e9sis\u00adtaient (pro\u00adfit d\u2019a\u00adbord&nbsp;: nous sommes donc tou\u00adjours en r\u00e9gime capi\u00adta\u00adliste?), c\u00e8dent et acceptent l\u2019aug\u00admen\u00adta\u00adtion par paliers&nbsp;: 26&nbsp;fr. d\u2019a\u00adbord (d\u00e9but 1945); les 31&nbsp;fr. aux\u2026 calendes grecques. Les ouvriers s\u2019impatientent.<\/p>\n<p>Mer\u00adcre\u00addi 28 f\u00e9vrier, les d\u00e9l\u00e9\u00adgu\u00e9s, assem\u00adbl\u00e9s, rap\u00adportent les d\u00e9ci\u00adsions prises dans les bo\u00eetes. C\u2019est la gr\u00e8ve pour le lendemain.<\/p>\n<p>\tMais les tra\u00advailleurs ont comp\u00adt\u00e9 sans les direc\u00adtions de la C.G.T. et de l\u2019U\u00adnion des Syn\u00addi\u00adcats, qui entrent en fureur et prennent \u00e0 par\u00adtie les diri\u00adgeants du Livre. Il ne faut de gr\u00e8ve \u00e0 aucun prix&nbsp;! L\u00e0-des\u00adsus, d\u00e9l\u00e9\u00adga\u00adtion aupr\u00e8s du ministre du Tra\u00advail, Paro\u00addi. Celui-ci com\u00admence par dire qu\u2019il y a des salaires trop \u00e9le\u00adv\u00e9s (dans les jour\u00adnaux notam\u00adment). La d\u00e9l\u00e9\u00adga\u00adtion, H\u00e9naff, secr\u00e9\u00adtaire de l\u2019U.D., et Ehni, secr\u00e9\u00adtaire f\u00e9d\u00e9\u00adral, en t\u00eate, insiste mol\u00adle\u00adment. Le ministre se d\u00e9cide \u00e0 accor\u00adder\u2026 l\u2019aug\u00admen\u00adta\u00adtion, na\u00effs que vous \u00eates&nbsp;? Non&nbsp;: \u00e0 accor\u00adder sa parole que la com\u00admis\u00adsion des salaires, r\u00e9unie d\u2019ur\u00adgence, don\u00adne\u00adra sous huit jours sa r\u00e9ponse. Et c\u2019est tout\u2026 sauf que, pour se moquer des ouvriers, on leur garan\u00adtit la r\u00e9tro\u00adac\u00adti\u00advi\u00adt\u00e9 au 15 f\u00e9vrier. R\u00e9tro\u00adac\u00adti\u00advi\u00adt\u00e9 de quoi&nbsp;? On se le demande. Car, au 20 mars, le Livre n\u2019a pas encore la r\u00e9ponse pro\u00admise. C\u2019est avec cela, c\u2019est-\u00e0-dire les mains vides, que les diri\u00adgeants osent se pr\u00e9\u00adsen\u00adter devant l\u2019as\u00adsem\u00adbl\u00e9e des gr\u00e9\u00advistes du 3 mars. Apr\u00e8s les expli\u00adca\u00adtions assez piteuses de Ehni et Lar\u00adgen\u00adtier, H\u00e9naff com\u00admence une besogne de divi\u00adsion. Il prend pr\u00e9\u00adtexte d\u2019un tract \u00ab&nbsp;trots\u00adkiste&nbsp;\u00bb dif\u00adfu\u00ads\u00e9 \u00e0 l\u2019en\u00adtr\u00e9e, tract invi\u00adtant \u00e0 pour\u00adsuivre la gr\u00e8ve, pour atta\u00adquer vio\u00adlem\u00adment les m\u00e9con\u00adtents, c\u2019est-\u00e0-dire la majo\u00adri\u00adt\u00e9 de la salle. Tous les slo\u00adgans de la d\u00e9ma\u00adgo\u00adgie sta\u00adli\u00adnienne y passent&nbsp;: guerre \u00e0 outrance, hit\u00adl\u00e9\u00adrisme, cin\u00adqui\u00e8me colonne, etc. Tan\u00adt\u00f4t il menace, tan\u00adt\u00f4t il adjure les ouvriers de ren\u00adtrer lun\u00addi 5&nbsp;mars.<\/p>\n<p>\tLa r\u00e9ac\u00adtion ne se fait pas attendre. De nom\u00adbreux copains pro\u00adtestent contre un tel d\u00e9gon\u00adflage apr\u00e8s deux jours de gr\u00e8ve una\u00adnime. H\u00e9las&nbsp;! H\u00e9naff a r\u00e9us\u00adsi \u00e0 divi\u00adser la salle et \u00e0 semer le d\u00e9cou\u00adra\u00adge\u00adment. Les ouvriers ne rentrent tout de m\u00eame pas le lun\u00addi. L\u2019a\u00adpr\u00e8s-midi de ce jour, les d\u00e9l\u00e9\u00adgu\u00e9s rap\u00adportent les r\u00e9sul\u00adtats des r\u00e9unions de bo\u00eetes du matin. C\u2019est la ren\u00adtr\u00e9e, t\u00eate basse. C\u2019est la d\u00e9faite consa\u00adcr\u00e9e par l\u2019\u00e9\u00adchec d\u2019une nou\u00advelle entre\u00advue au minis\u00adt\u00e8re le jeu\u00addi 8, o\u00f9 le ministre avait agi\u00adt\u00e9 le spectre de la r\u00e9qui\u00adsi\u00adtion, par les Am\u00e9\u00adri\u00adcains, des bo\u00eetes et des ouvriers impri\u00admant pour eux des cartes de la r\u00e9gion du&nbsp;Rhin.<\/p>\n<p>\tLes com\u00admu\u00adnistes, qui jadis d\u00e9clen\u00adchaient gr\u00e8ve sur gr\u00e8ve pour un oui ou un non, ont pro\u00admis au gou\u00adver\u00adne\u00adment la paix sociale. On sait bien que de Gaulle, repr\u00e9\u00adsen\u00adtant la France bour\u00adgeoise \u00e0 Mos\u00adcou lors du pacte, a obte\u00adnu cer\u00adtaines conces\u00adsions tou\u00adchant la poli\u00adtique int\u00e9\u00adrieure du pays. Les com\u00admu\u00adnistes ont re\u00e7u des ordres. \u00c0 la veille de la gr\u00e8ve, on pou\u00advait les entendre \u00e2non\u00adner la le\u00e7on apprise \u00e0 la cel\u00adlule (pas de gr\u00e8ve, cela pour\u00adrait dres\u00adser l\u2019o\u00adpi\u00adnion\u200a\u2014\u200abour\u00adgeoise sans doute&nbsp;?\u200a\u2014\u200acontre les ouvriers, etc.).<\/p>\n<p>\t\u00ab&nbsp;L\u2019Hu\u00adma\u00adni\u00adt\u00e9&nbsp;\u00bb a fait sur la gr\u00e8ve le silence le plus com\u00adplet, le plus har\u00adgneux et hos\u00adtile&nbsp;; elle n\u2019en a par\u00adl\u00e9 qu\u2019a\u00adpr\u00e8s la ren\u00adtr\u00e9e hon\u00adteuse\u2026 pour c\u00e9l\u00e9\u00adbrer sa triste vic\u00adtoire, sans&nbsp;doute\u2026<\/p>\n","protected":false},"excerpt":{"rendered":"<p>Apr\u00e8s la pr\u00e9\u00adten\u00addue \u00ab&nbsp;lib\u00e9\u00adra\u00adtion&nbsp;\u00bb, les ouvriers du Livre, ain\u00adsi que l\u2019en\u00adsemble de la classe ouvri\u00e8re fran\u00ad\u00e7aise, avaient salu\u00e9 avec enthou\u00adsiasme la fin du long cau\u00adche\u00admar qu\u2019a\u00advaient \u00e9t\u00e9 l\u2019oc\u00adcu\u00adpa\u00adtion et le r\u00e9gime vichys\u00adsois. Des pro\u00admesses, solen\u00adnelles comme tou\u00adjours, n\u2019a\u00advaient-elles pas \u00e9t\u00e9 faites&nbsp;? La C.G.T. et les Syn\u00addi\u00adcats recons\u00adti\u00adtu\u00e9s, les liber\u00adt\u00e9s&nbsp;( Lors de la lib\u00e9\u00adra\u00adtion, dans&nbsp;le&nbsp;[\u2026]<\/p>\n","protected":false},"author":1,"featured_media":0,"comment_status":"closed","ping_status":"closed","sticky":false,"template":"","format":"standard","meta":{"wp_typography_post_enhancements_disabled":false,"footnotes":""},"categories":[117],"tags":[],"ppma_author":[540],"class_list":["post-1888","post","type-post","status-publish","format-standard","hentry","category-le-libertaire-na4-9-avril-1945"],"authors":[{"term_id":540,"user_id":1,"is_guest":0,"slug":"admin_3gikpwyf","display_name":"Vincent Dubuc","avatar_url":"https:\/\/secure.gravatar.com\/avatar\/d015720652c25fd2ced191ade86430094e1f288a17483713e3b34d26dea52507?s=96&d=mm&r=g","author_category":"","user_url":"https:\/\/la-presse-anarchiste.net","last_name":"Dubuc","first_name":"Vincent","job_title":"","description":""}],"_links":{"self":[{"href":"https:\/\/la-presse-anarchiste.net\/index.php\/wp-json\/wp\/v2\/posts\/1888","targetHints":{"allow":["GET"]}}],"collection":[{"href":"https:\/\/la-presse-anarchiste.net\/index.php\/wp-json\/wp\/v2\/posts"}],"about":[{"href":"https:\/\/la-presse-anarchiste.net\/index.php\/wp-json\/wp\/v2\/types\/post"}],"author":[{"embeddable":true,"href":"https:\/\/la-presse-anarchiste.net\/index.php\/wp-json\/wp\/v2\/users\/1"}],"replies":[{"embeddable":true,"href":"https:\/\/la-presse-anarchiste.net\/index.php\/wp-json\/wp\/v2\/comments?post=1888"}],"version-history":[{"count":0,"href":"https:\/\/la-presse-anarchiste.net\/index.php\/wp-json\/wp\/v2\/posts\/1888\/revisions"}],"wp:attachment":[{"href":"https:\/\/la-presse-anarchiste.net\/index.php\/wp-json\/wp\/v2\/media?parent=1888"}],"wp:term":[{"taxonomy":"category","embeddable":true,"href":"https:\/\/la-presse-anarchiste.net\/index.php\/wp-json\/wp\/v2\/categories?post=1888"},{"taxonomy":"post_tag","embeddable":true,"href":"https:\/\/la-presse-anarchiste.net\/index.php\/wp-json\/wp\/v2\/tags?post=1888"},{"taxonomy":"author","embeddable":true,"href":"https:\/\/la-presse-anarchiste.net\/index.php\/wp-json\/wp\/v2\/ppma_author?post=1888"}],"curies":[{"name":"wp","href":"https:\/\/api.w.org\/{rel}","templated":true}]}}