{"id":189,"date":"1966-04-01T00:01:45","date_gmt":"1966-04-01T00:01:45","guid":{"rendered":"https:\/\/la-presse-anarchiste.net\/index.php\/2007\/02\/28\/revolutionnaires\/"},"modified":"2024-04-22T06:53:10","modified_gmt":"2024-04-22T06:53:10","slug":"revolutionnaires","status":"publish","type":"post","link":"https:\/\/la-presse-anarchiste.net\/index.php\/1966\/04\/01\/revolutionnaires\/","title":{"rendered":"R\u00e9volutionnaires&nbsp;!"},"content":{"rendered":"<div class=\"pdfprnt-buttons pdfprnt-buttons-post pdfprnt-top-right\"><a href=\"https:\/\/la-presse-anarchiste.net\/index.php\/wp-json\/wp\/v2\/posts\/189?print=pdf\" class=\"pdfprnt-button pdfprnt-button-pdf\" target=\"_blank\"><img decoding=\"async\" src=\"https:\/\/la-presse-anarchiste.net\/wp-content\/plugins\/pdf-print\/images\/pdf.png\" alt=\"image_pdf\" title=\"Afficher le PDF\"><\/a><a href=\"https:\/\/la-presse-anarchiste.net\/index.php\/wp-json\/wp\/v2\/posts\/189?print=print\" class=\"pdfprnt-button pdfprnt-button-print\" target=\"_blank\"><img decoding=\"async\" src=\"https:\/\/la-presse-anarchiste.net\/wp-content\/plugins\/pdf-print\/images\/print.png\" alt=\"image_print\" title=\"Contenu imprim\u00e9\"><\/a><\/div><div align=\"justify\">\n<p>En tant qu\u2019anarchistes, nous contes\u00adtons cette soci\u00e9\u00adt\u00e9, glo\u00adba\u00adle\u00adment. Nous vou\u00adlons que ses struc\u00adtures auto\u00adri\u00adtaires dis\u00adpa\u00adraissent pour lais\u00adser la place \u00e0 des struc\u00adtures souples, f\u00e9d\u00e9\u00adra\u00adlistes, liber\u00adtaires o\u00f9 les indi\u00advi\u00addus puissent prendre en main la conduite de leur&nbsp;vie.<\/p>\n<p style=\"text-align: justify;\"><strong>En cela, nous sommes r\u00e9volutionnaires\u2026<\/strong><\/p>\n<p style=\"text-align: justify;\">Nous ne nous conten\u00adtons pas de r\u00e9formes, d\u2019am\u00e9nagements, de com\u00adpro\u00admis, de repl\u00e2\u00adtrages\u2026 nous vou\u00adlons tout chan\u00adger, et les men\u00adta\u00adli\u00adt\u00e9s, et les com\u00adpor\u00adte\u00adments, et les bases m\u00eame de cette soci\u00e9t\u00e9.<\/p>\n<p style=\"text-align: justify;\">Nous vou\u00adlons sup\u00adpri\u00admer l\u2019exploitation de l\u2019homme par l\u2019homme, de l\u2019homme par le milieu, de l\u2019homme par l\u2019\u00c9tat, de l\u2019homme par la machine. Nous vou\u00adlons sup\u00adpri\u00admer l\u2019autorit\u00e9 et la vio\u00adlence, les forces coer\u00adci\u00adtives, l\u2019arm\u00e9e et les polices.<\/p>\n<p style=\"text-align: justify;\">Nous vou\u00adlons d\u00e9sa\u00adli\u00e9\u00adner l\u2019homme, le d\u00e9bar\u00adras\u00adser de toutes ces forces obs\u00adcu\u00adran\u00adtistes qui \u00e9touffent sa conscience&nbsp;: mili\u00adta\u00adrisme, natio\u00adna\u00adlisme, cl\u00e9\u00adri\u00adca\u00adlisme, racisme, morales sexuelle et fami\u00adliale, tech\u00adno\u00adcra\u00adtie et hi\u00e9rarchie\u2026<\/p>\n<p style=\"text-align: justify;\">Nous vou\u00adlons que l\u2019homme s\u2019\u00e9panouisse dans un monde \u00e0 sa mesure.<\/p>\n<p style=\"text-align: justify;\"><strong>En cela, nous sommes r\u00e9volutionnaires\u2026<\/strong><\/p>\n<p style=\"text-align: justify;\">Mais, nous ne croyons plus au \u00ab&nbsp;grand soir&nbsp;\u00bb, nous ne croyons plus aux fusils ni aux bar\u00adri\u00adcades. La vio\u00adlence appelle la vio\u00adlence et le cycle se boucle, le ser\u00adpent se mord la queue\u2026 Nous avons cher\u00adch\u00e9 d\u2019autres armes, d\u2019autres m\u00e9thodes&nbsp;; nous avons choi\u00adsi la non-vio\u00adlence parce que seule apte \u00e0 atteindre le but, parce que non autoritaire.<\/p>\n<p style=\"text-align: justify;\"><strong>Mais nous sommes anar\u00adchistes et r\u00e9volutionnaires\u2026<\/strong><\/p>\n<p style=\"text-align: justify;\">Nous ne sub\u00adsti\u00adtuons pas la non-vio\u00adlence \u00e0 l\u2019anarchisme. Notre \u00e9thique, c\u2019est l\u2019anarchisme. La non-vio\u00adlence n\u2019est qu\u2019une m\u00e9thode, un moyen d\u2019action, de lutte, de pres\u00adsion. Nous ne la subli\u00admons pas, nous n\u2019en fai\u00adsons pas une panac\u00e9e.<\/p>\n<p style=\"text-align: justify;\"><strong>Avant tout, nous sommes anarchistes\u2026<\/strong><\/p>\n<p style=\"text-align: justify;\">Nous n\u2019avons pas de scru\u00adpules envers cette soci\u00e9\u00adt\u00e9 pour\u00adrie, ces poli\u00adti\u00adciens, ces tra\u00ee\u00adneurs de sabre. Nous n\u2019en sommes pas res\u00adpon\u00adsables. Nous les com\u00adbat\u00adtons. Nous ne vou\u00adlons pas entrer dans le sys\u00adt\u00e8me, le cau\u00adtion\u00adner, le per\u00adp\u00e9\u00adtuer&nbsp;; nous ne sommes ni par\u00adti\u00adci\u00adpa\u00adtion\u00adnistes ni r\u00e9formistes.<\/p>\n<p style=\"text-align: justify;\"><strong>Nous sommes r\u00e9volutionnaires\u2026<\/strong><\/p>\n<p style=\"text-align: justify;\">II n\u2019y a pas \u00e0 dia\u00adlo\u00adguer avec les forces d\u2019oppression, \u00e0 ter\u00adgi\u00adver\u00adser avec les injus\u00adtices, il faut les sup\u00adpri\u00admer, tota\u00adle\u00adment, irr\u00e9m\u00e9diablement.<\/p>\n<p style=\"text-align: justify;\">Et si, par notre lutte, nous obte\u00adnons des am\u00e9\u00adlio\u00adra\u00adtions des condi\u00adtions de vie, la ces\u00adsa\u00adtion d\u2019une oppres\u00adsion, la fin d\u2019une injus\u00adtice, l\u2019amendement d\u2019une loi par trop sc\u00e9\u00adl\u00e9\u00adrate, nous n\u2019en deve\u00adnons pas pour autant r\u00e9for\u00admistes&nbsp;; nous ne pro\u00adpo\u00adsons pas, nous ne par\u00adti\u00adci\u00adpons pas aux am\u00e9\u00adna\u00adge\u00adments\u2026 nous conti\u00adnuons \u00e0 lut\u00adter pour notre but final&nbsp;; nous conti\u00adnuons \u00e0 \u00e9le\u00adver notre voix dans le d\u00e9sert&nbsp;; nous sommes des des\u00adtruc\u00adteurs per\u00adma\u00adnents, des r\u00e9vol\u00adt\u00e9s de tous les ins\u00adtants, notre n\u00e9ga\u00adtion est constructive.<\/p>\n<p style=\"text-align: justify;\"><strong>En cela, nous sommes r\u00e9volutionnaires\u2026<\/strong><\/p>\n<p style=\"text-align: justify;\">Nous ne sommes pas spi\u00adri\u00adtua\u00adlistes&nbsp;; nous n\u2019avons rien \u00e0 rache\u00adter, \u00e0 com\u00adpen\u00adser&nbsp;; ni l\u2019Amour ni la V\u00e9ri\u00adt\u00e9 ne nous guident&nbsp;; notre soli\u00adda\u00adri\u00adt\u00e9 est volon\u00adtaire\u2026 nous ne vou\u00adlons pas d\u2019un ser\u00advice civil obligatoire.<\/p>\n<p style=\"text-align: justify;\">Nous n\u2019avons pas de patrie, nous sommes ana\u00adtio\u00adnaux&nbsp;: nous n\u2019avons pas besoin d\u2019une d\u00e9fense natio\u00adnale, m\u00eame non violente.<\/p>\n<p style=\"text-align: justify;\">Assez de bla-bla, de j\u00e9sui\u00adtisme, de demi-mesure, de faux-sem\u00adblant, il faut balayer une fois pour toutes ce grand champ d\u2019immondices qu\u2019est notre monde actuel, afin que puisse na\u00eetre une soci\u00e9\u00adt\u00e9 libre o\u00f9 les rap\u00adports inter\u00adhu\u00admains seront bas\u00e9s sur la res\u00adpon\u00adsa\u00adbi\u00adli\u00adt\u00e9, la liber\u00adt\u00e9 et n\u00e9ces\u00adsai\u00adre\u00adment sur la non-violence,<\/p>\n<p style=\"text-align: justify;\"><strong>une soci\u00e9\u00adt\u00e9 r\u00e9volutionn\u00e9e&nbsp;!<\/strong><\/p>\n<p style=\"text-align: right;\">Michel Teper\u00adnows\u00adki<\/p>\n<\/div>\n","protected":false},"excerpt":{"rendered":"<p>En tant qu\u2019anarchistes, nous contes\u00adtons cette soci\u00e9\u00adt\u00e9, glo\u00adba\u00adle\u00adment. Nous vou\u00adlons que ses struc\u00adtures auto\u00adri\u00adtaires dis\u00adpa\u00adraissent pour lais\u00adser la place \u00e0 des struc\u00adtures souples, f\u00e9d\u00e9\u00adra\u00adlistes, liber\u00adtaires o\u00f9 les indi\u00advi\u00addus puissent prendre en main la conduite de leur&nbsp;vie. En cela, nous sommes r\u00e9vo\u00adlu\u00adtion\u00adnaires\u2026 Nous ne nous conten\u00adtons pas de r\u00e9formes, d\u2019am\u00e9nagements, de com\u00adpro\u00admis, de repl\u00e2\u00adtrages\u2026 nous voulons&nbsp;[\u2026]<\/p>\n","protected":false},"author":81,"featured_media":5183,"comment_status":"closed","ping_status":"closed","sticky":false,"template":"wp-custom-template-page-d-article","format":"standard","meta":{"wp_typography_post_enhancements_disabled":false,"footnotes":""},"categories":[26],"tags":[],"ppma_author":[748],"class_list":["post-189","post","type-post","status-publish","format-standard","has-post-thumbnail","hentry","category-anarchisme-et-non-violence-na4-avril-1966"],"authors":[{"term_id":748,"user_id":81,"is_guest":0,"slug":"michel-tepernowski","display_name":"Michel Tepernowski","avatar_url":"https:\/\/secure.gravatar.com\/avatar\/ec1a572f23f073fb9fd418fc9daa5d16caa8272bd669951761c1b4d4f0efe446?s=96&d=mm&r=g","author_category":"","user_url":"","last_name":"Tepernowski","first_name":"Michel","job_title":"","description":""}],"_links":{"self":[{"href":"https:\/\/la-presse-anarchiste.net\/index.php\/wp-json\/wp\/v2\/posts\/189","targetHints":{"allow":["GET"]}}],"collection":[{"href":"https:\/\/la-presse-anarchiste.net\/index.php\/wp-json\/wp\/v2\/posts"}],"about":[{"href":"https:\/\/la-presse-anarchiste.net\/index.php\/wp-json\/wp\/v2\/types\/post"}],"author":[{"embeddable":true,"href":"https:\/\/la-presse-anarchiste.net\/index.php\/wp-json\/wp\/v2\/users\/81"}],"replies":[{"embeddable":true,"href":"https:\/\/la-presse-anarchiste.net\/index.php\/wp-json\/wp\/v2\/comments?post=189"}],"version-history":[{"count":3,"href":"https:\/\/la-presse-anarchiste.net\/index.php\/wp-json\/wp\/v2\/posts\/189\/revisions"}],"predecessor-version":[{"id":7037,"href":"https:\/\/la-presse-anarchiste.net\/index.php\/wp-json\/wp\/v2\/posts\/189\/revisions\/7037"}],"wp:featuredmedia":[{"embeddable":true,"href":"https:\/\/la-presse-anarchiste.net\/index.php\/wp-json\/wp\/v2\/media\/5183"}],"wp:attachment":[{"href":"https:\/\/la-presse-anarchiste.net\/index.php\/wp-json\/wp\/v2\/media?parent=189"}],"wp:term":[{"taxonomy":"category","embeddable":true,"href":"https:\/\/la-presse-anarchiste.net\/index.php\/wp-json\/wp\/v2\/categories?post=189"},{"taxonomy":"post_tag","embeddable":true,"href":"https:\/\/la-presse-anarchiste.net\/index.php\/wp-json\/wp\/v2\/tags?post=189"},{"taxonomy":"author","embeddable":true,"href":"https:\/\/la-presse-anarchiste.net\/index.php\/wp-json\/wp\/v2\/ppma_author?post=189"}],"curies":[{"name":"wp","href":"https:\/\/api.w.org\/{rel}","templated":true}]}}