{"id":1891,"date":"2008-12-09T10:23:49","date_gmt":"2008-12-09T10:23:49","guid":{"rendered":"https:\/\/la-presse-anarchiste.net\/index.php\/2008\/12\/09\/necessite-et-condition-dune-medecine-sociale\/"},"modified":"2008-12-09T10:23:49","modified_gmt":"2008-12-09T10:23:49","slug":"necessite-et-condition-dune-medecine-sociale","status":"publish","type":"post","link":"https:\/\/la-presse-anarchiste.net\/index.php\/2008\/12\/09\/necessite-et-condition-dune-medecine-sociale\/","title":{"rendered":"N\u00e9cessit\u00e9 et condition d\u2019une m\u00e9decine sociale"},"content":{"rendered":"<div class=\"pdfprnt-buttons pdfprnt-buttons-post pdfprnt-top-right\"><a href=\"https:\/\/la-presse-anarchiste.net\/index.php\/wp-json\/wp\/v2\/posts\/1891?print=pdf\" class=\"pdfprnt-button pdfprnt-button-pdf\" target=\"_blank\"><img decoding=\"async\" src=\"https:\/\/la-presse-anarchiste.net\/wp-content\/plugins\/pdf-print\/images\/pdf.png\" alt=\"image_pdf\" title=\"Afficher le PDF\"><\/a><a href=\"https:\/\/la-presse-anarchiste.net\/index.php\/wp-json\/wp\/v2\/posts\/1891?print=print\" class=\"pdfprnt-button pdfprnt-button-print\" target=\"_blank\"><img decoding=\"async\" src=\"https:\/\/la-presse-anarchiste.net\/wp-content\/plugins\/pdf-print\/images\/print.png\" alt=\"image_print\" title=\"Contenu imprim\u00e9\"><\/a><\/div><p><img decoding=\"async\" src=\"IMG\/png\/problemes.png\" alt=\"problemes.png\" align=\"left\">Ces der\u00adniers mois, hygi\u00e9\u00adnistes, corps m\u00e9di\u00adcal, pou\u00advoirs publics se sont pen\u00adch\u00e9s sur les pro\u00adbl\u00e8mes sani\u00adtaires. Il faut bien remar\u00adquer que c\u2019est seule\u00adment \u00e0 la veill\u00e9 de la guerre, et devant le pro\u00adbl\u00e8me de la baisse de la nata\u00adli\u00adt\u00e9, que les dif\u00adf\u00e9\u00adrents orga\u00adnismes offi\u00adciels se sont vio\u00adlem\u00adment \u00e9mus. En effet, ceux-ci en font avant tout un pro\u00adbl\u00e8me natio\u00adnal, se r\u00e9jouis\u00adsant devant une aug\u00admen\u00adta\u00adtion de mor\u00adta\u00adli\u00adt\u00e9 dans le pays voi\u00adsin, se d\u00e9ses\u00adp\u00e9\u00adrant d\u2019une aug\u00admen\u00adta\u00adtion de la mor\u00adta\u00adli\u00adt\u00e9 dans le leur, car ain\u00adsi dimi\u00adnue le nombre d\u2019hommes dis\u00adpo\u00adnibles des\u00adti\u00adn\u00e9s \u00e0 for\u00admer la masse de com\u00adbat pour la \u00ab&nbsp;pro\u00adchaine guerre&nbsp;\u00bb.<\/p>\n<p>\tEt il est assez curieux de remar\u00adquer aus\u00adsi tous ces gens qui s\u2019in\u00adt\u00e9\u00adressent soi-disant \u00e0 la vie humaine, aux drames des foyers o\u00f9 la tuber\u00adcu\u00adlose fait des ravages, acceptent froi\u00adde\u00adment les grands cata\u00adclysmes qui font mou\u00adrir des mil\u00adlions d\u2019hommes.<\/p>\n<p>\tIl y a aus\u00adsi des phi\u00adlan\u00adthropes sin\u00adc\u00e8res qui font de la m\u00e9de\u00adcine sociale une des nom\u00adbreuses formes de la cha\u00adri\u00adt\u00e9, cette cha\u00adri\u00adt\u00e9 si d\u00e9tes\u00adtable qui fait que l\u2019on donne en cadeau aux \u00eatres humains ce qui repr\u00e9\u00adsente un de leurs droits les plus \u00e9l\u00e9\u00admen\u00adtaires. Et c\u2019est pour nous oppo\u00adser a ces points de vue, c\u2019est aus\u00adsi parce que dans l\u2019\u0153uvre de cr\u00e9a\u00adtion d\u2019une vie sociale nou\u00advelle plus sou\u00adcieuse de per\u00admettre le d\u00e9ve\u00adlop\u00adpe\u00adment de tous les indi\u00advi\u00addus, la m\u00e9de\u00adcine a un grand r\u00f4le \u00e0 jouer, que nous devons d\u00e8s main\u00adte\u00adnant, dans le cadre de la soci\u00e9\u00adt\u00e9 actuelle, nous int\u00e9\u00adres\u00adser aux pro\u00adbl\u00e8mes que pose une m\u00e9de\u00adcine sociale et essayer de sub\u00adsti\u00adtuer \u00e0 l\u2019i\u00add\u00e9e de la san\u00adt\u00e9 publique fran\u00ad\u00e7aise l\u2019i\u00add\u00e9e de la san\u00adt\u00e9 de l\u2019in\u00addi\u00advi\u00addu \u00eatre humain.<\/p>\n<h3>Constatations<\/h3>\n<p>\tUn bilan rapide de ces der\u00adni\u00e8res ann\u00e9es montre que les cir\u00adcons\u00adtances mat\u00e9\u00adrielles influent cer\u00adtai\u00adne\u00adment sur l\u2019\u00e9\u00adtat de san\u00adt\u00e9. C\u2019est ain\u00adsi qu\u2019en 1941, ann\u00e9e la plus dure, il y eut une aug\u00admen\u00adta\u00adtion de 28&nbsp;% de la tuber\u00adcu\u00adlose. Dans les ann\u00e9es sui\u00advantes, l\u2019aug\u00admen\u00adta\u00adtion est moins nette, bien que la mor\u00adta\u00adli\u00adt\u00e9 infan\u00adtile demeure \u00e9le\u00adv\u00e9e (elle l\u2019a \u00e9t\u00e9 par\u00adti\u00adcu\u00adli\u00e8\u00adre\u00adment cet&nbsp;hiver).<\/p>\n<p>\tC\u2019est \u00e9ga\u00adle\u00adment les quar\u00adtiers les plus popu\u00adleux, les moins a\u00e9r\u00e9s, les plus pauvres, qui apportent le plus large tri\u00adbut \u00e0 la tuber\u00adcu\u00adlose&nbsp;; c\u2019est le quar\u00adtier de Sainte Mer\u00adri qui vient en t\u00eate avec une mor\u00adta\u00adli\u00adt\u00e9 cinq fois sup\u00e9\u00adrieure \u00e0 celle des 8<sup>e<\/sup> et 16<sup>e<\/sup> arrondissements.<\/p>\n<p>\tDe m\u00eame les sta\u00adtis\u00adtiques faites en Angle\u00adterre (en France on ne s\u2019est jamais int\u00e9\u00adres\u00ads\u00e9 \u00e0 cette ques\u00adtion) montrent les dif\u00adf\u00e9\u00adrences de mor\u00adta\u00adli\u00adt\u00e9s sui\u00advant les pro\u00adfes\u00adsions. Ain\u00adsi il est cer\u00adtain que la sous-ali\u00admen\u00adta\u00adtion, l\u2019ha\u00adbi\u00adta\u00adtion mal\u00adsaine, la fatigue jouent un r\u00f4le impor\u00adtant dans la mor\u00adta\u00adli\u00adt\u00e9. C\u2019est en pre\u00admier lieu \u00e0 ces fac\u00adteurs qu\u2019il fau\u00addrait pal\u00adlier en s\u2019in\u00adt\u00e9\u00adres\u00adsant aux pro\u00adbl\u00e8mes urbains, \u00e0 ceux du tra\u00advail dans de bonnes condi\u00adtions, du d\u00e9ve\u00adlop\u00adpe\u00adment phy\u00adsique de l\u2019in\u00addi\u00advi\u00addu et tout par\u00adti\u00adcu\u00adli\u00e8\u00adre\u00adment de l\u2019enfant.<\/p>\n<h3>Prophylaxie et \u00e9ducation<\/h3>\n<p>\tLes efforts faits au point de vue pro\u00adphy\u00adlaxie anti\u00adtu\u00adber\u00adcu\u00adleuse, anti\u00adsy\u00adphi\u00adli\u00adtique, \u00e0 celui de la pu\u00e9\u00adri\u00adcul\u00adture, etc., avec des moyens indignes du niveau des d\u00e9cou\u00advertes scien\u00adti\u00adfiques et d\u2019un pays civi\u00adli\u00ads\u00e9, montrent n\u00e9an\u00admoins leur effi\u00adca\u00adci\u00adt\u00e9. Mais ils devraient \u00eatre d\u00e9ve\u00adlop\u00adp\u00e9s \u00e0. un point que ne per\u00admet gu\u00e8re la soci\u00e9\u00adt\u00e9 actuelle, et toute m\u00e9de\u00adcine pr\u00e9\u00adven\u00adtive est indis\u00adso\u00adciable d\u2019un bou\u00adle\u00adver\u00adse\u00adment social.<\/p>\n<p>\tElle devra d\u2019ailleurs s\u2019ac\u00adcom\u00adpa\u00adgner aus\u00adsi d\u2019une \u0153uvre \u00e9du\u00adca\u00adtive extr\u00ea\u00adme\u00adment impor\u00adtante. Car il ne suf\u00adfit pas que toute l\u2019or\u00adga\u00adni\u00adsa\u00adtion sociale veuille pro\u00adt\u00e9\u00adger la san\u00adt\u00e9 de l\u2019in\u00addi\u00advi\u00addu, il faut encore que celui-ci aide la soci\u00e9\u00adt\u00e9 en se pro\u00adt\u00e9\u00adgeant lui-m\u00eame. Or, nom\u00adbreux sont les indi\u00advi\u00addus qui, incons\u00adcients, igno\u00adrants ou rebelles vis-\u00e0-vis du m\u00e9de\u00adcin qui y gagne trop sou\u00advent la r\u00e9pu\u00adta\u00adtion de char\u00adla\u00adtan. Il fau\u00addrait des m\u00e9de\u00adcins par\u00adti\u00adcu\u00adli\u00e8\u00adre\u00adment dou\u00e9s pour entre\u00adprendre cette \u0153uvre \u00e9du\u00adca\u00adtive, en tenant compte des fac\u00adteurs psy\u00adcho\u00adlo\u00adgiques com\u00adplexes qui \u00e9loignent tant de sujets de tout contr\u00f4le sanitaire.<\/p>\n<p>\tD\u00e8s l\u2019\u00e9\u00adcole il fau\u00addra don\u00adner aux enfants des don\u00adn\u00e9es pr\u00e9\u00adcises et simples et aus\u00adsi le culte de leur corps, de leur san\u00adt\u00e9&nbsp;; leur faire sen\u00adtir, par la vie m\u00eame qu\u2019ils m\u00e8ne\u00adront, que le bien-\u00eatre phy\u00adsique est une base indis\u00adpen\u00adsable \u00e0 tout \u00e9quilibre.<\/p>\n<p>\tMal\u00adheu\u00adreu\u00adse\u00adment nous sommes encore au stade o\u00f9 la m\u00e9de\u00adcine cura\u00adtive a encore tout son r\u00f4le et on ne peut qu\u2019\u00eatre tris\u00adte\u00adment \u00e9c\u0153u\u00adr\u00e9 en voyant quelle catas\u00adtrophe c\u2019est de tom\u00adber malade dans la soci\u00e9\u00adt\u00e9 actuelle quand on n\u2019est pas tr\u00e8s riche et que le tra\u00advailleur, par exemple, n\u2019a que le pour\u00adcen\u00adtage insuf\u00adfi\u00adsant accor\u00add\u00e9 aux coti\u00adsants par les Assu\u00adrances sociales.<\/p>\n<p>\tNous savons tous quoi pen\u00adser des Assu\u00adrances sociales et de l\u2019as\u00adsis\u00adtance m\u00e9di\u00adcale gra\u00adtuite qui obligent sou\u00advent le malade et sa famille \u00e0 une vie de mis\u00e8re. Nous avons tous connu des tuber\u00adcu\u00adleux obli\u00adg\u00e9s de tra\u00advailler pour pou\u00advoir vivre. Ou qui n\u2019ar\u00adri\u00advaient pas \u00e0 quit\u00adter leur foyer puis\u00adqu\u2019il y a en France dix tuber\u00adcu\u00adleux pour un&nbsp;lit.<\/p>\n<p>\tIl y aurait beau\u00adcoup \u00e0 dire sur les sana\u00adto\u00adria, o\u00f9 on ne peut entrer sans un ser\u00adre\u00adment de c\u0153ur, car rien n\u2019est orga\u00adni\u00ads\u00e9 pour que ces malades y oublient leur mal&nbsp;; des h\u00f4pi\u00adtaux, sou\u00advent vieux et sales, tristes eux aus\u00adsi, avec un per\u00adson\u00adnel infir\u00admier si mal pay\u00e9 que l\u2019on ne sau\u00adrait \u00eatre exi\u00adgeant&nbsp;; sur les asiles d\u2019a\u00adli\u00e9\u00adn\u00e9s o\u00f9 tout res\u00adpire l\u2019in\u00addif\u00adf\u00e9\u00adrence et o\u00f9 la notion d\u2019hu\u00adma\u00adni\u00adt\u00e9 semble avoir \u00e9t\u00e9 oubli\u00e9e sur le pas de la&nbsp;porte.<\/p>\n<p>\tEnfin, il faut bien avouer que l\u2019im\u00adpuis\u00adsance de la m\u00e9de\u00adcine, dans des cas, h\u00e9las&nbsp;! trop nom\u00adbreux, joue certes un grand r\u00f4le dans la m\u00e9fiance du malade. Et, dans ce domaine, il fau\u00addrait ver\u00adser de larges cr\u00e9\u00addits \u00e0 la recherche scien\u00adti\u00adfique qui am\u00e8ne seule un pro\u00adgr\u00e8s r\u00e9el tant dans la m\u00e9de\u00adcine pr\u00e9\u00adven\u00adtive que dans la m\u00e9de\u00adcine curative.<\/p>\n<h3>Le personnel m\u00e9dical<\/h3>\n<p>\tEt si nous avons par\u00adl\u00e9 de l\u2019\u00e9\u00addu\u00adca\u00adtion des sujets, non moins indis\u00adpen\u00adsable est celle du m\u00e9de\u00adcin. Celui-ci devra avoir \u00e0 c\u0153ur de faire son tra\u00advail avec un maxi\u00admum de conscience et d\u2019hon\u00adn\u00ea\u00adte\u00adt\u00e9. Sans aucune consi\u00add\u00e9\u00adra\u00adtion pour les longues ann\u00e9es d\u2019\u00e9\u00adtudes au nom des\u00adquelles il s\u2019at\u00adtri\u00adbue sou\u00advent trop de faci\u00adli\u00adt\u00e9s, il doit faire son tra\u00advail avec amour, en consi\u00add\u00e9\u00adrant que ses malades attendent tout de lui et qu\u2019il leur doit tout. Il devra s\u2019en\u00adtou\u00adrer d\u2019as\u00adsis\u00adtantes sociales, de visi\u00adteuses qu\u2019il for\u00adme\u00adra non dans l\u2019es\u00adprit d\u2019une Arm\u00e9e du Salut ou de ces dames de la Croix Rouge, mais dans un esprit de lutte sociale, de lutte pour que l\u2019homme trouve son \u00e9qui\u00adlibre vital et la joie de vivre, pour qu\u2019il s\u2019\u00e9\u00adpa\u00adnouisse intel\u00adlec\u00adtuel\u00adle\u00adment et mora\u00adle\u00adment dans de bonnes condi\u00adtions phy\u00adsiques. Lutte aus\u00adsi contre tout ce qui est contraire \u00e0 la san\u00adt\u00e9 humaine et, au pre\u00admier rang, un pro\u00adduc\u00adti\u00advisme qui ne consi\u00add\u00e8re que les forces de l\u2019argent.<\/p>\n<p>\tSi le m\u00e9de\u00adcin rem\u00adplis\u00adsait ce r\u00f4le, il gagne\u00adrait aus\u00adsi la confiance du malade. Son \u0153uvre \u00e9du\u00adca\u00adtive n\u2019en serait que plus facile.<\/p>\n","protected":false},"excerpt":{"rendered":"<p>Ces der\u00adniers mois, hygi\u00e9\u00adnistes, corps m\u00e9di\u00adcal, pou\u00advoirs publics se sont pen\u00adch\u00e9s sur les pro\u00adbl\u00e8mes sani\u00adtaires. Il faut bien remar\u00adquer que c\u2019est seule\u00adment \u00e0 la veill\u00e9 de la guerre, et devant le pro\u00adbl\u00e8me de la baisse de la nata\u00adli\u00adt\u00e9, que les dif\u00adf\u00e9\u00adrents orga\u00adnismes offi\u00adciels se sont vio\u00adlem\u00adment \u00e9mus. En effet, ceux-ci en font avant tout&nbsp;un&nbsp;[\u2026]<\/p>\n","protected":false},"author":1,"featured_media":0,"comment_status":"closed","ping_status":"closed","sticky":false,"template":"","format":"standard","meta":{"wp_typography_post_enhancements_disabled":false,"footnotes":""},"categories":[117],"tags":[],"ppma_author":[540],"class_list":["post-1891","post","type-post","status-publish","format-standard","hentry","category-le-libertaire-na4-9-avril-1945"],"authors":[{"term_id":540,"user_id":1,"is_guest":0,"slug":"admin_3gikpwyf","display_name":"Vincent Dubuc","avatar_url":"https:\/\/secure.gravatar.com\/avatar\/d015720652c25fd2ced191ade86430094e1f288a17483713e3b34d26dea52507?s=96&d=mm&r=g","author_category":"","user_url":"https:\/\/la-presse-anarchiste.net","last_name":"Dubuc","first_name":"Vincent","job_title":"","description":""}],"_links":{"self":[{"href":"https:\/\/la-presse-anarchiste.net\/index.php\/wp-json\/wp\/v2\/posts\/1891","targetHints":{"allow":["GET"]}}],"collection":[{"href":"https:\/\/la-presse-anarchiste.net\/index.php\/wp-json\/wp\/v2\/posts"}],"about":[{"href":"https:\/\/la-presse-anarchiste.net\/index.php\/wp-json\/wp\/v2\/types\/post"}],"author":[{"embeddable":true,"href":"https:\/\/la-presse-anarchiste.net\/index.php\/wp-json\/wp\/v2\/users\/1"}],"replies":[{"embeddable":true,"href":"https:\/\/la-presse-anarchiste.net\/index.php\/wp-json\/wp\/v2\/comments?post=1891"}],"version-history":[{"count":0,"href":"https:\/\/la-presse-anarchiste.net\/index.php\/wp-json\/wp\/v2\/posts\/1891\/revisions"}],"wp:attachment":[{"href":"https:\/\/la-presse-anarchiste.net\/index.php\/wp-json\/wp\/v2\/media?parent=1891"}],"wp:term":[{"taxonomy":"category","embeddable":true,"href":"https:\/\/la-presse-anarchiste.net\/index.php\/wp-json\/wp\/v2\/categories?post=1891"},{"taxonomy":"post_tag","embeddable":true,"href":"https:\/\/la-presse-anarchiste.net\/index.php\/wp-json\/wp\/v2\/tags?post=1891"},{"taxonomy":"author","embeddable":true,"href":"https:\/\/la-presse-anarchiste.net\/index.php\/wp-json\/wp\/v2\/ppma_author?post=1891"}],"curies":[{"name":"wp","href":"https:\/\/api.w.org\/{rel}","templated":true}]}}