{"id":1904,"date":"2008-12-10T13:39:16","date_gmt":"2008-12-10T13:39:16","guid":{"rendered":"https:\/\/la-presse-anarchiste.net\/index.php\/2008\/12\/10\/aux-jeunes-2\/"},"modified":"2008-12-10T13:39:16","modified_gmt":"2008-12-10T13:39:16","slug":"aux-jeunes-2","status":"publish","type":"post","link":"https:\/\/la-presse-anarchiste.net\/index.php\/2008\/12\/10\/aux-jeunes-2\/","title":{"rendered":"Aux jeunes&nbsp;!"},"content":{"rendered":"<div class=\"pdfprnt-buttons pdfprnt-buttons-post pdfprnt-top-right\"><a href=\"https:\/\/la-presse-anarchiste.net\/index.php\/wp-json\/wp\/v2\/posts\/1904?print=pdf\" class=\"pdfprnt-button pdfprnt-button-pdf\" target=\"_blank\"><img decoding=\"async\" src=\"https:\/\/la-presse-anarchiste.net\/wp-content\/plugins\/pdf-print\/images\/pdf.png\" alt=\"image_pdf\" title=\"Afficher le PDF\"><\/a><a href=\"https:\/\/la-presse-anarchiste.net\/index.php\/wp-json\/wp\/v2\/posts\/1904?print=print\" class=\"pdfprnt-button pdfprnt-button-print\" target=\"_blank\"><img decoding=\"async\" src=\"https:\/\/la-presse-anarchiste.net\/wp-content\/plugins\/pdf-print\/images\/print.png\" alt=\"image_print\" title=\"Contenu imprim\u00e9\"><\/a><\/div><p><img decoding=\"async\" src=\"IMG\/gif\/jeune.gif\" alt=\"jeune.gif\" align=\"left\">\tApr\u00e8s cinq ann\u00e9es d\u2019h\u00e9\u00adca\u00adtombes, la paix serait-elle reve\u00adnue&nbsp;? Mas\u00adsacres des peuples colo\u00adniaux, famines, gr\u00e8ves, chaque heure apporte sa part d\u2019hor\u00adreur, de vio\u00adlence, de crime, mais aus\u00adsi de r\u00e9volte, et vient nous rap\u00adpe\u00adler que nulle paix n\u2019est pos\u00adsible sans une trans\u00adfor\u00adma\u00adtion pro\u00adfonde, com\u00adpl\u00e8te, de la soci\u00e9\u00adt\u00e9, sans une r\u00e9vo\u00adlu\u00adtion sociale v\u00e9ritable.<\/p>\n<p>\tJeunes qui voyez, qui sen\u00adtez cela, jeunes qui cris\u00adpez les poings d\u2019im\u00adpuis\u00adsante r\u00e9volte, jeunes \u00e0 qui nulle \u00ab&nbsp;Mar\u00adseillaise&nbsp;\u00bb ne peut faire oublier quelle est la v\u00e9ri\u00adtable lutte \u00e0 mener, jeunes qui, \u00e9ga\u00adr\u00e9s un moment, \u00e9touf\u00adfez sous l\u2019hy\u00adpo\u00adcri\u00adsie d\u2019un par\u00adti, jeunes liber\u00adtaires d\u00e9j\u00e0 lev\u00e9s pour le grand com\u00adbat, tous, vous vien\u00addrez lut\u00adter \u00e0 nos c\u00f4t\u00e9s, dans les Jeu\u00adnesses, pour le seul but qui m\u00e9rite le sacri\u00adfice&nbsp;: le Com\u00admu\u00adnisme libertaire.<\/p>\n<p>\tMais vous sen\u00adtez bien, mes cama\u00adrades, que l\u2019ap\u00adpui moral ou l\u2019ap\u00adpui mat\u00e9\u00adriel pas\u00adsa\u00adger n\u2019est rien \u00e0 lui seul, qu\u2019un d\u00e9voue\u00adment total vous est deman\u00add\u00e9 et que pour une lutte \u00e2pre et longue sans doute, une orga\u00adni\u00adsa\u00adtion s\u00e9rieuse est n\u00e9cessaire.<\/p>\n<p>\tCette orga\u00adni\u00adsa\u00adtion des Jeu\u00adnesses Liber\u00adtaires, nous la vou\u00adlons \u00e0 l\u2019i\u00admage de la soci\u00e9\u00adt\u00e9 f\u00e9d\u00e9\u00adra\u00adliste liber\u00adtaire&nbsp;: chez nous, tout cama\u00adrade trouve une liber\u00adt\u00e9 d\u2019ex\u00adpres\u00adsion totale, un droit abso\u00adlu de dis\u00adcus\u00adsion et\u200a\u2014\u200asans cela, toute liber\u00adt\u00e9 serait vaine\u200a\u2014\u200ale reflet dans les d\u00e9ci\u00adsions prises de tous les points de vue int\u00e9\u00adres\u00adsants et sinc\u00e8res.<\/p>\n<p>\tAu tra\u00advail, cama\u00adrades, \u00e9ta\u00adblis\u00adsez d\u00e8s main\u00adte\u00adnant des plans de tra\u00advail, de pro\u00adpa\u00adgande, faites-nous part de vos sug\u00adges\u00adtions&nbsp;: nous en tien\u00addrons compte.<\/p>\n<p>\tNous ne vou\u00adlons pas faire des Jeu\u00adnesses une orga\u00adni\u00adsa\u00adtion sp\u00e9\u00adciale, ext\u00e9\u00adrieure au Mou\u00adve\u00adment liber\u00adtaire&nbsp;: bien au contraire, nous sommes dans le Mou\u00adve\u00adment et nous en somme l\u2019aile com\u00adbat\u00adtante. Pro\u00adpa\u00adgande, orga\u00adni\u00adsa\u00adtion des r\u00e9unions, des mee\u00adtings, vente du jour\u00adnal \u00ab&nbsp;\u00e0 la cri\u00e9e&nbsp;\u00bb, \u00e9cole du mili\u00adtant, voi\u00adci quelques-unes des t\u00e2ches qui reviennent d\u2019a\u00adbord aux Jeunesses.<\/p>\n<p>\tRap\u00adpe\u00adlons-nous que la for\u00adma\u00adtion des Jeu\u00adnesses Liber\u00adtaires, \u00e0 l\u2019\u00e9\u00adchelle natio\u00adnale, se pour\u00adsuit et que des groupes impor\u00adtants fonc\u00adtionnent et s\u2019or\u00adga\u00adnisent par r\u00e9gions.<\/p>\n<p>\tRejoi\u00adgnez nos rangs. Pour cela, \u00e9cri\u00advez, en envoyant votre adh\u00e9\u00adsion au Mou\u00adve\u00adment Liber\u00adtaire, \u00e0 l\u2019a\u00addresse suivante&nbsp;:<\/p>\n<p>\tMou\u00adve\u00adment Liber\u00adtaire, Jeu\u00adnesses, 145, quai de Val\u00admy, Paris (10<sup>e<\/sup>).<\/p>\n<p>\tNous vous aide\u00adrons \u00e0 for\u00admer groupes et r\u00e9gions et toutes ins\u00adtruc\u00adtions utiles vous seront fournies.<\/p>\n<p>\tMes cama\u00adrades, si vous le vou\u00adlez, dans quelques mois, les Jeu\u00adnesses Liber\u00adtaires seront une force avec laquelle nos enne\u00admis de classe devront comp\u00adter. Au tra\u00advail&nbsp;! Soyons l\u2019a\u00advant-garde consciente du prol\u00e9tariat.<br>\n\tP.-S.\u200a\u2014\u200aUn Centre de for\u00adma\u00adtion sociale (\u00c9cole du pro\u00adpa\u00adgan\u00addiste) fonc\u00adtionne tous les jeu\u00addis, \u00e0 20h.&nbsp;30, s\u00e9ances de tra\u00advail. Il est ouvert m\u00eame aux per\u00adsonnes non ins\u00adcrites au Mou\u00adve\u00adment Liber\u00adtaire, mais les Jeu\u00adnesses y ont une place toute indiqu\u00e9e,<\/p>\n<p>\tPour ren\u00adsei\u00adgne\u00adments et ins\u00adcrip\u00adtions \u00e9crire&nbsp;: Mou\u00adve\u00adment Liber\u00adtaire, 145, quai de Val\u00admy, Paris (10<sup>e<\/sup>).<\/p>\n","protected":false},"excerpt":{"rendered":"<p>Apr\u00e8s cinq ann\u00e9es d\u2019h\u00e9\u00adca\u00adtombes, la paix serait-elle reve\u00adnue&nbsp;? Mas\u00adsacres des peuples colo\u00adniaux, famines, gr\u00e8ves, chaque heure apporte sa part d\u2019hor\u00adreur, de vio\u00adlence, de crime, mais aus\u00adsi de r\u00e9volte, et vient nous rap\u00adpe\u00adler que nulle paix n\u2019est pos\u00adsible sans une trans\u00adfor\u00adma\u00adtion pro\u00adfonde, com\u00adpl\u00e8te, de la soci\u00e9\u00adt\u00e9, sans une r\u00e9vo\u00adlu\u00adtion sociale v\u00e9ri\u00adtable. Jeunes qui voyez, qui sentez&nbsp;[\u2026]<\/p>\n","protected":false},"author":1,"featured_media":0,"comment_status":"closed","ping_status":"closed","sticky":false,"template":"","format":"standard","meta":{"wp_typography_post_enhancements_disabled":false,"footnotes":""},"categories":[250],"tags":[],"ppma_author":[540],"class_list":["post-1904","post","type-post","status-publish","format-standard","hentry","category-le-libertaire-na6-juin-1945"],"authors":[{"term_id":540,"user_id":1,"is_guest":0,"slug":"admin_3gikpwyf","display_name":"Vincent Dubuc","avatar_url":"https:\/\/secure.gravatar.com\/avatar\/d015720652c25fd2ced191ade86430094e1f288a17483713e3b34d26dea52507?s=96&d=mm&r=g","author_category":"","user_url":"https:\/\/la-presse-anarchiste.net","last_name":"Dubuc","first_name":"Vincent","job_title":"","description":""}],"_links":{"self":[{"href":"https:\/\/la-presse-anarchiste.net\/index.php\/wp-json\/wp\/v2\/posts\/1904","targetHints":{"allow":["GET"]}}],"collection":[{"href":"https:\/\/la-presse-anarchiste.net\/index.php\/wp-json\/wp\/v2\/posts"}],"about":[{"href":"https:\/\/la-presse-anarchiste.net\/index.php\/wp-json\/wp\/v2\/types\/post"}],"author":[{"embeddable":true,"href":"https:\/\/la-presse-anarchiste.net\/index.php\/wp-json\/wp\/v2\/users\/1"}],"replies":[{"embeddable":true,"href":"https:\/\/la-presse-anarchiste.net\/index.php\/wp-json\/wp\/v2\/comments?post=1904"}],"version-history":[{"count":0,"href":"https:\/\/la-presse-anarchiste.net\/index.php\/wp-json\/wp\/v2\/posts\/1904\/revisions"}],"wp:attachment":[{"href":"https:\/\/la-presse-anarchiste.net\/index.php\/wp-json\/wp\/v2\/media?parent=1904"}],"wp:term":[{"taxonomy":"category","embeddable":true,"href":"https:\/\/la-presse-anarchiste.net\/index.php\/wp-json\/wp\/v2\/categories?post=1904"},{"taxonomy":"post_tag","embeddable":true,"href":"https:\/\/la-presse-anarchiste.net\/index.php\/wp-json\/wp\/v2\/tags?post=1904"},{"taxonomy":"author","embeddable":true,"href":"https:\/\/la-presse-anarchiste.net\/index.php\/wp-json\/wp\/v2\/ppma_author?post=1904"}],"curies":[{"name":"wp","href":"https:\/\/api.w.org\/{rel}","templated":true}]}}