{"id":1910,"date":"2008-12-10T18:23:45","date_gmt":"2008-12-10T18:23:45","guid":{"rendered":"https:\/\/la-presse-anarchiste.net\/index.php\/2008\/12\/10\/vive-la-commune-pour-la-revolution\/"},"modified":"2008-12-10T18:23:45","modified_gmt":"2008-12-10T18:23:45","slug":"vive-la-commune-pour-la-revolution","status":"publish","type":"post","link":"https:\/\/la-presse-anarchiste.net\/index.php\/2008\/12\/10\/vive-la-commune-pour-la-revolution\/","title":{"rendered":"Vive la Commune, pour la r\u00e9volution&nbsp;!"},"content":{"rendered":"<div class=\"pdfprnt-buttons pdfprnt-buttons-post pdfprnt-top-right\"><a href=\"https:\/\/la-presse-anarchiste.net\/index.php\/wp-json\/wp\/v2\/posts\/1910?print=pdf\" class=\"pdfprnt-button pdfprnt-button-pdf\" target=\"_blank\"><img decoding=\"async\" src=\"https:\/\/la-presse-anarchiste.net\/wp-content\/plugins\/pdf-print\/images\/pdf.png\" alt=\"image_pdf\" title=\"Afficher le PDF\"><\/a><a href=\"https:\/\/la-presse-anarchiste.net\/index.php\/wp-json\/wp\/v2\/posts\/1910?print=print\" class=\"pdfprnt-button pdfprnt-button-print\" target=\"_blank\"><img decoding=\"async\" src=\"https:\/\/la-presse-anarchiste.net\/wp-content\/plugins\/pdf-print\/images\/print.png\" alt=\"image_print\" title=\"Contenu imprim\u00e9\"><\/a><\/div><p>\tQuand para\u00ee\u00adtra cet article, les masses fid\u00e8les \u00e0 leurs morts, ces masses colo\u00adni\u00ads\u00e9es, \u00ab&nbsp;patrio\u00adti\u00ads\u00e9es&nbsp;\u00bb, enr\u00e9\u00adgi\u00admen\u00adt\u00e9es, par les par\u00adtis, les alliances, les haines auront d\u00e9fi\u00adl\u00e9 une fois de plus devant le Mur. Elles auront cri\u00e9&nbsp;: \u00ab&nbsp;Bazaine-P\u00e9tain au poteau&nbsp;!&nbsp;\u00bb \u00ab&nbsp;Natio\u00adna\u00adli\u00adsa\u00adtions&nbsp;!&nbsp;\u00bb et, sur l\u2019air des lam\u00adpions, le cri mille fois r\u00e9p\u00e9\u00adt\u00e9 d\u2019\u00abUnit\u00e9&nbsp;!&nbsp;\u00bb. Des dis\u00adcours auront exal\u00adt\u00e9 le patrio\u00adtisme des com\u00admu\u00adnards, celui des F.F.I. dont le paral\u00adl\u00e8le \u00e9vo\u00adqu\u00e9 aura sou\u00adle\u00adv\u00e9 les accla\u00adma\u00adtions. Et elles auront rega\u00adgn\u00e9 leurs habi\u00adta\u00adtions, encore gal\u00adva\u00adni\u00ads\u00e9es par leurs propres cris, ran\u00adg\u00e9 les habits du dimanche et, le len\u00adde\u00admain, repris le che\u00admin de l\u2019u\u00adsine ou de l\u2019atelier.<\/p>\n<p>\tEst-ce pour nous m\u00ealer \u00e0 cette \u00ab&nbsp;com\u00adm\u00e9\u00admo\u00adra\u00adtion&nbsp;\u00bb que nous irons, nous aus\u00adsi, au Mur&nbsp;? Non&nbsp;! Notre esprit est autre. Ce n\u2019est pas pour leur patrio\u00adtisme que nous nous incli\u00adne\u00adrons devant \u00ab&nbsp;nos&nbsp;\u00bb morts, mais parce qu\u2019ils ont appe\u00adl\u00e9 de leur cou\u00adrage, de leur volon\u00adt\u00e9, de leur san\u00adglant sacri\u00adfice la \u00ab&nbsp;R\u00e9pu\u00adblique sociale&nbsp;\u00bb, la \u00ab&nbsp;Sociale&nbsp;\u00bb, et salu\u00e9 l\u2019aube de la r\u00e9volution.<\/p>\n<p>\tCar, il faut le r\u00e9p\u00e9\u00adter au peuple contre les affir\u00adma\u00adtions par\u00adti\u00adsanes, d\u00e9nu\u00e9es de v\u00e9ri\u00adt\u00e9 his\u00adto\u00adrique, la \u00ab&nbsp;Com\u00admune&nbsp;\u00bb qu\u2019il doit c\u00e9l\u00e9\u00adbrer, c\u2019est celle des siens. Et les siens ce ne sont pas les r\u00e9pu\u00adbli\u00adcains mon\u00adta\u00adgnards, jaco\u00adbins ou qua\u00adrante-hui\u00adtards attar\u00add\u00e9s, patriotes eux, fig\u00e9s par le sou\u00adve\u00adnir de leurs d\u00e9faites, mais les hommes nou\u00adveaux, tels Var\u00adlin, qui com\u00adbat\u00adtaient pour l\u2019In\u00adter\u00adna\u00adtio\u00adnale, pour le pro\u00adl\u00e9\u00adta\u00adriat, pour la \u00ab&nbsp;Sociale&nbsp;\u00bb.<\/p>\n<p>\tC\u2019est devant ceux-l\u00e0 que nous nous incli\u00adnons. C\u2019est de ceux-l\u00e0 seuls que nous nous r\u00e9cla\u00admons. Car s\u2019ils ont \u00e0 la fois com\u00adbat\u00adtu l\u2019en\u00adva\u00adhis\u00adseur et le gou\u00adver\u00adne\u00adment de Bor\u00addeaux, ils voyaient plus loin. S\u2019ils ont enga\u00adg\u00e9 d\u00e9li\u00adb\u00e9\u00adr\u00e9\u00adment, sous le dra\u00adpeau sym\u00adbo\u00adlique de la Com\u00admune, le com\u00adbat contre les ruraux, ils conti\u00adnuaient logi\u00adque\u00adment, imper\u00adtur\u00adba\u00adble\u00adment le com\u00adbat qu\u2019ils menaient depuis dix ans dans l\u2019In\u00adter\u00adna\u00adtio\u00adnale, dans les asso\u00adcia\u00adtions ouvri\u00e8res recons\u00adti\u00adtu\u00e9es, dans les syn\u00addi\u00adcats nais\u00adsants. Eux seuls ont com\u00adpris, dans cette explo\u00adsion de la col\u00e8re popu\u00adlaire, que Badin\u00adguet, Thiers, le \u00ab&nbsp;gnome san\u00adglant&nbsp;\u00bb, Tro\u00adchu, Jules Favre n\u2019\u00e9\u00adtaient que des pr\u00eate-noms, renou\u00adve\u00adlables, rem\u00adpla\u00ad\u00e7ables, du seul enne\u00admi tou\u00adjours pr\u00e9\u00adsent&nbsp;: le Ma\u00eetre, de quelque forme qu\u2019il soit&nbsp;: auto\u00adri\u00adt\u00e9, imp\u00e9\u00adria\u00adlisme, capi\u00adta\u00adlisme, et que la forme de lutte \u00e0 adop\u00adter \u00e9tait la lutte de classes.<\/p>\n<p>\tMan\u00adquant d\u2019au\u00addace et, pour cer\u00adtains d\u2019en\u00adtr\u2019eux, d\u2019en\u00adver\u00adgure, ils ont cepen\u00addant fait ce qu\u2019au\u00adcun n\u2019a\u00advait fait avant eux&nbsp;: ils ont concr\u00e9\u00adti\u00ads\u00e9 jus\u00adqu\u2019au sacri\u00adfice cette forme nou\u00advelle de lutte que nous voyons aujourd\u2019\u00adhui aban\u00addon\u00adn\u00e9e au \u00ab&nbsp;pro\u00adfit&nbsp;\u00bb des rai\u00adson\u00adne\u00adments machia\u00adv\u00e9\u00adliques et \u00e0 une \u00ab&nbsp;haute diplo\u00adma\u00adtie ouvri\u00e8re&nbsp;\u00bb. Ils \u00e9taient le ciment n\u00e9ces\u00adsaire des groupes \u00e9pars dans la masse \u00ab&nbsp;r\u00e9pu\u00adbli\u00adcaine&nbsp;\u00bb et socia\u00adli\u00adsante, ces groupes qui \u00e9taient les pre\u00admiers pelo\u00adtons de l\u2019ar\u00adm\u00e9e du prol\u00e9tariat.<\/p>\n<p>\tAus\u00adsi ces mots d\u2019ordre hur\u00adl\u00e9s devant les tombes nous ne pou\u00advons les reprendre que si les masses, conscientes d\u2019elles-m\u00eames, sourdes et aveugles aux parades et aux pali\u00adno\u00addies des bate\u00adleurs et des clowns de la sociale, mar\u00adchant dans la voie tra\u00adc\u00e9e par les \u00ab&nbsp;leurs&nbsp;\u00bb aban\u00addonnent \u00e0 la vin\u00addicte de ses pairs le \u00ab&nbsp;Bazaine-P\u00e9tain&nbsp;\u00bb, r\u00e9a\u00adlisent dans leur sein et par elles-m\u00eames la vraie \u00ab&nbsp;uni\u00adt\u00e9&nbsp;\u00bb, qui sera, cette fois, l\u2019arme de \u00ab&nbsp;leur r\u00e9vo\u00adlu\u00adtion&nbsp;\u00bb, pr\u00e9\u00adlude \u00e0 la F\u00e9d\u00e9\u00adra\u00adtion des Peuples.<\/p>\n<p>\u00ab&nbsp;Le Libertaire&nbsp;\u00bb<\/p>\n","protected":false},"excerpt":{"rendered":"<p>Quand para\u00ee\u00adtra cet article, les masses fid\u00e8les \u00e0 leurs morts, ces masses colo\u00adni\u00ads\u00e9es, \u00ab&nbsp;patrio\u00adti\u00ads\u00e9es&nbsp;\u00bb, enr\u00e9\u00adgi\u00admen\u00adt\u00e9es, par les par\u00adtis, les alliances, les haines auront d\u00e9fi\u00adl\u00e9 une fois de plus devant le Mur. Elles auront cri\u00e9&nbsp;: \u00ab&nbsp;Bazaine-P\u00e9tain au poteau&nbsp;!&nbsp;\u00bb \u00ab&nbsp;Natio\u00adna\u00adli\u00adsa\u00adtions&nbsp;!&nbsp;\u00bb et, sur l\u2019air des lam\u00adpions, le cri mille fois r\u00e9p\u00e9\u00adt\u00e9 d\u2019\u00abUnit\u00e9&nbsp;!&nbsp;\u00bb. Des dis\u00adcours auront exal\u00adt\u00e9 le patriotisme&nbsp;[\u2026]<\/p>\n","protected":false},"author":1,"featured_media":0,"comment_status":"closed","ping_status":"closed","sticky":false,"template":"","format":"standard","meta":{"wp_typography_post_enhancements_disabled":false,"footnotes":""},"categories":[250],"tags":[],"ppma_author":[540],"class_list":["post-1910","post","type-post","status-publish","format-standard","hentry","category-le-libertaire-na6-juin-1945"],"authors":[{"term_id":540,"user_id":1,"is_guest":0,"slug":"admin_3gikpwyf","display_name":"Vincent Dubuc","avatar_url":"https:\/\/secure.gravatar.com\/avatar\/d015720652c25fd2ced191ade86430094e1f288a17483713e3b34d26dea52507?s=96&d=mm&r=g","author_category":"","user_url":"https:\/\/la-presse-anarchiste.net","last_name":"Dubuc","first_name":"Vincent","job_title":"","description":""}],"_links":{"self":[{"href":"https:\/\/la-presse-anarchiste.net\/index.php\/wp-json\/wp\/v2\/posts\/1910","targetHints":{"allow":["GET"]}}],"collection":[{"href":"https:\/\/la-presse-anarchiste.net\/index.php\/wp-json\/wp\/v2\/posts"}],"about":[{"href":"https:\/\/la-presse-anarchiste.net\/index.php\/wp-json\/wp\/v2\/types\/post"}],"author":[{"embeddable":true,"href":"https:\/\/la-presse-anarchiste.net\/index.php\/wp-json\/wp\/v2\/users\/1"}],"replies":[{"embeddable":true,"href":"https:\/\/la-presse-anarchiste.net\/index.php\/wp-json\/wp\/v2\/comments?post=1910"}],"version-history":[{"count":0,"href":"https:\/\/la-presse-anarchiste.net\/index.php\/wp-json\/wp\/v2\/posts\/1910\/revisions"}],"wp:attachment":[{"href":"https:\/\/la-presse-anarchiste.net\/index.php\/wp-json\/wp\/v2\/media?parent=1910"}],"wp:term":[{"taxonomy":"category","embeddable":true,"href":"https:\/\/la-presse-anarchiste.net\/index.php\/wp-json\/wp\/v2\/categories?post=1910"},{"taxonomy":"post_tag","embeddable":true,"href":"https:\/\/la-presse-anarchiste.net\/index.php\/wp-json\/wp\/v2\/tags?post=1910"},{"taxonomy":"author","embeddable":true,"href":"https:\/\/la-presse-anarchiste.net\/index.php\/wp-json\/wp\/v2\/ppma_author?post=1910"}],"curies":[{"name":"wp","href":"https:\/\/api.w.org\/{rel}","templated":true}]}}