{"id":1917,"date":"2008-12-11T09:20:02","date_gmt":"2008-12-11T09:20:02","guid":{"rendered":"https:\/\/la-presse-anarchiste.net\/index.php\/2008\/12\/11\/aux-hasards-du-chemin-5\/"},"modified":"2008-12-11T09:20:02","modified_gmt":"2008-12-11T09:20:02","slug":"aux-hasards-du-chemin-5","status":"publish","type":"post","link":"https:\/\/la-presse-anarchiste.net\/index.php\/2008\/12\/11\/aux-hasards-du-chemin-5\/","title":{"rendered":"Aux hasards du chemin"},"content":{"rendered":"<div class=\"pdfprnt-buttons pdfprnt-buttons-post pdfprnt-top-right\"><a href=\"https:\/\/la-presse-anarchiste.net\/index.php\/wp-json\/wp\/v2\/posts\/1917?print=pdf\" class=\"pdfprnt-button pdfprnt-button-pdf\" target=\"_blank\"><img decoding=\"async\" src=\"https:\/\/la-presse-anarchiste.net\/wp-content\/plugins\/pdf-print\/images\/pdf.png\" alt=\"image_pdf\" title=\"Afficher le PDF\"><\/a><a href=\"https:\/\/la-presse-anarchiste.net\/index.php\/wp-json\/wp\/v2\/posts\/1917?print=print\" class=\"pdfprnt-button pdfprnt-button-print\" target=\"_blank\"><img decoding=\"async\" src=\"https:\/\/la-presse-anarchiste.net\/wp-content\/plugins\/pdf-print\/images\/print.png\" alt=\"image_print\" title=\"Contenu imprim\u00e9\"><\/a><\/div><h3>De la Grandeur<\/h3>\n<p>Qu\u2019on le veuille ou non, le pas\u00ads\u00e9 est un s\u00fbr garant de l\u2019a\u00adve\u00adnir&nbsp;; c\u2019est pour\u00adquoi nous m\u00e9pri\u00adsons hau\u00adte\u00adment les gueules d\u2019empeignes qui vont gei\u00adgnant un peu par\u00adtout que la France a per\u00addu le sens de la grandeur.<\/p>\n<p>Car de tout temps notre pays a eu l\u2019a\u00admour du grand, qu\u2019il ne faut pas confondre avec le \u00ab&nbsp;kolos\u00adsal&nbsp;\u00bb \u00ab&nbsp;made in Ger\u00adma\u00adny&nbsp;\u00bb, qui natu\u00adrel\u00adle\u00adment ne peut avoir le chic des r\u00e9a\u00adli\u00adsa\u00adtions de&nbsp;chez<br>\nnous.<\/p>\n<p>La France n\u2019a-t-elle pas eu en son temps le plus grand monu\u00adment du monde, la tour Eif\u00adfel&nbsp;; le plus grand paque\u00adbot du monde, le \u00ab&nbsp;Nor\u00adman\u00addie&nbsp;\u00bb, et le 14 juillet 1939, Dala\u00addier \u00ab&nbsp;r\u00e9gnante&nbsp;\u00bb, n\u2019a-t-on pas plan\u00adt\u00e9 le plus grand dra\u00adpeau du monde place de l\u2019H\u00f4\u00adtel-de-Ville, embl\u00e8me sur lequel non\u00adobs\u00adtant la modes\u00adtie fran\u00ad\u00e7aise bien connue, on e\u00fbt pu bro\u00adder, le 14 juillet 1940, la plus grande d\u00e9cu\u00adlot\u00adt\u00e9e du&nbsp;monde&nbsp;?<\/p>\n<p>La France per\u00addant le go\u00fbt de la grandeur&nbsp;?<\/p>\n<p>Non, mais regar\u00addez-le un peu, \u00ab&nbsp;notre&nbsp;\u00bb de Gaulle. Il peut, s\u2019il lui pla\u00eet, s\u2019af\u00adfir\u00admer le plus grand des petits et il n\u2019est certes pas le plus petit des grands.<\/p>\n<p>Et \u00e0 l\u2019ex\u00adt\u00e9\u00adrieur voyez rayon\u00adne\u00adment&nbsp;: la France ne sert-elle pas d\u2019exemple&nbsp;? En juin 44, elle com\u00admence \u00e0 se lib\u00e9\u00adrer de l\u2019oc\u00adcu\u00adpant, avec l\u2019aide ext\u00e9\u00adrieure. Bon\u00adjour Tomn\u00adlie, bonjour&nbsp;!<\/p>\n<p>En juin 45, la Syrie en fait autant, mais c\u2019est le tour des Fran\u00ad\u00e7ais d\u2019a\u00advoir bien le bonjour.<\/p>\n<p>Ces Anglais tout de m\u00eame&nbsp;! C\u2019est d\u2019ailleurs un simple mal\u00aden\u00adten\u00addu. Avec la poli\u00adtesse qui les carac\u00adt\u00e9\u00adrise, nos alli\u00e9s h\u00e9r\u00e9\u00addi\u00adtaires ont vou\u00adlu r\u00e9\u00e9di\u00adter Fon\u00adte\u00adnoy. \u00ab&nbsp;Reti\u00adrez-vous les pre\u00admiers, mes\u00adsieurs les Fran\u00ad\u00e7ais.&nbsp;\u00bb Et ont-ils ajou\u00adt\u00e9, tou\u00adjours poli\u00adment&nbsp;: \u00ab&nbsp;En vitesse&nbsp;!&nbsp;\u00bb Car nous sommes au si\u00e8cle du moteur \u00e0 explosion.<\/p>\n<p>Allez donc vous f\u00e2cher avec des gens polis. Autre\u00adment, ils auraient vu avec quel p\u00e9trole les Fran\u00ad\u00e7ais se chauffent.<\/p>\n<p>Ce Liban, tout de m\u00eame&nbsp;! \u00ab&nbsp;Quelle Syrie&nbsp;!&nbsp;\u00bb comme dirait le g\u00e9n\u00e9\u00adral&nbsp;Dentz.&nbsp;<\/p>\n<p>Encore une occa\u00adsion de gran\u00addeur per\u00addue. Mou\u00adrir pour le pipe-line est le sort le plus digne d\u2019envie&nbsp;!<\/p>\n<p>Seule\u00adment, diront les esprits pru\u00addents, la France est iso\u00adl\u00e9e. Mais est-on jamais seul quand on peut comp\u00adter sur tous ses enfants&nbsp;? L\u2019ar\u00adm\u00e9e est une grande famille, nom de Dieu&nbsp;! Et \u00e7a n\u2019est ni la CGT ni les par\u00adtis \u00ab&nbsp;ouvriers&nbsp;\u00bb qui diront le contraire. Alors en avant la pr\u00e9\u00adpa\u00adra\u00adtion mili\u00adtaire. France seule&nbsp;? Non&nbsp;! France et com\u00adpa\u00adgnies et bataillons. Pour d\u00e9fi\u00adler vers la pro\u00adchaine\u2026 une, deux&nbsp;! une, deux&nbsp;! Pour Alep, pour Damas, pour le Val d\u2019Aoste ou pour n\u2019im\u00adporte quoi. Car les occa\u00adsions sont comme les femmes&nbsp;: une de per\u00addue, dix de retrou\u00adv\u00e9es, et il s\u2019en pr\u00e9\u00adsen\u00adte\u00adra bien une d\u2019en\u00adtrer dans un d\u00e9sastre encore plus&nbsp;grand.<\/p>\n<h3>L\u2019aviation am\u00e9ricaine va \u00ab&nbsp;photographier&nbsp;\u00bb l\u2019Europe<\/h3>\n<p>Les forces a\u00e9riennes am\u00e9\u00adri\u00adcaines qui sta\u00adtion\u00adne\u00adront dans les ter\u00adri\u00adtoires occu\u00adp\u00e9s de l\u2019Eu\u00adrope pen\u00addant une p\u00e9riode ind\u00e9\u00adter\u00admi\u00adn\u00e9e vont \u00e9ta\u00adblir dans les zones qui leur sont attri\u00adbu\u00e9es, \u00e0 l\u2019aide de pho\u00adto\u00adgra\u00adphies a\u00e9riennes d\u00e9taill\u00e9es, une carte stra\u00adt\u00e9\u00adgique uti\u00adli\u00adsable en cas d\u2019in\u00adva\u00adsion, dans l\u2019\u00e9\u00adven\u00adtua\u00adli\u00adt\u00e9 d\u2019une troi\u00adsi\u00e8me guerre mondiale.<\/p>\n<p>Le tra\u00advail de pr\u00e9\u00adpa\u00adra\u00adtion n\u00e9ces\u00adsaire aurait d\u00e9j\u00e0 \u00e9t\u00e9 effec\u00adtu\u00e9 (\u00ab&nbsp;Le Monde&nbsp;\u00bb, 16 juin&nbsp;1945.)<\/p>\n<p>Et avec \u00e7a&nbsp;! Faut-il vous faire un dessin&nbsp;?<\/p>\n<p>Oh&nbsp;! j\u2019y crois&nbsp;! Oh&nbsp;! l\u00e0 l\u00e0, j\u2019y crois, moi&nbsp;! Oh&nbsp;! la la&nbsp;! Pom&nbsp;! Pom&nbsp;! Pom&nbsp;! Pom&nbsp;! Pom&nbsp;! Pom&nbsp;! (Sur l\u2019air de la \u00ab&nbsp;Marche lorraine&nbsp;\u00bb.)<\/p>\n<h3>Poursuivons et concluons&nbsp;!<\/h3>\n<p>550.000 v\u00e9hi\u00adcules am\u00e9\u00adri\u00adcains de tous genres ont \u00e9t\u00e9 d\u00e9bar\u00adqu\u00e9s en Europe, dont 350.000 ont \u00e9t\u00e9 uti\u00adli\u00ads\u00e9s par les forces com\u00adbat\u00adtantes, le reste consti\u00adtuant une r\u00e9serve de guerre. 70.000 engins de com\u00adbat sont arri\u00adv\u00e9s sur le th\u00e9\u00e2tre d\u2019o\u00adp\u00e9\u00adra\u00adtions euro\u00adp\u00e9en, dont 52.000 furent utilis\u00e9s.<\/p>\n<p>(\u00ab&nbsp;Le Monde&nbsp;\u00bb, juin&nbsp;1945.)<\/p>\n<h3>Milord l\u2019arsouille<\/h3>\n<p>La sec\u00adtion finan\u00adci\u00e8re de la Police judi\u00adciaire vient de pro\u00adc\u00e9\u00adder \u00e0 l\u2019ar\u00adres\u00adta\u00adtion de 17 lyc\u00e9ens \u00e2g\u00e9s de 13 \u00e0 17 ans, qui avaient consti\u00adtu\u00e9 une bande de cam\u00adbrio\u00adleurs. Le mon\u00adtant de leurs vols s\u2019\u00e9\u00adl\u00e8ve \u00e0 51 mil\u00adlions, dont 35 ont \u00e9t\u00e9 retrouv\u00e9s.<\/p>\n<p>L\u2019en\u00adqu\u00eate n\u2019\u00e9\u00adtant pas encore ter\u00admi\u00adn\u00e9e, la Police judi\u00adciaire garde le silence sur l\u2019i\u00adden\u00adti\u00adt\u00e9 des jeunes mal\u00adfai\u00adteurs, qui appar\u00adtiennent tous \u00e0 d\u2019ex\u00adcel\u00adlentes familles. (Les journaux.)<\/p>\n<p>S\u2019il s\u2019a\u00adgis\u00adsait de Durand, fils du plom\u00adbier de la rue Mouf\u00adfe\u00adtard, les cognes pren\u00addraient moins de&nbsp;gants.<\/p>\n<p>Il est vrai que, dans cinq ou six ans, ces jeunes pra\u00adti\u00adquants, que nous ne condam\u00adnons pas pr\u00e9\u00adci\u00ads\u00e9\u00adment, car 51 mil\u00adlions ce n\u2019est pas dans la poche des pro\u00adlos qu\u2019ils les ont trou\u00adv\u00e9s, ces jeunes pra\u00adti\u00adquants seront sans doute des juges aus\u00adt\u00e8res ou des \u00e9co\u00adno\u00admistes dis\u00adtin\u00adgu\u00e9s, en tout cas des sou\u00adtiens d\u2019un r\u00e9gime et d\u00e9fen\u00adseurs d\u2019une classe, de leur classe, et ils condam\u00adne\u00adront \u00e0 tour de bras le pauvre bougre qui aura fau\u00adt\u00e9\u2026 \u00e0 titre d\u2019exemple, bien enten\u00addu, et pour la d\u00e9fense de la morale, comme il se&nbsp;doit.<\/p>\n<h3>Les grands et les petits<\/h3>\n<p>\tOn nous annonce que les cinq Grands ont enfin trou\u00adv\u00e9 un accord, pour le plus grand bon\u00adheur des peuples dans l\u2019a\u00adve\u00adnir. Cinq c\u2019est peu. On pr\u00e9\u00adf\u00e9\u00adre\u00adrait que ce bon\u00adheur soit \u00e9ta\u00adbli par les mil\u00adlions de petits eux-m\u00eames, ceux qui font les frais de toutes les erreurs et de toutes les com\u00adbines, parce que tout de m\u00eame, pour le prix qu\u2019ils paient, ils pour\u00adraient bien aus\u00adsi avoir leur mot \u00e0&nbsp;dire.<\/p>\n<h3>Utilisation de comp\u00e9tences<\/h3>\n<p>Dites donc, les copains&nbsp;! Vous admet\u00adtez que faire la guerre, c\u2019est le bou\u00adlot des mili\u00adtaires (\u00e7a devrait d\u2019ailleurs \u00eatre leur seule rai\u00adson d\u2019exis\u00adter). Mais pour la paix&nbsp;? Vous vous ren\u00addez compte, deux mar\u00e9\u00adchaux, un g\u00e9n\u00e9\u00adral et deux hommes d\u2019\u00c9\u00adtat&nbsp;; les civils sont en mino\u00adri\u00adt\u00e9. Dr\u00f4le de paix apr\u00e8s une dr\u00f4le de guerre.<\/p>\n<h3>Comme le temps&nbsp;passe&nbsp;!<\/h3>\n<p>En 1941, Chur\u00adchill d\u00e9cla\u00adrait solen\u00adnel\u00adle\u00adment&nbsp;: \u00ab&nbsp;Je garan\u00adtis que la France sera r\u00e9ta\u00adblie dans son int\u00e9\u00adgra\u00adli\u00adt\u00e9 natio\u00adnale, ain\u00adsi que dans la tota\u00adli\u00adt\u00e9 de son Empire colo\u00adnial.&nbsp;\u00bb Et les r\u00e9sis\u00adtants du micro de Londres de pro\u00adcla\u00admer&nbsp;: \u00ab&nbsp;Fran\u00ad\u00e7ais&nbsp;! Vous savez o\u00f9 sont vos vrais amis&nbsp;!&nbsp;\u00bb Nous, la Syrie, le Liban et tout et tout, on s\u2019en fout&nbsp;! Parce que le p\u00e9trole, il y a long\u00adtemps que nous avons l\u2019\u00e9lec\u00adtri\u00adci\u00adt\u00e9 pour nous \u00e9clai\u00adrer. Seule\u00adment, mon petit copain le m\u00e9ca\u00adno me dit que le p\u00e9trole c\u2019est bon pour d\u00e9rouiller les m\u00e9taux fer\u00adreux&nbsp;; \u00e7a doit \u00eatre pour cela que la ques\u00adtion du p\u00e9trole est li\u00e9e \u00e0 la ques\u00adtion du d\u00e9rouillage.<\/p>\n<h3>Comme le temps passe&nbsp;! (suite)<\/h3>\n<p>Le R. P. Mau\u00adrice Schu\u00admann a cas\u00ads\u00e9 deux mots aux Anglais, par radio bien enten\u00addu. Le g\u00e9n\u00e9\u00adral de Gaulle, leur en a cas\u00ads\u00e9 quatre au cours d\u2019une conf\u00e9\u00adrence de presse. Il y a un an, tout indi\u00advi\u00addu qui met\u00adtait en doute la cor\u00adrec\u00adtion diplo\u00adma\u00adtique anglaise \u00e9tait un col\u00adla\u00adbo, membre de la Ges\u00adta\u00adpo, vichys\u00adsois notoire, p\u00e9tai\u00adniste, cin\u00adqui\u00e8me colon\u00adnard, et le bon popu\u00adlo fonc\u00adtion\u00adnait, comme avec un peu de pro\u00adpa\u00adgande bien tas\u00ads\u00e9e il va fonc\u00adtion\u00adner de nou\u00adveau. On peut bien le dire, la masse est mal\u00adl\u00e9able et cocu\u00adfiable \u00e0&nbsp;merci.<\/p>\n<h3>Vari\u00e9t\u00e9s de prisonniers<\/h3>\n<p>Ce 8 mai, jour de la vic\u00adtoire, la foule enthou\u00adsiaste accla\u00admait le long convoi de v\u00e9hi\u00adcules rapa\u00adtriant les pri\u00adson\u00adniers, bou\u00adle\u00advard de Cli\u00adchy. Poi\u00adgn\u00e9es de main, ciga\u00adrettes, argent, et c\u2019est bien ain\u00adsi que le peuple mani\u00adfeste sa sym\u00adpa\u00adthie \u00e0 ceux qui furent si long\u00adtemps pri\u00adv\u00e9s de libert\u00e9.<\/p>\n<h4>Prisonniers intouchables<\/h4>\n<p>Mais pour\u00adquoi ces cris&nbsp;? C\u2019est que dans ce camion d\u00e9cou\u00advert, en capote sous l\u2019ardent soleil, des hommes sont habill\u00e9s en vert. Sont-ce des hit\u00adl\u00e9\u00adriens&nbsp;? Rien n\u2019est moins s\u00fbr&nbsp;! Ce sont des petits, des simples sol\u00addats ayant eu le mal\u00adheur de na\u00eetre sous d\u2019autres cieux, d\u2019a\u00advoir ob\u00e9i \u00e0 d\u2019autres chefs. Et la foule les conspue&nbsp;; celui qui vou\u00addrait esquis\u00adser un geste de com\u00adpas\u00adsion, leur appor\u00adte\u00adrait un peu d\u2019eau, pas\u00adse\u00adrait sans doute un mau\u00advais quart d\u2019heure. Le peuple est dur pour les fr\u00e8res de classe.<\/p>\n<h4>Prisonnier de&nbsp;luxe<\/h4>\n<p>Le mar\u00e9\u00adchal Goe\u00adring s\u2019est ren\u00addu \u00e0 un g\u00e9n\u00e9\u00adral am\u00e9\u00adri\u00adcain. D\u00e8s qu\u2019ils furent en pr\u00e9\u00adsence, l\u2019of\u00adfi\u00adcier nazi et le g\u00e9n\u00e9\u00adral du pays d\u00e9mo\u00adcra\u00adtique se ser\u00adr\u00e8rent la main. Puis mon\u00adsieur le mar\u00e9\u00adchal prit un bain, rev\u00ea\u00adtit son plus bel uni\u00adforme, mit toutes ses d\u00e9co\u00adra\u00adtions en or, consen\u00adtit une audience aux jour\u00adna\u00adlistes et pho\u00adto\u00adgraphes, mais leur deman\u00adda d\u2019\u00eatre brefs, car il vou\u00adlait d\u00eener. Les g\u00e9n\u00e9\u00adraux se recon\u00adnaissent entre fr\u00e8res de classe.<\/p>\n<p>Depuis, le \u00ab&nbsp;scan\u00addale&nbsp;\u00bb a ces\u00ads\u00e9, para\u00eet-il, et le mar\u00e9\u00adchal pri\u00adson\u00adnier ne rece\u00advra plus que la ration des pri\u00adson\u00adniers ordi\u00adnaires. On peut tout de m\u00eame ouvrir le pari que, sauf mala\u00addie, le mar\u00e9\u00adchal sor\u00adti\u00adra de cap\u00adti\u00advi\u00adt\u00e9 avec un ventre ne le c\u00e9dant en rien \u00e0 celui de cet autre pri\u00adson\u00adnier de marque&nbsp;: Herriot.<\/p>\n<h4>Prisonniers d\u00e9cha\u00een\u00e9s<\/h4>\n<p>La fin de la guerre ne consacre pas seule\u00adment la vic\u00adtoire des sol\u00addats alli\u00e9s, mais aus\u00adsi celle des com\u00admer\u00ad\u00e7ants. Ils ont, en effet, obte\u00adnu sans grande lutte la lev\u00e9e des taxes sur les pro\u00adduits ali\u00admen\u00adtaires. \u00ab&nbsp;On peut prou\u00adver la liber\u00adt\u00e9 en grim\u00adpant&nbsp;\u00bb, se sont dit les prix offi\u00adciels, tout fiers d\u2019ap\u00adpar\u00adte\u00adnir \u00e0 un pays d\u00e9mo\u00adcra\u00adtique. Et ils s\u2019empress\u00e8rent d\u2019al\u00adler rejoindre les prix du mar\u00adch\u00e9 noir, avec les\u00adquels ils dansent \u00e0 perdre haleine.<\/p>\n<h4>Prisonniers des \u00e9piciers<\/h4>\n<p>C\u2019est pour\u00adquoi plus d\u2019un pri\u00adson\u00adnier \u00ab&nbsp;lib\u00e9\u00adr\u00e9&nbsp;\u00bb sent que du train o\u00f9 vont les choses, son espace vital va bien\u00adt\u00f4t s\u2019ar\u00adr\u00ea\u00adter au seuil des bou\u00adtiques aus\u00adsi s\u00fbre\u00adment qu\u2019au seuil des bar\u00adbe\u00adl\u00e9s, car au prix o\u00f9 est la moindre salade\u2026 Il est vrai que l\u2019\u00c9\u00adtat fait un effort&nbsp;: un pri\u00adson\u00adnier a double carte, autre\u00adment dit deux fois&nbsp;rien.<\/p>\n<h4>Prisonniers \u00e0 perp\u00e9tuit\u00e9<\/h4>\n<p>Mal\u00adgr\u00e9 tout, il faut admi\u00adrer leur haut moral, \u00e0 part quelques cen\u00adtaines de \u00ab&nbsp;fortes t\u00eates&nbsp;\u00bb qui ont jug\u00e9 que la reprise indi\u00advi\u00adduelle dans les maga\u00adsins \u00e9tait pr\u00e9\u00adf\u00e9\u00adrable aux d\u00e9fi\u00adl\u00e9s du comi\u00adt\u00e9 des m\u00e9na\u00adg\u00e8res, les pri\u00adson\u00adniers sont tout heu\u00adreux de rede\u00adve\u00adnir de bons citoyens, de bons ouvriers, de bons p\u00e8res, et d\u2019en\u00adgen\u00addrer une nou\u00advelle g\u00e9n\u00e9\u00adra\u00adtion de futurs prisonniers.<\/p>\n<p>Au fait, les pri\u00adson\u00adniers, ce sont eux et c\u2019est nous, c\u2019est l\u2019hu\u00adma\u00adni\u00adt\u00e9 tout enti\u00e8re qui refuse de secouer ses cha\u00eenes et dont le ge\u00f4\u00adlier est la&nbsp;peur.<\/p>\n","protected":false},"excerpt":{"rendered":"<p>De la Gran\u00addeur Qu\u2019on le veuille ou non, le pas\u00ads\u00e9 est un s\u00fbr garant de l\u2019a\u00adve\u00adnir&nbsp;; c\u2019est pour\u00adquoi nous m\u00e9pri\u00adsons hau\u00adte\u00adment les gueules d\u2019empeignes qui vont gei\u00adgnant un peu par\u00adtout que la France a per\u00addu le sens de la gran\u00addeur. Car de tout temps notre pays a eu l\u2019a\u00admour du grand, qu\u2019il ne faut&nbsp;pas&nbsp;[\u2026]<\/p>\n","protected":false},"author":1,"featured_media":0,"comment_status":"closed","ping_status":"closed","sticky":false,"template":"","format":"standard","meta":{"wp_typography_post_enhancements_disabled":false,"footnotes":""},"categories":[251],"tags":[],"ppma_author":[540],"class_list":["post-1917","post","type-post","status-publish","format-standard","hentry","category-le-libertaire-na7-juillet-1945"],"authors":[{"term_id":540,"user_id":1,"is_guest":0,"slug":"admin_3gikpwyf","display_name":"Vincent Dubuc","avatar_url":"https:\/\/secure.gravatar.com\/avatar\/d015720652c25fd2ced191ade86430094e1f288a17483713e3b34d26dea52507?s=96&d=mm&r=g","author_category":"","user_url":"https:\/\/la-presse-anarchiste.net","last_name":"Dubuc","first_name":"Vincent","job_title":"","description":""}],"_links":{"self":[{"href":"https:\/\/la-presse-anarchiste.net\/index.php\/wp-json\/wp\/v2\/posts\/1917","targetHints":{"allow":["GET"]}}],"collection":[{"href":"https:\/\/la-presse-anarchiste.net\/index.php\/wp-json\/wp\/v2\/posts"}],"about":[{"href":"https:\/\/la-presse-anarchiste.net\/index.php\/wp-json\/wp\/v2\/types\/post"}],"author":[{"embeddable":true,"href":"https:\/\/la-presse-anarchiste.net\/index.php\/wp-json\/wp\/v2\/users\/1"}],"replies":[{"embeddable":true,"href":"https:\/\/la-presse-anarchiste.net\/index.php\/wp-json\/wp\/v2\/comments?post=1917"}],"version-history":[{"count":0,"href":"https:\/\/la-presse-anarchiste.net\/index.php\/wp-json\/wp\/v2\/posts\/1917\/revisions"}],"wp:attachment":[{"href":"https:\/\/la-presse-anarchiste.net\/index.php\/wp-json\/wp\/v2\/media?parent=1917"}],"wp:term":[{"taxonomy":"category","embeddable":true,"href":"https:\/\/la-presse-anarchiste.net\/index.php\/wp-json\/wp\/v2\/categories?post=1917"},{"taxonomy":"post_tag","embeddable":true,"href":"https:\/\/la-presse-anarchiste.net\/index.php\/wp-json\/wp\/v2\/tags?post=1917"},{"taxonomy":"author","embeddable":true,"href":"https:\/\/la-presse-anarchiste.net\/index.php\/wp-json\/wp\/v2\/ppma_author?post=1917"}],"curies":[{"name":"wp","href":"https:\/\/api.w.org\/{rel}","templated":true}]}}