{"id":1928,"date":"2008-12-12T01:15:59","date_gmt":"2008-12-12T01:15:59","guid":{"rendered":"https:\/\/la-presse-anarchiste.net\/index.php\/2008\/12\/12\/nouvelles-des-notres\/"},"modified":"2008-12-12T01:15:59","modified_gmt":"2008-12-12T01:15:59","slug":"nouvelles-des-notres","status":"publish","type":"post","link":"https:\/\/la-presse-anarchiste.net\/index.php\/2008\/12\/12\/nouvelles-des-notres\/","title":{"rendered":"Nouvelles des n\u00f4tres"},"content":{"rendered":"<div class=\"pdfprnt-buttons pdfprnt-buttons-post pdfprnt-top-right\"><a href=\"https:\/\/la-presse-anarchiste.net\/index.php\/wp-json\/wp\/v2\/posts\/1928?print=pdf\" class=\"pdfprnt-button pdfprnt-button-pdf\" target=\"_blank\"><img decoding=\"async\" src=\"https:\/\/la-presse-anarchiste.net\/wp-content\/plugins\/pdf-print\/images\/pdf.png\" alt=\"image_pdf\" title=\"Afficher le PDF\"><\/a><a href=\"https:\/\/la-presse-anarchiste.net\/index.php\/wp-json\/wp\/v2\/posts\/1928?print=print\" class=\"pdfprnt-button pdfprnt-button-print\" target=\"_blank\"><img decoding=\"async\" src=\"https:\/\/la-presse-anarchiste.net\/wp-content\/plugins\/pdf-print\/images\/print.png\" alt=\"image_print\" title=\"Contenu imprim\u00e9\"><\/a><\/div><h3>Ceux qui reviennent.<\/h3>\n<p>C\u2019est avec joie que nous enre\u00adgis\u00adtrons le retour par\u00admi nous de nos cama\u00adrades Pierre ODEON, de Paris, et Andr\u00e9 RESPAUD, de Narbonne.<\/p>\n<p>Tous deux, d\u00e9por\u00adt\u00e9s poli\u00adtiques, reviennent du bagne nazi de Buchen\u00adwald et ont d\u00e9j\u00e0 repris leur place dans les rangs libertaires.<\/p>\n<h3>Nos disparus.<\/h3>\n<p>Notre cama\u00adrade Roger LEPOIL, dit MOISSON, est d\u00e9c\u00e9\u00add\u00e9 r\u00e9cem\u00adment \u00e0 l\u2019h\u00f4\u00adpi\u00adtal Beau\u00adjon dans sa 43<sup>e<\/sup> ann\u00e9e, \u00e0 la suite d\u2019une longue maladie.<\/p>\n<p>Ori\u00adgi\u00adnaire du Havre, ce cama\u00adrade \u00e9tait un auto\u00addi\u00addacte remar\u00adquable ayant fait ses pre\u00admi\u00e8res \u00e9tudes \u00e0 l\u2019U\u00adni\u00adver\u00adsi\u00adt\u00e9 Popu\u00adlaire de cette ville. Il \u00e9tait deve\u00adnu un \u00e9ru\u00addit de grand style et ses pre\u00admiers articles datent du \u00ab&nbsp;Cri des Jeunes&nbsp;\u00bb de 1920, organe des Jeu\u00adnesses syn\u00addi\u00adca\u00adlistes d\u2019alors.<\/p>\n<p>Sa col\u00adla\u00adbo\u00adra\u00adtion inter\u00admit\u00adtente dans la presse liber\u00adtaire lui per\u00admit d\u2019af\u00adfir\u00admer un talent d\u2019\u00e9\u00adcri\u00advain qui ne se d\u00e9men\u00adtit jamais.<\/p>\n<p>[|<b>\u2014 O \u2014<\/b>|]<\/p>\n<p>Nous appre\u00adnons avec la plus grande \u00e9mo\u00adtion la mort de Pierre Ramus (de son vrai nom Rudolf Gris\u00admann). Depuis 1940 il se trou\u00advait au Maroc et c\u2019est sur le bateau qui l\u2019emportait au Mexique qu\u2019il trou\u00adva la&nbsp;mort.<\/p>\n<p>Il s\u2019\u00e9\u00adtait enfui d\u2019Au\u00adtriche en 1938, au moment de l\u2019An\u00adschluss, sa t\u00eate \u00e9tant mise \u00e0 prix par la Ges\u00adta\u00adpo. Il fut m\u00eame pour\u00adchas\u00ads\u00e9 avec des chiens, tan\u00addis que les poli\u00adciers criaient&nbsp;: \u00ab&nbsp;\u00c0 mort l\u2019a\u00adth\u00e9e&nbsp;! \u00c0 mort le sans-patrie&nbsp;!&nbsp;\u00bb<\/p>\n<p>Arri\u00adv\u00e9 en France sous le r\u00e9gime Dala\u00addier-Sar\u00adraut, il ne go\u00fb\u00adta qu\u2019une liber\u00adt\u00e9 pr\u00e9\u00adcaire. Il fut inter\u00adn\u00e9 \u00e0 Fresnes pour \u00eatre entr\u00e9 en France sans visa, et y s\u00e9jour\u00adna dans un manque d\u2019hy\u00adgi\u00e8ne bien fran\u00ad\u00e7ais. En sep\u00adtembre 39 il fut inter\u00adn\u00e9 dans un camp, \u00e0 Angers, comme \u00ab&nbsp;Alle\u00admand&nbsp;\u00bb, bien qu\u2019il f\u00fbt une vic\u00adtime du nazisme. Trans\u00adpor\u00adt\u00e9 \u00e0 Nantes, il r\u00e9us\u00adsit \u00e0 se faire lib\u00e9\u00adrer en lisant le manus\u00adcrit d\u2019un de ses ouvrages in\u00e9dits, \u00ab&nbsp;Le Racisme et l\u2019Hu\u00adma\u00adni\u00adt\u00e9\u00bb&nbsp;; il y r\u00e9fute les argu\u00adments racistes du comte Arthur de Gobineau.<\/p>\n<p>Toute sa vie, Pierre Ramus fut un anar\u00adchiste convain\u00adcu, par\u00adti\u00adsan \u00e9clai\u00adr\u00e9 de th\u00e9o\u00adries liber\u00adtaires concer\u00adnant l\u2019hy\u00adgi\u00e8ne ali\u00admen\u00adtaire et l\u2019hy\u00adgi\u00e8ne sexuelle. Nous ne sau\u00adrions trop recom\u00adman\u00adder son ouvrage \u00ab&nbsp;l\u2019A\u00adnar\u00adchisme comme r\u00e9a\u00adli\u00adsa\u00adtion pour les temps nou\u00adveaux\u00bb&nbsp;; il s\u2019y montre savant agro\u00adnome et bon \u00e9cri\u00advain. (Pr\u00e9\u00adface de E. Armand, \u00e9di\u00adtions de la Bro\u00adchure Mensuelle.)<\/p>\n<p>\u00c0 tout son savoir il joi\u00adgnait la connais\u00adsance de huit \u00e0 dix langues, dans les\u00adquelles il cor\u00adres\u00adpon\u00addait avec ses amis lointains.<\/p>\n<p>Gar\u00addons le sou\u00adve\u00adnir et l\u2019exemple de cet homme qui mit son espoir dans un monde \u00e9ga\u00adli\u00adtaire, sans chefs et sans argent, et consa\u00adcra sa pro\u00addi\u00adgieuse acti\u00advi\u00adt\u00e9 \u00e0 la r\u00e9a\u00adli\u00adsa\u00adtion de son haut&nbsp;id\u00e9al.<\/p>\n","protected":false},"excerpt":{"rendered":"<p>Ceux qui reviennent. C\u2019est avec joie que nous enre\u00adgis\u00adtrons le retour par\u00admi nous de nos cama\u00adrades Pierre ODEON, de Paris, et Andr\u00e9 RESPAUD, de Nar\u00adbonne. Tous deux, d\u00e9por\u00adt\u00e9s poli\u00adtiques, reviennent du bagne nazi de Buchen\u00adwald et ont d\u00e9j\u00e0 repris leur place dans les rangs liber\u00adtaires. Nos dis\u00adpa\u00adrus. Notre cama\u00adrade Roger LEPOIL, dit MOISSON, est d\u00e9c\u00e9d\u00e9&nbsp;[\u2026]<\/p>\n","protected":false},"author":1,"featured_media":0,"comment_status":"closed","ping_status":"closed","sticky":false,"template":"","format":"standard","meta":{"wp_typography_post_enhancements_disabled":false,"footnotes":""},"categories":[252],"tags":[],"ppma_author":[540],"class_list":["post-1928","post","type-post","status-publish","format-standard","hentry","category-le-libertaire-n8-aout-1945"],"authors":[{"term_id":540,"user_id":1,"is_guest":0,"slug":"admin_3gikpwyf","display_name":"Vincent Dubuc","avatar_url":"https:\/\/secure.gravatar.com\/avatar\/d015720652c25fd2ced191ade86430094e1f288a17483713e3b34d26dea52507?s=96&d=mm&r=g","author_category":"","user_url":"https:\/\/la-presse-anarchiste.net","last_name":"Dubuc","first_name":"Vincent","job_title":"","description":""}],"_links":{"self":[{"href":"https:\/\/la-presse-anarchiste.net\/index.php\/wp-json\/wp\/v2\/posts\/1928","targetHints":{"allow":["GET"]}}],"collection":[{"href":"https:\/\/la-presse-anarchiste.net\/index.php\/wp-json\/wp\/v2\/posts"}],"about":[{"href":"https:\/\/la-presse-anarchiste.net\/index.php\/wp-json\/wp\/v2\/types\/post"}],"author":[{"embeddable":true,"href":"https:\/\/la-presse-anarchiste.net\/index.php\/wp-json\/wp\/v2\/users\/1"}],"replies":[{"embeddable":true,"href":"https:\/\/la-presse-anarchiste.net\/index.php\/wp-json\/wp\/v2\/comments?post=1928"}],"version-history":[{"count":0,"href":"https:\/\/la-presse-anarchiste.net\/index.php\/wp-json\/wp\/v2\/posts\/1928\/revisions"}],"wp:attachment":[{"href":"https:\/\/la-presse-anarchiste.net\/index.php\/wp-json\/wp\/v2\/media?parent=1928"}],"wp:term":[{"taxonomy":"category","embeddable":true,"href":"https:\/\/la-presse-anarchiste.net\/index.php\/wp-json\/wp\/v2\/categories?post=1928"},{"taxonomy":"post_tag","embeddable":true,"href":"https:\/\/la-presse-anarchiste.net\/index.php\/wp-json\/wp\/v2\/tags?post=1928"},{"taxonomy":"author","embeddable":true,"href":"https:\/\/la-presse-anarchiste.net\/index.php\/wp-json\/wp\/v2\/ppma_author?post=1928"}],"curies":[{"name":"wp","href":"https:\/\/api.w.org\/{rel}","templated":true}]}}