{"id":1931,"date":"2008-12-12T12:27:47","date_gmt":"2008-12-12T12:27:47","guid":{"rendered":"https:\/\/la-presse-anarchiste.net\/index.php\/2008\/12\/12\/tous-a-loeuvre-pour-le-congres-2\/"},"modified":"2008-12-12T12:27:47","modified_gmt":"2008-12-12T12:27:47","slug":"tous-a-loeuvre-pour-le-congres-2","status":"publish","type":"post","link":"https:\/\/la-presse-anarchiste.net\/index.php\/2008\/12\/12\/tous-a-loeuvre-pour-le-congres-2\/","title":{"rendered":"Tous \u00e0 l\u2019\u0153uvre pour le Congr\u00e8s"},"content":{"rendered":"<div class=\"pdfprnt-buttons pdfprnt-buttons-post pdfprnt-top-right\"><a href=\"https:\/\/la-presse-anarchiste.net\/index.php\/wp-json\/wp\/v2\/posts\/1931?print=pdf\" class=\"pdfprnt-button pdfprnt-button-pdf\" target=\"_blank\"><img decoding=\"async\" src=\"https:\/\/la-presse-anarchiste.net\/wp-content\/plugins\/pdf-print\/images\/pdf.png\" alt=\"image_pdf\" title=\"Afficher le PDF\"><\/a><a href=\"https:\/\/la-presse-anarchiste.net\/index.php\/wp-json\/wp\/v2\/posts\/1931?print=print\" class=\"pdfprnt-button pdfprnt-button-print\" target=\"_blank\"><img decoding=\"async\" src=\"https:\/\/la-presse-anarchiste.net\/wp-content\/plugins\/pdf-print\/images\/print.png\" alt=\"image_print\" title=\"Contenu imprim\u00e9\"><\/a><\/div><p>C\u2019est les 6 et 7 octobre 1945 que se tien\u00addra \u00e0 Paris, en la salle des Soci\u00e9\u00adt\u00e9s Savantes, 28, rue Ser\u00adpente (m\u00e9tro Saint-Michel et Od\u00e9on), le congr\u00e8s consti\u00adtu\u00adtif du Mou\u00adve\u00adment libertaire.<\/p>\n<p>La pre\u00admi\u00e8re s\u00e9ance aura lieu le 6, \u00e0 9 heures du matin. Le congr\u00e8s conti\u00adnue\u00adra ses tra\u00advaux l\u2019a\u00adpr\u00e8s-midi du m\u00eame jour et toute la jour\u00adn\u00e9e du len\u00adde\u00admain,. Il est \u00e0 pr\u00e9\u00advoir que des s\u00e9ances de nuit (de 20 heures \u00e0 23 heures) auront lieu.<\/p>\n<p>Le Bul\u00adle\u00adtin int\u00e9\u00adrieur no&nbsp;4 (\u00ab&nbsp;Le Lien&nbsp;\u00bb) en contien\u00addra l\u2019ordre du jour ain\u00adsi que les rap\u00adports essen\u00adtiels sur les\u00adquels les congres\u00adsistes auront \u00e0 se pro\u00adnon\u00adcer. Ce no&nbsp;4 du \u00ab&nbsp;Lien&nbsp;\u00bb est \u00e0 l\u2019im\u00adpres\u00adsion et sera mis en vents cou\u00adrant ao\u00fbt. On peut d\u00e8s main\u00adte\u00adnant en pas\u00adser commande.<\/p>\n<p>Nous rap\u00adpe\u00adlons qu\u2019en rai\u00adson de son impor\u00adtance\u200a\u2014\u200acar c\u2019est lui qui d\u00e9ci\u00adde\u00adra de l\u2019a\u00adve\u00adnir du Mou\u00adve\u00adment liber\u00adtaire en France\u200a\u2014\u200ale congr\u00e8s sera ouvert \u00e0 tous les liber\u00adtaires, quelles que soient leurs ten\u00addances, et orga\u00adni\u00ads\u00e9 selon le plan pr\u00e9\u00advu dans le Bul\u00adle\u00adtin int\u00e9\u00adrieur no&nbsp;3.<\/p>\n<p>Dans ce m\u00eame num\u00e9\u00adro du \u00ab&nbsp;Lien&nbsp;\u00bb est envi\u00adsa\u00adg\u00e9 un pro\u00adces\u00adsus qui per\u00admet\u00adtra \u00e0 tous les mili\u00adtants, m\u00eame s\u2019ils n\u2019ont pas encore pris place par\u00admi nous, d\u2019en\u00adtrer en contact avec l\u2019or\u00adga\u00adni\u00adsa\u00adtion et de fixer leur atti\u00adtude au cours de ces assises.<\/p>\n<p>La dis\u00adcus\u00adsion s\u2019y d\u00e9rou\u00adle\u00adra dans le plus large esprit de tol\u00e9\u00adrance, mais aus\u00adsi sans s\u2019\u00e9\u00adloi\u00adgner d\u2019un r\u00e9a\u00adlisme propre \u00e0 favo\u00adri\u00adser l\u2019es\u00adsor du Mou\u00adve\u00adment et \u00e0 faire p\u00e9n\u00e9\u00adtrer la pen\u00ads\u00e9e liber\u00adtaire au sein des masses. Les tra\u00advailleurs, intel\u00adlec\u00adtuels, manuels, pay\u00adsans, doivent tous \u00eatre tou\u00adch\u00e9s par notre pro\u00adpa\u00adgande. Pour cela, il appar\u00adtien\u00addra au congr\u00e8s de mettre sur pied une vaste orga\u00adni\u00adsa\u00adtion, tout en per\u00admet\u00adtant la libre dis\u00adcus\u00adsion et, en assu\u00adrant une auto\u00adno\u00admie suf\u00adfi\u00adsante du groupe dans la f\u00e9d\u00e9\u00adra\u00adtion et de l\u2019in\u00addi\u00advi\u00addu dans le groupe r\u00e9a\u00adli\u00ads\u00e9e par l\u2019ap\u00adpli\u00adca\u00adtion d\u2019un v\u00e9ri\u00adtable f\u00e9d\u00e9\u00adra\u00adlisme, une r\u00e9elle coh\u00e9\u00adsion de tous les \u00e9l\u00e9\u00adments liber\u00adtaires actifs au sein d\u2019une seule f\u00e9d\u00e9\u00adra\u00adtion. C\u2019est l\u00e0 la condi\u00adtion de notre&nbsp;force.<\/p>\n<p>Des m\u00e9thodes p\u00e9ri\u00adm\u00e9es devront \u00eatre reje\u00adt\u00e9es. Il y aura lieu de recou\u00adrir \u00e0 des formes d\u2019or\u00adga\u00adni\u00adsa\u00adtion et d\u2019ac\u00adtion ad\u00e9\u00adquates \u00e0 l\u2019\u00e9\u00adpoque que nous vivons. On ne sau\u00adrait envi\u00adsa\u00adger notre action aujourd\u2019\u00adhui sous le m\u00eame jour que celle men\u00e9e depuis quelque qua\u00adrante ans. Sachons nous d\u00e9bar\u00adras\u00adser des pra\u00adtiques qui firent notre faiblesse.<\/p>\n<p>Nous deman\u00addons \u00e0 tous ceux que nous tou\u00adchons de nous faire par\u00adve\u00adnir leurs sug\u00adges\u00adtions avant l\u2019\u00e9\u00adta\u00adblis\u00adse\u00adment d\u00e9fi\u00adni\u00adtif de l\u2019ordre du jour de ce congr\u00e8s. Qu\u2019ils prennent connais\u00adsance, s\u2019ils ne l\u2019ont pas encore fait, du \u00ab&nbsp;Lien&nbsp;\u00bb no&nbsp;3 (prix 15&nbsp;F., plus 2&nbsp;F. pour frais d\u2019en\u00advoi). Qu\u2019ils \u00e9tu\u00addient \u00e9ga\u00adle\u00adment la bro\u00adchure \u00ab&nbsp;Les liber\u00adtaires et le pro\u00adbl\u00e8me social&nbsp;\u00bb (prix 15&nbsp;F., plus 2&nbsp;F. pour frais d\u2019en\u00advoi), qui est une prise de posi\u00adtion sur tous les grands pro\u00adbl\u00e8mes qui se posent pour le mili\u00adtant et le Mou\u00adve\u00adment. Qu\u2019ils nous disent ce qu\u2019ils pensent de l\u2019o\u00adrien\u00adta\u00adtion et du conte\u00adnu du \u00ab&nbsp;Libertaire&nbsp;\u00bb.<\/p>\n<p>Tous les secr\u00e9\u00adtaires de groupes sont infor\u00adm\u00e9s que, pour faci\u00adli\u00adter leur action, des tracts sont mis en vente au prix de 25&nbsp;F. le cent, ain\u00adsi que des papillons sur papier gom\u00adm\u00e9, \u00e0 rai\u00adson de 15&nbsp;F. le cent. Nous dis\u00adpo\u00adsons aus\u00adsi d\u2019af\u00adfiches passe-par\u00adtout au prix de 7&nbsp;F. l\u2019exemplaire.<\/p>\n<p>La Com\u00admis\u00adsion Admi\u00adnis\u00adtra\u00adtive du Mou\u00adve\u00adment Libertaire.<\/p>\n","protected":false},"excerpt":{"rendered":"<p>C\u2019est les 6 et 7 octobre 1945 que se tien\u00addra \u00e0 Paris, en la salle des Soci\u00e9\u00adt\u00e9s Savantes, 28, rue Ser\u00adpente (m\u00e9tro Saint-Michel et Od\u00e9on), le congr\u00e8s consti\u00adtu\u00adtif du Mou\u00adve\u00adment liber\u00adtaire. La pre\u00admi\u00e8re s\u00e9ance aura lieu le 6, \u00e0 9 heures du matin. Le congr\u00e8s conti\u00adnue\u00adra ses tra\u00advaux l\u2019a\u00adpr\u00e8s-midi du m\u00eame jour et toute&nbsp;la&nbsp;[\u2026]<\/p>\n","protected":false},"author":1,"featured_media":0,"comment_status":"closed","ping_status":"closed","sticky":false,"template":"","format":"standard","meta":{"wp_typography_post_enhancements_disabled":false,"footnotes":""},"categories":[252],"tags":[],"ppma_author":[540],"class_list":["post-1931","post","type-post","status-publish","format-standard","hentry","category-le-libertaire-n8-aout-1945"],"authors":[{"term_id":540,"user_id":1,"is_guest":0,"slug":"admin_3gikpwyf","display_name":"Vincent Dubuc","avatar_url":"https:\/\/secure.gravatar.com\/avatar\/d015720652c25fd2ced191ade86430094e1f288a17483713e3b34d26dea52507?s=96&d=mm&r=g","author_category":"","user_url":"https:\/\/la-presse-anarchiste.net","last_name":"Dubuc","first_name":"Vincent","job_title":"","description":""}],"_links":{"self":[{"href":"https:\/\/la-presse-anarchiste.net\/index.php\/wp-json\/wp\/v2\/posts\/1931","targetHints":{"allow":["GET"]}}],"collection":[{"href":"https:\/\/la-presse-anarchiste.net\/index.php\/wp-json\/wp\/v2\/posts"}],"about":[{"href":"https:\/\/la-presse-anarchiste.net\/index.php\/wp-json\/wp\/v2\/types\/post"}],"author":[{"embeddable":true,"href":"https:\/\/la-presse-anarchiste.net\/index.php\/wp-json\/wp\/v2\/users\/1"}],"replies":[{"embeddable":true,"href":"https:\/\/la-presse-anarchiste.net\/index.php\/wp-json\/wp\/v2\/comments?post=1931"}],"version-history":[{"count":0,"href":"https:\/\/la-presse-anarchiste.net\/index.php\/wp-json\/wp\/v2\/posts\/1931\/revisions"}],"wp:attachment":[{"href":"https:\/\/la-presse-anarchiste.net\/index.php\/wp-json\/wp\/v2\/media?parent=1931"}],"wp:term":[{"taxonomy":"category","embeddable":true,"href":"https:\/\/la-presse-anarchiste.net\/index.php\/wp-json\/wp\/v2\/categories?post=1931"},{"taxonomy":"post_tag","embeddable":true,"href":"https:\/\/la-presse-anarchiste.net\/index.php\/wp-json\/wp\/v2\/tags?post=1931"},{"taxonomy":"author","embeddable":true,"href":"https:\/\/la-presse-anarchiste.net\/index.php\/wp-json\/wp\/v2\/ppma_author?post=1931"}],"curies":[{"name":"wp","href":"https:\/\/api.w.org\/{rel}","templated":true}]}}