{"id":1935,"date":"2008-12-18T05:14:09","date_gmt":"2008-12-18T05:14:09","guid":{"rendered":"https:\/\/la-presse-anarchiste.net\/index.php\/2008\/12\/18\/ils-sont-encore-en-prison\/"},"modified":"2008-12-18T05:14:09","modified_gmt":"2008-12-18T05:14:09","slug":"ils-sont-encore-en-prison","status":"publish","type":"post","link":"https:\/\/la-presse-anarchiste.net\/index.php\/2008\/12\/18\/ils-sont-encore-en-prison\/","title":{"rendered":"\u00ab&nbsp;Ils&nbsp;\u00bb sont encore en prison"},"content":{"rendered":"<div class=\"pdfprnt-buttons pdfprnt-buttons-post pdfprnt-top-right\"><a href=\"https:\/\/la-presse-anarchiste.net\/index.php\/wp-json\/wp\/v2\/posts\/1935?print=pdf\" class=\"pdfprnt-button pdfprnt-button-pdf\" target=\"_blank\"><img decoding=\"async\" src=\"https:\/\/la-presse-anarchiste.net\/wp-content\/plugins\/pdf-print\/images\/pdf.png\" alt=\"image_pdf\" title=\"Afficher le PDF\"><\/a><a href=\"https:\/\/la-presse-anarchiste.net\/index.php\/wp-json\/wp\/v2\/posts\/1935?print=print\" class=\"pdfprnt-button pdfprnt-button-print\" target=\"_blank\"><img decoding=\"async\" src=\"https:\/\/la-presse-anarchiste.net\/wp-content\/plugins\/pdf-print\/images\/print.png\" alt=\"image_print\" title=\"Contenu imprim\u00e9\"><\/a><\/div><p>\tEysses (Lot-et-Garonne)? Nom sinistre qui r\u00e9sonne dou\u00adlou\u00adreu\u00adse\u00adment dans la t\u00eate de ceux qui y furent les pen\u00adsion\u00adnaires de la \u00ab&nbsp;R\u00e9vo\u00adlu\u00adtion du Men\u00adsonge&nbsp;\u00bb entre 1940 et&nbsp;1945.<\/p>\n<p>\tEysses qui vit se d\u00e9rou\u00adler dans ses murs, avant la lib\u00e9\u00adra\u00adtion en masse de ses d\u00e9te\u00adnus, une effroyable tuerie.<\/p>\n<p>\tEysses aux murs sombres, aux cours \u00e9troites, aux sabots cla\u00adquants d\u2019un bruit sinistre. Eysses vient de rece\u00advoir un nou\u00adveau contin\u00adgent de prisonniers.<\/p>\n<p>\tDes fas\u00adcistes&nbsp;? Des mili\u00adciens&nbsp;? Enfin peut-\u00eatre de ces bour\u00adreaux dont le sadisme a pu s\u2019exer\u00adcer pen\u00addant des ann\u00e9es, \u00e0 l\u2019ombre de la \u00ab&nbsp;r\u00e9con\u00adci\u00adlia\u00adtion fran\u00ad\u00e7aise&nbsp;\u00bb&nbsp;? Allons donc&nbsp;! Eysses vient de rece\u00advoir les \u00ab&nbsp;mutins de Vancia&nbsp;\u00bb.<\/p>\n<p>\tDes hommes avaient cru au com\u00adbat pour la lib\u00e9\u00adra\u00adtion. Des hommes avaient cru \u00e0 l\u2019ap\u00adpel lan\u00adc\u00e9 pour la lutte anti\u00adfas\u00adciste. Des hommes, r\u00e9pon\u00addant \u00e0 cet appel, essayaient, le 24 ao\u00fbt 1944, de s\u2019emparer du fort de Van\u00adcia o\u00f9 ils \u00e9taient d\u00e9te\u00adnus pour divers d\u00e9lits mili\u00adtaires par la pour\u00adri\u00adture vichyssoise.<\/p>\n<p>\tIl s\u2019a\u00adgis\u00adsait l\u00e0 de d\u00e9truire un d\u00e9p\u00f4t de muni\u00adtions qui se trou\u00advait dans ce fort, de lib\u00e9\u00adrer les pri\u00adson\u00adniers et de for\u00admer un groupe d\u00e9ci\u00add\u00e9 \u00e0 lut\u00adter contre \u00ab&nbsp;les fas\u00adcismes&nbsp;\u00bb. L\u2019af\u00adfaire \u00e9choua, la r\u00e9pres\u00adsion fut ter\u00adrible. Tra\u00adduits devant une cour mar\u00adtiale, ils allaient \u00eatre fusill\u00e9s, lorsque les Nazis et leurs valets \u00e9va\u00adcu\u00e8rent la r\u00e9gion.<\/p>\n<p>\tS\u2019ils s\u2019at\u00adten\u00addaient \u00e0 \u00eatre libres, leurs illu\u00adsions s\u2019en\u00advo\u00adl\u00e8rent bien vite. Non seule\u00adment ils res\u00adt\u00e8rent en pri\u00adson sous les coups des m\u00eames gardes-chiourmes, mais ils virent avec stu\u00adpeur les auto\u00adri\u00adt\u00e9s judi\u00adciaires gaul\u00adlistes pour\u00adsuivre contre eux les accu\u00adsa\u00adtions de leurs pr\u00e9d\u00e9cesseurs.<\/p>\n<p>\tEt il fal\u00adlut attendre cinq longs mois de mis\u00e8re, de doute, d\u2019a\u00admer\u00adtume pour qu\u2019en\u00adfin la sinistre com\u00e9\u00addie pr\u00eet fin et qu\u2019ils obtinssent de la \u00ab&nbsp;France libre&nbsp;\u00bb un non-lieu pour avoir par\u00adti\u00adci\u00adp\u00e9 \u00e0 un mou\u00adve\u00adment de r\u00e9sis\u00adtance antifasciste.<\/p>\n<p>\tEt depuis ils conti\u00adnuent d\u2019ef\u00adfec\u00adtuer la peine que leur avaient infli\u00adg\u00e9e les tri\u00adbu\u00adnaux de P\u00e9tain. Peine mili\u00adtaire&nbsp;? Effec\u00adtu\u00e9e dans des pri\u00adsons mili\u00adtaires&nbsp;? Peine adou\u00adcie par la consi\u00add\u00e9\u00adra\u00adtion que leur vaut leur nette atti\u00adtude dans la lutte anti\u00adfas\u00adciste&nbsp;? Allons donc&nbsp;! Les pri\u00adsons mili\u00adtaires sont occu\u00adp\u00e9es par les col\u00adla\u00adbo\u00adra\u00adteurs et nos amis viennent de rejoindre Eysses o\u00f9 ils pour\u00adront m\u00e9di\u00adter sur la dif\u00adf\u00e9\u00adrence entre la r\u00e9pres\u00adsion impi\u00adtoyable par le gou\u00adver\u00adne\u00adment fas\u00adciste de Vichy de la muti\u00adne\u00adrie de cette cen\u00adtrale et le trai\u00adte\u00adment que leur r\u00e9serve le gou\u00adver\u00adne\u00adment \u00ab&nbsp;anti\u00adfas\u00adciste&nbsp;\u00bb d\u2019aujourd\u2019hui.<\/p>\n<p>\tIl faut en finir avec la d\u00e9ten\u00adtion de mili\u00adtaires empri\u00adson\u00adn\u00e9s depuis de longues ann\u00e9es. Il faut en finir avec cette cen\u00adtrale de cau\u00adche\u00admars. Il faut lib\u00e9\u00adrer les mutins de Van\u00adcia. Il faut raser Eysses&nbsp;!<\/p>\n","protected":false},"excerpt":{"rendered":"<p>Eysses (Lot-et-Garonne)? Nom sinistre qui r\u00e9sonne dou\u00adlou\u00adreu\u00adse\u00adment dans la t\u00eate de ceux qui y furent les pen\u00adsion\u00adnaires de la \u00ab&nbsp;R\u00e9vo\u00adlu\u00adtion du Men\u00adsonge&nbsp;\u00bb entre 1940 et&nbsp;1945. Eysses qui vit se d\u00e9rou\u00adler dans ses murs, avant la lib\u00e9\u00adra\u00adtion en masse de ses d\u00e9te\u00adnus, une effroyable tue\u00adrie. Eysses aux murs sombres, aux cours \u00e9troites, aux sabots cla\u00adquants d\u2019un [\u2026]<\/p>\n","protected":false},"author":1,"featured_media":0,"comment_status":"closed","ping_status":"closed","sticky":false,"template":"","format":"standard","meta":{"wp_typography_post_enhancements_disabled":false,"footnotes":""},"categories":[252],"tags":[],"ppma_author":[540],"class_list":["post-1935","post","type-post","status-publish","format-standard","hentry","category-le-libertaire-n8-aout-1945"],"authors":[{"term_id":540,"user_id":1,"is_guest":0,"slug":"admin_3gikpwyf","display_name":"Vincent Dubuc","avatar_url":"https:\/\/secure.gravatar.com\/avatar\/d015720652c25fd2ced191ade86430094e1f288a17483713e3b34d26dea52507?s=96&d=mm&r=g","author_category":"","user_url":"https:\/\/la-presse-anarchiste.net","last_name":"Dubuc","first_name":"Vincent","job_title":"","description":""}],"_links":{"self":[{"href":"https:\/\/la-presse-anarchiste.net\/index.php\/wp-json\/wp\/v2\/posts\/1935","targetHints":{"allow":["GET"]}}],"collection":[{"href":"https:\/\/la-presse-anarchiste.net\/index.php\/wp-json\/wp\/v2\/posts"}],"about":[{"href":"https:\/\/la-presse-anarchiste.net\/index.php\/wp-json\/wp\/v2\/types\/post"}],"author":[{"embeddable":true,"href":"https:\/\/la-presse-anarchiste.net\/index.php\/wp-json\/wp\/v2\/users\/1"}],"replies":[{"embeddable":true,"href":"https:\/\/la-presse-anarchiste.net\/index.php\/wp-json\/wp\/v2\/comments?post=1935"}],"version-history":[{"count":0,"href":"https:\/\/la-presse-anarchiste.net\/index.php\/wp-json\/wp\/v2\/posts\/1935\/revisions"}],"wp:attachment":[{"href":"https:\/\/la-presse-anarchiste.net\/index.php\/wp-json\/wp\/v2\/media?parent=1935"}],"wp:term":[{"taxonomy":"category","embeddable":true,"href":"https:\/\/la-presse-anarchiste.net\/index.php\/wp-json\/wp\/v2\/categories?post=1935"},{"taxonomy":"post_tag","embeddable":true,"href":"https:\/\/la-presse-anarchiste.net\/index.php\/wp-json\/wp\/v2\/tags?post=1935"},{"taxonomy":"author","embeddable":true,"href":"https:\/\/la-presse-anarchiste.net\/index.php\/wp-json\/wp\/v2\/ppma_author?post=1935"}],"curies":[{"name":"wp","href":"https:\/\/api.w.org\/{rel}","templated":true}]}}