{"id":1939,"date":"2008-12-19T05:11:41","date_gmt":"2008-12-19T05:11:41","guid":{"rendered":"https:\/\/la-presse-anarchiste.net\/index.php\/2008\/12\/19\/nouvelles-des-notres-2\/"},"modified":"2008-12-19T05:11:41","modified_gmt":"2008-12-19T05:11:41","slug":"nouvelles-des-notres-2","status":"publish","type":"post","link":"https:\/\/la-presse-anarchiste.net\/index.php\/2008\/12\/19\/nouvelles-des-notres-2\/","title":{"rendered":"Nouvelles des n\u00f4tres"},"content":{"rendered":"<div class=\"pdfprnt-buttons pdfprnt-buttons-post pdfprnt-top-right\"><a href=\"https:\/\/la-presse-anarchiste.net\/index.php\/wp-json\/wp\/v2\/posts\/1939?print=pdf\" class=\"pdfprnt-button pdfprnt-button-pdf\" target=\"_blank\"><img decoding=\"async\" src=\"https:\/\/la-presse-anarchiste.net\/wp-content\/plugins\/pdf-print\/images\/pdf.png\" alt=\"image_pdf\" title=\"Afficher le PDF\"><\/a><a href=\"https:\/\/la-presse-anarchiste.net\/index.php\/wp-json\/wp\/v2\/posts\/1939?print=print\" class=\"pdfprnt-button pdfprnt-button-print\" target=\"_blank\"><img decoding=\"async\" src=\"https:\/\/la-presse-anarchiste.net\/wp-content\/plugins\/pdf-print\/images\/print.png\" alt=\"image_print\" title=\"Contenu imprim\u00e9\"><\/a><\/div><p>\tGeorges Gour\u00addin n\u2019est&nbsp;plus.<\/p>\n<p>C\u2019est avec une dou\u00adlou\u00adreuse amer\u00adtume que nous avons appris la mort, sur\u00adve\u00adnue au camp de Elbruck (Alle\u00admagne), en mars 1945, de notre cher cama\u00adrade Georges Gourdin.<\/p>\n<p>\tD\u00e8s avant cette guerre, il \u00e9tait d\u00e9j\u00e0 fort appr\u00e9\u00adci\u00e9 dans notre mou\u00adve\u00adment pour sa valeur et son dyna\u00admisme. C\u2019\u00e9\u00adtait le type m\u00eame du mili\u00adtant r\u00e9vo\u00adlu\u00adtion\u00adnaire com\u00adplet. Il \u00e9tait un des ani\u00adma\u00adteurs des Jeu\u00adnesses Anar\u00adchistes, qu\u2019il impul\u00adsait par son inlas\u00adsable acti\u00advi\u00adt\u00e9 et qu\u2019il repr\u00e9\u00adsen\u00adtait sou\u00advent, dans les mee\u00adtings de l\u2019U\u00adnion Anarchiste.<\/p>\n<p>\tIl pro\u00addi\u00adguait encore son acti\u00advi\u00adt\u00e9 au sein de la F\u00e9d\u00e9\u00adra\u00adtion des tech\u00adni\u00adciens (de la C.G.T.), dans laquelle il d\u00e9fen\u00addait les prin\u00adcipes du syn\u00addi\u00adca\u00adlisme r\u00e9vo\u00adlu\u00adtion\u00adnaire, ce qui ne l\u2019emp\u00eachait nul\u00adle\u00adment de lut\u00adter sur le lieu m\u00eame de son entre\u00adprise, o\u00f9 il \u00e9tait sou\u00advent redou\u00adt\u00e9 du patro\u00adnat par sa logique impla\u00adcable, de mili\u00adtant aver\u00adti des ques\u00adtions Sociales. Il fut pen\u00addant l\u2019oc\u00adcu\u00adpa\u00adtion hit\u00adl\u00e9\u00adrienne par\u00admi ceux qui recons\u00adti\u00adtu\u00e8rent le Mou\u00adve\u00adment Liber\u00adtaire dans la clan\u00addes\u00adti\u00adni\u00adt\u00e9, auquel il ne m\u00e9na\u00adgea pas ses efforts. Il ne ces\u00adsa d\u2019\u00eatre un arti\u00adsan tenace de la fusion des deux ten\u00addances U.A. et F.A.F. en une seule orga\u00adni\u00adsa\u00adtion, fusion qu\u2019il vit d\u2019ailleurs se r\u00e9a\u00adli\u00adser au d\u00e9but de&nbsp;1943.<\/p>\n<p>\tLes nom\u00adbreux ser\u00advices (qui furent sou\u00advent des sau\u00adve\u00adtages) qu\u2019il ren\u00addit aux cama\u00adrades pour les aider \u00e0 \u00e9chap\u00adper aux recherches des polices alle\u00admande et fran\u00ad\u00e7aise ne sau\u00adraient \u00eatre \u00e9num\u00e9r\u00e9s.<\/p>\n<p>\tArr\u00ea\u00adt\u00e9 en mai 1944, alors qu\u2019il effec\u00adtuait une de ces t\u00e2ches dan\u00adge\u00adreuses dont le but \u00e9tait de per\u00admettre de se mettre hors des atteintes de la Ges\u00adta\u00adpo \u00e0 ceux qui refu\u00adsaient de se plier aux ordres du nazisme&nbsp;; il fut d\u00e9te\u00adnu \u00e0 la pri\u00adson de Fresnes jus\u00adqu\u2019en ao\u00fbt 1944. D\u00e9por\u00adt\u00e9 ensuite en Alle\u00admagne dans un des der\u00adniers convois, il est mort au camp d\u2019El\u00adbruck, pr\u00e8s de Nordhausen.<\/p>\n<p>\tNous per\u00addons en lui un mili\u00adtant actif, intel\u00adli\u00adgent, auda\u00adcieux, plein de sen\u00adsi\u00adbi\u00adli\u00adt\u00e9, dont la bon\u00adt\u00e9 et l\u2019es\u00adprit de soli\u00adda\u00adri\u00adt\u00e9 \u00e9taient connus de tous ceux qui l\u2019a\u00advaient appro\u00adch\u00e9. Son enthou\u00adsiasme et son opti\u00admisme \u00e9taient communicatifs.<\/p>\n<p>\tC\u2019est un peu pour toutes ces choses que sa dis\u00adpa\u00adri\u00adtion est une grande perte et qu\u2019elle sera cruel\u00adle\u00adment res\u00adsen\u00adtie par tous les cama\u00adrades qui mili\u00adt\u00e8rent \u00e0 ses c\u00f4t\u00e9s. Que ses parents et sa com\u00adpagne trouvent ici l\u2019ex\u00adpres\u00adsion de toute notre sym\u00adpa\u00adthie la plus sin\u00adc\u00e8re dans le mal\u00adheur qui les frappe.&nbsp;<\/p>\n<p>[|<b>\u2014 O \u2014<\/b>|]<\/p>\n<p>\tNous avons le regret d\u2019ap\u00adprendre la mort dans un camp nazi de notre cama\u00adrade Dar\u00adrot, de Giroux, ain\u00adsi que de Mar\u00adcel Bon\u00adva\u00adlet, de Paris, morts au camp de Ravens\u00adbr\u00fcck, tous deux d\u00e9por\u00adt\u00e9s politiques.<\/p>\n<p>\tDans les m\u00eames condi\u00adtions, nous appre\u00adnons \u00e9ga\u00adle\u00adment la mort de notre bon cama\u00adrade Ravel, de Montferrand.<\/p>\n","protected":false},"excerpt":{"rendered":"<p>Georges Gour\u00addin n\u2019est&nbsp;plus. C\u2019est avec une dou\u00adlou\u00adreuse amer\u00adtume que nous avons appris la mort, sur\u00adve\u00adnue au camp de Elbruck (Alle\u00admagne), en mars 1945, de notre cher cama\u00adrade Georges Gour\u00addin. D\u00e8s avant cette guerre, il \u00e9tait d\u00e9j\u00e0 fort appr\u00e9\u00adci\u00e9 dans notre mou\u00adve\u00adment pour sa valeur et son dyna\u00admisme. C\u2019\u00e9\u00adtait le type m\u00eame du mili\u00adtant r\u00e9vo\u00adlu\u00adtion\u00adnaire complet.&nbsp;[\u2026]<\/p>\n","protected":false},"author":1,"featured_media":0,"comment_status":"closed","ping_status":"closed","sticky":false,"template":"","format":"standard","meta":{"wp_typography_post_enhancements_disabled":false,"footnotes":""},"categories":[253],"tags":[],"ppma_author":[540],"class_list":["post-1939","post","type-post","status-publish","format-standard","hentry","category-le-libertaire-na9-septembre-1945"],"authors":[{"term_id":540,"user_id":1,"is_guest":0,"slug":"admin_3gikpwyf","display_name":"Vincent Dubuc","avatar_url":"https:\/\/secure.gravatar.com\/avatar\/d015720652c25fd2ced191ade86430094e1f288a17483713e3b34d26dea52507?s=96&d=mm&r=g","author_category":"","user_url":"https:\/\/la-presse-anarchiste.net","last_name":"Dubuc","first_name":"Vincent","job_title":"","description":""}],"_links":{"self":[{"href":"https:\/\/la-presse-anarchiste.net\/index.php\/wp-json\/wp\/v2\/posts\/1939","targetHints":{"allow":["GET"]}}],"collection":[{"href":"https:\/\/la-presse-anarchiste.net\/index.php\/wp-json\/wp\/v2\/posts"}],"about":[{"href":"https:\/\/la-presse-anarchiste.net\/index.php\/wp-json\/wp\/v2\/types\/post"}],"author":[{"embeddable":true,"href":"https:\/\/la-presse-anarchiste.net\/index.php\/wp-json\/wp\/v2\/users\/1"}],"replies":[{"embeddable":true,"href":"https:\/\/la-presse-anarchiste.net\/index.php\/wp-json\/wp\/v2\/comments?post=1939"}],"version-history":[{"count":0,"href":"https:\/\/la-presse-anarchiste.net\/index.php\/wp-json\/wp\/v2\/posts\/1939\/revisions"}],"wp:attachment":[{"href":"https:\/\/la-presse-anarchiste.net\/index.php\/wp-json\/wp\/v2\/media?parent=1939"}],"wp:term":[{"taxonomy":"category","embeddable":true,"href":"https:\/\/la-presse-anarchiste.net\/index.php\/wp-json\/wp\/v2\/categories?post=1939"},{"taxonomy":"post_tag","embeddable":true,"href":"https:\/\/la-presse-anarchiste.net\/index.php\/wp-json\/wp\/v2\/tags?post=1939"},{"taxonomy":"author","embeddable":true,"href":"https:\/\/la-presse-anarchiste.net\/index.php\/wp-json\/wp\/v2\/ppma_author?post=1939"}],"curies":[{"name":"wp","href":"https:\/\/api.w.org\/{rel}","templated":true}]}}