{"id":1941,"date":"2008-12-19T15:58:41","date_gmt":"2008-12-19T15:58:41","guid":{"rendered":"https:\/\/la-presse-anarchiste.net\/index.php\/2008\/12\/19\/congres-constitutif-du-mouvement-libertaire\/"},"modified":"2008-12-19T15:58:41","modified_gmt":"2008-12-19T15:58:41","slug":"congres-constitutif-du-mouvement-libertaire","status":"publish","type":"post","link":"https:\/\/la-presse-anarchiste.net\/index.php\/2008\/12\/19\/congres-constitutif-du-mouvement-libertaire\/","title":{"rendered":"Congr\u00e8s constitutif du Mouvement Libertaire"},"content":{"rendered":"<div class=\"pdfprnt-buttons pdfprnt-buttons-post pdfprnt-top-right\"><a href=\"https:\/\/la-presse-anarchiste.net\/index.php\/wp-json\/wp\/v2\/posts\/1941?print=pdf\" class=\"pdfprnt-button pdfprnt-button-pdf\" target=\"_blank\"><img decoding=\"async\" src=\"https:\/\/la-presse-anarchiste.net\/wp-content\/plugins\/pdf-print\/images\/pdf.png\" alt=\"image_pdf\" title=\"Afficher le PDF\"><\/a><a href=\"https:\/\/la-presse-anarchiste.net\/index.php\/wp-json\/wp\/v2\/posts\/1941?print=print\" class=\"pdfprnt-button pdfprnt-button-print\" target=\"_blank\"><img decoding=\"async\" src=\"https:\/\/la-presse-anarchiste.net\/wp-content\/plugins\/pdf-print\/images\/print.png\" alt=\"image_print\" title=\"Contenu imprim\u00e9\"><\/a><\/div><p>Le Mou\u00adve\u00adment Liber\u00adtaire, 145, quai de Val\u00admy, Paris (10<sup>e<\/sup>), tien\u00addra son congr\u00e8s consti\u00adtu\u00adtif \u00e0 Paris les 6 et 7 octobre 1945, de 9 heures \u00e0 midi et de 14 heures \u00e0 19 heures, en la salle des Soci\u00e9\u00adt\u00e9s Savantes, 28, rue Serpente.<\/p>\n<p>\tDans un but d\u2019in\u00adfor\u00adma\u00adtion, pour faci\u00adli\u00adter le ras\u00adsem\u00adble\u00adment de tous les liber\u00adtaires d\u00e9ci\u00add\u00e9s \u00e0 agir, et pour per\u00admettre \u00e0 cha\u00adcun de d\u00e9ci\u00adder, en connais\u00adsance de cause, de son adh\u00e9\u00adsion ou de sa non-adh\u00e9\u00adsion, les cama\u00adrades non encore adh\u00e9\u00adrents sans dis\u00adtinc\u00adtion de ten\u00addances sont fra\u00adter\u00adnel\u00adle\u00adment invi\u00adt\u00e9s \u00e0 assis\u00adter aux d\u00e9bats.<\/p>\n<p>\t\u00c0 cet effet, des \u00ab&nbsp;bul\u00adle\u00adtins d\u2019en\u00adtr\u00e9e&nbsp;\u00bb pour non adh\u00e9\u00adrents sont envoy\u00e9s aux mili\u00adtants qui en font la demande au Mou\u00adve\u00adment Liber\u00adtaire (145, quai de Val\u00admy, Paris (10<sup>e<\/sup>). S\u2019ils ne sont pas connus, ils doivent \u00eatre pr\u00e9\u00adsen\u00adt\u00e9s par deux cama\u00adrades connus ou, pour le moins, pou\u00advoir s\u2019en recom\u00adman\u00adder. Ils rece\u00advront deux de ces \u00ab&nbsp;bul\u00adle\u00adtins d\u2019en\u00adtr\u00e9e&nbsp;\u00bb qu\u2019ils devront rem\u00adplir. L\u2019un sera ren\u00advoy\u00e9 au si\u00e8ge du Mou\u00adve\u00adment Liber\u00adtaire, l\u2019autre leur ser\u00advi\u00adra pour acc\u00e9\u00adder \u00e0 la salle du congr\u00e8s.<\/p>\n<p>\tPour tous ren\u00adsei\u00adgne\u00adments d\u00e9taill\u00e9s sur le congr\u00e8s&nbsp;: orga\u00adni\u00adsa\u00adtion de celui-ci, ordre du jour, rap\u00adports sou\u00admis \u00e0 la dis\u00adcus\u00adsion, pro\u00adjets, etc. deman\u00adder le Bul\u00adle\u00adtin Int\u00e9\u00adrieur (\u00ab&nbsp;Le Lien&nbsp;\u00bb), no&nbsp;4, qui y est enti\u00e8\u00adre\u00adment consa\u00adcr\u00e9. (Prix&nbsp;: 17&nbsp;F, frais d\u2019en\u00advoi com\u00adpris. C.C.P. Louis Haas, 3585\u200a\u2013\u200a80, 145, quai de Val\u00admy. Paris, 10<sup>e<\/sup>.)<\/p>\n<p>\tToutes les demandes de \u00ab&nbsp;bul\u00adle\u00adtins d\u2019en\u00adtr\u00e9e&nbsp;\u00bb doivent par\u00adve\u00adnir au si\u00e8ge du Mou\u00adve\u00adment Liber\u00adtaire le 28 sep\u00adtembre au plus&nbsp;tard.<\/p>\n<p>\tLe com\u00admu\u00adni\u00adqu\u00e9 ci-des\u00adsus a \u00e9t\u00e9 adres\u00ads\u00e9, avec pri\u00e8re d\u2019in\u00ads\u00e9\u00adrer, au jour\u00adnal \u00ab&nbsp;Ce qu\u2019il faut dire&nbsp;\u00bb, \u00e0 l\u2019\u00abId\u00e9e Libre&nbsp;\u00bb (Loru\u00adlot), \u00ab&nbsp;Action Syn\u00addi\u00adca\u00adliste&nbsp;\u00bb (mino\u00adri\u00adt\u00e9 syn\u00addi\u00adca\u00adliste r\u00e9vo\u00adlu\u00adtion\u00adnaire) et \u00e0 l\u2019\u00abUnique&nbsp;\u00bb (ex-\u00abEn Dehors&nbsp;\u00bb d\u2019E. Armand).<\/p>\n<h4>Pour acc\u00e9der au congr\u00e8s<\/h4>\n<p>\tLes cama\u00adrades seront pri\u00e9s de pr\u00e9\u00adsen\u00adter l\u2019une des trois pi\u00e8ces, suivantes&nbsp;:<\/p>\n<ol>\n<li> Ou un man\u00addat de d\u00e9l\u00e9gu\u00e9&nbsp;;<\/li>\n<li> Ou un \u00ab&nbsp;bul\u00adle\u00adtin d\u2019en\u00adtr\u00e9e&nbsp;\u00bb de non adh\u00e9rent&nbsp;;<\/li>\n<li> Ou une carte de membre du Mouvement.<br>\n<h4>Dans les groupes<\/h4>\n<p>\tLes cama\u00adrades sont infor\u00adm\u00e9s que des man\u00addats \u00e0 rem\u00adplir en double exem\u00adplaire (un pour le d\u00e9l\u00e9\u00adgu\u00e9, l\u2019autre \u00e0 ren\u00advoyer au si\u00e8ge du Mou\u00adve\u00adment) sont \u00e0 leur dis\u00adpo\u00adsi\u00adtion. Qu\u2019ils veuillent bien en faire la demande le plus rapi\u00adde\u00adment pos\u00adsible. Qu\u2019ils passent com\u00admande sans plus attendre, au \u00ab&nbsp;Lien&nbsp;\u00bb, n\u00ba&nbsp;4, pour que les mili\u00adtants aient le temps de dis\u00adcu\u00adter s\u00e9rieu\u00adse\u00adment l\u2019ordre du&nbsp;jour.<\/p><\/li>\n<\/ol>\n<p>\tNous rap\u00adpe\u00adlons que pour faci\u00adli\u00adter la pro\u00adpa\u00adgande, des papillons col\u00adlants sont mis en vente au prix de 15&nbsp;F le cent. Sont \u00e9ga\u00adle\u00adment \u00e0 la dis\u00adpo\u00adsi\u00adtion des groupes des affiches passe-par\u00adtout pour r\u00e9unions publiques, leur prix est de 7&nbsp;F l\u2019exemplaire.<\/p>\n","protected":false},"excerpt":{"rendered":"<p>Le Mou\u00adve\u00adment Liber\u00adtaire, 145, quai de Val\u00admy, Paris (10<sup>e<\/sup>), tien\u00addra son congr\u00e8s consti\u00adtu\u00adtif \u00e0 Paris les 6 et 7 octobre 1945, de 9 heures \u00e0 midi et de 14 heures \u00e0 19 heures, en la salle des Soci\u00e9\u00adt\u00e9s Savantes, 28, rue Ser\u00adpente. Dans un but d\u2019in\u00adfor\u00adma\u00adtion, pour faci\u00adli\u00adter le ras\u00adsem\u00adble\u00adment de tous les liber\u00adtaires d\u00e9cid\u00e9s&nbsp;[\u2026]<\/p>\n","protected":false},"author":1,"featured_media":0,"comment_status":"closed","ping_status":"closed","sticky":false,"template":"","format":"standard","meta":{"wp_typography_post_enhancements_disabled":false,"footnotes":""},"categories":[253],"tags":[],"ppma_author":[540],"class_list":["post-1941","post","type-post","status-publish","format-standard","hentry","category-le-libertaire-na9-septembre-1945"],"authors":[{"term_id":540,"user_id":1,"is_guest":0,"slug":"admin_3gikpwyf","display_name":"Vincent Dubuc","avatar_url":"https:\/\/secure.gravatar.com\/avatar\/d015720652c25fd2ced191ade86430094e1f288a17483713e3b34d26dea52507?s=96&d=mm&r=g","author_category":"","user_url":"https:\/\/la-presse-anarchiste.net","last_name":"Dubuc","first_name":"Vincent","job_title":"","description":""}],"_links":{"self":[{"href":"https:\/\/la-presse-anarchiste.net\/index.php\/wp-json\/wp\/v2\/posts\/1941","targetHints":{"allow":["GET"]}}],"collection":[{"href":"https:\/\/la-presse-anarchiste.net\/index.php\/wp-json\/wp\/v2\/posts"}],"about":[{"href":"https:\/\/la-presse-anarchiste.net\/index.php\/wp-json\/wp\/v2\/types\/post"}],"author":[{"embeddable":true,"href":"https:\/\/la-presse-anarchiste.net\/index.php\/wp-json\/wp\/v2\/users\/1"}],"replies":[{"embeddable":true,"href":"https:\/\/la-presse-anarchiste.net\/index.php\/wp-json\/wp\/v2\/comments?post=1941"}],"version-history":[{"count":0,"href":"https:\/\/la-presse-anarchiste.net\/index.php\/wp-json\/wp\/v2\/posts\/1941\/revisions"}],"wp:attachment":[{"href":"https:\/\/la-presse-anarchiste.net\/index.php\/wp-json\/wp\/v2\/media?parent=1941"}],"wp:term":[{"taxonomy":"category","embeddable":true,"href":"https:\/\/la-presse-anarchiste.net\/index.php\/wp-json\/wp\/v2\/categories?post=1941"},{"taxonomy":"post_tag","embeddable":true,"href":"https:\/\/la-presse-anarchiste.net\/index.php\/wp-json\/wp\/v2\/tags?post=1941"},{"taxonomy":"author","embeddable":true,"href":"https:\/\/la-presse-anarchiste.net\/index.php\/wp-json\/wp\/v2\/ppma_author?post=1941"}],"curies":[{"name":"wp","href":"https:\/\/api.w.org\/{rel}","templated":true}]}}