{"id":1942,"date":"2008-12-19T16:04:16","date_gmt":"2008-12-19T16:04:16","guid":{"rendered":"https:\/\/la-presse-anarchiste.net\/index.php\/2008\/12\/19\/les-paysans-dans-la-revolution\/"},"modified":"2008-12-19T16:04:16","modified_gmt":"2008-12-19T16:04:16","slug":"les-paysans-dans-la-revolution","status":"publish","type":"post","link":"https:\/\/la-presse-anarchiste.net\/index.php\/2008\/12\/19\/les-paysans-dans-la-revolution\/","title":{"rendered":"Les paysans dans la r\u00e9volution"},"content":{"rendered":"<div class=\"pdfprnt-buttons pdfprnt-buttons-post pdfprnt-top-right\"><a href=\"https:\/\/la-presse-anarchiste.net\/index.php\/wp-json\/wp\/v2\/posts\/1942?print=pdf\" class=\"pdfprnt-button pdfprnt-button-pdf\" target=\"_blank\"><img decoding=\"async\" src=\"https:\/\/la-presse-anarchiste.net\/wp-content\/plugins\/pdf-print\/images\/pdf.png\" alt=\"image_pdf\" title=\"Afficher le PDF\"><\/a><a href=\"https:\/\/la-presse-anarchiste.net\/index.php\/wp-json\/wp\/v2\/posts\/1942?print=print\" class=\"pdfprnt-button pdfprnt-button-print\" target=\"_blank\"><img decoding=\"async\" src=\"https:\/\/la-presse-anarchiste.net\/wp-content\/plugins\/pdf-print\/images\/print.png\" alt=\"image_print\" title=\"Contenu imprim\u00e9\"><\/a><\/div><p><img decoding=\"async\" src=\"IMG\/png\/problemes.png\" alt=\"problemes.png\" align=\"left\">\tD\u00e8s le d\u00e9but de l\u2019an\u00adn\u00e9e 1945, dans cer\u00adtains pays lib\u00e9\u00adr\u00e9s du joug hit\u00adl\u00e9\u00adrien, les pay\u00adsans se sai\u00adsirent des terres aban\u00addon\u00adn\u00e9es par les pro\u00adpri\u00e9\u00adtaires en fuite et com\u00admen\u00adc\u00e8rent ce que les \u00e9co\u00adno\u00admistes appellent une r\u00e9vo\u00adlu\u00adtion agraire. Ce furent sur\u00adtout dans les r\u00e9gions de l\u2019est de l\u2019Eu\u00adrope que ces expro\u00adpria\u00adtions eurent lieu. En Rou\u00adma\u00adnie \u00ab&nbsp;les pay\u00adsans de cer\u00adtaines pro\u00advinces n\u2019au\u00adraient pas atten\u00addu l\u2019ins\u00adtal\u00adla\u00adtion d\u00e9fi\u00adni\u00adtive du nou\u00adveau gou\u00adver\u00adne\u00adment pour amor\u00adcer cette r\u00e9forme. R\u00e9unis en conseils ruraux, ils auraient entre\u00adpris le par\u00adtage des grandes pro\u00adpri\u00e9\u00adt\u00e9s appar\u00adte\u00adnant aux cri\u00admi\u00adnels de guerre et \u00e0 ceux qui col\u00adla\u00adbo\u00adr\u00e8rent avec les puis\u00adsances de l\u2019Axe&nbsp;\u00bb. (\u00ab&nbsp;Com\u00adbat&nbsp;\u00bb du 9 mars 1945.) En Pologne, \u00ab&nbsp;dans les ter\u00adri\u00adtoires de Var\u00adso\u00advie, Lods, Kielce, des pro\u00adpri\u00e9\u00adt\u00e9s d\u2019une super\u00adfi\u00adcie de 316.500 hec\u00adtares, 225.280 hec\u00adtares et 200.000 hec\u00adtares seront mor\u00adce\u00adl\u00e9s&nbsp;\u00bb. (\u00ab&nbsp;Monde&nbsp;\u00bb du 2 avril 1945.) En Bul\u00adga\u00adrie, \u00ab&nbsp;le gou\u00adver\u00adne\u00adment bul\u00adgare est en train de for\u00admer des soci\u00e9\u00adt\u00e9s coop\u00e9\u00adra\u00adtives sem\u00adblables aux kol\u00adkhozes russes&nbsp;\u00bb. (\u00ab&nbsp;Monde&nbsp;\u00bb du 15 mars 1945. En Hon\u00adgrie, \u00ab&nbsp;confis\u00adca\u00adtion de toutes les pro\u00adpri\u00e9\u00adt\u00e9s pri\u00adv\u00e9es dont la super\u00adfi\u00adcie d\u00e9passe 1.000 hec\u00adtares, si elles sont situ\u00e9es dans un rayon de 30km de la capi\u00adtale, 2.000 hec\u00adtares dans le reste du pays. Les pro\u00adpri\u00e9\u00adt\u00e9s appar\u00adte\u00adnant \u00e0 des per\u00adsonnes morales, soci\u00e9\u00adt\u00e9s \u00e0 res\u00adpon\u00adsa\u00adbi\u00adli\u00adt\u00e9 limi\u00adt\u00e9es, com\u00adpa\u00adgnies d\u2019as\u00adsu\u00adrances, seront confis\u00adqu\u00e9es, quelle que soit leur \u00e9ten\u00addue. Les pro\u00adpri\u00e9\u00adt\u00e9s ain\u00adsi confis\u00adqu\u00e9es seront ensuite redis\u00adtri\u00adbu\u00e9es entre les pay\u00adsans.&nbsp;\u00bb. (\u00ab&nbsp;Monde&nbsp;\u00bb du 1<sup>er<\/sup> mars 1945.) Dans le sud de l\u2019I\u00adta\u00adlie, les pay\u00adsans com\u00admen\u00adc\u00e8rent le par\u00adtage des terres avant m\u00eame que les arm\u00e9es nazies capi\u00adtulent dans le Nord. Ce furent les Alli\u00e9s qui mirent le hol\u00e0 aux r\u00e9a\u00adli\u00adsa\u00adtions du pro\u00adl\u00e9\u00adta\u00adriat campagnard.<\/p>\n<p>\tC\u2019est que dans toute l\u2019Eu\u00adrope le pro\u00adbl\u00e8me de la pro\u00adduc\u00adtion agri\u00adcole se pose et demande une solu\u00adtion rapide. C\u2019est que le monde ouvrier pay\u00adsan demande une am\u00e9\u00adlio\u00adra\u00adtion de son sort, que dans cette couche sociale dont on parle si peu les in\u00e9ga\u00adli\u00adt\u00e9s se font de plus en plus criantes. Chez nous comme ailleurs. La pro\u00adpri\u00e9\u00adt\u00e9, autre\u00adfois suf\u00adfi\u00adsante pour sub\u00adve\u00adnir aux besoins d\u2019une famille, s\u2019est trou\u00adv\u00e9e mor\u00adce\u00adl\u00e9e par les h\u00e9ri\u00adtages suc\u00adces\u00adsifs, chaque fils et fille rece\u00advant une part du ter\u00adrain d\u00e9lais\u00ads\u00e9 par la mort du p\u00e8re. Et cela \u00e9tait logique dans le cadre \u00e9ga\u00adli\u00adtaire de la R\u00e9vo\u00adlu\u00adtion de 1789, puisque op\u00e9\u00adrer autre\u00adment eut remis en vigueur l\u2019in\u00adjuste droit d\u2019a\u00eenesse.<\/p>\n<p>\tLes effets, sont aujourd\u2019\u00adhui d\u00e9sas\u00adtreux&nbsp;: rape\u00adtis\u00adse\u00adment de la sur\u00adface culti\u00advable,\u200a\u2014\u200ale cloi\u00adson\u00adne\u00adment et l\u2019\u00e9\u00adgo\u00efsme emp\u00ea\u00adchant toute exploi\u00adta\u00adtion col\u00adlec\u00adtive quand le pro\u00adfit est roi,\u200a\u2014\u200amanque de m\u00e9thode et de ratio\u00adna\u00adli\u00adsa\u00adtion dans le mode de culture,\u200a\u2014\u200aaucune direc\u00adtive n\u2019\u00e9\u00adtant admise par le pay\u00adsan, sou\u00advent igno\u00adrant et tou\u00adjours tra\u00addi\u00adtio\u00adna\u00adliste,\u200a\u2014\u200aense\u00admen\u00adce\u00adment r\u00e9duit, retour \u00e0 la culture qui rap\u00adporte le plus au d\u00e9tri\u00adment de l\u2019u\u00adtile,\u200a\u2014\u200al\u2019exemple des terres nor\u00admandes livr\u00e9es \u00e0 l\u2019\u00e9\u00adle\u00advage est typique \u00e0 ce sujet, alors que le bl\u00e9 y pousse mer\u00adveilleu\u00adse\u00adment lors\u00adqu\u2019on veut bien l\u2019en\u00adse\u00admen\u00adcer,\u200a\u2014\u200aimpos\u00adsi\u00adbi\u00adli\u00adt\u00e9 et par\u00adfois refus d\u2019u\u00adti\u00adli\u00adser ration\u00adnel\u00adle\u00adment les machines agri\u00adcoles et les engrais, d\u00e9la\u00adbre\u00adment de l\u2019ha\u00adbi\u00adtat rural,\u200a\u2014\u200aun petit pay\u00adsan ne pou\u00advant r\u00e9a\u00adli\u00adser la ferme mod\u00e8le,\u200a\u2014\u200ad\u00e9ser\u00adtion des cam\u00adpagnes pour les villes aux salaires all\u00e9\u00adchants et aux condi\u00adtions de vie plus attrayantes. La cons\u00e9\u00adquence de cet \u00e9tat de fait est la concen\u00adtra\u00adtion des terres par les capi\u00adta\u00adlistes de tout crin qui, eux, ne sont pas for\u00adc\u00e9\u00adment de souche pay\u00adsanne. Encore est-il \u00e0 remar\u00adquer que, jus\u00adqu\u2019\u00e0 main\u00adte\u00adnant, seule, cette concen\u00adtra\u00adtion a per\u00admis. une cer\u00adtaine \u00ab&nbsp;pro\u00adl\u00e9\u00adta\u00adri\u00adsa\u00adtion&nbsp;\u00bb d\u2019une par\u00adtie de la main-d\u2019\u0153uvre pay\u00adsanne et que cette der\u00adni\u00e8re, par ce fait m\u00eame, en est arri\u00adv\u00e9e \u00e0 la concep\u00adtion syn\u00addi\u00adcale de la lutte contre le patro\u00adnat. Nous ne nous nour\u00adris\u00adsons pas de machines-outils et ce n\u2019est pas la p\u00e9nu\u00adrie qui nous per\u00admet\u00adtra d\u2019a\u00adm\u00e9\u00adlio\u00adrer consi\u00add\u00e9\u00adra\u00adble\u00adment le sort des col\u00adlec\u00adti\u00advi\u00adt\u00e9s. La pierre de touche du triomphe de la r\u00e9vo\u00adlu\u00adtion, de toute r\u00e9vo\u00adlu\u00adtion, est donc le pro\u00adbl\u00e8me agraire. Ce n\u2019est que par une plus grande pro\u00adduc\u00adtion, cons\u00e9\u00adquence de l\u2019u\u00adti\u00adli\u00adsa\u00adtion d\u2019un outillage per\u00adfec\u00adtion\u00adn\u00e9, que nous attein\u00addrons le r\u00e8gne de l\u2019a\u00adbon\u00addance. D\u00e8s lors nous pour\u00adrons pro\u00adc\u00e9\u00adder \u00e0 une juste r\u00e9par\u00adti\u00adtion des pro\u00adduits, nous lib\u00e9\u00adre\u00adrons l\u2019homme&nbsp;; nous lui don\u00adne\u00adrons le sens de la digni\u00adt\u00e9 et de la solidarit\u00e9.<\/p>\n<p>\tAu Xe Congr\u00e8s du par\u00adti com\u00admu\u00adniste fran\u00ad\u00e7ais (sic), Wal\u00addeck Rochet, dans son rap\u00adport sur le pro\u00adbl\u00e8me agraire, n\u2019a fait que d\u00e9voi\u00adler les m\u00e9faits d\u2019une \u00e9co\u00adno\u00admie qui se meurt, dont nous mour\u00adrons. Il a consta\u00adt\u00e9. Mais les rem\u00e8des pr\u00e9\u00adco\u00adni\u00ads\u00e9s n\u2019en sont pas. \u00ab&nbsp;Il faut rele\u00adver le prix du bl\u00e9 pour la pro\u00adchaine cam\u00adpagne&nbsp;\u00bb sans que le prix du pain s\u2019en trouve modi\u00adfi\u00e9, ce qui est pos\u00adsible \u00ab&nbsp;si nous vou\u00adlons sup\u00adpri\u00admer les inter\u00adm\u00e9\u00addiaires&nbsp;\u00bb. Il y revient, sachant que le pay\u00adsan est essen\u00adtiel\u00adle\u00adment pr\u00e8s de son bas de laine&nbsp;: \u00ab&nbsp;Pour sti\u00admu\u00adler notre pro\u00adduc\u00adtion agri\u00adcole, il faut fixer des prix \u00e9qui\u00adtables per\u00admet\u00adtant aux pay\u00adsans de faire face aux d\u00e9penses accrues de l\u2019ex\u00adploi\u00adta\u00adtion agri\u00adcole\u2026 Rel\u00e8\u00adve\u00adment des salaires, appli\u00adca\u00adtion des conven\u00adtions du tra\u00advail, lois sociales, loge\u00adments confor\u00adtables, limi\u00adta\u00adtion du prix des baux \u00e0 ferme, renou\u00advel\u00adle\u00adment du bail, indem\u00adni\u00adt\u00e9 de plus-value au fer\u00admier sor\u00adtant, etc.&nbsp;\u00bb C\u2019est tr\u00e8s bien, mais cela ne r\u00e9sout pas le pro\u00adbl\u00e8me agri\u00adcole. D\u2019au\u00adtant plus que W. Rochet demande \u00ab&nbsp;de ren\u00adfor\u00adcer les garan\u00adties don\u00adn\u00e9es aux biens de famille&nbsp;\u00bb. Les r\u00e9formes pr\u00e9\u00adco\u00adni\u00ads\u00e9es par le Xe Congr\u00e8s du P.C.F. rel\u00e8vent uni\u00adque\u00adment de la d\u00e9ma\u00adgo\u00adgie, des pro\u00adc\u00e9\u00add\u00e9s \u00e9lec\u00adto\u00adraux capi\u00adta\u00adlistes, du machia\u00adv\u00e9\u00adlisme sta\u00adli\u00adnien bien connu d\u00e9sor\u00admais et ne se dis\u00adtinguent pas des rem\u00e8des pr\u00e9\u00adco\u00adni\u00ads\u00e9s par tous les autres par\u00adtis poli\u00adtiques. Ce ne sont pas des solu\u00adtions r\u00e9vo\u00adlu\u00adtion\u00adnaires et sociales.<\/p>\n<p>\tPour que la col\u00adlec\u00adti\u00advi\u00adt\u00e9 puisse man\u00adger \u00e0 sa faim, m\u00eame si cela doit bles\u00adser les sen\u00adti\u00adments pro\u00adpri\u00e9\u00adtaires du moyen et du petit pay\u00adsan, il est n\u00e9ces\u00adsaire d\u2019ex\u00adpro\u00adprier imm\u00e9\u00addia\u00adte\u00adment et de col\u00adlec\u00adti\u00advi\u00adser les terres. Nous disons bien col\u00adlec\u00adti\u00advi\u00adser et non \u00e9ta\u00adti\u00adser, car l\u2019\u00e9\u00adta\u00adtisme ne r\u00e9us\u00adsit qu\u2019\u00e0 faire vibrion\u00adner une mul\u00adti\u00adtude de fonc\u00adtion\u00adnaires sou\u00advent inca\u00adpables sans que la struc\u00adture de l\u2019or\u00adga\u00adni\u00adsa\u00adtion chan\u00adge\u00e2t essen\u00adtiel\u00adle\u00adment. Col\u00adlec\u00adti\u00advi\u00adser, c\u2019est mettre entre les mains de la masse pay\u00adsanne la tota\u00adli\u00adt\u00e9 des terres pour faire rendre le maxi\u00admum \u00e0 ces terres en employant les m\u00e9thodes de culture les plus modernes.<\/p>\n<p>\t\u00c0 toi, cama\u00adrade pay\u00adsan, dont la soli\u00adda\u00adri\u00adt\u00e9 envers nous fut jus\u00adqu\u2019i\u00adci rela\u00adtive, nous don\u00adne\u00adrons les b\u00eaches de Saint-Etienne et les trac\u00adteurs de B\u00e9ziers. En \u00e9change, nous rece\u00advrons tes bl\u00e9s de la Beauce et tes vins du Rous\u00adsillon. Par le f\u00e9d\u00e9\u00adra\u00adlisme et la com\u00admune libre, tu acquer\u00adras enfin ce que tu as atten\u00addu si long\u00adtemps&nbsp;: le droit \u00e0 la vie, \u00e0 l\u2019ins\u00adtruc\u00adtion, au confort, aux loi\u00adsirs et un tra\u00advail moins p\u00e9nible. Et ne nous traite ni de men\u00adteurs, ni d\u2019u\u00adto\u00adpistes, car nous avons r\u00e9a\u00adli\u00ads\u00e9 tout cela en Ukraine avec Makh\u00adno, en Ara\u00adgon avec la C.N.T. Le salut est dans la r\u00e9vo\u00adlu\u00adtion sociale qui balaie\u00adra le r\u00e9gime actuel et lui sub\u00adsti\u00adtue\u00adra le f\u00e9d\u00e9\u00adra\u00adlisme liber\u00adtaire. Il ne tient qu\u2019\u00e0 toi de la faire avec&nbsp;nous.<\/p>\n","protected":false},"excerpt":{"rendered":"<p>D\u00e8s le d\u00e9but de l\u2019an\u00adn\u00e9e 1945, dans cer\u00adtains pays lib\u00e9\u00adr\u00e9s du joug hit\u00adl\u00e9\u00adrien, les pay\u00adsans se sai\u00adsirent des terres aban\u00addon\u00adn\u00e9es par les pro\u00adpri\u00e9\u00adtaires en fuite et com\u00admen\u00adc\u00e8rent ce que les \u00e9co\u00adno\u00admistes appellent une r\u00e9vo\u00adlu\u00adtion agraire. Ce furent sur\u00adtout dans les r\u00e9gions de l\u2019est de l\u2019Eu\u00adrope que ces expro\u00adpria\u00adtions eurent lieu. En Rou\u00adma\u00adnie \u00ab&nbsp;les pay\u00adsans&nbsp;de&nbsp;[\u2026]<\/p>\n","protected":false},"author":1,"featured_media":0,"comment_status":"closed","ping_status":"closed","sticky":false,"template":"","format":"standard","meta":{"wp_typography_post_enhancements_disabled":false,"footnotes":""},"categories":[253],"tags":[],"ppma_author":[540],"class_list":["post-1942","post","type-post","status-publish","format-standard","hentry","category-le-libertaire-na9-septembre-1945"],"authors":[{"term_id":540,"user_id":1,"is_guest":0,"slug":"admin_3gikpwyf","display_name":"Vincent Dubuc","avatar_url":"https:\/\/secure.gravatar.com\/avatar\/d015720652c25fd2ced191ade86430094e1f288a17483713e3b34d26dea52507?s=96&d=mm&r=g","author_category":"","user_url":"https:\/\/la-presse-anarchiste.net","last_name":"Dubuc","first_name":"Vincent","job_title":"","description":""}],"_links":{"self":[{"href":"https:\/\/la-presse-anarchiste.net\/index.php\/wp-json\/wp\/v2\/posts\/1942","targetHints":{"allow":["GET"]}}],"collection":[{"href":"https:\/\/la-presse-anarchiste.net\/index.php\/wp-json\/wp\/v2\/posts"}],"about":[{"href":"https:\/\/la-presse-anarchiste.net\/index.php\/wp-json\/wp\/v2\/types\/post"}],"author":[{"embeddable":true,"href":"https:\/\/la-presse-anarchiste.net\/index.php\/wp-json\/wp\/v2\/users\/1"}],"replies":[{"embeddable":true,"href":"https:\/\/la-presse-anarchiste.net\/index.php\/wp-json\/wp\/v2\/comments?post=1942"}],"version-history":[{"count":0,"href":"https:\/\/la-presse-anarchiste.net\/index.php\/wp-json\/wp\/v2\/posts\/1942\/revisions"}],"wp:attachment":[{"href":"https:\/\/la-presse-anarchiste.net\/index.php\/wp-json\/wp\/v2\/media?parent=1942"}],"wp:term":[{"taxonomy":"category","embeddable":true,"href":"https:\/\/la-presse-anarchiste.net\/index.php\/wp-json\/wp\/v2\/categories?post=1942"},{"taxonomy":"post_tag","embeddable":true,"href":"https:\/\/la-presse-anarchiste.net\/index.php\/wp-json\/wp\/v2\/tags?post=1942"},{"taxonomy":"author","embeddable":true,"href":"https:\/\/la-presse-anarchiste.net\/index.php\/wp-json\/wp\/v2\/ppma_author?post=1942"}],"curies":[{"name":"wp","href":"https:\/\/api.w.org\/{rel}","templated":true}]}}