{"id":1944,"date":"2008-12-19T16:57:16","date_gmt":"2008-12-19T16:57:16","guid":{"rendered":"https:\/\/la-presse-anarchiste.net\/index.php\/2008\/12\/19\/aux-hasards-du-chemin-7\/"},"modified":"2008-12-19T16:57:16","modified_gmt":"2008-12-19T16:57:16","slug":"aux-hasards-du-chemin-7","status":"publish","type":"post","link":"https:\/\/la-presse-anarchiste.net\/index.php\/2008\/12\/19\/aux-hasards-du-chemin-7\/","title":{"rendered":"Aux hasards du chemin"},"content":{"rendered":"<div class=\"pdfprnt-buttons pdfprnt-buttons-post pdfprnt-top-right\"><a href=\"https:\/\/la-presse-anarchiste.net\/index.php\/wp-json\/wp\/v2\/posts\/1944?print=pdf\" class=\"pdfprnt-button pdfprnt-button-pdf\" target=\"_blank\"><img decoding=\"async\" src=\"https:\/\/la-presse-anarchiste.net\/wp-content\/plugins\/pdf-print\/images\/pdf.png\" alt=\"image_pdf\" title=\"Afficher le PDF\"><\/a><a href=\"https:\/\/la-presse-anarchiste.net\/index.php\/wp-json\/wp\/v2\/posts\/1944?print=print\" class=\"pdfprnt-button pdfprnt-button-print\" target=\"_blank\"><img decoding=\"async\" src=\"https:\/\/la-presse-anarchiste.net\/wp-content\/plugins\/pdf-print\/images\/print.png\" alt=\"image_print\" title=\"Contenu imprim\u00e9\"><\/a><\/div><h4>Albert Lebrun au tribunal<\/h4>\n<p>\t\u00ab&nbsp;Le t\u00e9moin explique \u00e0 la Cour qu\u2019on ne vote pas au Conseil des ministres, que \u00e7a ne se fait pas, qu\u2019on dis\u00adcute et que, du d\u00e9bat, une opi\u00adnion moyenne se d\u00e9gage, qui devient celle de l\u2019ensemble.&nbsp;\u00bb<\/p>\n<p>\tQuand on pense que c\u2019est sous un tel aspect de la res\u00adpon\u00adsa\u00adbi\u00adli\u00adt\u00e9 que ces gui\u00adgnols font la guerre, la paix, la pluie et le beau temps, et que des mil\u00adlions de jobards croient encore qu\u2019ils sont l\u00e0 pour quelque chose dans les d\u00e9ci\u00adsions gouvernementales.<\/p>\n<p>\tMer\u00adci B\u00e9bert&nbsp;! On le savait, mais fal\u00adlait que ce soit&nbsp;dit.<\/p>\n<h4>Unit\u00e9 d\u2019action<\/h4>\n<p>\tBilloux, ministre de la San\u00adt\u00e9 Publique, avait \u00e9crit au Mar\u00e9\u00adchal que Dala\u00addier \u00e9tait res\u00adpon\u00adsable de la guerre et il lui a deman\u00add\u00e9 d\u2019\u00eatre cit\u00e9 au pro\u00adc\u00e8s de Riom comme t\u00e9moin \u00e0 charge en com\u00adpa\u00adgnie de Costes et Midol. Depuis, Billoux a peut-\u00eatre rem\u00adpla\u00adc\u00e9 son opi\u00adnion, mais nous, nous conti\u00adnuons \u00e0 pen\u00adser qu\u2019il y a de dr\u00f4les de zigo\u00adtos dans ce minis\u00adt\u00e8re de la R\u00e9sis\u00adtance. Alors, on pro\u00adpo\u00adsait un petit coup de main au chef de la 5<sup>e<\/sup> colonne&nbsp;? Et l\u2019\u00e9\u00adpu\u00adra\u00adtion,&nbsp;alors&nbsp;?<\/p>\n<h4>Simple bon&nbsp;sens<\/h4>\n<p>\tMe Isor\u00adni\u200a\u2014\u200aM.&nbsp;Dala\u00addier a mis en pri\u00adson M.&nbsp;Billoux&nbsp;; le mar\u00e9\u00adchal a mis en pri\u00adson M.&nbsp;Dala\u00addier&nbsp;; le gou\u00adver\u00adne\u00adment dont fait par\u00adtie M.&nbsp;Billoux met en pri\u00adson le mar\u00e9\u00adchal. Ah&nbsp;! il y a de quoi \u00eatre scep\u00adtique sur la jus\u00adtice politique.<\/p>\n<p>\tOn \u00e9tait, \u00e0 vrai dire, fix\u00e9 depuis longtemps.<\/p>\n<h4>Les fr\u00e8res ennemis<\/h4>\n<p>\t\u00c0 la der\u00adni\u00e8re s\u00e9ance de ce m\u00eame pro\u00adc\u00e8s, le pro\u00adcu\u00adreur g\u00e9n\u00e9\u00adral Mor\u00adnet et plu\u00adsieurs membres du jury ont cha\u00adleu\u00adreu\u00adse\u00adment f\u00e9li\u00adci\u00adt\u00e9 Me Isor\u00adni, d\u00e9fen\u00adseur du vieux j\u00e9suite, pour la fa\u00e7on remar\u00adquable dont il venait de plai\u00adder en faveur de son mar\u00e9\u00adchal de client.<\/p>\n<p>\tEt mal\u00adgr\u00e9 cette mani\u00adfes\u00adta\u00adtion de soli\u00adda\u00adri\u00adt\u00e9 entre l\u2019ac\u00adcu\u00adsa\u00adtion et la d\u00e9fense, il se trouve encore des bonnes volon\u00adt\u00e9s pour \u00eatre, dans cette affaire, \u00ab&nbsp;pour&nbsp;\u00bb ou \u00ab&nbsp;contre&nbsp;\u00bb celui-ci ou celui-l\u00e0&nbsp;!<\/p>\n<p>\tTout ce beau monde se res\u00adsemble pour\u00adtant tellement&nbsp;!<\/p>\n<h4>La v\u00e9rit\u00e9 par la&nbsp;peur<\/h4>\n<p>\tApr\u00e8s la publi\u00adca\u00adtion du pro\u00adgramme tra\u00advailliste de r\u00e9forme l\u00e9gale, on pou\u00advait lire dans l\u2019\u00abAurore&nbsp;\u00bb cet aveu magnifique&nbsp;:<\/p>\n<p><quote>\t\u00ab&nbsp;Les bour\u00adgeois ont int\u00e9\u00adr\u00eat \u00e0 ce que l\u2019ex\u00adp\u00e9\u00adrience anglaise r\u00e9ussisse.<\/quote><\/p>\n<p>\t\u00ab&nbsp;Si elle ne r\u00e9us\u00adsis\u00adsait pas, en effet, les masses tra\u00advailleuses, un peu par\u00adtout, acquer\u00adraient cette convic\u00adtion que, d\u00e9ci\u00add\u00e9\u00adment, le bul\u00adle\u00adtin de vote ne suf\u00adfit pas, que la m\u00e9thode anglaise ne vaut pas celle dont on a fait l\u2019ex\u00adp\u00e9\u00adrience en Rus\u00adsie, que le pou\u00advoir ne se conquiert pas au cours de consul\u00adta\u00adtions \u00e9lec\u00adto\u00adrales, mais se&nbsp;prend.<\/p>\n<p>\t\u00ab&nbsp;Et qu\u2019au lieu d\u2019\u00eatre la sub\u00adsti\u00adtu\u00adtion d\u2019une hi\u00e9\u00adrar\u00adchie \u00e0 une autre\u200a\u2014\u200aune trans\u00admis\u00adsion\u200a\u2014\u200ala r\u00e9vo\u00adlu\u00adtion doit \u00eatre l\u2019\u00e9\u00adli\u00admi\u00adna\u00adtion bru\u00adtale d\u2019une classe sociale qui n\u2019a pas vou\u00adlu com\u00adprendre et de cadres sans \u00e9lasticit\u00e9.&nbsp;\u00bb<\/p>\n<p>\tDans sa frousse de l\u2019ac\u00adtion directe r\u00e9vo\u00adlu\u00adtion\u00adnaire, la bour\u00adgeoi\u00adsie, parce qu\u2019elle sait que cette action est irr\u00e9\u00adsis\u00adtible et qu\u2019elle est la seule solu\u00adtion du grand pro\u00adbl\u00e8me o\u00f9 elle a tant \u00e0 perdre, montre par l\u00e0 aux pro\u00adl\u00e9\u00adtaires mieux que n\u2019im\u00adporte quel argu\u00adment de notre part o\u00f9 est la v\u00e9ri\u00adt\u00e9 de notre combat.<\/p>\n<h4>\u00c0 l\u2019aide de l\u2019U.R.S.S.<\/h4>\n<p>\tM.&nbsp;Gun\u00adther, ministre de Su\u00e8de, pro\u00adpose d\u2019\u00e9\u00adta\u00adblir un bloc nor\u00addique com\u00adpre\u00adnant la Su\u00e8de, la Nor\u00adv\u00e8ge, le Dane\u00admark. Ce serait \u00e0 peu pr\u00e8s la r\u00e9plique de la f\u00e9d\u00e9\u00adra\u00adtion bal\u00adka\u00adnique avec la You\u00adgo\u00adsla\u00advie, la Bul\u00adga\u00adrie, l\u2019Al\u00adba\u00adnie et le Mon\u00adt\u00e9\u00adn\u00e9\u00adgro. La F\u00e9d\u00e9\u00adra\u00adtion nor\u00addique ferait envi\u00adron 19 mil\u00adlions d\u2019ha\u00adbi\u00adtants. La \u00ab&nbsp;Prav\u00adda&nbsp;\u00bb du 26 juillet d\u00e9clare ceci&nbsp;: \u00ab&nbsp;La col\u00adla\u00adbo\u00adra\u00adtion entre les nations scan\u00addi\u00adnaves pr\u00f4\u00adn\u00e9e par la Su\u00e8de a tou\u00adjours eu pour cons\u00e9\u00adquence d\u2019i\u00adso\u00adler ces pays et de leur faire adop\u00adter une atti\u00adtude anti\u00adso\u00advi\u00e9\u00adtique. La pro\u00adpo\u00adsi\u00adtion de M.&nbsp;Gun\u00adther est cer\u00adtai\u00adne\u00adment conforme aux d\u00e9si\u00adrs r\u00e9ac\u00adtion\u00adnaires su\u00e9\u00addois, mais elle s\u2019op\u00adpose aux int\u00e9\u00adr\u00eats des masses popu\u00adlaires scan\u00addi\u00adnaves et est contraire au ren\u00adfor\u00adce\u00adment  de la paix et de la s\u00e9cu\u00adri\u00adt\u00e9 dans le&nbsp;monde.&nbsp;\u00bb<\/p>\n<p>\tConclu\u00adsion&nbsp;: la \u00ab&nbsp;Prav\u00adda&nbsp;\u00bb est r\u00e9di\u00adg\u00e9e par un Jean-Foutre parce que la Su\u00e8de, la Nor\u00adv\u00e8ge et le Dane\u00admark n\u2019ont jamais fait de guerre d\u2019a\u00adgres\u00adsion depuis plus de cent ans&nbsp;; que la s\u00e9cu\u00adri\u00adt\u00e9 de l\u2019U.R.S.S., pays de 200 mil\u00adlions d\u2019ha\u00adbi\u00adtants n\u2019est pas mena\u00adc\u00e9e par une f\u00e9d\u00e9\u00adra\u00adtion de 19 mil\u00adlions d\u2019ha\u00adbi\u00adtants,\u200a\u2014\u200al\u2019a\u00adgres\u00adsion russe contre la Fin\u00adlande n\u2019est pas oubli\u00e9e \u2014; qu\u2019il ne fau\u00addrait pas retour\u00adner les&nbsp;faits.<\/p>\n<p>\tQuant aux masses su\u00e9\u00addoises, nor\u00adv\u00e9\u00adgiennes et danoises, \u00e0 majo\u00adri\u00adt\u00e9s socia\u00adlistes et tr\u00e8s d\u00e9mo\u00adcrates, quant \u00e0 ces col\u00adlec\u00adti\u00advi\u00adt\u00e9s o\u00f9 la liber\u00adt\u00e9 est ardem\u00adment d\u00e9fen\u00addue, excu\u00adsez-nous, \u00ab&nbsp;Prav\u00adda&nbsp;\u00bb, mais les indi\u00advi\u00addus qui les com\u00adposent sont cer\u00adtai\u00adne\u00adment aus\u00adsi heu\u00adreux qu\u2019en Rus\u00adsie. Ils ne connaissent pas le lais\u00adsez-pas\u00adser int\u00e9\u00adrieur, ni l\u2019in\u00adter\u00addic\u00adtion de s\u2019ex\u00adpa\u00adtrier, ce qui consti\u00adtue peut-\u00eatre en U.R.S.S. un cer\u00adti\u00adfi\u00adcat de res\u00adpect de la liber\u00adt\u00e9 indi\u00advi\u00adduelle, mais qui dans les pays nor\u00addiques serait consi\u00add\u00e9\u00adr\u00e9 comme une dic\u00adta\u00adture insupportable.<\/p>\n<h4>Statistique du ch\u00f4mage<\/h4>\n<p>\tRecru\u00addes\u00adcence du ch\u00f4\u00admage dans le m\u00e9tier de roi&nbsp;: le nom\u00adm\u00e9 Plas\u00adti\u00adras, g\u00e9n\u00e9\u00adral de son \u00e9tat, r\u00e9clame la d\u00e9mis\u00adsion de Georges Ier, roi de Gr\u00e8ce&nbsp;; Tito, mar\u00e9\u00adchal, celle de Pierre Kara\u00adgeor\u00adge\u00advitch&nbsp;; le peuple belge, celle de L\u00e9o\u00adpold III de Saxe-Cobourg-Gotha&nbsp;; le peuple ita\u00adlien, celle de Vic\u00adtor-Emma\u00adnuel de Savoie.<\/p>\n<p>\tOn pense qu\u2019il s\u2019a\u00adgit de sup\u00adpres\u00adsion d\u2019emploi \u00e0 titre d\u00e9fi\u00adni\u00adtif et sans pen\u00adsion, les int\u00e9\u00adres\u00ads\u00e9s s\u2019\u00e9\u00adtant d\u00e9j\u00e0 suf\u00adfi\u00adsam\u00adment sucr\u00e9s pen\u00addant leur temps de service.<\/p>\n<h4>Un g\u00e9n\u00e9ral\u2026 antimilitariste<\/h4>\n<p>\tNous com\u00admen\u00ad\u00e7ons \u00e0 com\u00adprendre pour\u00adquoi Eisen\u00adho\u00adwer nous est si sym\u00adpa\u00adthique, c\u2019est qu\u2019il est\u2026 anti\u00admi\u00adli\u00adta\u00adriste. Il a tex\u00adtuel\u00adle\u00adment d\u00e9cla\u00adr\u00e9 r\u00e9cem\u00adment \u00e0 Moscou&nbsp;:<\/p>\n<p>\t\u00ab&nbsp;Le monde doit \u00eatre d\u00e9bar\u00adras\u00ads\u00e9 de tous les mili\u00adtaires, y com\u00adpris moi-m\u00eame.&nbsp;\u00bb (\u00ab&nbsp;Le Popu\u00adlaire&nbsp;\u00bb du 18 ao\u00fbt&nbsp;1945.)<\/p>\n<p>\tLe petit p\u00e8re g\u00e9nial des peuples a d\u00fb en ava\u00adler de tra\u00advers, les gra\u00add\u00e9s du para\u00addis socia\u00adliste ont d\u00fb faire une dr\u00f4le de&nbsp;t\u00eate.<\/p>\n<p>\tEn tout cas, des mil\u00adliers de vrais paci\u00adfistes et r\u00e9vo\u00adlu\u00adtion\u00adnaires sont morts ou ont per\u00addu leur jeu\u00adnesse dans les pri\u00adsons pour avoir dit ce que le g\u00e9n\u00e9\u00adral am\u00e9\u00adri\u00adcain a d\u00e9cla\u00adr\u00e9 en toute impu\u00adni\u00adt\u00e9 \u00e0 son&nbsp;tour.<\/p>\n<p>\tIl ne reste plus qu\u2019\u00e0 invi\u00adter le lib\u00e9\u00adra\u00adteur d\u2019une toute pro\u00advi\u00adsoire lib\u00e9\u00adra\u00adtion\u2026 \u00e0 notre pro\u00adchain congr\u00e8s libertaire.<\/p>\n","protected":false},"excerpt":{"rendered":"<p>Albert Lebrun au tri\u00adbu\u00adnal \u00ab&nbsp;Le t\u00e9moin explique \u00e0 la Cour qu\u2019on ne vote pas au Conseil des ministres, que \u00e7a ne se fait pas, qu\u2019on dis\u00adcute et que, du d\u00e9bat, une opi\u00adnion moyenne se d\u00e9gage, qui devient celle de l\u2019ensemble.&nbsp;\u00bb Quand on pense que c\u2019est sous un tel aspect de la res\u00adpon\u00adsa\u00adbi\u00adli\u00adt\u00e9 que ces guignols&nbsp;[\u2026]<\/p>\n","protected":false},"author":1,"featured_media":0,"comment_status":"closed","ping_status":"closed","sticky":false,"template":"","format":"standard","meta":{"wp_typography_post_enhancements_disabled":false,"footnotes":""},"categories":[253],"tags":[],"ppma_author":[540],"class_list":["post-1944","post","type-post","status-publish","format-standard","hentry","category-le-libertaire-na9-septembre-1945"],"authors":[{"term_id":540,"user_id":1,"is_guest":0,"slug":"admin_3gikpwyf","display_name":"Vincent Dubuc","avatar_url":"https:\/\/secure.gravatar.com\/avatar\/d015720652c25fd2ced191ade86430094e1f288a17483713e3b34d26dea52507?s=96&d=mm&r=g","author_category":"","user_url":"https:\/\/la-presse-anarchiste.net","last_name":"Dubuc","first_name":"Vincent","job_title":"","description":""}],"_links":{"self":[{"href":"https:\/\/la-presse-anarchiste.net\/index.php\/wp-json\/wp\/v2\/posts\/1944","targetHints":{"allow":["GET"]}}],"collection":[{"href":"https:\/\/la-presse-anarchiste.net\/index.php\/wp-json\/wp\/v2\/posts"}],"about":[{"href":"https:\/\/la-presse-anarchiste.net\/index.php\/wp-json\/wp\/v2\/types\/post"}],"author":[{"embeddable":true,"href":"https:\/\/la-presse-anarchiste.net\/index.php\/wp-json\/wp\/v2\/users\/1"}],"replies":[{"embeddable":true,"href":"https:\/\/la-presse-anarchiste.net\/index.php\/wp-json\/wp\/v2\/comments?post=1944"}],"version-history":[{"count":0,"href":"https:\/\/la-presse-anarchiste.net\/index.php\/wp-json\/wp\/v2\/posts\/1944\/revisions"}],"wp:attachment":[{"href":"https:\/\/la-presse-anarchiste.net\/index.php\/wp-json\/wp\/v2\/media?parent=1944"}],"wp:term":[{"taxonomy":"category","embeddable":true,"href":"https:\/\/la-presse-anarchiste.net\/index.php\/wp-json\/wp\/v2\/categories?post=1944"},{"taxonomy":"post_tag","embeddable":true,"href":"https:\/\/la-presse-anarchiste.net\/index.php\/wp-json\/wp\/v2\/tags?post=1944"},{"taxonomy":"author","embeddable":true,"href":"https:\/\/la-presse-anarchiste.net\/index.php\/wp-json\/wp\/v2\/ppma_author?post=1944"}],"curies":[{"name":"wp","href":"https:\/\/api.w.org\/{rel}","templated":true}]}}