{"id":1946,"date":"2008-12-19T17:02:56","date_gmt":"2008-12-19T17:02:56","guid":{"rendered":"https:\/\/la-presse-anarchiste.net\/index.php\/2008\/12\/19\/a-quand-lamnistie\/"},"modified":"2008-12-19T17:02:56","modified_gmt":"2008-12-19T17:02:56","slug":"a-quand-lamnistie","status":"publish","type":"post","link":"https:\/\/la-presse-anarchiste.net\/index.php\/2008\/12\/19\/a-quand-lamnistie\/","title":{"rendered":"\u00c0 quand l\u2019amnistie&nbsp;?"},"content":{"rendered":"<div class=\"pdfprnt-buttons pdfprnt-buttons-post pdfprnt-top-right\"><a href=\"https:\/\/la-presse-anarchiste.net\/index.php\/wp-json\/wp\/v2\/posts\/1946?print=pdf\" class=\"pdfprnt-button pdfprnt-button-pdf\" target=\"_blank\"><img decoding=\"async\" src=\"https:\/\/la-presse-anarchiste.net\/wp-content\/plugins\/pdf-print\/images\/pdf.png\" alt=\"image_pdf\" title=\"Afficher le PDF\"><\/a><a href=\"https:\/\/la-presse-anarchiste.net\/index.php\/wp-json\/wp\/v2\/posts\/1946?print=print\" class=\"pdfprnt-button pdfprnt-button-print\" target=\"_blank\"><img decoding=\"async\" src=\"https:\/\/la-presse-anarchiste.net\/wp-content\/plugins\/pdf-print\/images\/print.png\" alt=\"image_print\" title=\"Contenu imprim\u00e9\"><\/a><\/div><p>\tLes pou\u00advoirs publics f\u00eatent le pre\u00admier anni\u00adver\u00adsaire de ce qu\u2019ils appellent la \u00ab&nbsp;Lib\u00e9\u00adra\u00adtion&nbsp;\u00bb. Les peuples, \u00e0 dates p\u00e9rio\u00addiques, des\u00adcendent dans les rues pour ext\u00e9\u00adrio\u00adri\u00adser leur joie de voir enfin ter\u00admi\u00adn\u00e9e cette p\u00e9riode de cau\u00adche\u00admar, de boue, de sang. Ceux que les puis\u00adsants du jour consi\u00add\u00e8rent comme les seuls res\u00adpon\u00adsables des assas\u00adsi\u00adnats col\u00adlec\u00adtifs de ces ann\u00e9es ter\u00adribles com\u00adpa\u00adraissent devant des tri\u00adbu\u00adnaux char\u00adg\u00e9s d\u2019ap\u00adpr\u00e9\u00adcier leur degr\u00e9 de res\u00adpon\u00adsa\u00adbi\u00adli\u00adt\u00e9. Des peines capi\u00adtales qui frappent ces fri\u00adpouillards, aucune n\u2019est appli\u00adqu\u00e9e. Les res\u00adpon\u00adsa\u00adbi\u00adli\u00adt\u00e9s sont tel\u00adle\u00adment enche\u00adv\u00ea\u00adtr\u00e9es, les dif\u00adf\u00e9\u00adrences d\u2019a\u00adgis\u00adse\u00adment entre juges et incul\u00adp\u00e9s dans cette p\u00e9riode de chaos sont tel\u00adle\u00adment minimes que les d\u00e9fen\u00adseurs de ce qu\u2019il convient d\u2019ap\u00adpe\u00adler \u00ab&nbsp;La Loi&nbsp;\u00bb reculent devant les sanc\u00adtions qui pour\u00adraient un jour leur \u00eatre appliqu\u00e9es.<\/p>\n<p>\tDe ces vrais faux ser\u00adments et de ces faux vrais ser\u00adments, que reste-t-il&nbsp;? Le spec\u00adtacle d\u2019une classe diri\u00adgeante, d\u2019une arm\u00e9e, d\u2019une magis\u00adtra\u00adture pour\u00adries pour les\u00adquelles les concep\u00adtions morales ne sont plus que des m\u00e9thodes d\u2019op\u00adpres\u00adsion \u00e0 l\u2019u\u00adsage des humbles et qui n\u2019ont gar\u00add\u00e9 de vita\u00adli\u00adt\u00e9 que pour la r\u00e9pres\u00adsion f\u00e9roce de ceux qui veulent s\u2019ar\u00adra\u00adcher de la ser\u00advi\u00adtude universelle.<\/p>\n<p>\tPar\u00adtout l\u2019on annonce un renou\u00adveau dans l\u2019\u00e9\u00advo\u00adlu\u00adtion des valeurs jus\u00adqu\u2019i\u00adci consi\u00add\u00e9\u00adr\u00e9es comme intan\u00adgibles. Une chose pour\u00adtant demeure. Par\u00adti\u00adcu\u00adla\u00adri\u00adt\u00e9 qui situe net\u00adte\u00adment la pr\u00e9\u00adten\u00addue \u00e9vo\u00adlu\u00adtion du moment. Les tri\u00adbu\u00adnaux mili\u00adtaires avec leurs p\u00e9ni\u00adten\u00adciers de cau\u00adche\u00admar sub\u00adsistent, pour la plus grande honte de ceux qui ont la pr\u00e9\u00adten\u00adtion de repr\u00e9\u00adsen\u00adter seuls les aspi\u00adra\u00adtions popu\u00adlaires, et plus tard cette chose para\u00ee\u00adtra incroyable \u00e0 ceux qui \u00e9tu\u00addie\u00adront l\u2019his\u00adtoire du mou\u00adve\u00adment ouvrier.<\/p>\n<p>\tDeux par\u00adtis qui se disent pro\u00adl\u00e9\u00adta\u00adriens, deux par\u00adtis qui se r\u00e9clament du socia\u00adlisme et de l\u2019in\u00adter\u00adna\u00adtio\u00adna\u00adlisme, le P.S. et le P.C., viennent de tenir leur congr\u00e8s. Trois jours de dis\u00adcus\u00adsions, trois jours durant les\u00adquels les pages de l\u2019\u00abHumanit\u00e9&nbsp;\u00bb comme celles du \u00ab&nbsp;Popu\u00adlaire&nbsp;\u00bb ont \u00e9t\u00e9 dou\u00adbl\u00e9es et pas un mot n\u2019a \u00e9t\u00e9 pro\u00adnon\u00adc\u00e9, et pas une ligne sur les six pages n\u2019a \u00e9t\u00e9 \u00e9crite pour faire cette tra\u00addi\u00adtion\u00adnelle pro\u00adtes\u00adta\u00adtion de tous les congr\u00e8s ouvriers&nbsp;: \u00ab&nbsp;Ouvrez les bagnes mili\u00adtaires&nbsp;! Amnis\u00adtie pour les vic\u00adtimes des Conseils de guerre&nbsp;!&nbsp;\u00bb Les Mar\u00adty et les Tillon ont oubli\u00e9 que seul l\u2019ef\u00adfort des tra\u00advailleurs les ont arra\u00adch\u00e9s de ce Clair\u00advaux o\u00f9 pour\u00adrissent encore des mili\u00adtaires de la guerre de 1940. Les Blum et les Brach ont oubli\u00e9 ce que fut tou\u00adjours la pr\u00e9\u00adoc\u00adcu\u00adpa\u00adtion des congr\u00e8s socia\u00adlistes. La guerre est finie, les hommes ont ces\u00ads\u00e9 la bou\u00adche\u00adrie, mais la guerre conti\u00adnue pour ceux qui n\u2019ont pas vou\u00adlu de ce crime contre l\u2019hu\u00adma\u00adni\u00adt\u00e9. On s\u2019ap\u00adpr\u00eate \u00e0 d\u00e9i\u00adfier les inven\u00adteurs de la bombe ato\u00admique et les \u00ab&nbsp;paci\u00adfistes&nbsp;\u00bb et les \u00ab&nbsp;insou\u00admis&nbsp;\u00bb sont tou\u00adjours en pri\u00adson. Les mili\u00adtaires de toutes cat\u00e9\u00adgo\u00adries attendent encore une amnis\u00adtie que les pires r\u00e9gimes d\u2019op\u00adpres\u00adsion avaient l\u2019ha\u00adbi\u00adtude de ne pas mar\u00adchan\u00adder, dans la crainte d\u2019un sur\u00adsaut de conscience popu\u00adlaire d\u00e9fen\u00addant les&nbsp;siens.<\/p>\n<p>\tLes poli\u00adti\u00adciens songent \u00e0 leur pro\u00adchaine com\u00adbi\u00adnai\u00adson \u00e9lec\u00adto\u00adrale. Les sectes reli\u00adgieuses plient devant le pou\u00advoir pour essayer de sau\u00adver par leur pla\u00adti\u00adtude le maxi\u00admum de leur tem\u00adpo\u00adrel. L\u2019\u00c9\u00adtat, machine tou\u00adjours plus oppres\u00adsive, ne d\u00e9ploie de vita\u00adli\u00adt\u00e9 que pour cour\u00adber sous son joug les consciences vrai\u00adment libres. Les par\u00adtis, en par\u00adti\u00adcu\u00adlier ceux de gauche, deve\u00adnus le ras\u00adsem\u00adble\u00adment de tous les app\u00e9\u00adtits, aban\u00addonnent \u00e0 des com\u00adpro\u00admis\u00adsions sus\u00adpectes ce qui a fait la vita\u00adli\u00adt\u00e9 de leur jeu\u00adnesse&nbsp;: l\u2019antimilitarisme.<\/p>\n<p>\tDevant ces capi\u00adtu\u00adla\u00adtions, c\u2019est aux hommes que nous nous adres\u00adsons, \u00e0 tous ceux qui ont \u00e9t\u00e9 mili\u00adtaires, \u00e0 tous ceux qui\u200a\u2014\u200aet c\u2019est le plus grand nombre\u200a\u2014\u200aenfon\u00ad\u00e7ant pro\u00adfon\u00add\u00e9\u00adment les poings dans leurs poches, ont sen\u00adti bouillir leur col\u00e8re devant le cr\u00e9\u00adti\u00adnisme du sous-off\u2019 de car\u00adri\u00e8re, \u00e0 tous ceux-l\u00e0 nous disons&nbsp;: \u00ab&nbsp;Les liber\u00adtaires vont tenir, eux aus\u00adsi, leur congr\u00e8s. On y par\u00adle\u00adra de Clairvaux,<br>\nde Eysses, de Mont\u00adluc. On y par\u00adle\u00adra de tous les oppri\u00adm\u00e9s. On y pro\u00adtes\u00adte\u00adra contre le main\u00adtien en pri\u00adson des mili\u00adtaires condam\u00adn\u00e9s en 1939. On y pro\u00adtes\u00adte\u00adra contre le main\u00adtien en pri\u00adson des insou\u00admis et des d\u00e9ser\u00adteurs. On y pro\u00adtes\u00adte\u00adra contre le main\u00adtien en pri\u00adson de ceux qui, tels les mutins de Van\u00adcia, ont vou\u00adlu prendre part \u00e0 la r\u00e9sis\u00adtance sous des mots d\u2019ordre dif\u00adf\u00e9\u00adrents de ceux de la R\u00e9sis\u00adtance offi\u00adcielle. On y pro\u00adtes\u00adte\u00adra contre la condam\u00adna\u00adtion par des tri\u00adbu\u00adnaux mili\u00adtaires de colo\u00adniaux lut\u00adtant contre l\u2019op\u00adpres\u00adsion et pour leur ind\u00e9pendance.<\/p>\n<p>\tCette pro\u00adtes\u00adta\u00adtion ne sera effi\u00adcace que si elle touche le plus grand nombre pos\u00adsible de tra\u00advailleurs et si notre Mou\u00adve\u00adment liber\u00adtaire qui la for\u00admu\u00adle\u00adra est appuy\u00e9 par l\u2019ac\u00adtion effi\u00adcace de ces tra\u00advailleurs. Contrai\u00adre\u00adment \u00e0 ce que pro\u00adclament les capi\u00adtu\u00adlards de la Sociale, c\u2019est par la lutte de tous les ins\u00adtants que nous arra\u00adche\u00adrons les n\u00f4tres aux griffes des vieilles barbes ani\u00adm\u00e9es par une pas\u00adsion s\u00e9nile de r\u00e9pression.<\/p>\n","protected":false},"excerpt":{"rendered":"<p>Les pou\u00advoirs publics f\u00eatent le pre\u00admier anni\u00adver\u00adsaire de ce qu\u2019ils appellent la \u00ab&nbsp;Lib\u00e9\u00adra\u00adtion&nbsp;\u00bb. Les peuples, \u00e0 dates p\u00e9rio\u00addiques, des\u00adcendent dans les rues pour ext\u00e9\u00adrio\u00adri\u00adser leur joie de voir enfin ter\u00admi\u00adn\u00e9e cette p\u00e9riode de cau\u00adche\u00admar, de boue, de sang. Ceux que les puis\u00adsants du jour consi\u00add\u00e8rent comme les seuls res\u00adpon\u00adsables des assas\u00adsi\u00adnats col\u00adlec\u00adtifs de ces ann\u00e9es&nbsp;[\u2026]<\/p>\n","protected":false},"author":1,"featured_media":0,"comment_status":"closed","ping_status":"closed","sticky":false,"template":"","format":"standard","meta":{"wp_typography_post_enhancements_disabled":false,"footnotes":""},"categories":[253],"tags":[],"ppma_author":[540],"class_list":["post-1946","post","type-post","status-publish","format-standard","hentry","category-le-libertaire-na9-septembre-1945"],"authors":[{"term_id":540,"user_id":1,"is_guest":0,"slug":"admin_3gikpwyf","display_name":"Vincent Dubuc","avatar_url":"https:\/\/secure.gravatar.com\/avatar\/d015720652c25fd2ced191ade86430094e1f288a17483713e3b34d26dea52507?s=96&d=mm&r=g","author_category":"","user_url":"https:\/\/la-presse-anarchiste.net","last_name":"Dubuc","first_name":"Vincent","job_title":"","description":""}],"_links":{"self":[{"href":"https:\/\/la-presse-anarchiste.net\/index.php\/wp-json\/wp\/v2\/posts\/1946","targetHints":{"allow":["GET"]}}],"collection":[{"href":"https:\/\/la-presse-anarchiste.net\/index.php\/wp-json\/wp\/v2\/posts"}],"about":[{"href":"https:\/\/la-presse-anarchiste.net\/index.php\/wp-json\/wp\/v2\/types\/post"}],"author":[{"embeddable":true,"href":"https:\/\/la-presse-anarchiste.net\/index.php\/wp-json\/wp\/v2\/users\/1"}],"replies":[{"embeddable":true,"href":"https:\/\/la-presse-anarchiste.net\/index.php\/wp-json\/wp\/v2\/comments?post=1946"}],"version-history":[{"count":0,"href":"https:\/\/la-presse-anarchiste.net\/index.php\/wp-json\/wp\/v2\/posts\/1946\/revisions"}],"wp:attachment":[{"href":"https:\/\/la-presse-anarchiste.net\/index.php\/wp-json\/wp\/v2\/media?parent=1946"}],"wp:term":[{"taxonomy":"category","embeddable":true,"href":"https:\/\/la-presse-anarchiste.net\/index.php\/wp-json\/wp\/v2\/categories?post=1946"},{"taxonomy":"post_tag","embeddable":true,"href":"https:\/\/la-presse-anarchiste.net\/index.php\/wp-json\/wp\/v2\/tags?post=1946"},{"taxonomy":"author","embeddable":true,"href":"https:\/\/la-presse-anarchiste.net\/index.php\/wp-json\/wp\/v2\/ppma_author?post=1946"}],"curies":[{"name":"wp","href":"https:\/\/api.w.org\/{rel}","templated":true}]}}