{"id":1947,"date":"2008-12-19T17:19:50","date_gmt":"2008-12-19T17:19:50","guid":{"rendered":"https:\/\/la-presse-anarchiste.net\/index.php\/2008\/12\/19\/et-limperialisme-continue\/"},"modified":"2008-12-19T17:19:50","modified_gmt":"2008-12-19T17:19:50","slug":"et-limperialisme-continue","status":"publish","type":"post","link":"https:\/\/la-presse-anarchiste.net\/index.php\/2008\/12\/19\/et-limperialisme-continue\/","title":{"rendered":"Et l\u2019Imp\u00e9rialisme continue"},"content":{"rendered":"<div class=\"pdfprnt-buttons pdfprnt-buttons-post pdfprnt-top-right\"><a href=\"https:\/\/la-presse-anarchiste.net\/index.php\/wp-json\/wp\/v2\/posts\/1947?print=pdf\" class=\"pdfprnt-button pdfprnt-button-pdf\" target=\"_blank\"><img decoding=\"async\" src=\"https:\/\/la-presse-anarchiste.net\/wp-content\/plugins\/pdf-print\/images\/pdf.png\" alt=\"image_pdf\" title=\"Afficher le PDF\"><\/a><a href=\"https:\/\/la-presse-anarchiste.net\/index.php\/wp-json\/wp\/v2\/posts\/1947?print=print\" class=\"pdfprnt-button pdfprnt-button-print\" target=\"_blank\"><img decoding=\"async\" src=\"https:\/\/la-presse-anarchiste.net\/wp-content\/plugins\/pdf-print\/images\/print.png\" alt=\"image_print\" title=\"Contenu imprim\u00e9\"><\/a><\/div><p>\tLes \u00e9lec\u00adtions bri\u00adtan\u00adniques et la conf\u00e9\u00adrence de Pots\u00addam ont reten\u00adti l\u2019at\u00adten\u00adtion mon\u00addiale en ce qui concerne les rap\u00adports futurs entre \u00c9tats et le r\u00e8gle\u00adment des pro\u00adbl\u00e8mes de la paix. Quoique notre opi\u00adnion soit faite sur les r\u00e9sul\u00adtats \u00e9lec\u00adto\u00adraux, et contrai\u00adre\u00adment \u00e0 ceux qui voient dans le suc\u00adc\u00e8s tra\u00advailliste une r\u00e9vo\u00adlu\u00adtion, nous savons que depuis long\u00adtemps le Labour a r\u00e9pu\u00addi\u00e9 toute action r\u00e9vo\u00adlu\u00adtion\u00adnaire vio\u00adlente, se can\u00adton\u00adnant dans le r\u00e9for\u00admisme, sou\u00adte\u00adnu en cela par les Trade-Unions. Nous pen\u00adsons donc qu\u2019il n\u2019y a aucune r\u00e9vo\u00adlu\u00adtion et que les natio\u00adna\u00adli\u00adsa\u00adtions pr\u00e9\u00advues ne font que ren\u00adfor\u00adcer sur le plan, int\u00e9\u00adrieur l\u2019au\u00adto\u00adri\u00adt\u00e9 de l\u2019\u00c9\u00adtat. Dans un des pays o\u00f9 la liber\u00adt\u00e9 indi\u00advi\u00adduelle est le plus for\u00adte\u00adment ancr\u00e9e, les dic\u00adta\u00adtures \u00e9co\u00adno\u00admiques prennent le pas, car, nous ne ces\u00adse\u00adrons de le r\u00e9p\u00e9\u00adter, les natio\u00adna\u00adli\u00adsa\u00adtions, mal\u00adgr\u00e9 la confu\u00adsion qu\u2019on cherche \u00e0 entre\u00adte\u00adnir, ne sont pas des socia\u00adli\u00adsa\u00adtions. L\u2019\u00c9\u00adtat-patron ne se conduit pas mieux que le par\u00adti\u00adcu\u00adlier-patron, avec cette dif\u00adf\u00e9\u00adrence aggra\u00advante que la lutte y est plus dif\u00adfi\u00adcile. Du point de vue ext\u00e9\u00adrieur, les ma\u00eetres en la mati\u00e8re ont pour habi\u00adtude de consi\u00add\u00e9\u00adrer que la poli\u00adtique ext\u00e9\u00adrieure ne subit pas l\u2019in\u00adfluence de la poli\u00adtique int\u00e9\u00adrieure. Jus\u00adqu\u2019\u00e0 un cer\u00adtain point nous ferons n\u00f4tre cette r\u00e8gle, et en ce qui concerne l\u2019Em\u00adpire Bri\u00adtan\u00adnique, disons que tout ce qui tou\u00adche\u00adra \u00e0 l\u2019h\u00e9\u00adg\u00e9\u00admo\u00adnie de l\u2019empire sera d\u00e9fen\u00addu aus\u00adsi farou\u00adche\u00adment par le major Attlee que par W. Chur\u00adchill. Il faut peut-\u00eatre voir l\u00e0 le ren\u00advoi \u00e0 la conf\u00e9\u00adrence de la paix des pro\u00adbl\u00e8mes les plus \u00e9pi\u00adneux de la conf\u00e9\u00adrence de Pots\u00addam (d\u00e9troits, colo\u00adnies ita\u00adliennes, ques\u00adtion de Tan\u00adger, fron\u00adti\u00e8res occi\u00adden\u00adtales alle\u00admandes, etc.). Il n\u2019en est pas de m\u00eame pour les pro\u00adbl\u00e8mes qui ne pou\u00advaient que rap\u00adpro\u00adcher cer\u00adtaines ten\u00addances du socia\u00adlisme euro\u00adp\u00e9en. L\u00e9on Blum et la S.F.I.O. ont pris posi\u00adtion au sujet de l\u2019u\u00adni\u00adt\u00e9 orga\u00adnique avec le P.C. Cette posi\u00adtion se trouve \u00eatre pos\u00e9e \u00e9ga\u00adle\u00adment en Ita\u00adlie o\u00f9 Pie\u00adtro Nen\u00adni, grand arti\u00adsan de l\u2019u\u00adni\u00adt\u00e9 orga\u00adnique, a d\u00fb faire machine arri\u00e8re. Par\u00adtout la sociale d\u00e9mo\u00adcra\u00adtie semble vou\u00adloir se faire \u00e9pau\u00adler afin d\u2019en\u00adtrer dans le sillage tra\u00adc\u00e9 par le Labour-Par\u00adty. Ain\u00adsi la pous\u00ads\u00e9e slave de l\u2019Est et du Sud euro\u00adp\u00e9en se trou\u00adve\u00adrait com\u00adpen\u00ads\u00e9e par un contr\u00f4le des sociaux-d\u00e9mo\u00adcrates qui com\u00adpren\u00addrait les \u00c9tats nor\u00addiques, la Hol\u00adlande, la Bel\u00adgique, le Dane\u00admark, la France, l\u2019I\u00adta\u00adlie et l\u2019Es\u00adpagne, Fran\u00adco \u00e9tant de plus en plus ind\u00e9\u00adsi\u00adrable et une com\u00adbi\u00adnai\u00adson Juan Negrin-Alva\u00adrez del Vayo \u00e9tant pr\u00eate \u00e0 prendre les com\u00admandes. Ici je ne sau\u00adrais trop insis\u00adter en deman\u00addant \u00e0 nos amis liber\u00adtaires de se tenir pr\u00eats, de ne pas se lais\u00adser sur\u00adprendre par les \u00e9v\u00e9\u00adne\u00adments&nbsp;; la F.A.I. et la C.N.T. ont lais\u00ads\u00e9 dans les masses une empreinte qui ne s\u2019est pas effa\u00adc\u00e9e et si les Juan Negrin et del Vayo pensent que la r\u00e9vo\u00adlu\u00adtion de palais en pr\u00e9\u00adpa\u00adra\u00adtion repr\u00e9\u00adsente le maxi\u00admum, qu\u2019ils se d\u00e9trompent\u2026 Il y a d\u2019autres aspi\u00adra\u00adtions dans la classe ouvri\u00e8re espa\u00adgnole que le retour \u00e0 la p\u00e9riode d\u2019a\u00advant juillet 1936.<\/p>\n<p>\tOn peut donc dire que les \u00e9lec\u00adtions anglaises, si elles consti\u00adtuent un rap\u00adpro\u00adche\u00adment entre les peuples occi\u00adden\u00adtaux euro\u00adp\u00e9ens, peuvent son\u00adner le glas du fas\u00adcisme poli\u00adtique. D\u00e9j\u00e0 Sala\u00adzar semble inquiet sur son sort. En Ita\u00adlie, le r\u00e9gime monar\u00adchique a fait son temps et m\u00eame les d\u00e9mo\u00adcrates-chr\u00e9\u00adtiens aban\u00addonnent Vic\u00adtor-Emma\u00adnuel, tou\u00adjours per\u00adsua\u00add\u00e9s que l\u2019ex\u00adpec\u00adta\u00adtive dans laquelle L\u00e9o\u00adpold III s\u2019\u00e9\u00adtait tenu jus\u00adqu\u2019\u00e0 ce jour \u00e9tait sur\u00adtout moti\u00adv\u00e9e par le r\u00e9sul\u00adtat des \u00e9lec\u00adtions anglaises. Aujourd\u2019\u00adhui il est fix\u00e9. Nulle pres\u00adsion du gou\u00adver\u00adne\u00adment anglais ne vien\u00addra pour sau\u00adver le tr\u00f4ne. Le voyage du prince Charles \u00e0 Londres sera sans r\u00e9sul\u00adtat. Tout cela, mal\u00adgr\u00e9 tout, a un revers\u2026 Les trois Grands s\u2019en\u00adtendent comme lar\u00adrons en foire pour se par\u00adta\u00adger le monde&nbsp;; mais le par\u00adtage est trop com\u00adplexe pour ne pas ame\u00adner des fric\u00adtions, et si l\u2019U.R.S.S. a mar\u00adqu\u00e9 des points dans sa poli\u00adtique r\u00e9a\u00adliste, elle semble avoir fait le plein. Le reste, c\u2019est le bloc d\u00e9mo\u00adcra\u00adtique. Ce qui fait qu\u2019a\u00adpr\u00e8s tout, si la th\u00e9o\u00adrie du bloc occi\u00adden\u00adtal et du bloc orien\u00adtal est aban\u00addon\u00adn\u00e9e, se dresse un bloc social-d\u00e9mo\u00adcrate en Occi\u00addent et un bloc sovi\u00e9\u00adto-com\u00admu\u00adniste en Orient. C\u2019est sur la base des id\u00e9o\u00adlo\u00adgies nou\u00advelles que les masses seront tenues en haleine\u2026 pen\u00addant que les capi\u00adta\u00adlistes, \u00e9ta\u00adtiques, diri\u00adg\u00e9s ou lib\u00e9\u00adraux conti\u00adnue\u00adront sous des formes plus ou moins bru\u00adtales \u00e0 main\u00adte\u00adnir les deux blocs anta\u00adgo\u00adnistes qui nous int\u00e9\u00adressent&nbsp;: les repus et les d\u00e9nu\u00e9s. Et la classe ouvri\u00e8re de tous les pays, quel que soit son r\u00e9gime poli\u00adtique, est du deuxi\u00e8me bloc, de celui dans lequel Tru\u00adman, Chur\u00adchill, Attlee ou Sta\u00adline puisent leurs S\u00e9n\u00e9galais.<\/p>\n<p>\tLa conf\u00e9\u00adrence de Pots\u00addam semble avoir \u00e9t\u00e9 un suc\u00adc\u00e8s pour la diplo\u00adma\u00adtie sovi\u00e9\u00adtique. N\u2019exa\u00adg\u00e9\u00adrons rien tou\u00adte\u00adfois&nbsp;: le pro\u00adbl\u00e8me polo\u00adnais a \u00e9t\u00e9 ent\u00e9\u00adri\u00adn\u00e9&nbsp;; les \u00c9tats baltes annex\u00e9s par l\u2019U.R.S.S. (charte de l\u2019At\u00adlan\u00adtique, m\u2019en\u00adtends-tu?); le r\u00e9gime des r\u00e9pa\u00adra\u00adtions a \u00e9t\u00e9 lais\u00ads\u00e9 en fait \u00e0 la dis\u00adpo\u00adsi\u00adtion des trois Grands, le sys\u00adt\u00e8me de poli\u00adtique \u00e0 l\u2019\u00e9\u00adgard de l\u2019Al\u00adle\u00admagne ayant \u00e9t\u00e9 orien\u00adt\u00e9 vers une cer\u00adtaine uni\u00adt\u00e9 de trai\u00adte\u00adment. En prin\u00adcipe, le plan Mor\u00adgen\u00adthau de r\u00e9duc\u00adtion de l\u2019Al\u00adle\u00admagne en une puis\u00adsance pure\u00adment agri\u00adcole a \u00e9t\u00e9 sui\u00advi, mais on peut d\u00e9cr\u00e9\u00adter qu\u2019un pays sera agri\u00adcole, lui arra\u00adcher les moyens indus\u00adtriels de faire la guerre, les richesses res\u00adtent immuables et leur pro\u00adpri\u00e9\u00adt\u00e9 donne la puis\u00adsance \u00e0 leur possesseur.<\/p>\n<p>\tD\u2019a\u00adpr\u00e8s les experts am\u00e9\u00adri\u00adcains, l\u2019in\u00addus\u00adtrie alle\u00admande est d\u00e9truite \u00e0 40&nbsp;% et sa remise en \u00e9tat nor\u00admal ne deman\u00adde\u00adrait que cinq ans&nbsp;; or, \u00e0 sup\u00adpo\u00adser que les Alle\u00admands ne soient d\u00e9sor\u00admais plus les pro\u00adpri\u00e9\u00adtaires de cette puis\u00adsance, dans cinq ans la puis\u00adsance indus\u00adtrielle alle\u00admande sera r\u00e9ta\u00adblie \u00e0 son poten\u00adtiel nor\u00admal. Elle se trou\u00adve\u00adra entre les mains des Anglo-Am\u00e9\u00adri\u00adcains et par\u00adtiel\u00adle\u00adment des Fran\u00ad\u00e7ais. O\u00f9 en seront dans cinq ans les pr\u00e9\u00adten\u00adtions des Alli\u00e9s \u00e0 l\u2019\u00e9\u00adgard de l\u2019Al\u00adle\u00admagne&nbsp;? La Rus\u00adsie, qui s\u2019est empres\u00ads\u00e9e de tout d\u00e9m\u00e9\u00adna\u00adger d\u2019Al\u00adle\u00admagne, a pris les devants. Les alli\u00e9s anglo-am\u00e9\u00adri\u00adcains peuvent encore accep\u00adter bien d\u2019autres sacri\u00adfices&nbsp;; ils d\u00e9tiennent le char\u00adbon, le mine\u00adrai, les voies fer\u00adr\u00e9es et flu\u00adviales les plus impor\u00adtantes et sont les grands ma\u00eetres du p\u00e9trole. Une remise par\u00adtielle de ces richesses \u00e0 un gou\u00adver\u00adne\u00adment alle\u00admand \u00e0 leurs ordres, dans un ave\u00adnir peut-\u00eatre \u00e9loi\u00adgn\u00e9,\u200a\u2014\u200acinq ou dix ans,\u200a\u2014\u200aserait une mon\u00adnaie d\u2019\u00e9\u00adchange d\u00e9ter\u00admi\u00adnante pour faire entrer la nou\u00advelle Alle\u00admagne dans le bloc occi\u00adden\u00adtal, car l\u2019Al\u00adle\u00admand, fier de sa culture, se sen\u00adti\u00adra tou\u00adjours plus atti\u00adr\u00e9 vers les Anglo-Am\u00e9\u00adri\u00adcains que vers les Russes ou les Polo\u00adnais, qu\u2019il d\u00e9teste cordialement.<\/p>\n<p>\tLe com\u00admu\u00adni\u00adqu\u00e9 final de la conf\u00e9\u00adrence fait croire que tous les pro\u00adbl\u00e8mes n\u2019ont pas \u00e9t\u00e9 \u00e9tu\u00addi\u00e9s \u00e0 fond. Ce n\u2019est pas notre avis. Ils ont tous \u00e9t\u00e9 \u00e9tu\u00addi\u00e9s, mais les solu\u00adtions n\u2019ont pu leur \u00eatre don\u00adn\u00e9es tant que l\u2019af\u00adfaire du Paci\u00adfique n\u2019a pas \u00e9t\u00e9 r\u00e9gl\u00e9e. Les mar\u00adchan\u00addages, l\u2019ul\u00adti\u00adma\u00adtum, les r\u00e9serves chi\u00adnoises, le d\u00e9part de M, Song, tout cela indique que les int\u00e9\u00adr\u00eats sont tr\u00e8s enche\u00adv\u00ea\u00adtr\u00e9s et que des sur\u00adprises seront r\u00e9ser\u00adv\u00e9es, car si les colo\u00adnies ita\u00adliennes n\u2019ont fait l\u2019ob\u00adjet d\u2019au\u00adcune d\u00e9ci\u00adsion. la contre-par\u00adtie se trou\u00adve\u00adra dans les bases du Paci\u00adfique d\u00e9te\u00adnues par le Japon et qui int\u00e9\u00adressent l\u2019U.R.S.S. et l\u2019A\u00adm\u00e9\u00adrique au plus haut&nbsp;point.<\/p>\n<p>\tIl \u00e9tait donc n\u00e9ces\u00adsaire de ter\u00admi\u00adner au plus vite et la d\u00e9cla\u00adra\u00adtion de guerre de l\u2019U.R.S.S., que l\u2019on veut nous pr\u00e9\u00adsen\u00adter comme un pas vers la paix, a \u00e9t\u00e9 sur\u00adtout une prise de posi\u00adtion afin d\u2019a\u00advoir son mot \u00e0 dire autour du tapis vert. Quant \u00e0 la paix, c\u2019est plus tard qu\u2019on ver\u00adra ce qu\u2019elle y aura gagn\u00e9. Les condi\u00adtions pro\u00adpo\u00ads\u00e9es au Japon \u00e9taient le renon\u00adce\u00adment \u00e0 toutes les conqu\u00eates nip\u00adpones depuis 1895, c\u2019est-\u00e0-dire que le b\u00e9n\u00e9\u00adfice de la guerre rus\u00adso-japo\u00adnaise de 1905 \u00e9tait remis en ques\u00adtion. Or, les inten\u00adtions sovi\u00e9\u00adtiques ne s\u2019ar\u00adr\u00eatent pas l\u00e0. La Mon\u00adgo\u00adlie ext\u00e9\u00adrieure, la Mand\u00adchou\u00adrie, la Cor\u00e9e sont autant de ques\u00adtions que Sta\u00adline n\u2019a pas omis de sou\u00adle\u00adver, mais qui sont aus\u00adsi en contra\u00addic\u00adtion avec le natio\u00adna\u00adlisme de Tchang-Kai-Tchek, sou\u00adte\u00adnu par les Am\u00e9\u00adri\u00adcains. La Rus\u00adsie va donc pou\u00advoir reprendre la poli\u00adtique tra\u00addi\u00adtion\u00adnelle de son imp\u00e9\u00adria\u00adlisme asia\u00adtique. En Europe elle semble avoir fait le plein et ne peut plus aller bien loin dans cette direc\u00adtion. Son inter\u00adven\u00adtion dans le Paci\u00adfique est le deuxi\u00e8me temps de la manoeuvre. Cer\u00adtains Am\u00e9\u00adri\u00adcains ont \u00e9t\u00e9 alar\u00adm\u00e9s \u00e0 l\u2019i\u00add\u00e9e que tant de G.I. auraient \u00e9t\u00e9 sacri\u00adfi\u00e9s pour per\u00admettre \u00e0 un concur\u00adrent consi\u00add\u00e9\u00adrable de s\u2019ins\u00adtal\u00adler dans le Pacifique.<\/p>\n<p>\tLe conflit arm\u00e9 entre le Japon et les \u00c9tats-Unis est en appa\u00adrence ter\u00admi\u00adn\u00e9, mais les app\u00e9\u00adtits imp\u00e9\u00adria\u00adlistes sont plus forts que jamais. Une guerre est finie, une autre com\u00admence. plus f\u00e9roce parce que sour\u00adnoise et secr\u00e8te. Du choc des imp\u00e9\u00adria\u00adlismes russe et am\u00e9\u00adri\u00adcain d\u00e9pend le sort des peuples.<\/p>\n","protected":false},"excerpt":{"rendered":"<p>Les \u00e9lec\u00adtions bri\u00adtan\u00adniques et la conf\u00e9\u00adrence de Pots\u00addam ont reten\u00adti l\u2019at\u00adten\u00adtion mon\u00addiale en ce qui concerne les rap\u00adports futurs entre \u00c9tats et le r\u00e8gle\u00adment des pro\u00adbl\u00e8mes de la paix. Quoique notre opi\u00adnion soit faite sur les r\u00e9sul\u00adtats \u00e9lec\u00adto\u00adraux, et contrai\u00adre\u00adment \u00e0 ceux qui voient dans le suc\u00adc\u00e8s tra\u00advailliste une r\u00e9vo\u00adlu\u00adtion, nous savons que depuis longtemps&nbsp;[\u2026]<\/p>\n","protected":false},"author":1,"featured_media":0,"comment_status":"closed","ping_status":"closed","sticky":false,"template":"","format":"standard","meta":{"wp_typography_post_enhancements_disabled":false,"footnotes":""},"categories":[253],"tags":[],"ppma_author":[540],"class_list":["post-1947","post","type-post","status-publish","format-standard","hentry","category-le-libertaire-na9-septembre-1945"],"authors":[{"term_id":540,"user_id":1,"is_guest":0,"slug":"admin_3gikpwyf","display_name":"Vincent Dubuc","avatar_url":"https:\/\/secure.gravatar.com\/avatar\/d015720652c25fd2ced191ade86430094e1f288a17483713e3b34d26dea52507?s=96&d=mm&r=g","author_category":"","user_url":"https:\/\/la-presse-anarchiste.net","last_name":"Dubuc","first_name":"Vincent","job_title":"","description":""}],"_links":{"self":[{"href":"https:\/\/la-presse-anarchiste.net\/index.php\/wp-json\/wp\/v2\/posts\/1947","targetHints":{"allow":["GET"]}}],"collection":[{"href":"https:\/\/la-presse-anarchiste.net\/index.php\/wp-json\/wp\/v2\/posts"}],"about":[{"href":"https:\/\/la-presse-anarchiste.net\/index.php\/wp-json\/wp\/v2\/types\/post"}],"author":[{"embeddable":true,"href":"https:\/\/la-presse-anarchiste.net\/index.php\/wp-json\/wp\/v2\/users\/1"}],"replies":[{"embeddable":true,"href":"https:\/\/la-presse-anarchiste.net\/index.php\/wp-json\/wp\/v2\/comments?post=1947"}],"version-history":[{"count":0,"href":"https:\/\/la-presse-anarchiste.net\/index.php\/wp-json\/wp\/v2\/posts\/1947\/revisions"}],"wp:attachment":[{"href":"https:\/\/la-presse-anarchiste.net\/index.php\/wp-json\/wp\/v2\/media?parent=1947"}],"wp:term":[{"taxonomy":"category","embeddable":true,"href":"https:\/\/la-presse-anarchiste.net\/index.php\/wp-json\/wp\/v2\/categories?post=1947"},{"taxonomy":"post_tag","embeddable":true,"href":"https:\/\/la-presse-anarchiste.net\/index.php\/wp-json\/wp\/v2\/tags?post=1947"},{"taxonomy":"author","embeddable":true,"href":"https:\/\/la-presse-anarchiste.net\/index.php\/wp-json\/wp\/v2\/ppma_author?post=1947"}],"curies":[{"name":"wp","href":"https:\/\/api.w.org\/{rel}","templated":true}]}}