{"id":1950,"date":"2008-12-19T17:28:59","date_gmt":"2008-12-19T17:28:59","guid":{"rendered":"https:\/\/la-presse-anarchiste.net\/index.php\/2008\/12\/19\/quest-ce-que-le-parti-socialiste\/"},"modified":"2008-12-19T17:28:59","modified_gmt":"2008-12-19T17:28:59","slug":"quest-ce-que-le-parti-socialiste","status":"publish","type":"post","link":"https:\/\/la-presse-anarchiste.net\/index.php\/2008\/12\/19\/quest-ce-que-le-parti-socialiste\/","title":{"rendered":"Qu\u2019est-ce que le parti socialiste&nbsp;?"},"content":{"rendered":"<div class=\"pdfprnt-buttons pdfprnt-buttons-post pdfprnt-top-right\"><a href=\"https:\/\/la-presse-anarchiste.net\/index.php\/wp-json\/wp\/v2\/posts\/1950?print=pdf\" class=\"pdfprnt-button pdfprnt-button-pdf\" target=\"_blank\"><img decoding=\"async\" src=\"https:\/\/la-presse-anarchiste.net\/wp-content\/plugins\/pdf-print\/images\/pdf.png\" alt=\"image_pdf\" title=\"Afficher le PDF\"><\/a><a href=\"https:\/\/la-presse-anarchiste.net\/index.php\/wp-json\/wp\/v2\/posts\/1950?print=print\" class=\"pdfprnt-button pdfprnt-button-print\" target=\"_blank\"><img decoding=\"async\" src=\"https:\/\/la-presse-anarchiste.net\/wp-content\/plugins\/pdf-print\/images\/print.png\" alt=\"image_print\" title=\"Contenu imprim\u00e9\"><\/a><\/div><p>\tPour ceux que pour\u00adrait sur\u00adprendre le titre de cet article, il nous faut tout d\u2019a\u00adbord pr\u00e9\u00adci\u00adser la concep\u00adtion que nous avons d\u2019un par\u00adti&nbsp;: nous croyons qu\u2019un par\u00adti poli\u00adtique exprime essen\u00adtiel\u00adle\u00adment l\u2019\u00e9\u00adtat de l\u2019o\u00adpi\u00adnion \u00e0 un moment his\u00adto\u00adrique don\u00adn\u00e9. Que les cir\u00adcons\u00adtances his\u00adto\u00adriques viennent \u00e0 se modi\u00adfier, et \u00e0 situa\u00adtion poli\u00adtique nou\u00advelle cor\u00adres\u00adpon\u00addront imman\u00adqua\u00adble\u00adment pro\u00adfes\u00adsions de foi poli\u00adtiques nou\u00advelles, sous r\u00e9serve de la part des anciens par\u00adtis d\u2019un tra\u00advail d\u2019\u00abadaptation&nbsp;\u00bb sou\u00advent dou\u00adlou\u00adreux et presque tou\u00adjours retar\u00adda\u00adtaire\u2026 Mais alors plus rien de com\u00admun ne sub\u00adsiste entre le nou\u00adveau par\u00adti et l\u2019an\u00adcien. Rien, <b>sauf le nom<\/b>.<\/p>\n<p>\tCeci est vrai du par\u00adti socia\u00adliste comme du par\u00adti com\u00admu\u00adniste&nbsp;: r\u00e9a\u00adli\u00ads\u00e9e au congr\u00e8s de 1905, l\u2019u\u00adni\u00adt\u00e9 s\u2019est bri\u00ads\u00e9e \u00e0 Tours en 1920, non pas par la faute des hommes seuls, mais parce que le nou\u00adveau milieu his\u00adto\u00adrique exi\u00adgeait cette scis\u00adsion. Si bien que lorsque les S.F.I.O. s\u2019obs\u00adtinent \u00e0 affir\u00admer une conti\u00adnui\u00adt\u00e9 inin\u00adter\u00adrom\u00adpue allant de 1905 \u00e0 1945, les com\u00admu\u00adnistes apr\u00e8s tout pour\u00adraient leur r\u00e9tor\u00adquer avec autant de per\u00adti\u00adnence et en s\u2019en r\u00e9f\u00e9\u00adrant \u00e0 la l\u00e9ga\u00adli\u00adt\u00e9 des congr\u00e8s, qu\u2019ils sont les seuls et authen\u00adtiques tenants de cette conti\u00adnui\u00adt\u00e9, atten\u00addu qu\u2019\u00e0 Tours la majo\u00adri\u00adt\u00e9 r\u00e9gu\u00adli\u00e8re du congr\u00e8s r\u00e9gu\u00adlier du par\u00adti socia\u00adliste a d\u00e9ci\u00add\u00e9 l\u2019adh\u00e9\u00adsion \u00e0 la IIIe Inter\u00adna\u00adtio\u00adnale et le chan\u00adge\u00adment du nom du par\u00adti, celui-ci pre\u00adnant le nom de communiste.<\/p>\n<p>\tCe serait d\u2019ailleurs\u200a\u2014\u200arecon\u00adnais\u00adsons-le bien vite\u200a\u2014\u200acher\u00adcher une m\u00e9chante que\u00adrelle \u00e0 L\u00e9on Blum et pla\u00adcer le d\u00e9bat sur un ter\u00adrain bien sp\u00e9\u00adcieux&nbsp;: les com\u00admu\u00adnistes, bien s\u00fbr, eussent \u00e9t\u00e9 assez mal venus \u00e0 se r\u00e9cla\u00admer de la Charte de 1905 qu\u2019ils venaient pr\u00e9\u00adci\u00ads\u00e9\u00adment de d\u00e9chi\u00adrer avec tapage. Ils s\u2019en gar\u00add\u00e8rent\u2026 Mais enfin rien n\u2019au\u00adto\u00adri\u00adsait le <b>nou\u00adveau par\u00adti<\/b> cr\u00e9\u00e9 en 1921 par les exclus Blum, Lon\u00adguet, P. Faure, Renau\u00addel, Bon\u00adcour, \u00e0 se r\u00e9cla\u00admer d\u2019une tra\u00addi\u00adtion que les \u00e9v\u00e9\u00adne\u00adments de 1914 et 1917 avaient jus\u00adte\u00adment r\u00e9pu\u00addi\u00e9e et d\u2019un contrat qui venait d\u2019\u00eatre vala\u00adble\u00adment rom\u00adpu. Aux deux pre\u00admiers par\u00adtis socia\u00adlistes, celui de 1905 et celui de 1921, si pro\u00adfon\u00add\u00e9\u00adment dif\u00adf\u00e9\u00adrents d\u00e9j\u00e0, suc\u00adc\u00e8de aujourd\u2019\u00adhui un par\u00adti nou\u00adveau. Et main\u00adte\u00adnant que nous nous sommes expli\u00adqu\u00e9, la ques\u00adtion s\u2019\u00e9\u00adnonce d\u2019elle-m\u00eame&nbsp;: qu\u2019est-ce que le par\u00adti socia\u00adliste&nbsp;1945&nbsp;?<\/p>\n<p>\tAvec talent, L\u00e9on Blum s\u2019est char\u00adg\u00e9 d\u2019y r\u00e9pondre dans son dis\u00adcours. Admi\u00adra\u00adteur, comme tous les d\u00e9mo\u00adcrates fran\u00ad\u00e7ais, des ins\u00adti\u00adtu\u00adtions poli\u00adtiques de la Grande-Bre\u00adtagne, il croyait \u00e0 la ver\u00adtu du lib\u00e9\u00adra\u00adlisme poli\u00adtique, au \u00ab&nbsp;libre jeu du sys\u00adt\u00e8me par\u00adle\u00admen\u00adtaire&nbsp;\u00bb, \u00e0 la com\u00adp\u00e9\u00adti\u00adtion loyale des par\u00adtis. Il oubliait seule\u00adment une chose, pour\u00adtant capi\u00adtale&nbsp;: la dif\u00adf\u00e9\u00adrence pro\u00adfonde entre les men\u00adta\u00adli\u00adt\u00e9s des deux peuples. \u00c0 l\u2019en\u00adcontre des Anglais, les Fran\u00ad\u00e7ais d\u2019a\u00advant et m\u00eame d\u2019a\u00adpr\u00e8s 1914 ne furent jamais enclins \u00e0 s\u2019embrigader dans les par\u00adtis&nbsp;; en 1914, le par\u00adti socia\u00adliste, qui est le plus puis\u00adsant par\u00adti poli\u00adtique fran\u00ad\u00e7ais, atteint le maxi\u00admum de 90.000 adh\u00e9\u00adrents&nbsp;; de petits pays, comme la Bel\u00adgique et la Su\u00e8de, en comptent beau\u00adcoup plus. Il aura fal\u00adlu la prise du pou\u00advoir en 1936 pour d\u00e9voi\u00adler \u00e0 Blum le n\u00e9ant de ce lib\u00e9\u00adra\u00adlisme d\u00e9pas\u00ads\u00e9 auquel il se rac\u00adcroche encore. Bien loin, en effet, d\u2019\u00e9\u00advo\u00adluer vers un \u00e9tat de choses poli\u00adtique \u00e0 la mode anglaise, c\u2019est-\u00e0-dire fon\u00add\u00e9 sur l\u2019\u00e9\u00adqui\u00adlibre de deux grands par\u00adtis dont l\u2019un, au pou\u00advoir, exerce la fonc\u00adtion d\u2019au\u00adto\u00adri\u00adt\u00e9, et l\u2019autre, dans l\u2019op\u00adpo\u00adsi\u00adtion, celle de contr\u00f4le, la France, tout en parais\u00adsant devoir ces\u00adser d\u2019\u00eatre le pays des petits comi\u00adt\u00e9s poli\u00adtiques \u00e9lec\u00adto\u00adraux ser\u00advant d\u2019ins\u00adtru\u00adments aux groupes capi\u00adta\u00adlistes rivaux, semble mena\u00adc\u00e9e de voir sa vie poli\u00adtique domi\u00adn\u00e9e par un par\u00adti unique. Et dans cette com\u00adp\u00e9\u00adti\u00adtion pour le par\u00adti unique s\u2019i\u00adden\u00adti\u00adfiant par la force avec l\u2019\u00c9\u00adtat et la nation, Blum est bien obli\u00adg\u00e9 de recon\u00adna\u00eetre que le par\u00adti com\u00admu\u00adniste et le P.S.F. ont pris une dan\u00adge\u00adreuse avance sur une S.F.I.O. attar\u00add\u00e9e. Le lea\u00adder socia\u00adliste se r\u00e9sout alors \u00e0 s\u2019a\u00addap\u00adter et s\u2019en\u00adgage \u00e0 son tour dans la l\u00e9gis\u00adla\u00adtion par d\u00e9crets-lois h\u00e9ri\u00adt\u00e9e de Poin\u00adca\u00adr\u00e9, Dou\u00admergue, Laval, laquelle a pour cons\u00e9\u00adquence la mise en som\u00admeil, puis la n\u00e9ga\u00adtion du par\u00adle\u00admen\u00adta\u00adrisme. Par exemple, l\u2019a\u00addap\u00adta\u00adtion du par\u00adti pou\u00advait sou\u00adle\u00adver des pro\u00adbl\u00e8mes d\u00e9li\u00adcats et occa\u00adsion\u00adner de dou\u00adlou\u00adreuses convul\u00adsions, \u00e0 moins d\u2019un \u00e9v\u00e9\u00adne\u00adment extraordinaire.<\/p>\n<p>\tC\u2019est la guerre de 1939 qui a fina\u00adle\u00adment favo\u00adri\u00ads\u00e9 l\u2019a\u00addap\u00adta\u00adtion de la S.F.I.O. En 1940 le par\u00adti s\u2019est dis\u00adlo\u00adqu\u00e9, Blum l\u2019a\u00advoue lui-m\u00eame, puis\u00adqu\u2019il situe sa renais\u00adsance vers 1943. Par un para\u00addoxe appa\u00adrent, la vic\u00adtoire des d\u00e9mo\u00adcra\u00adties sur le fas\u00adcisme a aggra\u00adv\u00e9 la d\u00e9com\u00adpo\u00adsi\u00adtion du lib\u00e9\u00adra\u00adlisme&nbsp;: les vain\u00adqueurs n\u2019en\u00advi\u00adsagent plus, pour enrayer la catas\u00adtrophe \u00e9co\u00adno\u00admi\u00adco-sociale qui les menace, que des exp\u00e9\u00addients sp\u00e9\u00adci\u00adfi\u00adque\u00adment fas\u00adcistes comme l\u2019\u00e9\u00adco\u00adno\u00admie diri\u00adg\u00e9e, le contr\u00f4le des changes (c\u2019est d\u00e8s 1936 le che\u00adval de bataille de Blum), le pla\u00adnisme. Plus clair\u00advoyant que les \u00ab&nbsp;anciens&nbsp;\u00bb du par\u00adti, le chef du socia\u00adlisme sait bien que le lib\u00e9\u00adra\u00adlisme poli\u00adtique n\u2019a aucune chance de sur\u00advivre \u00e0 la ruine de l\u2019\u00e9\u00adco\u00adno\u00admie lib\u00e9\u00adrale, et il a maintes rai\u00adsons de redou\u00adter l\u2019in\u00adcom\u00adpr\u00e9\u00adhen\u00adsion de ses amis et leur atta\u00adche\u00adment sen\u00adti\u00admen\u00adtal \u00e0 un pas\u00ads\u00e9 r\u00e9vo\u00adlu. Il ne peut en m\u00eame temps s\u2019emp\u00eacher de lor\u00adgner avec envie du c\u00f4t\u00e9 des com\u00admu\u00adnistes&nbsp;: ceux-ci ne craignent pas\u200a\u2014\u200aet pour cause&nbsp;!\u200a\u2014\u200ales d\u00e9chi\u00adre\u00adments internes sous ce rap\u00adport, leur adap\u00adta\u00adtion est par\u00adfaite, tan\u00addis que la S.F.I.O. retarde tou\u00adjours d\u2019un demi-si\u00e8cle, et ceci au moment o\u00f9 la faveur des \u00e9lec\u00adteurs lui per\u00admet d\u2019es\u00adp\u00e9\u00adrer un bref retour au pou\u00advoir. Or, il n\u2019est pos\u00adsible de gou\u00adver\u00adner qu\u2019\u00e0 deux condi\u00adtions&nbsp;: la sta\u00adbi\u00adli\u00adt\u00e9 gou\u00adver\u00adne\u00admen\u00adtale et un par\u00adti uni sous une direc\u00adtion auto\u00adri\u00adtaire. Pour cela. Vincent Auriol sou\u00admet \u00e0 la Consul\u00adta\u00adtive un pro\u00adjet ten\u00addant \u00e0 garan\u00adtir cette sta\u00adbi\u00adli\u00adt\u00e9 minis\u00adt\u00e9\u00adrielle contre le Par\u00adle\u00adment, cepen\u00addant que quelques jours apr\u00e8s, Blum demande au congr\u00e8s du par\u00adti de modi\u00adfier les sta\u00adtuts dans un sens autoritaire.<\/p>\n<p>\tDans son habile dis\u00adcours, le lea\u00adder socia\u00adliste a essay\u00e9 de faire ava\u00adler la pilule aux mili\u00adtants en fei\u00adgnant une fid\u00e9\u00adli\u00adt\u00e9 ind\u00e9\u00adfec\u00adtible \u00e0 une doc\u00adtrine mar\u00adxiste dont tout le monde se fiche et que presque aucun ne conna\u00eet&nbsp;; c\u2019est \u00e0 peine si quelques vieux ont ren\u00e2\u00adcl\u00e9. La v\u00e9ri\u00adt\u00e9, c\u2019est que le par\u00adti a enfin la fran\u00adchise de renon\u00adcer ouver\u00adte\u00adment \u00e0 la lutte de classes, qu\u2019il rem\u00adplace par le concept de nation. \u00ab&nbsp;Un seul chef, un seul \u00c9tat, une seule nation&nbsp;!&nbsp;\u00bb C\u2019est la tri\u00adlo\u00adgie poli\u00adtique du jour&nbsp;; la S.F.I.O. s\u2019en\u00adgage \u00e0 son tour sur cette voie o\u00f9 d\u2019autres l\u2019ont depuis long\u00adtemps pr\u00e9\u00adc\u00e9\u00add\u00e9e. Nous sommes bien \u00e0 un tour\u00adnant de l\u2019his\u00adtoire, et c\u2019est un nou\u00adveau par\u00adti qui na\u00eet, \u00e0 che\u00adval sur le monde du lib\u00e9\u00adra\u00adlisme qui se meurt et celui du tota\u00adli\u00adta\u00adrisme dont la d\u00e9faite alle\u00admande aura \u00e0 peine frei\u00adn\u00e9 la redou\u00adtable expansion.<\/p>\n<p>\tNous ne savons pas si Blum r\u00e9us\u00adsi\u00adra. Dans ce monde en ruines, les pers\u00adpec\u00adtives sont peu encou\u00adra\u00adgeantes et le par\u00adti socia\u00adliste para\u00eet assez mal dis\u00adpo\u00ads\u00e9 \u00e0 jouer le r\u00f4le qui l\u2019at\u00adtend. Les vel\u00adl\u00e9i\u00adt\u00e9s lib\u00e9\u00adrales des anciens, un atta\u00adche\u00adment ana\u00adchro\u00adnique pour un huma\u00adnisme sur\u00adan\u00adn\u00e9 seront pour lui des causes de fai\u00adblesse et d\u2019in\u00add\u00e9\u00adci\u00adsion qu\u2019il aura bien de la peine \u00e0 sur\u00admon\u00adter. Conser\u00adve\u00adra-t-il cette base ouvri\u00e8re qu\u2019il a tant peur de perdre&nbsp;? Le fos\u00ads\u00e9 qui vient brus\u00adque\u00adment de s\u2019\u00e9\u00adlar\u00adgir entre lui et le par\u00adti com\u00admu\u00adniste \u00e0 la suite du rejet de l\u2019u\u00adni\u00adt\u00e9 ne lui per\u00admet gu\u00e8re de s\u2019a\u00adban\u00addon\u00adner \u00e0 l\u2019op\u00adti\u00admisme. La vic\u00adtoire tra\u00advailliste conduit fata\u00adle\u00adment les socia\u00adlistes fran\u00ad\u00e7ais \u00e0 se rap\u00adpro\u00adcher des Anglais et par cons\u00e9\u00adquent des Am\u00e9\u00adri\u00adcains&nbsp;; c\u2019est le bloc occi\u00adden\u00adtal, l\u2019\u00e9\u00adloi\u00adgne\u00adment des Russes et la guerre avec les nacos&nbsp;; c\u2019est l\u2019im\u00adpos\u00adsi\u00adbi\u00adli\u00adt\u00e9 de gou\u00adver\u00adner. de construire la paix et d\u2019\u00e9\u00advi\u00adter la troi\u00adsi\u00e8me guerre imp\u00e9rialiste.<\/p>\n<p>\tDepuis un si\u00e8cle et demi, tous les gou\u00adver\u00adne\u00adments ont \u00e9t\u00e9 tour \u00e0 tour essay\u00e9s&nbsp;; tous se sont r\u00e9v\u00e9\u00adl\u00e9s impos\u00adsibles. L\u2019i\u00add\u00e9e que la S.F.I.O. soit capable de reva\u00adlo\u00adri\u00adser l\u2019u\u00adto\u00adpie gou\u00adver\u00adne\u00admen\u00adtale a de quoi faire sou\u00adrire\u2026 De Bran\u00adting \u00e0 Attlee, en pas\u00adsant par Van\u00adder\u00advelde, Her\u00admann Mul\u00adler et Blum lui-m\u00eame, le mar\u00adxisme a exer\u00adc\u00e9 le pou\u00advoir dans la plu\u00adpart des pays d\u2019Eu\u00adrope. \u00c0 la suite de cette piteuse exp\u00e9\u00adrience il a bien fal\u00adlu conclure \u00e0 son impuis\u00adsance poli\u00adtique et r\u00e9vo\u00adlu\u00adtion\u00adnaire. Une \u00e9preuve nou\u00advelle ne s\u2019im\u00adpose nullement.<\/p>\n","protected":false},"excerpt":{"rendered":"<p>Pour ceux que pour\u00adrait sur\u00adprendre le titre de cet article, il nous faut tout d\u2019a\u00adbord pr\u00e9\u00adci\u00adser la concep\u00adtion que nous avons d\u2019un par\u00adti&nbsp;: nous croyons qu\u2019un par\u00adti poli\u00adtique exprime essen\u00adtiel\u00adle\u00adment l\u2019\u00e9\u00adtat de l\u2019o\u00adpi\u00adnion \u00e0 un moment his\u00adto\u00adrique don\u00adn\u00e9. Que les cir\u00adcons\u00adtances his\u00adto\u00adriques viennent \u00e0 se modi\u00adfier, et \u00e0 situa\u00adtion poli\u00adtique nou\u00advelle cor\u00adres\u00adpon\u00addront imman\u00adqua\u00adble\u00adment pro\u00adfes\u00adsions&nbsp;de&nbsp;[\u2026]<\/p>\n","protected":false},"author":1,"featured_media":0,"comment_status":"closed","ping_status":"closed","sticky":false,"template":"","format":"standard","meta":{"wp_typography_post_enhancements_disabled":false,"footnotes":""},"categories":[253],"tags":[],"ppma_author":[540],"class_list":["post-1950","post","type-post","status-publish","format-standard","hentry","category-le-libertaire-na9-septembre-1945"],"authors":[{"term_id":540,"user_id":1,"is_guest":0,"slug":"admin_3gikpwyf","display_name":"Vincent Dubuc","avatar_url":"https:\/\/secure.gravatar.com\/avatar\/d015720652c25fd2ced191ade86430094e1f288a17483713e3b34d26dea52507?s=96&d=mm&r=g","author_category":"","user_url":"https:\/\/la-presse-anarchiste.net","last_name":"Dubuc","first_name":"Vincent","job_title":"","description":""}],"_links":{"self":[{"href":"https:\/\/la-presse-anarchiste.net\/index.php\/wp-json\/wp\/v2\/posts\/1950","targetHints":{"allow":["GET"]}}],"collection":[{"href":"https:\/\/la-presse-anarchiste.net\/index.php\/wp-json\/wp\/v2\/posts"}],"about":[{"href":"https:\/\/la-presse-anarchiste.net\/index.php\/wp-json\/wp\/v2\/types\/post"}],"author":[{"embeddable":true,"href":"https:\/\/la-presse-anarchiste.net\/index.php\/wp-json\/wp\/v2\/users\/1"}],"replies":[{"embeddable":true,"href":"https:\/\/la-presse-anarchiste.net\/index.php\/wp-json\/wp\/v2\/comments?post=1950"}],"version-history":[{"count":0,"href":"https:\/\/la-presse-anarchiste.net\/index.php\/wp-json\/wp\/v2\/posts\/1950\/revisions"}],"wp:attachment":[{"href":"https:\/\/la-presse-anarchiste.net\/index.php\/wp-json\/wp\/v2\/media?parent=1950"}],"wp:term":[{"taxonomy":"category","embeddable":true,"href":"https:\/\/la-presse-anarchiste.net\/index.php\/wp-json\/wp\/v2\/categories?post=1950"},{"taxonomy":"post_tag","embeddable":true,"href":"https:\/\/la-presse-anarchiste.net\/index.php\/wp-json\/wp\/v2\/tags?post=1950"},{"taxonomy":"author","embeddable":true,"href":"https:\/\/la-presse-anarchiste.net\/index.php\/wp-json\/wp\/v2\/ppma_author?post=1950"}],"curies":[{"name":"wp","href":"https:\/\/api.w.org\/{rel}","templated":true}]}}