{"id":1951,"date":"2008-12-19T17:31:23","date_gmt":"2008-12-19T17:31:23","guid":{"rendered":"https:\/\/la-presse-anarchiste.net\/index.php\/2008\/12\/19\/pas-de-constitution-revolution-sociale\/"},"modified":"2008-12-19T17:31:23","modified_gmt":"2008-12-19T17:31:23","slug":"pas-de-constitution-revolution-sociale","status":"publish","type":"post","link":"https:\/\/la-presse-anarchiste.net\/index.php\/2008\/12\/19\/pas-de-constitution-revolution-sociale\/","title":{"rendered":"Pas de Constitution&nbsp;! R\u00e9volution Sociale&nbsp;!"},"content":{"rendered":"<div class=\"pdfprnt-buttons pdfprnt-buttons-post pdfprnt-top-right\"><a href=\"https:\/\/la-presse-anarchiste.net\/index.php\/wp-json\/wp\/v2\/posts\/1951?print=pdf\" class=\"pdfprnt-button pdfprnt-button-pdf\" target=\"_blank\"><img decoding=\"async\" src=\"https:\/\/la-presse-anarchiste.net\/wp-content\/plugins\/pdf-print\/images\/pdf.png\" alt=\"image_pdf\" title=\"Afficher le PDF\"><\/a><a href=\"https:\/\/la-presse-anarchiste.net\/index.php\/wp-json\/wp\/v2\/posts\/1951?print=print\" class=\"pdfprnt-button pdfprnt-button-print\" target=\"_blank\"><img decoding=\"async\" src=\"https:\/\/la-presse-anarchiste.net\/wp-content\/plugins\/pdf-print\/images\/print.png\" alt=\"image_print\" title=\"Contenu imprim\u00e9\"><\/a><\/div><p>\tQue le peuple fran\u00ad\u00e7ais se r\u00e9jouisse&nbsp;! Ses diri\u00adgeants s\u2019in\u00adt\u00e9\u00adressent \u00e0 son sort. Gr\u00e2ce au r\u00e9f\u00e9\u00adren\u00addum qu\u2019ils lui offrent, il va pou\u00advoir se pro\u00adnon\u00adcer en faveur d\u2019une nou\u00advelle Constitution.<\/p>\n<p>\tIl pour\u00adra m\u00eame, si le coeur lui en dit, s\u2019en tenir \u00e0 la l\u00e9gis\u00adla\u00adtion de la IIIe R\u00e9pu\u00adblique&nbsp;; auquel cas ceux qu\u2019il \u00e9li\u00adra, au lieu d\u2019\u00eatre des \u00ab&nbsp;consti\u00adtuants&nbsp;\u00bb, seront ses d\u00e9pu\u00adt\u00e9s. Il ne lui res\u00adte\u00adra plus alors qu\u2019\u00e0 recru\u00adter quelques cen\u00adtaines de vieillards en qu\u00eate d\u2019hon\u00adneurs et de sp\u00e9\u00adcu\u00adla\u00adtions lucra\u00adtives pour que, le S\u00e9nat \u00e9tant recons\u00adti\u00adtu\u00e9, tout l\u2019ap\u00adpa\u00adreil l\u00e9gis\u00adla\u00adtif de la IIIe Marianne, issu de la confu\u00adsion poli\u00adtique de 1875, soit remis en&nbsp;place.<\/p>\n<p>\tMais, m\u00eame s\u2019il y a nou\u00advelle Consti\u00adtu\u00adtion, aucune illu\u00adsion \u00e0 se faire. La struc\u00adture \u00e9co\u00adno\u00admique et sociale n\u2019en sera pas autre\u00adment bou\u00adle\u00adver\u00ads\u00e9e. La fonc\u00adtion patro\u00adnale n\u2019en conti\u00adnue\u00adra pas moins d\u2019\u00eatre pro\u00adt\u00e9\u00adg\u00e9e par la loi. Le bri\u00adgan\u00addage l\u00e9gal ne sera pas atteint, bien au contraire.<\/p>\n<p>\tCertes, le sol de France en a vu d\u2019autres, et le capi\u00adta\u00adlisme aus\u00adsi&nbsp;! Inutile, donc, pensent ces mes\u00adsieurs, de s\u2019effrayer&nbsp;!<\/p>\n<p>\tDepuis la D\u00e9cla\u00adra\u00adtion des Droits de l\u2019Homme, que de Consti\u00adtu\u00adtions nous ont suc\u00adces\u00adsi\u00adve\u00adment d\u00e9mon\u00adtr\u00e9 la vani\u00adt\u00e9 des fai\u00adseurs de sys\u00adt\u00e8me, leur amour du pou\u00advoir et leur habi\u00adle\u00adt\u00e9 d\u2019en tirer profit&nbsp;!<\/p>\n<p>\tEn 1792, la bour\u00adgeoi\u00adsie, qui cher\u00adchait sa voie, pro\u00adclame la R\u00e9pu\u00adblique, mais en ayant soin, tout en liqui\u00addant une f\u00e9o\u00adda\u00adli\u00adt\u00e9 qui n\u2019a que trop dur\u00e9, d\u2019\u00e9\u00adta\u00adblir des bases juri\u00addiques main\u00adte\u00adnant la pro\u00adpri\u00e9\u00adt\u00e9 et le sala\u00adriat. La Consti\u00adtuante fit place \u00e0 la L\u00e9gis\u00adla\u00adtive, puis vint le Direc\u00adtoire, le Consu\u00adlat et enfin l\u2019Em\u00adpire. La puis\u00adsance popu\u00adlaire avait balay\u00e9 la monar\u00adchie&nbsp;; la bour\u00adgeoi\u00adsie en r\u00e9col\u00adtait les fruits.<\/p>\n<p>\tEn f\u00e9vrier 1848, le peuple se sou\u00adl\u00e8ve \u00e0 nou\u00adveau. La IIe R\u00e9pu\u00adblique est pro\u00adcla\u00adm\u00e9e. En juin de la m\u00eame ann\u00e9e, le pro\u00adl\u00e9\u00adta\u00adriat use d\u2019une liber\u00adt\u00e9 qu\u2019il croyait avoir conquise. Il mani\u00adfeste. Il reven\u00addique. Et la R\u00e9pu\u00adblique, vieille \u00e0 peine de quatre mois, fait feu sur les mani\u00adfes\u00adtants. Elle fait cou\u00adler le sang de ceux \u00e0 qui elle doit le jour. En d\u00e9cembre, la pire des r\u00e9ac\u00adtions s\u2019or\u00adga\u00adnise. Deux ans plus tard, le Second Empire est un fait accom\u00adpli. Cette fois encore, le peuple \u00e9tait d\u00e9pos\u00ads\u00e9\u00add\u00e9 de ses droits par une bour\u00adgeoi\u00adsie \u00e9go\u00efste et incapable.<\/p>\n<p>\tEn sep\u00adtembre 1870, r\u00e9vo\u00adlu\u00adtion de palais. Pro\u00adcla\u00adma\u00adtion de la IIIe R\u00e9pu\u00adblique. Apr\u00e8s la d\u00e9faite de la Com\u00admune de Paris, cette R\u00e9pu\u00adblique fait ses d\u00e9buts en mas\u00adsa\u00adcrant 40.000 communards.<\/p>\n<p>\tC\u2019est en 1875 qu\u2019elle se donne une Consti\u00adtu\u00adtion. Celle-ci inau\u00adgure dans ce pays le suf\u00adfrage uni\u00adver\u00adsel, avec lequel les tra\u00advailleurs s\u2019ha\u00adbi\u00adtuent faci\u00adle\u00adment \u00e0 pen\u00adser qu\u2019ils sont ma\u00eetres de leurs des\u00adti\u00adn\u00e9es. Or, mal\u00adgr\u00e9 cette d\u00e9mo\u00adcra\u00adti\u00adsa\u00adtion du bul\u00adle\u00adtin de vote, le patro\u00adnat et l\u2019\u00c9\u00adtat conti\u00adnuent \u00e0 r\u00e9pri\u00admer toute effer\u00adves\u00adcence ouvri\u00e8re ten\u00addant vers des chan\u00adge\u00adments de struc\u00adture qui com\u00adpro\u00admet\u00adtraient les pr\u00e9\u00adro\u00adga\u00adtives patronales.<\/p>\n<p>\tEn 1940, l\u2019\u00ab\u00c9tat Fran\u00ad\u00e7ais&nbsp;\u00bb avait, lui aus\u00adsi, la pr\u00e9\u00adten\u00adtion de pr\u00e9\u00adpa\u00adrer une Consti\u00adtu\u00adtion et de s\u2019in\u00adt\u00e9\u00adres\u00adser au sort des d\u00e9sh\u00e9\u00adri\u00adt\u00e9s&nbsp;; il offrait m\u00eame \u00e0 ceux-ci une \u00ab&nbsp;Charte du Tra\u00advail&nbsp;\u00bb qui demeu\u00adre\u00adra long\u00adtemps le mod\u00e8le du&nbsp;genre&nbsp;!<\/p>\n<p>\tAin\u00adsi, depuis plus de cent cin\u00adquante ans que le r\u00e9gime f\u00e9o\u00addal est ren\u00adver\u00ads\u00e9, les classes oppri\u00adm\u00e9es poli\u00adti\u00adque\u00adment et \u00e9co\u00adno\u00admi\u00adque\u00adment servent de cobayes \u00e0 des \u00ab&nbsp;r\u00e9for\u00adma\u00adteurs&nbsp;\u00bb qui n\u2019ont fait jus\u00adqu\u2019\u00e0 main\u00adte\u00adnant qu\u2019a\u00addap\u00adter le capi\u00adta\u00adlisme aux n\u00e9ces\u00adsi\u00adt\u00e9s d\u2019un pro\u00adgr\u00e8s tech\u00adnique que nul ne peut arr\u00ea\u00adter. Le sort des sala\u00adri\u00e9s n\u2019a \u00e9t\u00e9 am\u00e9\u00adlio\u00adr\u00e9, \u00e0 la suite de divers remous popu\u00adlaires, que dans la mesure o\u00f9 l\u2019\u00e9\u00adqui\u00adlibre de l\u2019\u00e9\u00adco\u00adno\u00admie bour\u00adgeoise l\u2019exigeait.<\/p>\n<p>\tEt aujourd\u2019\u00adhui encore c\u2019est sous la forme d\u2019une r\u00e9no\u00adva\u00adtion consti\u00adtu\u00adtion\u00adnelle qu\u2019on attend une adap\u00adta\u00adtion du capi\u00adta\u00adlisme aux exi\u00adgences d\u2019une \u00e9co\u00adno\u00admie que la guerre a transform\u00e9e.<\/p>\n<p>\tOn qua\u00adli\u00adfie hypo\u00adcri\u00adte\u00adment de r\u00e9vo\u00adlu\u00adtion\u00adnaire une com\u00e9\u00addie \u00e9lec\u00adto\u00adrale dont l\u2019ob\u00adjet est de pro\u00adlon\u00adger le drame social en per\u00adfec\u00adtion\u00adnant les&nbsp;r\u00f4les&nbsp;!<\/p>\n<p>\tMen\u00adsonges ou erreurs que toutes ces d\u00e9cla\u00adra\u00adtions de phra\u00adseurs sans scru\u00adpules&nbsp;! Les solu\u00adtions que ces pro\u00adfes\u00adsion\u00adnels de la d\u00e9ma\u00adgo\u00adgie ont l\u2019in\u00adten\u00adtion d\u2019im\u00adpo\u00adser au peuple ne chan\u00adge\u00adront rien \u00e0 sa condi\u00adtion. Elles tendent vers un capi\u00adta\u00adlisme rajeu\u00adni, mais non vers un socia\u00adlisme v\u00e9ritable.<\/p>\n<p>\tLe r\u00e9f\u00e9\u00adren\u00addum&nbsp;? Une escro\u00adque\u00adrie de plus dont le peuple fera les frais. Ce ne sont pas ses repr\u00e9\u00adsen\u00adtants \u00e0 la Consti\u00adtuante ou autre L\u00e9gis\u00adla\u00adtive qui sup\u00adpri\u00adme\u00adront le capi\u00adta\u00adlisme et met\u00adtront fin \u00e0 l\u2019emprise de l\u2019\u00c9\u00adtat sur la vie des citoyens. Ce ne peut \u00eatre l\u00e0 que l\u2019\u0153uvre des tra\u00advailleurs d\u00e9ci\u00add\u00e9s \u00e0 faire enfin la r\u00e9vo\u00adlu\u00adtion par d\u2019autres moyens que le bul\u00adle\u00adtin de&nbsp;vote.<\/p>\n<p>Le Liber\u00adtaire<\/p>\n","protected":false},"excerpt":{"rendered":"<p>Que le peuple fran\u00ad\u00e7ais se r\u00e9jouisse&nbsp;! Ses diri\u00adgeants s\u2019in\u00adt\u00e9\u00adressent \u00e0 son sort. Gr\u00e2ce au r\u00e9f\u00e9\u00adren\u00addum qu\u2019ils lui offrent, il va pou\u00advoir se pro\u00adnon\u00adcer en faveur d\u2019une nou\u00advelle Consti\u00adtu\u00adtion. Il pour\u00adra m\u00eame, si le coeur lui en dit, s\u2019en tenir \u00e0 la l\u00e9gis\u00adla\u00adtion de la IIIe R\u00e9pu\u00adblique&nbsp;; auquel cas ceux qu\u2019il \u00e9li\u00adra, au lieu d\u2019\u00eatre des&nbsp;[\u2026]<\/p>\n","protected":false},"author":1,"featured_media":0,"comment_status":"closed","ping_status":"closed","sticky":false,"template":"","format":"standard","meta":{"wp_typography_post_enhancements_disabled":false,"footnotes":""},"categories":[253],"tags":[],"ppma_author":[540],"class_list":["post-1951","post","type-post","status-publish","format-standard","hentry","category-le-libertaire-na9-septembre-1945"],"authors":[{"term_id":540,"user_id":1,"is_guest":0,"slug":"admin_3gikpwyf","display_name":"Vincent Dubuc","avatar_url":"https:\/\/secure.gravatar.com\/avatar\/d015720652c25fd2ced191ade86430094e1f288a17483713e3b34d26dea52507?s=96&d=mm&r=g","author_category":"","user_url":"https:\/\/la-presse-anarchiste.net","last_name":"Dubuc","first_name":"Vincent","job_title":"","description":""}],"_links":{"self":[{"href":"https:\/\/la-presse-anarchiste.net\/index.php\/wp-json\/wp\/v2\/posts\/1951","targetHints":{"allow":["GET"]}}],"collection":[{"href":"https:\/\/la-presse-anarchiste.net\/index.php\/wp-json\/wp\/v2\/posts"}],"about":[{"href":"https:\/\/la-presse-anarchiste.net\/index.php\/wp-json\/wp\/v2\/types\/post"}],"author":[{"embeddable":true,"href":"https:\/\/la-presse-anarchiste.net\/index.php\/wp-json\/wp\/v2\/users\/1"}],"replies":[{"embeddable":true,"href":"https:\/\/la-presse-anarchiste.net\/index.php\/wp-json\/wp\/v2\/comments?post=1951"}],"version-history":[{"count":0,"href":"https:\/\/la-presse-anarchiste.net\/index.php\/wp-json\/wp\/v2\/posts\/1951\/revisions"}],"wp:attachment":[{"href":"https:\/\/la-presse-anarchiste.net\/index.php\/wp-json\/wp\/v2\/media?parent=1951"}],"wp:term":[{"taxonomy":"category","embeddable":true,"href":"https:\/\/la-presse-anarchiste.net\/index.php\/wp-json\/wp\/v2\/categories?post=1951"},{"taxonomy":"post_tag","embeddable":true,"href":"https:\/\/la-presse-anarchiste.net\/index.php\/wp-json\/wp\/v2\/tags?post=1951"},{"taxonomy":"author","embeddable":true,"href":"https:\/\/la-presse-anarchiste.net\/index.php\/wp-json\/wp\/v2\/ppma_author?post=1951"}],"curies":[{"name":"wp","href":"https:\/\/api.w.org\/{rel}","templated":true}]}}