{"id":2013,"date":"1887-05-01T00:07:15","date_gmt":"1887-05-01T00:07:15","guid":{"rendered":"https:\/\/la-presse-anarchiste.net\/index.php\/2009\/02\/13\/la-decadence-bourgeoise\/"},"modified":"2024-04-30T06:39:36","modified_gmt":"2024-04-30T06:39:36","slug":"la-decadence-bourgeoise","status":"publish","type":"post","link":"https:\/\/la-presse-anarchiste.net\/index.php\/1887\/05\/01\/la-decadence-bourgeoise\/","title":{"rendered":"La d\u00e9cadence bourgeoise"},"content":{"rendered":"<div class=\"pdfprnt-buttons pdfprnt-buttons-post pdfprnt-top-right\"><a href=\"https:\/\/la-presse-anarchiste.net\/index.php\/wp-json\/wp\/v2\/posts\/2013?print=pdf\" class=\"pdfprnt-button pdfprnt-button-pdf\" target=\"_blank\"><img decoding=\"async\" src=\"https:\/\/la-presse-anarchiste.net\/wp-content\/plugins\/pdf-print\/images\/pdf.png\" alt=\"image_pdf\" title=\"Afficher le PDF\"><\/a><a href=\"https:\/\/la-presse-anarchiste.net\/index.php\/wp-json\/wp\/v2\/posts\/2013?print=print\" class=\"pdfprnt-button pdfprnt-button-print\" target=\"_blank\"><img decoding=\"async\" src=\"https:\/\/la-presse-anarchiste.net\/wp-content\/plugins\/pdf-print\/images\/print.png\" alt=\"image_print\" title=\"Contenu imprim\u00e9\"><\/a><\/div><p style=\"text-align: center;\"><sup class=\"modern-footnotes-footnote modern-footnotes-footnote--expands-on-desktop \" data-mfn=\"1\" data-mfn-post-scope=\"000000007f411b75000000006497c699_2013\"><a href=\"javascript:void(0)\" role=\"button\" aria-pressed=\"false\" aria-describedby=\"mfn-content-000000007f411b75000000006497c699_2013-1\">1<\/a><\/sup><span id=\"mfn-content-000000007f411b75000000006497c699_2013-1\" role=\"tooltip\" class=\"modern-footnotes-footnote__note\" tabindex=\"0\" data-mfn=\"1\">Dans notre tra\u00advail, nous ne par\u00adle\u00adrons que de la bour\u00adgeoi\u00adsie fran\u00ad\u00e7aise pour sim\u00adpli\u00adfier la ques\u00adtion, quoi\u00adqu\u2019en r\u00e9a\u00adli\u00adt\u00e9 le pou\u00advoir mer\u00adcan\u00adtil soit international.<\/span><\/p>\n<p>&nbsp;<\/p>\n<p style=\"text-align: justify;\">La R\u00e9vo\u00adlu\u00adtion ne fut que la cons\u00e9\u00adcra\u00adtion de la pr\u00e9\u00adpon\u00add\u00e9\u00adrance bour\u00adgeoise qui s\u2019\u00e9\u00adtait mani\u00adfes\u00adt\u00e9e bien avant cette \u00e9poque. En effet, si la terre res\u00adtait tou\u00adjours aux mains des nobles, les <i>capi\u00adtaux<\/i>, la grande puis\u00adsance des temps modernes, com\u00admencent \u00e0 s\u2019a\u00admas\u00adser dans celles des n\u00e9go\u00adciants. De 1515 \u00e0 1568, il y eut plus d\u2019or en France, dit Bodin, qu\u2019on n\u2019eut pu en recueillir aupa\u00adra\u00advant en deux cents ans. Les bour\u00adgeois deviennent les ma\u00eetres de l\u2019argent<sup class=\"modern-footnotes-footnote modern-footnotes-footnote--expands-on-desktop \" data-mfn=\"2\" data-mfn-post-scope=\"000000007f411b75000000006497c699_2013\"><a href=\"javascript:void(0)\" role=\"button\" aria-pressed=\"false\" aria-describedby=\"mfn-content-000000007f411b75000000006497c699_2013-2\">2<\/a><\/sup><span id=\"mfn-content-000000007f411b75000000006497c699_2013-2\" role=\"tooltip\" class=\"modern-footnotes-footnote__note\" tabindex=\"0\" data-mfn=\"2\">V. Duruy, his\u00adtoire des temps modernes.<\/span>.<\/p>\n<p style=\"text-align: justify;\">Lorsque la Conven\u00adtion pro\u00adcla\u00adma la R\u00e9pu\u00adblique, la situa\u00adtion poli\u00adtique qu\u2019a\u00advaient lais\u00ads\u00e9e nos <i>grands rois<\/i>, tant \u00e0 l\u2019in\u00adt\u00e9\u00adrieur qu\u2019\u00e0 l\u2019ex\u00adt\u00e9\u00adrieur, \u00e9tait d\u00e9tes\u00adtable. En quelques semaines, elle r\u00e9ta\u00adblit la gran\u00addeur fran\u00ad\u00e7aise \u00e0 l\u2019ex\u00adt\u00e9\u00adrieur, par ses arm\u00e9es de volon\u00adtaires&nbsp;; \u00e0 l\u2019in\u00adt\u00e9\u00adrieur, par ses pro\u00adcla\u00adma\u00adtions, ses d\u00e9crets, qui sem\u00adblaient vou\u00adloir \u00e9ta\u00adblir l\u2019\u00e9\u00adga\u00adli\u00adt\u00e9 poli\u00adtique et \u00e9co\u00adno\u00admique des citoyens. Voi\u00adla la pous\u00ads\u00e9e que fit faire les deux jour\u00adn\u00e9es r\u00e9vo\u00adlu\u00adtion\u00adnaires des 10 ao\u00fbt et 2 sep\u00adtembre 1792. Qui sait ce qui serait adve\u00adnu si les conven\u00adtion\u00adnels avaient conser\u00adv\u00e9 l\u2019\u00e9ner\u00adgie dont ils s\u2019\u00e9\u00adtaient mon\u00adtr\u00e9s pro\u00addigues au d\u00e9but de leur pou\u00advoir&nbsp;? Mais non, comme tout homme, ou agglo\u00adm\u00e9\u00adra\u00adtion d\u2019hommes, dans les mains des\u00adquelles on met un pou\u00advoir quel\u00adconque, la \u00ab&nbsp;pour\u00adri\u00adture d\u2019as\u00adsem\u00adbl\u00e9e&nbsp;\u00bb s\u2019\u00e9\u00adtait empa\u00adr\u00e9e d\u2019eux, et ceux-l\u00e0 m\u00eame qui n\u2019ont pas assez d\u2019\u00e9\u00adloges pour eux ne sont-ils pas contraints d\u2019a\u00advouer qu\u2019\u00e0 plu\u00adsieurs reprises les fau\u00adbourgs durent aller les trou\u00adver en armes pour les emp\u00ea\u00adcher de fai\u00adblir, de tra\u00adhir&nbsp;m\u00eame.<\/p>\n<p style=\"text-align: justify;\">Quoi qu\u2019il en soit, le peuple, qui avait ver\u00ads\u00e9 son sang pour pla\u00adcer le tiers-\u00e9tat au pou\u00advoir, \u00e9tait peu \u00e0 peu \u00e9li\u00admi\u00adn\u00e9 de la dis\u00adcus\u00adsion des affaires publiques&nbsp;; voi\u00adci, du reste, ce qu\u2019en pen\u00adsait un de nos publi\u00adcistes le plus \u00e9mi\u00adnents, M.&nbsp;Mau\u00adrice La Ch\u00e2tre&nbsp;: \u00ab&nbsp;Mais, h\u00e9las&nbsp;! si admi\u00adrable que f\u00fbt cette vic\u00adtoire sur la royau\u00adt\u00e9, elle ne put affer\u00admir la sou\u00adve\u00adrai\u00adne\u00adt\u00e9 du peuple&nbsp;; une nou\u00advelle caste, la bour\u00adgeoi\u00adsie, cher\u00adcha \u00e0 se rendre mai\u00adtresse du ter\u00adrain et entra\u00adva la marche de la R\u00e9vo\u00adlu\u00adtion. Bien\u00adt\u00f4t la Conven\u00adtion, tra\u00advaill\u00e9e par les meneurs, et d\u00e9j\u00e0 scin\u00add\u00e9e en deux. fac\u00adtions, celle des Giron\u00addins et celle des Jaco\u00adbins, devint le th\u00e9\u00e2tre de sc\u00e8nes vio\u00adlentes&nbsp;; une foule d\u2019hommes cor\u00adrom\u00adpus et avides trans\u00adfor\u00adm\u00e8rent l\u2019As\u00adsem\u00adbl\u00e9e natio\u00adnale en une sorte d\u2019a\u00adr\u00e8ne, et pous\u00ads\u00e8rent la France dans les abimes de l\u2019a\u00adnar\u00adchie<sup class=\"modern-footnotes-footnote modern-footnotes-footnote--expands-on-desktop \" data-mfn=\"3\" data-mfn-post-scope=\"000000007f411b75000000006497c699_2013\"><a href=\"javascript:void(0)\" role=\"button\" aria-pressed=\"false\" aria-describedby=\"mfn-content-000000007f411b75000000006497c699_2013-3\">3<\/a><\/sup><span id=\"mfn-content-000000007f411b75000000006497c699_2013-3\" role=\"tooltip\" class=\"modern-footnotes-footnote__note\" tabindex=\"0\" data-mfn=\"3\">Il est pro\u00adbable que La Ch\u00e2tre entend ici par anar\u00adchie la d\u00e9fi\u00adni\u00adtion qu\u2019en donnent la g\u00e9n\u00e9\u00adra\u00adli\u00adt\u00e9 des dic\u00adtion\u00adnaires.<\/span>.\u00bb<\/p>\n<p style=\"text-align: justify;\">Dans cette lutte de mes\u00adquines ambi\u00adtions qui s\u2019\u00e9\u00adtaient d\u00e9cla\u00adr\u00e9es entre les deux plus impor\u00adtants groupes de la Conven\u00adtion, les Mon\u00adta\u00adgnards l\u2019emport\u00e8rent d\u2019a\u00adbord&nbsp;; ils font d\u00e9cr\u00e9\u00adter l\u2019ins\u00adtal\u00adla\u00adtion d\u2019un tri\u00adbu\u00adnal cri\u00admi\u00adnel char\u00adg\u00e9 de pour\u00adsuivre toutes les entre\u00adprises r\u00e9ac\u00adtion\u00adnaires&nbsp;; ils font adop\u00adter une loi pour l\u2019\u00e9\u00adta\u00adblis\u00adse\u00adment d\u2019un Comi\u00adt\u00e9 de Salut public com\u00adpo\u00ads\u00e9 de neuf membres dont les attri\u00adbu\u00adtions consis\u00adtaient \u00e0 sur\u00adveiller et \u00e0 diri\u00adger l\u2019ac\u00adtion du pou\u00advoir ex\u00e9\u00adcu\u00adtif s\u2019a\u00admol\u00adlis\u00adsant de plus en plus. Les Giron\u00addins, qui ne peuvent emp\u00ea\u00adcher le vote de ces mesures, cherchent \u00e0 dis\u00adcr\u00e9\u00addi\u00adter Robes\u00adpierre, Saint-Just, Marat&nbsp;; ce der\u00adnier est m\u00eame d\u00e9cr\u00e9\u00adt\u00e9 d\u2019ac\u00adcu\u00adsa\u00adtion mais le tri\u00adbu\u00adnal l\u2019ac\u00adquitte et le peuple le ram\u00e8ne en triomphe.<\/p>\n<p style=\"text-align: justify;\">Peu apr\u00e8s, les Giron\u00addins obtiennent, en revanche, un d\u00e9cret nom\u00admant une com\u00admis\u00adsion extra\u00ador\u00addi\u00adnaire pour exa\u00admi\u00adner les arr\u00ea\u00adt\u00e9s pris par la Com\u00admune&nbsp;: c\u2019\u00e9\u00adtait la suspecter.<\/p>\n<p style=\"text-align: justify;\">Jus\u00adqu\u2019\u00e0 la chute des Giron\u00addins, ce ne fut que tiraille\u00adments, luttes st\u00e9\u00adriles, parce qu\u2019elles n\u2019a\u00advaient pour but que la satis\u00adfac\u00adtion d\u2019i\u00adna\u00advouables ambitions.<\/p>\n<p style=\"text-align: justify;\">Ces que\u00adrelles de par\u00adti n\u2019in\u00adt\u00e9\u00adres\u00adsaient aucu\u00adne\u00adment le peuple qui, natu\u00adrel\u00adle\u00adment, en \u00e9tait exclu. \u00ab&nbsp;Nos patrio\u00adtiques assem\u00adbl\u00e9es de la L\u00e9gis\u00adla\u00adtive, de la Conven\u00adtion (Mon\u00adta\u00adgnards, Giron\u00addins, n\u2019im\u00adporte, sans dis\u00adtinc\u00adtion de par\u00adti) appar\u00adte\u00adnaient enti\u00e8\u00adre\u00adment \u00e0 la classe bour\u00adgeoise<sup class=\"modern-footnotes-footnote modern-footnotes-footnote--expands-on-desktop \" data-mfn=\"4\" data-mfn-post-scope=\"000000007f411b75000000006497c699_2013\"><a href=\"javascript:void(0)\" role=\"button\" aria-pressed=\"false\" aria-describedby=\"mfn-content-000000007f411b75000000006497c699_2013-4\">4<\/a><\/sup><span id=\"mfn-content-000000007f411b75000000006497c699_2013-4\" role=\"tooltip\" class=\"modern-footnotes-footnote__note\" tabindex=\"0\" data-mfn=\"4\">Miche\u00adlet, La R\u00e9vo\u00adlu\u00adtion fran\u00ad\u00e7aise.<\/span>.\u00bb. Armon\u00adville, car\u00addeur de laine, \u00e9tait le seul ouvrier conventionnel.<\/p>\n<p style=\"text-align: justify;\">Quoique cela puisse para\u00eetre un para\u00addoxe, nous croyons que cette course \u00e0 la dic\u00adta\u00adture par\u00adtait d\u2019une id\u00e9e g\u00e9n\u00e9\u00adreuse&nbsp;: les hommes poli\u00adtiques d\u2019a\u00adlors, comme de toutes les \u00e9poques, avaient cha\u00adcun la convic\u00adtion qu\u2019eux seuls pou\u00advaient faire le bon\u00adheur de la France et, peut-\u00eatre m\u00eame, de l\u2019hu\u00adma\u00adni\u00adt\u00e9, en d\u00e9niant tou\u00adte\u00adfois \u00e0 celle-ci la capa\u00adci\u00adt\u00e9 et le droit de se sau\u00adver elle m\u00eame. On avoue\u00adra que le pr\u00e9\u00adju\u00adg\u00e9 mons\u00adtrueux qu\u2019ont les masses de se don\u00adner tou\u00adjours des ma\u00eetres\u2014 pr\u00e9\u00adju\u00adg\u00e9 soi\u00adgneu\u00adse\u00adment entre\u00adte\u00adnu par tous les diri\u00adgeants\u200a\u2014\u200aest peu propre \u00e0 d\u00e9sa\u00adbu\u00adser les <i>sau\u00adveurs de peuple<\/i>.<\/p>\n<p style=\"text-align: justify;\">Seuls, quelques Cor\u00adde\u00adliers, Giron\u00addins, et les H\u00e9ber\u00adtistes, res\u00adt\u00e8rent tou\u00adjours m\u00eal\u00e9s au peuple&nbsp;; ils furent aus\u00adsi les seuls qui auraient pu mener la R\u00e9vo\u00adlu\u00adtion \u00e0 bonne fin<sup class=\"modern-footnotes-footnote modern-footnotes-footnote--expands-on-desktop \" data-mfn=\"5\" data-mfn-post-scope=\"000000007f411b75000000006497c699_2013\"><a href=\"javascript:void(0)\" role=\"button\" aria-pressed=\"false\" aria-describedby=\"mfn-content-000000007f411b75000000006497c699_2013-5\">5<\/a><\/sup><span id=\"mfn-content-000000007f411b75000000006497c699_2013-5\" role=\"tooltip\" class=\"modern-footnotes-footnote__note\" tabindex=\"0\" data-mfn=\"5\">Nous enten\u00addons par l\u00e0 que son v\u00e9ri\u00adtable but n\u2019au\u00adrait pas d\u00fb \u00eatre seule\u00adment l\u2019\u00e9\u00adman\u00adci\u00adpa\u00adtion d\u2019une caste, mais de tous les \u00eatres humains. S\u2019il en avait \u00e9t\u00e9 ain\u00adsi, nous ne serions pas aujourd\u2019\u00adhui contraints de consta\u00adter la d\u00e9ca\u00addence bour\u00adgeoise<\/span>. \u00ab&nbsp;Pour mieux rendre le peuple libre, ils le sou\u00admet\u00adtaient \u00e0 l\u2019in\u00addi\u00advi\u00addu.&nbsp;\u00bb Par\u00admi eux, Fau\u00adchet pr\u00ea\u00adchait au Palais-Royal l\u2019u\u00adti\u00adli\u00adt\u00e9 de \u00ab&nbsp;fon\u00adder la soci\u00e9\u00adt\u00e9 humaine sur le devoir de don\u00adner \u00e0 cha\u00adcun de ses membres la suf\u00adfi\u00adsante vie.&nbsp;\u00bb Son jour\u00adnal, la <i>Bouche de fer<\/i>, se fai\u00adsait le pro\u00adpa\u00adga\u00adteur des doc\u00adtrines socia\u00adlistes et agraires. Le baron Clootz, dans sa consti\u00adtu\u00adtion, disait&nbsp;: \u00ab&nbsp;Les hommes seront ce qu\u2019ils doivent \u00eatre quand cha\u00adcun pour\u00adra dire le monde est ma patrie, le mande est \u00e0 moi. Alors plus d\u2019\u00e9\u00admi\u00adgrants. La nature est une, la soci\u00e9\u00adt\u00e9 est une.&nbsp;\u00bb Marat s\u2019\u00e9\u00adcriait&nbsp;: \u00ab&nbsp;Quand un homme manque de tout, il a le droit d\u2019ar\u00adra\u00adcher \u00e0 un autre le super\u00adflu dont il regorge.&nbsp;\u00bb C\u2019est entre ces hommes\u200a\u2014\u200aGiron\u00addins, H\u00e9ber\u00adtistes et Cor\u00adde\u00adliers\u200a\u2014\u200aaux vues larges et ori\u00adgi\u00adnales, et les nul\u00adli\u00adt\u00e9s jaco\u00adbines, \u00e0 la phi\u00adlo\u00adso\u00adphie sen\u00adti\u00admen\u00adtale et au sec\u00adta\u00adrisme auto\u00adri\u00adtaire impla\u00adcable et san\u00adgui\u00adnaire, que la lutte s\u2019engageait.<\/p>\n<p style=\"text-align: justify;\">Ce fut d\u2019a\u00adbord les prin\u00adci\u00adpaux meneurs giron\u00addins qui suc\u00adcom\u00adb\u00e8rent&nbsp;; le 2 juin 1793 ils furent d\u00e9cr\u00e9\u00adt\u00e9s d\u2019ac\u00adcu\u00adsa\u00adtion. Robes\u00adpierre et ses satel\u00adlites s\u2019empar\u00e8rent alors presque enti\u00e8\u00adre\u00adment du pou\u00advoir, l\u2019au\u00adto\u00adri\u00adta\u00adrisme en fut plus effr\u00e9\u00adn\u00e9 et la liber\u00adt\u00e9 se noya dans le sang des adver\u00adsaires du dictateur.<\/p>\n<p style=\"text-align: justify;\">Pour\u00adtant, s\u2019a\u00adper\u00adce\u00advant que les pro\u00adcla\u00adma\u00adtions et les lois de la Conven\u00adtion ne lui don\u00adnaient ni la nour\u00adri\u00adture du corps\u200a\u2014\u200ale pain, ni la nour\u00adri\u00adture intel\u00adlec\u00adtuelle\u200a\u2014\u200ala liber\u00adt\u00e9, le peuple \u00e9cou\u00adtait de plus en plus les H\u00e9ber\u00adtistes lui expo\u00adsant les th\u00e9o\u00adries socia\u00adlistes du giron\u00addin Fau\u00adchet. Ceux-ci devinrent donc une force que Robes\u00adpierre, en bon des\u00adpote, m\u00e9na\u00adgea, pour mieux l\u2019\u00e9\u00adcra\u00adser ensuite.<\/p>\n<p style=\"text-align: justify;\">L\u2019au\u00adto\u00adcra\u00adtie de la Conven\u00adtion deve\u00adnait de plus en plus into\u00adl\u00e9\u00adrable, \u00e0 tel point que Camille Des\u00admou\u00adlins, qui avait tou\u00adjours \u00e9t\u00e9 le chien cou\u00adchant du d\u00e9pu\u00adt\u00e9 d\u2019Ar\u00adras, \u00e9cri\u00advait dans le <i>Vieux Cor\u00adde\u00adlier<\/i>&nbsp;: \u00ab&nbsp;On recon\u00adna\u00eet que l\u2019\u00e9\u00adtat pr\u00e9\u00adsent n\u2019est pas celui de la liber\u00adt\u00e9&nbsp;; mais on nous dit de prendre patience&nbsp;; que nous serons libres un jour. Pense-t-on que la liber\u00adt\u00e9, comme l\u2019en\u00adfance, ait besoin de pas\u00adser par les cris et les pleurs pour arri\u00adver \u00e0 l\u2019\u00e2ge m\u00fbr&nbsp;? La liber\u00adt\u00e9 n\u2019a ni vieillesse ni enfance. La liber\u00adt\u00e9 n\u2019est pas une actrice de l\u2019O\u00adp\u00e9\u00adra pro\u00adme\u00adn\u00e9e avec un bon\u00adnet rouge&nbsp;; la liber\u00adt\u00e9, c\u2019est le bon\u00adheur, c\u2019est la rai\u00adson, c\u2019est l\u2019\u00e9\u00adga\u00adli\u00adt\u00e9, c\u2019est la jus\u00adtice, c\u2019est la d\u00e9cla\u00adra\u00adtion des droits de l\u2019homme!\u2026\u200a\u2014\u200aVou\u00adlez-vous que je la recon\u00adnaisse&nbsp;? que je tombe \u00e0 ses pieds&nbsp;? que je donne tout mon sang pour elle&nbsp;?\u200a\u2014\u200aOuvrez les pri\u00adsons \u00e0 ces deux cent mille citoyens que vous appe\u00adlez <i>sus\u00adpects<\/i>&nbsp;; car dans la D\u00e9cla\u00adra\u00adtion des droits de l\u2019homme, il n\u2019y a point de mai\u00adsons de sus\u00adpi\u00adcions&nbsp;; il n\u2019y a que des mai\u00adsons d\u2019ar\u00adr\u00eat&nbsp;; il n\u2019y a point de gens sus\u00adpects&nbsp;; il n\u2019y a que des pr\u00e9\u00adve\u00adnus de d\u00e9lits fix\u00e9s par la loi.&nbsp;\u00bb Et il conclut par une tirade \u00e0 la Jean-Jacques&nbsp;: \u00ab&nbsp;O mon cher Robes\u00adpierre, \u00f4 mon vieux cama\u00adrade de col\u00adl\u00e8ge, sou\u00adviens-toi de ces le\u00e7ons de l\u2019his\u00adtoire et de la phi\u00adlo\u00adso\u00adphie que l\u2019a\u00admour est plus fort, plus durable que la crainte&nbsp;!&nbsp;\u00bb<\/p>\n<p style=\"text-align: justify;\">(A suivre)<\/p>\n<p style=\"text-align: right;\">G. D.<\/p>\n<ul class=\"modern-footnotes-list modern-footnotes-list--show-only-for-print\"><li><span>1<\/span><div>Dans notre tra\u00advail, nous ne par\u00adle\u00adrons que de la bour\u00adgeoi\u00adsie fran\u00ad\u00e7aise pour sim\u00adpli\u00adfier la ques\u00adtion, quoi\u00adqu\u2019en r\u00e9a\u00adli\u00adt\u00e9 le pou\u00advoir mer\u00adcan\u00adtil soit international.<\/div><\/li><li><span>2<\/span><div>V. Duruy, his\u00adtoire des temps modernes.<\/div><\/li><li><span>3<\/span><div>Il est pro\u00adbable que La Ch\u00e2tre entend ici par anar\u00adchie la d\u00e9fi\u00adni\u00adtion qu\u2019en donnent la g\u00e9n\u00e9\u00adra\u00adli\u00adt\u00e9 des dictionnaires.<\/div><\/li><li><span>4<\/span><div>Miche\u00adlet, La R\u00e9vo\u00adlu\u00adtion fran\u00e7aise.<\/div><\/li><li><span>5<\/span><div>Nous enten\u00addons par l\u00e0 que son v\u00e9ri\u00adtable but n\u2019au\u00adrait pas d\u00fb \u00eatre seule\u00adment l\u2019\u00e9\u00adman\u00adci\u00adpa\u00adtion d\u2019une caste, mais de tous les \u00eatres humains. S\u2019il en avait \u00e9t\u00e9 ain\u00adsi, nous ne serions pas aujourd\u2019\u00adhui contraints de consta\u00adter la d\u00e9ca\u00addence bourgeoise<\/div><\/li><\/ul>","protected":false},"excerpt":{"rendered":"<p>&nbsp; La R\u00e9vo\u00adlu\u00adtion ne fut que la cons\u00e9\u00adcra\u00adtion de la pr\u00e9\u00adpon\u00add\u00e9\u00adrance bour\u00adgeoise qui s\u2019\u00e9\u00adtait mani\u00adfes\u00adt\u00e9e bien avant cette \u00e9poque. En effet, si la terre res\u00adtait tou\u00adjours aux mains des nobles, les capi\u00adtaux, la grande puis\u00adsance des temps modernes, com\u00admencent \u00e0 s\u2019a\u00admas\u00adser dans celles des n\u00e9go\u00adciants. De 1515 \u00e0 1568, il y eut plus d\u2019or&nbsp;en&nbsp;[\u2026]<\/p>\n","protected":false},"author":93,"featured_media":5312,"comment_status":"closed","ping_status":"closed","sticky":false,"template":"wp-custom-template-page-d-article","format":"standard","meta":{"wp_typography_post_enhancements_disabled":false,"footnotes":""},"categories":[257],"tags":[885,938],"ppma_author":[759],"class_list":["post-2013","post","type-post","status-publish","format-standard","has-post-thumbnail","hentry","category-lautonomie-individuelle-na1-mai-1887","tag-histoire","tag-histoire-sociale"],"authors":[{"term_id":759,"user_id":93,"is_guest":0,"slug":"georges-deherme","display_name":"Georges Deherme","avatar_url":"https:\/\/secure.gravatar.com\/avatar\/b9b4d25b2577d1ab80dae5b2b0b8a550c8039c423a61cb3e696cd21bac8038f2?s=96&d=mm&r=g","author_category":"","user_url":"","last_name":"Deherme","first_name":"Georges","job_title":"","description":"<a href=\"https:\/\/maitron.fr\/spip.php?article108756\">Sa notice dans le Maitron.<\/a>"}],"_links":{"self":[{"href":"https:\/\/la-presse-anarchiste.net\/index.php\/wp-json\/wp\/v2\/posts\/2013","targetHints":{"allow":["GET"]}}],"collection":[{"href":"https:\/\/la-presse-anarchiste.net\/index.php\/wp-json\/wp\/v2\/posts"}],"about":[{"href":"https:\/\/la-presse-anarchiste.net\/index.php\/wp-json\/wp\/v2\/types\/post"}],"author":[{"embeddable":true,"href":"https:\/\/la-presse-anarchiste.net\/index.php\/wp-json\/wp\/v2\/users\/93"}],"replies":[{"embeddable":true,"href":"https:\/\/la-presse-anarchiste.net\/index.php\/wp-json\/wp\/v2\/comments?post=2013"}],"version-history":[{"count":4,"href":"https:\/\/la-presse-anarchiste.net\/index.php\/wp-json\/wp\/v2\/posts\/2013\/revisions"}],"predecessor-version":[{"id":7224,"href":"https:\/\/la-presse-anarchiste.net\/index.php\/wp-json\/wp\/v2\/posts\/2013\/revisions\/7224"}],"wp:featuredmedia":[{"embeddable":true,"href":"https:\/\/la-presse-anarchiste.net\/index.php\/wp-json\/wp\/v2\/media\/5312"}],"wp:attachment":[{"href":"https:\/\/la-presse-anarchiste.net\/index.php\/wp-json\/wp\/v2\/media?parent=2013"}],"wp:term":[{"taxonomy":"category","embeddable":true,"href":"https:\/\/la-presse-anarchiste.net\/index.php\/wp-json\/wp\/v2\/categories?post=2013"},{"taxonomy":"post_tag","embeddable":true,"href":"https:\/\/la-presse-anarchiste.net\/index.php\/wp-json\/wp\/v2\/tags?post=2013"},{"taxonomy":"author","embeddable":true,"href":"https:\/\/la-presse-anarchiste.net\/index.php\/wp-json\/wp\/v2\/ppma_author?post=2013"}],"curies":[{"name":"wp","href":"https:\/\/api.w.org\/{rel}","templated":true}]}}