{"id":2015,"date":"1887-05-01T00:05:34","date_gmt":"1887-05-01T00:05:34","guid":{"rendered":"https:\/\/la-presse-anarchiste.net\/index.php\/2009\/02\/13\/communistes-et-individualistes\/"},"modified":"2024-04-30T06:34:32","modified_gmt":"2024-04-30T06:34:32","slug":"communistes-et-individualistes","status":"publish","type":"post","link":"https:\/\/la-presse-anarchiste.net\/index.php\/1887\/05\/01\/communistes-et-individualistes\/","title":{"rendered":"Communistes et Individualistes"},"content":{"rendered":"<div class=\"pdfprnt-buttons pdfprnt-buttons-post pdfprnt-top-right\"><a href=\"https:\/\/la-presse-anarchiste.net\/index.php\/wp-json\/wp\/v2\/posts\/2015?print=pdf\" class=\"pdfprnt-button pdfprnt-button-pdf\" target=\"_blank\"><img decoding=\"async\" src=\"https:\/\/la-presse-anarchiste.net\/wp-content\/plugins\/pdf-print\/images\/pdf.png\" alt=\"image_pdf\" title=\"Afficher le PDF\"><\/a><a href=\"https:\/\/la-presse-anarchiste.net\/index.php\/wp-json\/wp\/v2\/posts\/2015?print=print\" class=\"pdfprnt-button pdfprnt-button-print\" target=\"_blank\"><img decoding=\"async\" src=\"https:\/\/la-presse-anarchiste.net\/wp-content\/plugins\/pdf-print\/images\/print.png\" alt=\"image_print\" title=\"Contenu imprim\u00e9\"><\/a><\/div><p style=\"text-align: justify;\">Cer\u00adtains cama\u00adrades se disent com\u00admu\u00adniste. d\u2019autres indi\u00advi\u00addua\u00adlistes. Le <i>R\u00e9vol\u00adt\u00e9<\/i> dit que la Soci\u00e9\u00adt\u00e9 future sera com\u00admu\u00adniste. L\u2019<i>Auto\u00adno\u00admie<\/i> dit que l\u2019In\u00addi\u00advi\u00addua\u00adlisme est le salut de la R\u00e9vo\u00adlu\u00adtion. Je crois qu\u2019ils se trompent tous deux et que par une illu\u00adsion fr\u00e9\u00adquente ils voient la Soci\u00e9\u00adt\u00e9 future telle qu\u2019ils vou\u00addraient la voir. C\u2019est un res\u00adtant du socia\u00adlisme chi\u00adm\u00e9\u00adrique des pr\u00e9\u00adcur\u00adseurs de l\u2019a\u00adnar\u00adchie. La rai\u00adson ne s\u2019ac\u00adcom\u00admode pas de chi\u00adm\u00e8res. \u00c9tant don\u00adn\u00e9 le d\u00e9ve\u00adlop\u00adpe\u00adment tou\u00adjours crois\u00adsant des besoins, il devient de plus en plus impos\u00adsible \u00e0 l\u2019homme de suf\u00adfire indi\u00advi\u00adduel\u00adle\u00adment \u00e0 toutes les exi\u00adgences de la vie. D\u2019un autre c\u00f4t\u00e9, le d\u00e9ve\u00adlop\u00adpe\u00adment de l\u2019in\u00adtel\u00adli\u00adgence, la soif d\u2019in\u00add\u00e9\u00adpen\u00addance que nous res\u00adsen\u00adtons ne nous per\u00admettent pas de vivre dans une soci\u00e9\u00adt\u00e9 \u00e9troi\u00adte\u00adment com\u00admu\u00adniste. Il est donc \u00e0 sup\u00adpo\u00adser que la Soci\u00e9\u00adt\u00e9 future sera com\u00admu\u00adniste dans la vie mat\u00e9\u00adrielle et indi\u00advi\u00addua\u00adliste au point de vue intel\u00adlec\u00adtuel, mais ceci n\u2019est qu\u2019une hypo\u00adth\u00e8se. Il nous est impos\u00adsible de pr\u00e9\u00advoir ce que l\u2019a\u00adve\u00adnir nous r\u00e9serve et il faut man\u00adquer de logique pour se dire d\u2019une fa\u00e7on abso\u00adlue com\u00admu\u00adniste ou individualiste.<\/p>\n<p style=\"text-align: justify;\">Je crois qu\u2019au fond l\u2019a\u00adnar\u00adchie n\u2019a rien \u00e0 voir l\u00e0-dedans. L\u2019a\u00adnar\u00adchie n\u2019est pas un id\u00e9al social, c\u2019est bien plu\u00adt\u00f4t un moyen d\u2019ac\u00adtion. Un anar\u00adchiste, comme le dit si bien Th\u00e9o\u00addore de Ban\u00adville, c\u2019est l\u2019in\u00addi\u00advi\u00addu qui ne veut \u00eatre ni diri\u00adgeant ni diri\u00adg\u00e9. La soci\u00e9\u00adt\u00e9 actuelle ne nous per\u00admet pas de vivre, ain\u00adsi nous cher\u00adchons \u00e0 la d\u00e9truire. Quand nous aurons abat\u00adtu l\u2019au\u00adto\u00adri\u00adt\u00e9, la nou\u00advelle soci\u00e9\u00adt\u00e9 s\u2019or\u00adga\u00adni\u00adse\u00adra d\u2019elle-m\u00eame mieux qu\u2019au\u00adcun th\u00e9o\u00adri\u00adcien ne pour\u00adrait le&nbsp;faire.<\/p>\n<p style=\"text-align: right;\">Hen\u00adri Riocreux<\/p>\n<hr>\n<p style=\"text-align: justify;\"><i>Nota<\/i>.\u200a\u2014\u200aQuand la s\u00e9rie de mes articles sur l\u2019In\u00addi\u00advi\u00addua\u00adlisme aura \u00e9t\u00e9 enti\u00e8\u00adre\u00adment publi\u00e9e, je r\u00e9pon\u00addrai dans un article sp\u00e9\u00adcial \u00e0 toutes les objec\u00adtions qui pour\u00adront m\u2019\u00eatre pos\u00e9es dans le cours de la publi\u00adca\u00adtion de ce travail.<\/p>\n<p style=\"text-align: justify;\">G.D.<\/p>\n","protected":false},"excerpt":{"rendered":"<p>Cer\u00adtains cama\u00adrades se disent com\u00admu\u00adniste. d\u2019autres indi\u00advi\u00addua\u00adlistes. Le R\u00e9vol\u00adt\u00e9 dit que la Soci\u00e9\u00adt\u00e9 future sera com\u00admu\u00adniste. L\u2019Auto\u00adno\u00admie dit que l\u2019In\u00addi\u00advi\u00addua\u00adlisme est le salut de la R\u00e9vo\u00adlu\u00adtion. Je crois qu\u2019ils se trompent tous deux et que par une illu\u00adsion fr\u00e9\u00adquente ils voient la Soci\u00e9\u00adt\u00e9 future telle qu\u2019ils vou\u00addraient la voir. C\u2019est un res\u00adtant du socia\u00adlisme chim\u00e9rique&nbsp;[\u2026]<\/p>\n","protected":false},"author":94,"featured_media":5312,"comment_status":"closed","ping_status":"closed","sticky":false,"template":"wp-custom-template-page-d-article","format":"standard","meta":{"wp_typography_post_enhancements_disabled":false,"footnotes":""},"categories":[257],"tags":[613],"ppma_author":[760],"class_list":["post-2015","post","type-post","status-publish","format-standard","has-post-thumbnail","hentry","category-lautonomie-individuelle-na1-mai-1887","tag-individualisme-vs-communisme-anarchiste"],"authors":[{"term_id":760,"user_id":94,"is_guest":0,"slug":"henri-riocreux","display_name":"Henri Riocreux","avatar_url":"https:\/\/secure.gravatar.com\/avatar\/e8ed7ea5042efb744fea33f00ec0517c114d66d2b3ebd8e2b044ce191da9d2bd?s=96&d=mm&r=g","author_category":"","user_url":"","last_name":"Riocreux","first_name":"Henri","job_title":"","description":""}],"_links":{"self":[{"href":"https:\/\/la-presse-anarchiste.net\/index.php\/wp-json\/wp\/v2\/posts\/2015","targetHints":{"allow":["GET"]}}],"collection":[{"href":"https:\/\/la-presse-anarchiste.net\/index.php\/wp-json\/wp\/v2\/posts"}],"about":[{"href":"https:\/\/la-presse-anarchiste.net\/index.php\/wp-json\/wp\/v2\/types\/post"}],"author":[{"embeddable":true,"href":"https:\/\/la-presse-anarchiste.net\/index.php\/wp-json\/wp\/v2\/users\/94"}],"replies":[{"embeddable":true,"href":"https:\/\/la-presse-anarchiste.net\/index.php\/wp-json\/wp\/v2\/comments?post=2015"}],"version-history":[{"count":2,"href":"https:\/\/la-presse-anarchiste.net\/index.php\/wp-json\/wp\/v2\/posts\/2015\/revisions"}],"predecessor-version":[{"id":5329,"href":"https:\/\/la-presse-anarchiste.net\/index.php\/wp-json\/wp\/v2\/posts\/2015\/revisions\/5329"}],"wp:featuredmedia":[{"embeddable":true,"href":"https:\/\/la-presse-anarchiste.net\/index.php\/wp-json\/wp\/v2\/media\/5312"}],"wp:attachment":[{"href":"https:\/\/la-presse-anarchiste.net\/index.php\/wp-json\/wp\/v2\/media?parent=2015"}],"wp:term":[{"taxonomy":"category","embeddable":true,"href":"https:\/\/la-presse-anarchiste.net\/index.php\/wp-json\/wp\/v2\/categories?post=2015"},{"taxonomy":"post_tag","embeddable":true,"href":"https:\/\/la-presse-anarchiste.net\/index.php\/wp-json\/wp\/v2\/tags?post=2015"},{"taxonomy":"author","embeddable":true,"href":"https:\/\/la-presse-anarchiste.net\/index.php\/wp-json\/wp\/v2\/ppma_author?post=2015"}],"curies":[{"name":"wp","href":"https:\/\/api.w.org\/{rel}","templated":true}]}}