{"id":2017,"date":"1887-05-01T00:03:20","date_gmt":"1887-05-01T00:03:20","guid":{"rendered":"https:\/\/la-presse-anarchiste.net\/index.php\/2009\/02\/13\/compagnons-de-lautonomie-individuelle\/"},"modified":"2024-04-30T06:32:06","modified_gmt":"2024-04-30T06:32:06","slug":"compagnons-de-lautonomie-individuelle","status":"publish","type":"post","link":"https:\/\/la-presse-anarchiste.net\/index.php\/1887\/05\/01\/compagnons-de-lautonomie-individuelle\/","title":{"rendered":"Compagnons de l\u2019<i>Autonomie Individuelle<\/i>"},"content":{"rendered":"<div class=\"pdfprnt-buttons pdfprnt-buttons-post pdfprnt-top-right\"><a href=\"https:\/\/la-presse-anarchiste.net\/index.php\/wp-json\/wp\/v2\/posts\/2017?print=pdf\" class=\"pdfprnt-button pdfprnt-button-pdf\" target=\"_blank\"><img decoding=\"async\" src=\"https:\/\/la-presse-anarchiste.net\/wp-content\/plugins\/pdf-print\/images\/pdf.png\" alt=\"image_pdf\" title=\"Afficher le PDF\"><\/a><a href=\"https:\/\/la-presse-anarchiste.net\/index.php\/wp-json\/wp\/v2\/posts\/2017?print=print\" class=\"pdfprnt-button pdfprnt-button-print\" target=\"_blank\"><img decoding=\"async\" src=\"https:\/\/la-presse-anarchiste.net\/wp-content\/plugins\/pdf-print\/images\/print.png\" alt=\"image_print\" title=\"Contenu imprim\u00e9\"><\/a><\/div><p style=\"text-align: justify;\">Par votre cir\u00adcu\u00adlaire que je viens de lire, vous faites appel au concours de tous les int\u00e9\u00adres\u00ads\u00e9s a la solu\u00adtion du pro\u00adbl\u00e8me social. \u00c0 ce titre, gar\u00addez-moi un petite place dans les colonnes de votre&nbsp;revue.<\/p>\n<p style=\"text-align: justify;\">Vous n\u2019a\u00advez point de pro\u00adgramme dites-vous&nbsp;? Tant mieux&nbsp;! Tous les par\u00adtis poli\u00adtiques en ont et n\u2019en r\u00e9a\u00adlisent point. Puis, \u00e0 quoi bon tra\u00adcer une route unique pour tous. Est-ce que la cit\u00e9 n\u2019a qu\u2019une voie pour ses habi\u00adtants&nbsp;? Paris n\u2019a-t-il pas un mil\u00adlier de rues et n\u2019en perce-t-on pas de nou\u00advelles chaque jour&nbsp;?<\/p>\n<p style=\"text-align: justify;\">Comme vous dites aus\u00adsi, l\u2019homme ne peut plus se mou\u00advoir dans le cercle res\u00adtreint d\u2019un sys\u00adt\u00e8me. La nature n\u2019a point de maitre&nbsp;; l\u2019homme\u200a\u2014\u200ason objet\u200a\u2014\u200adoit \u00eatre libre. D\u2019ailleurs, notre pla\u00adn\u00e8te n\u2019est vaste qu\u2019a\u00adfin de nous y mieux \u00e9battre.<\/p>\n<p style=\"text-align: justify;\">L\u2019i\u00adgno\u00adrance pri\u00admi\u00adtive a pu nier pour cha\u00adcun le libre arbitre, seuls, aujourd\u2019\u00adhui, quelques esprits r\u00e9tr\u00e9\u00adcis s\u2019y opposent&nbsp;! Eh bien, ma foi, tant pis pour eux, car, ni leurs cla\u00admeurs contre la r\u00e9vo\u00adlu\u00adtion, contre l\u2019a\u00adnar\u00adchie, ni leurs \u00e9ja\u00adcu\u00adla\u00adtions\u200a\u2014\u200asou\u00advent \u00e9tu\u00addi\u00e9es\u200a\u2014\u200avers le dogme social que cha\u00adcun d\u2019eux caresse dans ses r\u00eaves, ne contra\u00adrie\u00adront l\u2019\u00e9\u00adclo\u00adsion pro\u00adchaine de la soci\u00e9\u00adt\u00e9 nouvelle.<\/p>\n<p style=\"text-align: justify;\">Ensemble, nous \u00e9tu\u00addie\u00adrons sur\u00adtout les lois natu\u00adrelles qui r\u00e9gissent l\u2019In\u00addi\u00advi\u00addu, qui, pous\u00ads\u00e9s par elles dans le monde orga\u00adni\u00ads\u00e9, r\u00e9or\u00adga\u00adni\u00ads\u00e9 et \u00e0 r\u00e9or\u00adga\u00adni\u00adser, se meut tou\u00adjours plus p\u00e9ni\u00adble\u00adment sans cepen\u00addant jamais perdre de vue l\u2019ob\u00adjec\u00adtif supr\u00eame&nbsp;: le <i>moi<\/i>.<\/p>\n<p style=\"text-align: justify;\">Ensemble, nous dis\u00ads\u00e9\u00adque\u00adrons l\u2019homme de notre mieux, nous ana\u00adly\u00adse\u00adrons ses aspi\u00adra\u00adtions, et nous aidant du r\u00e9sul\u00adtat de ces recherches, il nous sera plus facile de mon\u00adtrer que le m\u00eame sen\u00adti\u00adment anime tous les indi\u00advi\u00addus&nbsp;: la satis\u00adfac\u00adtion de soi-m\u00eame et que de ce fait, le seul prin\u00adcipe d\u2019or\u00adga\u00adni\u00adsa\u00adtion sociale qui r\u00e9pond r\u00e9el\u00adle\u00adment aux besoins de cha\u00adcun est&nbsp;: l\u2019<i>auto\u00adno\u00admie indi\u00advi\u00adduelle<\/i> dans l\u2019as\u00adso\u00adcia\u00adtion et dans le grou\u00adpe\u00adment autonome.<\/p>\n<p style=\"text-align: justify;\">Ensemble, nous dirons encore la d\u00e9tes\u00adtable condi\u00adtion que fait aux gueux le r\u00e9gime capi\u00adta\u00adliste et gou\u00adver\u00adne\u00admen\u00adtal et, n\u2019o\u00adb\u00e9is\u00adsant qu\u2019a notre haine pro\u00adfonde de l\u2019au\u00adto\u00adri\u00adt\u00e9 sous toutes ses formes, nous <i>cogne\u00adrons<\/i> \u00e9ga\u00adle\u00adment sur toutes les ins\u00adti\u00adtu\u00adtions et sur tous les sys\u00adt\u00e8mes. Per\u00adsua\u00add\u00e9s que la r\u00e9vo\u00adlu\u00adtion sociale ne s\u2019ob\u00adtien\u00addra qu\u2019a ce prix de toutes nos forces nous trou\u00adble\u00adrons, nous troublerons\u2026<\/p>\n<p style=\"text-align: justify;\">Bien \u00e0&nbsp;vous&nbsp;.<\/p>\n<p style=\"text-align: right;\">Jean-Bap\u00adtiste Louiche<\/p>\n<hr>\n<p style=\"text-align: justify;\">Nous remer\u00adcions L\u2019<i>Insur\u00adg\u00e9<\/i>, le <i>Cri du Peuple<\/i>, la <i>R\u00e9vo\u00adlu\u00adtion Cos\u00admo\u00adpo\u00adlite<\/i>, le <i>Gard Socia\u00adliste<\/i>, le <i>R\u00e9vol\u00adt\u00e9<\/i>, d\u2019a\u00advoir eu la gra\u00adcieu\u00adse\u00adt\u00e9 d\u2019an\u00adnon\u00adcer notre publication.<\/p>\n","protected":false},"excerpt":{"rendered":"<p>Par votre cir\u00adcu\u00adlaire que je viens de lire, vous faites appel au concours de tous les int\u00e9\u00adres\u00ads\u00e9s a la solu\u00adtion du pro\u00adbl\u00e8me social. \u00c0 ce titre, gar\u00ad\u00addez-moi un petite place dans les colonnes de votre&nbsp;revue. Vous n\u2019a\u00advez point de pro\u00adgramme dites-vous&nbsp;? Tant mieux&nbsp;! Tous les par\u00adtis poli\u00adtiques en ont et n\u2019en r\u00e9a\u00adlisent point. Puis,&nbsp;\u00e0&nbsp;[\u2026]<\/p>\n","protected":false},"author":92,"featured_media":5312,"comment_status":"closed","ping_status":"closed","sticky":false,"template":"wp-custom-template-page-d-article","format":"standard","meta":{"wp_typography_post_enhancements_disabled":false,"footnotes":""},"categories":[257],"tags":[555],"ppma_author":[758],"class_list":["post-2017","post","type-post","status-publish","format-standard","has-post-thumbnail","hentry","category-lautonomie-individuelle-na1-mai-1887","tag-manifeste"],"authors":[{"term_id":758,"user_id":92,"is_guest":0,"slug":"jean-baptiste-louiche","display_name":"Jean-Baptiste Louiche","avatar_url":"https:\/\/secure.gravatar.com\/avatar\/6cb1848adbda9085dac9403086403f6e91ad61e36711c96dcceff07448fe1ec5?s=96&d=mm&r=g","author_category":"","user_url":"","last_name":"Louiche","first_name":"Jean-Baptiste","job_title":"","description":"<a href=\"https:\/\/maitron.fr\/spip.php?article155686\">Sa notice dans le Maitron.<\/a>"}],"_links":{"self":[{"href":"https:\/\/la-presse-anarchiste.net\/index.php\/wp-json\/wp\/v2\/posts\/2017","targetHints":{"allow":["GET"]}}],"collection":[{"href":"https:\/\/la-presse-anarchiste.net\/index.php\/wp-json\/wp\/v2\/posts"}],"about":[{"href":"https:\/\/la-presse-anarchiste.net\/index.php\/wp-json\/wp\/v2\/types\/post"}],"author":[{"embeddable":true,"href":"https:\/\/la-presse-anarchiste.net\/index.php\/wp-json\/wp\/v2\/users\/92"}],"replies":[{"embeddable":true,"href":"https:\/\/la-presse-anarchiste.net\/index.php\/wp-json\/wp\/v2\/comments?post=2017"}],"version-history":[{"count":2,"href":"https:\/\/la-presse-anarchiste.net\/index.php\/wp-json\/wp\/v2\/posts\/2017\/revisions"}],"predecessor-version":[{"id":5322,"href":"https:\/\/la-presse-anarchiste.net\/index.php\/wp-json\/wp\/v2\/posts\/2017\/revisions\/5322"}],"wp:featuredmedia":[{"embeddable":true,"href":"https:\/\/la-presse-anarchiste.net\/index.php\/wp-json\/wp\/v2\/media\/5312"}],"wp:attachment":[{"href":"https:\/\/la-presse-anarchiste.net\/index.php\/wp-json\/wp\/v2\/media?parent=2017"}],"wp:term":[{"taxonomy":"category","embeddable":true,"href":"https:\/\/la-presse-anarchiste.net\/index.php\/wp-json\/wp\/v2\/categories?post=2017"},{"taxonomy":"post_tag","embeddable":true,"href":"https:\/\/la-presse-anarchiste.net\/index.php\/wp-json\/wp\/v2\/tags?post=2017"},{"taxonomy":"author","embeddable":true,"href":"https:\/\/la-presse-anarchiste.net\/index.php\/wp-json\/wp\/v2\/ppma_author?post=2017"}],"curies":[{"name":"wp","href":"https:\/\/api.w.org\/{rel}","templated":true}]}}