{"id":202,"date":"1966-04-01T00:07:33","date_gmt":"1966-04-01T00:07:33","guid":{"rendered":"https:\/\/la-presse-anarchiste.net\/index.php\/2007\/03\/08\/taches-de-laction-directe\/"},"modified":"2024-04-22T07:12:21","modified_gmt":"2024-04-22T07:12:21","slug":"taches-de-laction-directe","status":"publish","type":"post","link":"https:\/\/la-presse-anarchiste.net\/index.php\/1966\/04\/01\/taches-de-laction-directe\/","title":{"rendered":"T\u00e2ches de l\u2019action directe"},"content":{"rendered":"<div class=\"pdfprnt-buttons pdfprnt-buttons-post pdfprnt-top-right\"><a href=\"https:\/\/la-presse-anarchiste.net\/index.php\/wp-json\/wp\/v2\/posts\/202?print=pdf\" class=\"pdfprnt-button pdfprnt-button-pdf\" target=\"_blank\"><img decoding=\"async\" src=\"https:\/\/la-presse-anarchiste.net\/wp-content\/plugins\/pdf-print\/images\/pdf.png\" alt=\"image_pdf\" title=\"Afficher le PDF\"><\/a><a href=\"https:\/\/la-presse-anarchiste.net\/index.php\/wp-json\/wp\/v2\/posts\/202?print=print\" class=\"pdfprnt-button pdfprnt-button-print\" target=\"_blank\"><img decoding=\"async\" src=\"https:\/\/la-presse-anarchiste.net\/wp-content\/plugins\/pdf-print\/images\/print.png\" alt=\"image_print\" title=\"Contenu imprim\u00e9\"><\/a><\/div><blockquote>\n<p class=\"post_excerpt\" style=\"text-align: justify; padding-left: 240px;\"><em>Cet article est tir\u00e9 de la publi\u00adca\u00adtion d\u2019un groupe de jeunes paci\u00adfistes de Hanovre. Sans repr\u00e9\u00adsen\u00adter toute l\u2019opinion du groupe, il se veut une contri\u00adbu\u00adtion \u00e0 sa r\u00e9flexion et \u00e0 la d\u00e9fi\u00adni\u00adtion de ses t\u00e2ches.<\/em><\/p>\n<\/blockquote>\n<div align=\"justify\">\n<p>Le p\u00e9rio\u00addique <em>Direkte Aktion fur Gewalt\u00adlo\u00adsig\u00adkeit in Der Gesell\u00adschaft<\/em>, \u00ab&nbsp;Action directe pour la non-vio\u00adlence dans la soci\u00e9\u00adt\u00e9&nbsp;\u00bb, est n\u00e9 d\u2019une situa\u00adtion par\u00adti\u00adcu\u00adli\u00e8re du mou\u00adve\u00adment paci\u00adfiste alle\u00admand. Quelle est aujourd\u2019hui la situation&nbsp;?<\/p>\n<p style=\"text-align: justify;\">La forme d\u2019organisation des asso\u00adcia\u00adtions paci\u00adfistes d\u2019Allemagne f\u00e9d\u00e9\u00adrale peut avoir conve\u00adnu il y a un demi-si\u00e8cle, aujourd\u2019hui elle est d\u00e9su\u00e8te. Le prin\u00adcipe auto\u00adri\u00adtaire et cen\u00adtra\u00adli\u00ads\u00e9 domine le mou\u00adve\u00adment paci\u00adfiste (et mal\u00adheu\u00adreu\u00adse\u00adment la cam\u00adpagne pour le d\u00e9sar\u00adme\u00adment \u2013 marche de P\u00e2ques \u2013 n\u2019a pas \u00e9chap\u00adp\u00e9 \u00e0 cette \u00e9vo\u00adlu\u00adtion). Les fonc\u00adtion\u00adnaires des asso\u00adcia\u00adtions paci\u00adfistes com\u00admettent sans doute une erreur fon\u00adda\u00admen\u00adtale lorsqu\u2019ils pensent devoir oppo\u00adser au carac\u00adt\u00e8re mono\u00adpo\u00adlis\u00adtique de l\u2019arm\u00e9e alle\u00admande et de l\u2019industrie de guerre un mou\u00adve\u00adment paci\u00adfiste monopolis\u00e9.<\/p>\n<p style=\"text-align: justify;\">Quels sont les effets de cette erreur fatale sur les groupes et les membres iso\u00adl\u00e9s des asso\u00adcia\u00adtions&nbsp;? On observe \u2013 cons\u00e9\u00adquence de la cen\u00adtra\u00adli\u00adsa\u00adtion mono\u00adpo\u00adlis\u00adtique \u2013 un pro\u00adces\u00adsus de bureau\u00adcra\u00adti\u00adsa\u00adtion du tra\u00advail paci\u00adfiste. Les id\u00e9es du paci\u00adfisme, du d\u00e9sar\u00adme\u00adment, de la non-vio\u00adlence sont r\u00e9i\u00adfi\u00e9es parce qu\u2019elles sont admi\u00adnis\u00adtr\u00e9es par des oli\u00adgar\u00adchies suror\u00adga\u00adni\u00ads\u00e9es et trans\u00admises vers la base \u00e0 tra\u00advers des ins\u00adtances bureaucratiques.<\/p>\n<p style=\"text-align: justify;\">L\u2019effet sur le mode de tra\u00advail en a \u00e9t\u00e9 que l\u2019initiative a pas\u00ads\u00e9 de l\u2019individu \u00e0 la bureau\u00adcra\u00adtie. Nous y avons per\u00addu des qua\u00adli\u00adt\u00e9s aus\u00adsi impor\u00adtantes que la spon\u00adta\u00adn\u00e9i\u00adt\u00e9 et l\u2019initiative cr\u00e9a\u00adtrice, qua\u00adli\u00adt\u00e9s que nous, membres du mou\u00adve\u00adment paci\u00adfiste, devions oppo\u00adser \u00e0 l\u2019appareil mili\u00adtaire. \u00c0 cela s\u2019ajoute que le membre indi\u00advi\u00adduel d\u2019un groupe doit aban\u00addon\u00adner son ind\u00e9\u00adpen\u00addance en faveur d\u2019une uni\u00adfi\u00adca\u00adtion de l\u2019action et se sou\u00admettre aux direc\u00adtives de fonc\u00adtion\u00adnaires, qu\u2019il conna\u00eet per\u00adson\u00adnel\u00adle\u00adment dans bien peu de cas. Devant les grandes hi\u00e9\u00adrar\u00adchies clas\u00adsiques d\u2019Allemagne&nbsp;: l\u2019\u00c9glise, les par\u00adtis, les indus\u00adtries, l\u2019arm\u00e9e, s\u2019est dres\u00ads\u00e9 un nou\u00adveau par\u00adte\u00adnaire&nbsp;: l\u2019organisation pacifiste.<\/p>\n<p style=\"text-align: justify;\">Pour que l\u2019on ne se m\u00e9prenne pas, je don\u00adne\u00adrai ici une indi\u00adca\u00adtion com\u00adpl\u00e9\u00admen\u00adtaire. Les groupes locaux sont petits, leur tra\u00advail et leurs acti\u00advi\u00adt\u00e9s rela\u00adti\u00adve\u00adment insi\u00adgni\u00adfiants, c\u2019est pour\u00adquoi l\u2019appareil de l\u2019organisation peut se per\u00admettre de leur accor\u00adder une cer\u00adtaine \u00ab&nbsp;ind\u00e9pendance&nbsp;\u00bb.<\/p>\n<p style=\"text-align: justify;\">Mais c\u2019est la liber\u00adt\u00e9 d\u2019un rouage dans une machine, qui peut certes tour\u00adner sur lui-m\u00eame et main\u00adte\u00adnir la machine en marche, mais sans ini\u00adtia\u00adtive propre. L\u2019ind\u00e9pendance ne suf\u00adfit donc que tant que les struc\u00adtures ou la posi\u00adtion mono\u00adpo\u00adlis\u00adtique de l\u2019organisation ne sont pas mises en ques\u00adtion. Il n\u2019y a donc pas lieu de s\u2019\u00e9tonner si la cam\u00adpagne pour le d\u00e9sar\u00adme\u00adment (marche de P\u00e2ques) a refu\u00ads\u00e9 \u00e0 <em>Direkte Aktion<\/em> l\u2019emploi de l\u2019embl\u00e8me anti\u00adato\u00admique sur sa page de cou\u00adver\u00adture sous le pr\u00e9\u00adtexte de ce monopole.<\/p>\n<p style=\"text-align: justify;\">L\u2019initiative du tra\u00advail paci\u00adfiste pas\u00adsant de l\u2019individu \u00e0 la bureau\u00adcra\u00adtie, cela signi\u00adfie qu\u2019un fonc\u00adtion\u00adna\u00adriat exerce, avec une admi\u00adnis\u00adtra\u00adtion ind\u00e9\u00adpen\u00addante, inter\u00adchan\u00adgeable avec celle de n\u2019importe quelle soci\u00e9\u00adt\u00e9 de tir, un contr\u00f4le total sur le tra\u00advail et le d\u00e9ve\u00adlop\u00adpe\u00adment de l\u2019organisation. L\u2019action cr\u00e9a\u00adtrice et la recherche de nou\u00advelles voies pour le tra\u00advail paci\u00adfiste se heurtent au r\u00e8gle\u00adment de l\u2019appareil bureaucratique.<\/p>\n<p style=\"text-align: justify;\">Les res\u00adpon\u00adsables de ces incon\u00adv\u00e9\u00adnients ne sont \u00e9vi\u00addem\u00adment pas les seuls fonctionnaires.<\/p>\n<p style=\"text-align: justify;\">Il est bien clair que la pas\u00adsi\u00advi\u00adt\u00e9 de la plu\u00adpart des membres de groupes locaux a men\u00e9 tout droit au cen\u00adtra\u00adlisme. D\u2019ailleurs, des groupes d\u00e9j\u00e0 faibles peuvent \u00eatre main\u00adte\u00adnus en vie plus faci\u00adle\u00adment avec l\u2019aide d\u2019une bureau\u00adcra\u00adtie orga\u00adni\u00ads\u00e9e. Mais il faut mettre en lumi\u00e8re le fait que c\u2019est la forme d\u2019organisation des asso\u00adcia\u00adtions paci\u00adfistes qui a pro\u00advo\u00adqu\u00e9 en grande par\u00adtie le manque de vita\u00adli\u00adt\u00e9 et de viva\u00adci\u00adt\u00e9 des membres.<\/p>\n<p style=\"text-align: justify;\">Le refus qu\u2019exprime le som\u00admet de la hi\u00e9\u00adrar\u00adchie de trans\u00adf\u00e9\u00adrer \u00e0 la base la res\u00adpon\u00adsa\u00adbi\u00adli\u00adt\u00e9 d\u2019un bon tra\u00advail paci\u00adfiste \u00f4te au membre indi\u00advi\u00adduel la confiance dans ses sen\u00adti\u00adments impul\u00adsifs et dans ses capa\u00adci\u00adt\u00e9s cr\u00e9atrices.<br>\nReve\u00adnons-en \u00e0 <em>Direkte Aktion<\/em>. Il est pos\u00adsible que les choses soient all\u00e9es par\u00adti\u00adcu\u00adli\u00e8\u00adre\u00adment mal \u00e0 Hanovre, peut-\u00eatre la vie des groupes paci\u00adfistes est-elle plus ani\u00adm\u00e9e et plus cr\u00e9a\u00adtrice dans les autres villes d\u2019Allemagne f\u00e9d\u00e9rale.<\/p>\n<p style=\"text-align: justify;\">Je ne parle pas du nombre des adh\u00e9\u00adrents, mais de l\u2019impression pro\u00adfonde de ceux qui par\u00adti\u00adcipent au tra\u00advail. Des conver\u00adsa\u00adtions avec d\u2019autres amis m\u2019ont cepen\u00addant assu\u00adr\u00e9 que ces cir\u00adcons\u00adtances ne sont pas limi\u00adt\u00e9es localement.<\/p>\n<p style=\"text-align: justify;\">\u00c0 Hanovre s\u2019\u00e9tablirent donc une dis\u00adcus\u00adsion et une cor\u00adres\u00adpon\u00addance avec des amis d\u2019Allemagne et de l\u2019\u00e9tranger. O\u00f9 le mou\u00adve\u00adment paci\u00adfiste tra\u00addi\u00adtion\u00adnel fait-il \u00e9chec&nbsp;?<\/p>\n<p style=\"text-align: justify;\">Que peut-on oppo\u00adser \u00e0 la bureau\u00adcra\u00adtie des orga\u00adni\u00adsa\u00adtions pacifistes&nbsp;?<\/p>\n<p style=\"text-align: justify;\">Qu\u2019est-ce qu\u2019une action directe&nbsp;?<\/p>\n<p style=\"text-align: justify;\">Com\u00adment lier et ren\u00adfor\u00adcer les contacts internationaux&nbsp;?<\/p>\n<p style=\"text-align: justify;\">Une ques\u00adtion n\u00e9an\u00admoins resur\u00adgis\u00adsait sans cesse&nbsp;: pour\u00adquoi ne pas cr\u00e9er un organe qui offri\u00adrait la pos\u00adsi\u00adbi\u00adli\u00adt\u00e9 de mener la dis\u00adcus\u00adsion sur une base plus&nbsp;large&nbsp;?<\/p>\n<p style=\"text-align: justify;\">Cet organe fut <em>Direkte Aktion<\/em>. Et voi\u00adci ses t\u00e2ches propres&nbsp;:<\/p>\n<ol style=\"text-align: justify;\">\n<li>Dis\u00adcus\u00adsion sur la ques\u00adtion&nbsp;: une action directe non vio\u00adlente est-elle le moyen appro\u00adpri\u00e9 de rem\u00adpor\u00adter des suc\u00adc\u00e8s locaux sur l\u2019appareil tota\u00adli\u00adtaire de l\u2019\u00c9tat et de l\u2019arm\u00e9e&nbsp;?<\/li>\n<li>D\u00e9pas\u00adse\u00adment de l\u2019action paci\u00adfiste mono\u00adpo\u00adlis\u00adtique dont la bureau\u00adcra\u00adtie ali\u00e8ne l\u2019individu \u00e0 l\u2019id\u00e9e de&nbsp;paix.<\/li>\n<li>Ten\u00adta\u00adtive de r\u00e9orien\u00adter le mou\u00adve\u00adment paci\u00adfiste selon des normes d\u00e9centralis\u00e9es.<\/li>\n<li>For\u00adma\u00adtion d\u2019un groupe local. Ce groupe r\u00e9duit rev\u00eat une signi\u00adfi\u00adca\u00adtion par\u00adti\u00adcu\u00adli\u00e8re en ser\u00advant de champ d\u2019exp\u00e9rience pour des ten\u00adta\u00adtives ana\u00adlogues en Alle\u00admagne f\u00e9d\u00e9rale,<\/li>\n<\/ol>\n<p style=\"text-align: justify;\">Un groupe qui, \u00e0 mon avis, ne doit pas comp\u00adter plus de dix ou quinze membres peut four\u00adnir un tra\u00advail consi\u00add\u00e9\u00adrable. Je vou\u00addrais ici expli\u00adquer quelles sont ses possibilit\u00e9s&nbsp;:<\/p>\n<ol style=\"text-align: justify;\">\n<li>Tra\u00advail paci\u00adfiste inten\u00adsif, hors de toute bureaucratie.<\/li>\n<li>Vie com\u00admu\u00adnau\u00adtaire plus stable, puisque le groupe reste un cercle d\u2019amis gr\u00e2ce \u00e0 son nombre restreint.<\/li>\n<li>R\u00e9a\u00adli\u00adsa\u00adtion d\u2019une d\u00e9mo\u00adcra\u00adtie directe et liber\u00adtaire dans le cadre du groupe, puisque sta\u00adtuts et charte sont inutiles.<\/li>\n<\/ol>\n<p style=\"text-align: justify;\">Les pos\u00adsi\u00adbi\u00adli\u00adt\u00e9s qui conduisent d\u2019une com\u00admu\u00adnau\u00adt\u00e9 de tra\u00advail \u00e0 une com\u00admu\u00adnau\u00adt\u00e9 plus large ne peuvent \u00eatre qu\u2019indiqu\u00e9es et non dis\u00adcu\u00adt\u00e9es&nbsp;ici.<\/p>\n<p style=\"text-align: justify;\">Il faut le dire clai\u00adre\u00adment, le cercle qui sou\u00adtient <em>Direkte Aktion<\/em> n\u2019est pas encore sor\u00adti du stade de la dis\u00adcus\u00adsion. Ce que nous avons obte\u00adnu est d\u2019avoir gagn\u00e9 de nou\u00adveaux amis qui s\u2019int\u00e9ressent aux ques\u00adtions pos\u00e9es dans cet essai. De plus, nous avons affer\u00admi notre groupe \u00e0 tra\u00advers le tra\u00advail com\u00admun. Nous entre\u00adpre\u00adnons aus\u00adsi main\u00adte\u00adnant des actions propres. Je ne sais o\u00f9 cela nous condui\u00adra&nbsp;; je me per\u00admets n\u00e9an\u00admoins de par\u00adler au nom de mes amis en disant qu\u2019\u00e0 c\u00f4t\u00e9 des suc\u00adc\u00e8s nous avons aus\u00adsi pr\u00e9\u00advu des contre\u00adcoups dans notre travail.<\/p>\n<p style=\"text-align: right;\">Joa\u00adchim&nbsp;Dunz<\/p>\n<\/div>\n","protected":false},"excerpt":{"rendered":"<p>Cet article est tir\u00e9 de la publi\u00adca\u00adtion d\u2019un groupe de jeunes paci\u00adfistes de Hanovre. Sans repr\u00e9\u00adsen\u00adter toute l\u2019opinion du groupe, il se veut une contri\u00adbu\u00adtion \u00e0 sa r\u00e9flexion et \u00e0 la d\u00e9fi\u00adni\u00adtion de ses t\u00e2ches. Le p\u00e9rio\u00addique Direkte Aktion fur Gewalt\u00adlo\u00adsig\u00adkeit in Der Gesell\u00adschaft, \u00ab&nbsp;Action directe pour la non-vio\u00ad\u00adlence dans la soci\u00e9\u00adt\u00e9&nbsp;\u00bb, est n\u00e9 d\u2019une [\u2026]<\/p>\n","protected":false},"author":83,"featured_media":5183,"comment_status":"closed","ping_status":"closed","sticky":false,"template":"wp-custom-template-page-d-article","format":"standard","meta":{"wp_typography_post_enhancements_disabled":false,"footnotes":""},"categories":[26],"tags":[],"ppma_author":[750],"class_list":["post-202","post","type-post","status-publish","format-standard","has-post-thumbnail","hentry","category-anarchisme-et-non-violence-na4-avril-1966"],"authors":[{"term_id":750,"user_id":83,"is_guest":0,"slug":"joachim-dunz","display_name":"Joachim Dunz","avatar_url":"https:\/\/secure.gravatar.com\/avatar\/d938b777f840986808707d56dfecac93f0d78c8da1a4ebbbc229256ff39f18f2?s=96&d=mm&r=g","author_category":"","user_url":"","last_name":"Dunz","first_name":"Joachim","job_title":"","description":""}],"_links":{"self":[{"href":"https:\/\/la-presse-anarchiste.net\/index.php\/wp-json\/wp\/v2\/posts\/202","targetHints":{"allow":["GET"]}}],"collection":[{"href":"https:\/\/la-presse-anarchiste.net\/index.php\/wp-json\/wp\/v2\/posts"}],"about":[{"href":"https:\/\/la-presse-anarchiste.net\/index.php\/wp-json\/wp\/v2\/types\/post"}],"author":[{"embeddable":true,"href":"https:\/\/la-presse-anarchiste.net\/index.php\/wp-json\/wp\/v2\/users\/83"}],"replies":[{"embeddable":true,"href":"https:\/\/la-presse-anarchiste.net\/index.php\/wp-json\/wp\/v2\/comments?post=202"}],"version-history":[{"count":3,"href":"https:\/\/la-presse-anarchiste.net\/index.php\/wp-json\/wp\/v2\/posts\/202\/revisions"}],"predecessor-version":[{"id":7045,"href":"https:\/\/la-presse-anarchiste.net\/index.php\/wp-json\/wp\/v2\/posts\/202\/revisions\/7045"}],"wp:featuredmedia":[{"embeddable":true,"href":"https:\/\/la-presse-anarchiste.net\/index.php\/wp-json\/wp\/v2\/media\/5183"}],"wp:attachment":[{"href":"https:\/\/la-presse-anarchiste.net\/index.php\/wp-json\/wp\/v2\/media?parent=202"}],"wp:term":[{"taxonomy":"category","embeddable":true,"href":"https:\/\/la-presse-anarchiste.net\/index.php\/wp-json\/wp\/v2\/categories?post=202"},{"taxonomy":"post_tag","embeddable":true,"href":"https:\/\/la-presse-anarchiste.net\/index.php\/wp-json\/wp\/v2\/tags?post=202"},{"taxonomy":"author","embeddable":true,"href":"https:\/\/la-presse-anarchiste.net\/index.php\/wp-json\/wp\/v2\/ppma_author?post=202"}],"curies":[{"name":"wp","href":"https:\/\/api.w.org\/{rel}","templated":true}]}}