{"id":2027,"date":"1887-06-01T00:01:26","date_gmt":"1887-06-01T00:01:26","guid":{"rendered":"https:\/\/la-presse-anarchiste.net\/index.php\/2009\/02\/24\/les-jeunes\/"},"modified":"2024-04-30T06:42:23","modified_gmt":"2024-04-30T06:42:23","slug":"les-jeunes","status":"publish","type":"post","link":"https:\/\/la-presse-anarchiste.net\/index.php\/1887\/06\/01\/les-jeunes\/","title":{"rendered":"Les jeunes"},"content":{"rendered":"<div class=\"pdfprnt-buttons pdfprnt-buttons-post pdfprnt-top-right\"><a href=\"https:\/\/la-presse-anarchiste.net\/index.php\/wp-json\/wp\/v2\/posts\/2027?print=pdf\" class=\"pdfprnt-button pdfprnt-button-pdf\" target=\"_blank\"><img decoding=\"async\" src=\"https:\/\/la-presse-anarchiste.net\/wp-content\/plugins\/pdf-print\/images\/pdf.png\" alt=\"image_pdf\" title=\"Afficher le PDF\"><\/a><a href=\"https:\/\/la-presse-anarchiste.net\/index.php\/wp-json\/wp\/v2\/posts\/2027?print=print\" class=\"pdfprnt-button pdfprnt-button-print\" target=\"_blank\"><img decoding=\"async\" src=\"https:\/\/la-presse-anarchiste.net\/wp-content\/plugins\/pdf-print\/images\/print.png\" alt=\"image_print\" title=\"Contenu imprim\u00e9\"><\/a><\/div><p>Je ne suis plus jeune et je le regrette, mais, contrai\u00adre\u00adment aux vieux moroses, j\u2019ai conser\u00adv\u00e9 une vive sym\u00adpa\u00adthie pour les jeunes et je viens les d\u00e9fendre contre les attaques dont ils sont l\u2019ob\u00adjet depuis quelque temps.<\/p>\n<p>On les accuse de venir \u00e0 tout ins\u00adtant jeter des b\u00e2tons dans les roues et g\u00eaner la pro\u00adpa\u00adgande anar\u00adchiste \u00ab&nbsp;s\u00e9rieuse&nbsp;\u00bb par leurs insup\u00adpor\u00adtables coups de&nbsp;t\u00eate.<\/p>\n<p>Sont-ils vrai\u00adment aus\u00adsi insup\u00adpor\u00adtables que cela et ne peut-on leur pas\u00adser leur pro\u00adpa\u00adgande un peu \u00ab&nbsp;\u00e0 la diable&nbsp;\u00bb, je l\u2019ad\u00admets, en rai\u00adson de leur sin\u00adc\u00e9\u00adri\u00adt\u00e9 et de leur d\u00e9vouement.<\/p>\n<p>Leur amour de l\u2019au\u00adto\u00adno\u00admie indi\u00advi\u00adduelle ne les emp\u00eache pas d\u2019a\u00advoir quelques fois, sou\u00advent m\u00eame, des id\u00e9es pra\u00adtiques&nbsp;: la ligue des anti-patriotes, le mani\u00adfeste aux conscrits, la vente des jour\u00adnaux et des bro\u00adchures anar\u00adchistes dans toutes les r\u00e9unions, t\u00e9moignent assez en leur faveur.<\/p>\n<p>\u00ab&nbsp;S\u2019ils ne sont pas arri\u00adv\u00e9s \u00e0 d\u00e9bar\u00adras\u00adser leurs id\u00e9es des quelques n\u00e9bu\u00adlo\u00adsi\u00adt\u00e9s qui les obs\u00adcur\u00adcissent encore, s\u2019il leur reste dans l\u2019es\u00adprit quelques aspi\u00adra\u00adtions vagues et non encore d\u00e9fi\u00adnies&nbsp;\u00bb, lais\u00adsez-les se for\u00admer, lais\u00adsez-les jeter leur gourme et rapi\u00adde\u00adment cela passera.<\/p>\n<p>Au lieu de pon\u00adti\u00adfier, au lieu de les bla\u00adguer de loin et de leur repro\u00adcher leur inex\u00adp\u00e9\u00adrience de la lutte, faites donc comme moi et quelques autres venez au milieu d\u2019eux non en pro\u00adfes\u00adseurs mais en amis, non en pions mais en cama\u00adrades, et vous aban\u00addon\u00adne\u00adrez bien vite vos injustes pr\u00e9ventions.<\/p>\n<p>Au lieu d\u2019\u00e9\u00adcrire pr\u00e9\u00adten\u00adtieu\u00adse\u00adment de lourds articles dans un jour\u00adnal fer\u00adm\u00e9, au lieu de dis\u00adcu\u00adter entre vous dans un groupe plus fer\u00adm\u00e9 encore, m\u00ealez-vous un peu plus \u00e0 la lutte, faites un peu plus de pro\u00adpa\u00adgande active et vous juge\u00adrez mieux les choses parce que vous les ver\u00adrez&nbsp;mieux.<\/p>\n<p>La pro\u00adpa\u00adgande des jeunes n\u2019est exempte de quelques exa\u00adg\u00e9\u00adra\u00adtions de lan\u00adgage, je le recon\u00adnais&nbsp;; des attaques pu\u00e9\u00adriles et inutiles contre quelques per\u00adson\u00adna\u00adli\u00adt\u00e9s peuvent per\u00admettre \u00ab&nbsp;aux d\u00e9tra\u00adqu\u00e9s et aux mal\u00adin\u00adten\u00adtion\u00adn\u00e9s de mettre sur le dos des id\u00e9es anar\u00adchistes des actes et des th\u00e9o\u00adries qui en sont la n\u00e9ga\u00adtion&nbsp;\u00bb, c\u2019est bien pos\u00adsible&nbsp;; mais pour\u00adquoi ne quit\u00adtez vous pas votre Olympe et ne venez-vous pas d\u00e9ve\u00adlop\u00adper les vraies th\u00e9o\u00adries et affir\u00admer les vrais&nbsp;actes&nbsp;?<\/p>\n<p>Mais il est plus com\u00admode de cri\u00adti\u00adquer et plus doux encore de ne rien&nbsp;faire.<\/p>\n<p>Pen\u00addant que vous chan\u00adtez la romance de Gala\u00adth\u00e9e, les jeunes s\u2019a\u00adgitent et tra\u00advaillent, comme ils savent.<\/p>\n<p>Si vous les fr\u00e9\u00adquen\u00adtiez un pas plus, vous ver\u00adriez avec quelle cor\u00addia\u00adli\u00adt\u00e9 ils accueillent tout anar\u00adchiste s\u00e9rieux (?) qui vient sans morgue avec eux, vous ver\u00adriez avec quelle bonne volon\u00adt\u00e9 ils s\u2019ef\u00adforcent de ne pas le g\u00eaner, avec quel d\u00e9voue\u00adment ils lui pr\u00eatent leur concours.<\/p>\n<p>Ils ne veulent pas par exemple s\u2019ef\u00adfa\u00adcer com\u00adpl\u00e8\u00adte\u00adment devant lui, ni se lais\u00adser absor\u00adber et ils ont bou\u00adgre\u00adment rai\u00adson. Pas de f\u00e9tiche&nbsp;! pas de dogme&nbsp;! et sur\u00adtout pas de grands pr\u00eatres&nbsp;!<\/p>\n<p>Ose\u00adriez-vous le leur reprocher&nbsp;?<\/p>\n<p>S\u2019il y eut quelques gami\u00adne\u00adries de com\u00admises \u00e0 la r\u00e9union du th\u00e9\u00e2tre du Ch\u00e2\u00adteau d\u2019Eau, je ne crains pas d\u2019af\u00adfir\u00admer qu\u2019elles eussent \u00e9t\u00e9 \u00e9vi\u00adt\u00e9es si quel\u00adqu\u2019un eut \u00e9t\u00e9 l\u00e0, en qui les jeunes eussent eu confiance, pour com\u00adbattre les radi\u00adcaux par la parole.<\/p>\n<p>Pour\u00adquoi per\u00adsonne de vous n\u2019y \u00e9tait&nbsp;il&nbsp;?<\/p>\n<p>En r\u00e9sume, \u00e0 part le Mee\u00adting de la Boule Noire, o\u00f9 jeunes et vieux ont don\u00adn\u00e9 avec ensemble, toute la pro\u00adpa\u00adgande a \u00e9t\u00e9 faite par les jeunes et ceux qui les aiment.<\/p>\n<p>Qui a cre\u00e9 la ligue des anti-patriotes et en a pro\u00adpa\u00adg\u00e9 les prin\u00adcipes&nbsp;? <i>Les Jeunes<\/i>.<\/p>\n<p>Quels sont les membres les plus actifs des anti-pro\u00adpri\u00e9\u00adtaire&nbsp;? <i>Les Jeunes<\/i>.<\/p>\n<p>Qui a pr\u00ea\u00adt\u00e9 aux cos\u00admo\u00adpo\u00adlites un concours d\u00e9vou\u00e9&nbsp;? <i>Les Jeunes<\/i>.<\/p>\n<p>Qui a sui\u00advi et sou\u00adte\u00adnu la cam\u00adpagne contre les bureaux de pla\u00adce\u00adment&nbsp;? <i>Les Jeunes<\/i>.<\/p>\n<p>Qui a g\u00ean\u00e9 les radi\u00adcaux dans leurs ten\u00adta\u00adtives de pro\u00adpa\u00adgande au Cirque d\u2019\u00c9\u00adt\u00e9, au Ch\u00e2\u00adteau d\u2019Eau et au Gym\u00adnase Chris\u00admans&nbsp;? <i>Les Jeunes<\/i>.<\/p>\n<p>Qui pro\u00adfite de la p\u00e9riode \u00e9lec\u00adto\u00adrale pour faire de la pro\u00adpa\u00adgande&nbsp;? <i>Les Jeunes et leurs amis<\/i>.<\/p>\n<p>Et vous, leurs d\u00e9trac\u00adteurs, qu\u2019a\u00advez vous fait pen\u00addant qu\u2019ils se mul\u00adti\u00adpliaient ain\u00adsi&nbsp;?&nbsp;RIEN.<\/p>\n<p>VIVENT LES GOSSES&nbsp;!<\/p>\n<p style=\"text-align: right;\">A. Ten\u00adne\u00advin<\/p>\n","protected":false},"excerpt":{"rendered":"<p>Je ne suis plus jeune et je le regrette, mais, contrai\u00adre\u00adment aux vieux moroses, j\u2019ai conser\u00adv\u00e9 une vive sym\u00adpa\u00adthie pour les jeunes et je viens les d\u00e9fendre contre les attaques dont ils sont l\u2019ob\u00adjet depuis quelque temps. On les accuse de venir \u00e0 tout ins\u00adtant jeter des b\u00e2tons dans les roues et g\u00eaner la propagande&nbsp;[\u2026]<\/p>\n","protected":false},"author":96,"featured_media":5312,"comment_status":"closed","ping_status":"closed","sticky":false,"template":"wp-custom-template-page-d-article","format":"standard","meta":{"wp_typography_post_enhancements_disabled":false,"footnotes":""},"categories":[258],"tags":[600],"ppma_author":[762],"class_list":["post-2027","post","type-post","status-publish","format-standard","has-post-thumbnail","hentry","category-lautonomie-individuelle-na2-juin-1887","tag-jeunesse"],"authors":[{"term_id":762,"user_id":96,"is_guest":0,"slug":"alexandre-tennevin","display_name":"Alexandre Tennevin","avatar_url":"https:\/\/secure.gravatar.com\/avatar\/75fb241bade212c6e9669e719e0e418803aa0d5d6db66f1571aabc63a527805e?s=96&d=mm&r=g","author_category":"","user_url":"","last_name":"Tennevin","first_name":"Alexandre","job_title":"","description":"<a href=\"https:\/\/maitron.fr\/spip.php?article154223\">Sa notice dans le Maitron.<\/a>"}],"_links":{"self":[{"href":"https:\/\/la-presse-anarchiste.net\/index.php\/wp-json\/wp\/v2\/posts\/2027","targetHints":{"allow":["GET"]}}],"collection":[{"href":"https:\/\/la-presse-anarchiste.net\/index.php\/wp-json\/wp\/v2\/posts"}],"about":[{"href":"https:\/\/la-presse-anarchiste.net\/index.php\/wp-json\/wp\/v2\/types\/post"}],"author":[{"embeddable":true,"href":"https:\/\/la-presse-anarchiste.net\/index.php\/wp-json\/wp\/v2\/users\/96"}],"replies":[{"embeddable":true,"href":"https:\/\/la-presse-anarchiste.net\/index.php\/wp-json\/wp\/v2\/comments?post=2027"}],"version-history":[{"count":2,"href":"https:\/\/la-presse-anarchiste.net\/index.php\/wp-json\/wp\/v2\/posts\/2027\/revisions"}],"predecessor-version":[{"id":5343,"href":"https:\/\/la-presse-anarchiste.net\/index.php\/wp-json\/wp\/v2\/posts\/2027\/revisions\/5343"}],"wp:featuredmedia":[{"embeddable":true,"href":"https:\/\/la-presse-anarchiste.net\/index.php\/wp-json\/wp\/v2\/media\/5312"}],"wp:attachment":[{"href":"https:\/\/la-presse-anarchiste.net\/index.php\/wp-json\/wp\/v2\/media?parent=2027"}],"wp:term":[{"taxonomy":"category","embeddable":true,"href":"https:\/\/la-presse-anarchiste.net\/index.php\/wp-json\/wp\/v2\/categories?post=2027"},{"taxonomy":"post_tag","embeddable":true,"href":"https:\/\/la-presse-anarchiste.net\/index.php\/wp-json\/wp\/v2\/tags?post=2027"},{"taxonomy":"author","embeddable":true,"href":"https:\/\/la-presse-anarchiste.net\/index.php\/wp-json\/wp\/v2\/ppma_author?post=2027"}],"curies":[{"name":"wp","href":"https:\/\/api.w.org\/{rel}","templated":true}]}}