{"id":2031,"date":"1887-07-01T00:05:37","date_gmt":"1887-07-01T00:05:37","guid":{"rendered":"https:\/\/la-presse-anarchiste.net\/index.php\/2009\/02\/26\/legalite-sociale\/"},"modified":"2024-04-30T11:22:34","modified_gmt":"2024-04-30T11:22:34","slug":"legalite-sociale","status":"publish","type":"post","link":"https:\/\/la-presse-anarchiste.net\/index.php\/1887\/07\/01\/legalite-sociale\/","title":{"rendered":"L\u2019\u00e9galit\u00e9 sociale"},"content":{"rendered":"<div class=\"pdfprnt-buttons pdfprnt-buttons-post pdfprnt-top-right\"><a href=\"https:\/\/la-presse-anarchiste.net\/index.php\/wp-json\/wp\/v2\/posts\/2031?print=pdf\" class=\"pdfprnt-button pdfprnt-button-pdf\" target=\"_blank\"><img decoding=\"async\" src=\"https:\/\/la-presse-anarchiste.net\/wp-content\/plugins\/pdf-print\/images\/pdf.png\" alt=\"image_pdf\" title=\"Afficher le PDF\"><\/a><a href=\"https:\/\/la-presse-anarchiste.net\/index.php\/wp-json\/wp\/v2\/posts\/2031?print=print\" class=\"pdfprnt-button pdfprnt-button-print\" target=\"_blank\"><img decoding=\"async\" src=\"https:\/\/la-presse-anarchiste.net\/wp-content\/plugins\/pdf-print\/images\/print.png\" alt=\"image_print\" title=\"Contenu imprim\u00e9\"><\/a><\/div><p style=\"text-align: justify;\">\u00ab&nbsp;L\u2019\u00e9\u00adga\u00adli\u00adt\u00e9 sociale r\u00eav\u00e9e par les r\u00e9vo\u00adlu\u00adtion\u00adnaires\u200a\u2014\u200adisent les mir\u00admi\u00addons de l\u2019\u00e9\u00adco\u00adno\u00admie poli\u00adtique\u200a\u2014\u200ane peut exis\u00adter. En fait d\u2019\u00e9\u00adga\u00adli\u00adt\u00e9, il n\u2019y a qu\u2019un prin\u00adcipe vrai, l\u2019\u00e9\u00adga\u00adli\u00adt\u00e9 devant la Loi. Tout le reste n\u2019est que chi\u00adm\u00e8re et impossibilit\u00e9.&nbsp;\u00bb<\/p>\n<p style=\"text-align: justify;\">Voi\u00adl\u00e0 qui est enten\u00addu&nbsp;; en fait d\u2019\u00e9\u00adga\u00adli\u00adt\u00e9, il n\u2019y a qu\u2019un prin\u00adcipe vrai&nbsp;: l\u2019\u00e9\u00adga\u00adli\u00adt\u00e9 devant la loi bour\u00adgeoise. Mais cette \u00e9ga\u00adli\u00adt\u00e9 devant la loi n\u2019existe m\u00eame pas. Ladite loi a tout bon\u00adne\u00adment \u00e9t\u00e9 faite contre les tra\u00advailleurs opprim\u00e9s.<\/p>\n<p style=\"text-align: justify;\">Il serait abso\u00adlu\u00adment illo\u00adgique d\u2019at\u00adtendre qu\u2019ils ren\u00addissent des arr\u00eats contre les capi\u00adta\u00adlistes, ces m\u00eames juges qui, empri\u00adson\u00adnant un mal\u00adheu\u00adreux qui a d\u00e9ro\u00adb\u00e9 un pain, laissent en liber\u00adt\u00e9 le voleur de millions.<\/p>\n<p style=\"text-align: justify;\">Quant \u00e0 l\u2019\u00e9\u00adga\u00adli\u00adt\u00e9 sociale que nos enne\u00admis d\u00e9clarent uto\u00adpie, nous sou\u00adte\u00adnons, nous, qu\u2019elle peut et doit par\u00adfai\u00adte\u00adment exister.<\/p>\n<p style=\"text-align: justify;\">Il y a dans la soci\u00e9\u00adt\u00e9 actuelle deux classes dont les int\u00e9\u00adr\u00eats sont abso\u00adlu\u00adment anta\u00adgo\u00adnistes&nbsp;: d\u2019un c\u00f4t\u00e9 le pro\u00adl\u00e9\u00adta\u00adriat, c\u2019est-\u00e0-dire la majo\u00adri\u00adt\u00e9 tra\u00advailleuse et souf\u00adfrante&nbsp;; de l\u2019autre, la classe capi\u00adta\u00adliste, c\u2019est-\u00e0-dire la mino\u00adri\u00adt\u00e9 oisive qui vit dans l\u2019o\u00adpu\u00adlence, tan\u00addis que les pro\u00adl\u00e9\u00adtaires pro\u00adduisent et ne peuvent consom\u00admer sui\u00advant leurs besoins.<\/p>\n<p style=\"text-align: justify;\">Ce que les socia\u00adlistes veulent, c\u2019est sup\u00adpri\u00admer la classe des oisifs&nbsp;; de cette fa\u00e7on l\u2019\u00e9\u00adga\u00adli\u00adt\u00e9<i> de fait <\/i>qui est le corol\u00adlaire ou plu\u00adt\u00f4t la condi\u00adtion pri\u00admor\u00addiale de la Liber\u00adt\u00e9, pour\u00adra exister.<\/p>\n<p style=\"text-align: justify;\">Nous nous expliquons&nbsp;:<\/p>\n<p style=\"text-align: justify;\">La pro\u00adpri\u00e9\u00adt\u00e9 indi\u00advi\u00adduelle est le fruit du tra\u00advail des autres et la r\u00e9com\u00adpense de la paresse. Ce qu\u2019il faut, c\u2019est abo\u00adlir la pro\u00adpri\u00e9\u00adt\u00e9 indi\u00advi\u00adduelle, source de tous les maux et de toutes les mis\u00e8res.<\/p>\n<p style=\"text-align: justify;\">Ce qu\u2019il faut, c\u2019est que les tra\u00advailleurs jouisse du pro\u00adduit int\u00e9\u00adgral de leur tra\u00advail&nbsp;; ce qu\u2019il faut, c\u2019est qu\u2019il n\u2019y ait plus de capi\u00adta\u00adlistes avides de jouis\u00adsances et de luxe, qui mono\u00adpo\u00adlisent les richesses pro\u00adduites par les tra\u00advailleurs et dont ces der\u00adniers devraient \u00eatre seuls \u00e0 pro\u00adfi\u00adter ce qu\u2019il faut, en un mot, c\u2019est d\u00e9truire l\u2019ex\u00adploi\u00adta\u00adtion patro\u00adnale, faire dis\u00adpa\u00adra\u00eetre l\u2019op\u00adpres\u00adsion capitaliste.<\/p>\n<p style=\"text-align: justify;\">Et cela se fera bien\u00adt\u00f4t, car il est impos\u00adsible que les yeux des tra\u00advailleurs ne se des\u00adsillent pas \u00e0 la fin&nbsp;; il est impos\u00adsible qu\u2019ils se laissent oppri\u00admer \u00e9ter\u00adnel\u00adle\u00adment&nbsp;; il est impos\u00adsible qu\u2019ils ne secouent pas, un jour, l\u2019hor\u00adrible r\u00e9si\u00adgna\u00adtion qui les domine. Les tra\u00advailleurs, las de tant de mis\u00e8res, fini\u00adront bien par se r\u00e9volter.<\/p>\n<p style=\"text-align: justify;\">Elle \u00e9cla\u00adte\u00adra bien\u00adt\u00f4t, la grande r\u00e9volte des d\u00e9sh\u00e9\u00adri\u00adt\u00e9s des deux mondes&nbsp;; le moment des grandes luttes sociales n\u2019est pas \u00e9loi\u00adgn\u00e9. Il faut qu\u2019un bou\u00adle\u00adver\u00adse\u00adment ter\u00adrible \u00e9clate non pas seule\u00adment en France, mais par\u00adtout, dans tous les pays sans excep\u00adtion\u200a\u2014\u200acar dans tous quel que soit leur r\u00e9gime, imp\u00e9\u00adria\u00adliste, roya\u00adliste ou r\u00e9pu\u00adbli\u00adcain, l\u2019ex\u00adploi\u00adta\u00adtion de l\u2019homme par l\u2019homme s\u2019\u00e9\u00adtale dans toute sa hideur.<\/p>\n<p style=\"text-align: justify;\">Ah&nbsp;! bour\u00adgeois timo\u00adr\u00e9s, vous pou\u00advez nous accu\u00adser d\u2019u\u00adto\u00adpisme&nbsp;; vous sen\u00adtez que votre fin approche et que l\u2019\u00e8re de l\u2019\u00e9\u00adga\u00adli\u00adt\u00e9 et de la jus\u00adtice va enfin s\u2019ou\u00advrir&nbsp;; vous trem\u00adblez en enten\u00addant les mur\u00admures du peuple pr\u00eat \u00e0 la vengeance.<\/p>\n<p style=\"text-align: justify;\">Si la col\u00e8re des tra\u00advailleurs sera ter\u00adrible, votre sang-froid des\u00adpo\u00adtique aura \u00e9t\u00e9 assez atroce.<\/p>\n<p style=\"text-align: justify;\">D\u00e9j\u00e0, on entend gron\u00adder l\u2019i\u00adnon\u00adda\u00adtion popu\u00adlaire qui fera rompre les digues d\u2019i\u00adni\u00adqui\u00adt\u00e9s construites par les tyrans. Plus de dieux, plus de ma\u00eetres, plus d\u2019op\u00adpres\u00adsion&nbsp;! La Libert\u00e9&nbsp;!<\/p>\n<p style=\"text-align: justify;\">Sus \u00e0 l\u2019\u00c9\u00adtat, aux exploi\u00adteurs&nbsp;! et vive la R\u00e9vo\u00adlu\u00adtion internationale.<\/p>\n<p style=\"text-align: right;\">Alain Gou\u00adzien<\/p>\n","protected":false},"excerpt":{"rendered":"<p>\u00ab&nbsp;L\u2019\u00e9\u00adga\u00adli\u00adt\u00e9 sociale r\u00eav\u00e9e par les r\u00e9vo\u00adlu\u00adtion\u00adnaires\u200a\u2014\u200adisent les mir\u00admi\u00addons de l\u2019\u00e9\u00adco\u00adno\u00admie poli\u00adtique\u200a\u2014\u200ane peut exis\u00adter. En fait d\u2019\u00e9\u00adga\u00adli\u00adt\u00e9, il n\u2019y a qu\u2019un prin\u00adcipe vrai, l\u2019\u00e9\u00adga\u00adli\u00adt\u00e9 devant la Loi. Tout le reste n\u2019est que chi\u00adm\u00e8re et impos\u00adsi\u00adbi\u00adli\u00adt\u00e9.&nbsp;\u00bb Voi\u00adl\u00e0 qui est enten\u00addu&nbsp;; en fait d\u2019\u00e9\u00adga\u00adli\u00adt\u00e9, il n\u2019y a qu\u2019un prin\u00adcipe vrai&nbsp;: l\u2019\u00e9\u00adga\u00adli\u00adt\u00e9 devant la loi bour\u00adgeoise. Mais cette \u00e9galit\u00e9&nbsp;[\u2026]<\/p>\n","protected":false},"author":116,"featured_media":5312,"comment_status":"closed","ping_status":"closed","sticky":false,"template":"wp-custom-template-page-d-article","format":"standard","meta":{"wp_typography_post_enhancements_disabled":false,"footnotes":""},"categories":[259],"tags":[],"ppma_author":[780],"class_list":["post-2031","post","type-post","status-publish","format-standard","has-post-thumbnail","hentry","category-lautonomie-individuelle-na3-juillet-1887"],"authors":[{"term_id":780,"user_id":116,"is_guest":0,"slug":"alain-gouzien","display_name":"Alain Gouzien","avatar_url":"https:\/\/secure.gravatar.com\/avatar\/c4ba13a6d8801b6298b154787e58625f21924e2afb9ee4d077aa192dd9bccab6?s=96&d=mm&r=g","author_category":"","user_url":"","last_name":"Gouzien","first_name":"Alain","job_title":"","description":"<a href=\"https:\/\/maitron.fr\/spip.php?article154589\">Sa notice dans le Maitron.<\/a>"}],"_links":{"self":[{"href":"https:\/\/la-presse-anarchiste.net\/index.php\/wp-json\/wp\/v2\/posts\/2031","targetHints":{"allow":["GET"]}}],"collection":[{"href":"https:\/\/la-presse-anarchiste.net\/index.php\/wp-json\/wp\/v2\/posts"}],"about":[{"href":"https:\/\/la-presse-anarchiste.net\/index.php\/wp-json\/wp\/v2\/types\/post"}],"author":[{"embeddable":true,"href":"https:\/\/la-presse-anarchiste.net\/index.php\/wp-json\/wp\/v2\/users\/116"}],"replies":[{"embeddable":true,"href":"https:\/\/la-presse-anarchiste.net\/index.php\/wp-json\/wp\/v2\/comments?post=2031"}],"version-history":[{"count":2,"href":"https:\/\/la-presse-anarchiste.net\/index.php\/wp-json\/wp\/v2\/posts\/2031\/revisions"}],"predecessor-version":[{"id":5656,"href":"https:\/\/la-presse-anarchiste.net\/index.php\/wp-json\/wp\/v2\/posts\/2031\/revisions\/5656"}],"wp:featuredmedia":[{"embeddable":true,"href":"https:\/\/la-presse-anarchiste.net\/index.php\/wp-json\/wp\/v2\/media\/5312"}],"wp:attachment":[{"href":"https:\/\/la-presse-anarchiste.net\/index.php\/wp-json\/wp\/v2\/media?parent=2031"}],"wp:term":[{"taxonomy":"category","embeddable":true,"href":"https:\/\/la-presse-anarchiste.net\/index.php\/wp-json\/wp\/v2\/categories?post=2031"},{"taxonomy":"post_tag","embeddable":true,"href":"https:\/\/la-presse-anarchiste.net\/index.php\/wp-json\/wp\/v2\/tags?post=2031"},{"taxonomy":"author","embeddable":true,"href":"https:\/\/la-presse-anarchiste.net\/index.php\/wp-json\/wp\/v2\/ppma_author?post=2031"}],"curies":[{"name":"wp","href":"https:\/\/api.w.org\/{rel}","templated":true}]}}