{"id":2061,"date":"1922-01-01T00:13:47","date_gmt":"1922-01-01T00:13:47","guid":{"rendered":"https:\/\/la-presse-anarchiste.net\/index.php\/2009\/05\/06\/dans-les-syndicats\/"},"modified":"2024-05-19T17:34:01","modified_gmt":"2024-05-19T17:34:01","slug":"dans-les-syndicats","status":"publish","type":"post","link":"https:\/\/la-presse-anarchiste.net\/index.php\/1922\/01\/01\/dans-les-syndicats\/","title":{"rendered":"Dans les syndicats"},"content":{"rendered":"<div class=\"pdfprnt-buttons pdfprnt-buttons-post pdfprnt-top-right\"><a href=\"https:\/\/la-presse-anarchiste.net\/index.php\/wp-json\/wp\/v2\/posts\/2061?print=pdf\" class=\"pdfprnt-button pdfprnt-button-pdf\" target=\"_blank\"><img decoding=\"async\" src=\"https:\/\/la-presse-anarchiste.net\/wp-content\/plugins\/pdf-print\/images\/pdf.png\" alt=\"image_pdf\" title=\"Afficher le PDF\"><\/a><a href=\"https:\/\/la-presse-anarchiste.net\/index.php\/wp-json\/wp\/v2\/posts\/2061?print=print\" class=\"pdfprnt-button pdfprnt-button-print\" target=\"_blank\"><img decoding=\"async\" src=\"https:\/\/la-presse-anarchiste.net\/wp-content\/plugins\/pdf-print\/images\/print.png\" alt=\"image_print\" title=\"Contenu imprim\u00e9\"><\/a><\/div><p style=\"text-align: justify;\">Les anar\u00adchistes ont com\u00adpris, \u00e0 nou\u00adveau, tout l\u2019in\u00adt\u00e9\u00adr\u00eat qu\u2019il y a, pour assu\u00adrer la pro\u00adpa\u00adga\u00adtion de leurs th\u00e9o\u00adries et de leur bel id\u00e9al, de p\u00e9n\u00e9\u00adtrer dans l\u2019or\u00adga\u00adni\u00adsa\u00adtion syndicale.<\/p>\n<p style=\"text-align: justify;\">Le grou\u00adpe\u00adment \u00e9co\u00adno\u00admique de la classe ouvri\u00e8re leur appa\u00adra\u00eet comme repr\u00e9\u00adsen\u00adtant, par sa forme, sa com\u00adpo\u00adsi\u00adtion et sa struc\u00adture, l\u2019ap\u00adpa\u00adreil sus\u00adcep\u00adtible de faci\u00adli\u00adter l\u2019\u00e9\u00adta\u00adblis\u00adse\u00adment de la soci\u00e9\u00adt\u00e9 qu\u2019ils entrevoient.<\/p>\n<p style=\"text-align: justify;\">Il est donc fort int\u00e9\u00adres\u00adsant de don\u00adner \u00e0 la ques\u00adtion, syn\u00addi\u00adcale une place impor\u00adtante, dans nos \u00e9tudes comme dans nos dis\u00adcus\u00adsions, pour per\u00admettre \u00e0 cha\u00adcun de nous de d\u00e9ter\u00admi\u00adner la posi\u00adtion qu\u2019il est indis\u00adpen\u00adsable de prendre.<\/p>\n<p style=\"text-align: justify;\">Nous devons nous atta\u00adcher \u00e0 obser\u00adver les faits saillants, dont le relief attire plus sp\u00e9\u00adcia\u00adle\u00adment l\u2019at\u00adten\u00adtion des mili\u00adtants, tou\u00adjours en qu\u00eate de connais\u00adsances approfondies.<\/p>\n<p style=\"text-align: justify;\">Nous devons, en face des atti\u00adtudes diverses, et par une \u00e9tude com\u00adpa\u00adra\u00adtive, tirer tous les ensei\u00adgne\u00adments utiles \u00e0 notre propre action.<\/p>\n<p style=\"text-align: justify;\">Nous devons pui\u00adser dans l\u2019ob\u00adjec\u00adti\u00advi\u00adt\u00e9 des expres\u00adsions et mani\u00adfes\u00adta\u00adtions sociales et \u00e9co\u00adno\u00admiques, et aus\u00adsi dans le fatras des argu\u00adments favo\u00adrables ou d\u00e9fa\u00advo\u00adrables, ce qui doit ren\u00adfor\u00adcer nos convic\u00adtions d\u00e9j\u00e0 soli\u00adde\u00adment \u00e9tablies.<\/p>\n<p style=\"text-align: justify;\">Cela, nous pou\u00advons le faire, en sui\u00advant pas \u00e0 pas, les \u00e9v\u00e9\u00adne\u00adments qui se d\u00e9roulent, pr\u00e9\u00adsen\u00adte\u00adment, dans le syn\u00addi\u00adca\u00adlisme. Ce serait man\u00adquer \u00e0 la t\u00e2che qui nous incombe, comme au r\u00f4le qui nous \u00e9choit, que de se d\u00e9s\u00adin\u00adt\u00e9\u00adres\u00adser de la situa\u00adtion angois\u00adsante dans laquelle \u00e9vo\u00adlue le seul mou\u00adve\u00adment sp\u00e9\u00adci\u00adfi\u00adque\u00adment ouvrier.<\/p>\n<p style=\"text-align: justify;\">Pas\u00adsons donc en revue ces quelques semaines \u00e9cou\u00adl\u00e9es, fer\u00adtiles en ensei\u00adgne\u00adments de toutes sortes, dont l\u2019im\u00adpor\u00adtance ne peut nous \u00e9chapper.<\/p>\n<h5 style=\"text-align: center;\"><b>* * * *<\/b><\/h5>\n<p style=\"text-align: justify;\">Le Congr\u00e8s Uni\u00adtaire des 22,. 23 et 24 d\u00e9cembre der\u00adnier, nous four\u00adnit l\u2019oc\u00adca\u00adsion de faire plus d\u2019une consta\u00adta\u00adtion int\u00e9ressante.<\/p>\n<p style=\"text-align: justify;\">Il est indis\u00adcu\u00adtable que c\u2019est devant des actes d\u2019ex\u00adclu\u00adsion consom\u00adm\u00e9s par les \u00ab&nbsp;Gou\u00adver\u00adnants&nbsp;\u00bb conf\u00e9\u00add\u00e9\u00adraux, dont les d\u00e9si\u00adrs de scis\u00adsion se r\u00e9a\u00adli\u00adsaient, que cer\u00adtaines orga\u00adni\u00adsa\u00adtions ont cru devoir faire appel aux Syn\u00addi\u00adcats qui s\u2019\u00e9\u00adtaient for\u00admel\u00adle\u00adment d\u00e9cla\u00adr\u00e9s pour l\u2019u\u00adni\u00adt\u00e9 ouvri\u00e8re.<\/p>\n<p style=\"text-align: justify;\">Une majo\u00adri\u00adt\u00e9 impo\u00adsante s\u2019est pro\u00adnon\u00adc\u00e9e contre la poli\u00adtique du bureau conf\u00e9\u00add\u00e9\u00adral en assis\u00adtant an Congr\u00e8s, et pour\u00adtant ce qu\u2019il est conve\u00adnu d\u2019ap\u00adpe\u00adler \u00ab&nbsp;le crime contre le Pro\u00adl\u00e9\u00adta\u00adriat&nbsp;\u00bb s\u2019est accom\u00adpli par la volon\u00adt\u00e9 de quelques indi\u00advi\u00addus qui se sont abu\u00ads\u00e9s jus\u00adqu\u2019\u00e0 se prendre au s\u00e9rieux en se croyant des chefs, alors qu\u2019ils ne sont m\u00eame pas des hommes. (C\u2019est, au sur\u00adplus, ce qui advient chaque fois qu\u2019un \u00eatre quel\u00adconque a la pr\u00e9\u00adten\u00adtion de vou\u00adloir conduire les autres).<\/p>\n<p style=\"text-align: justify;\">En face d\u2019une telle situa\u00adtion, tous les d\u00e9l\u00e9\u00adgu\u00e9s se sont mis d\u2019ac\u00adcord pour faire conna\u00eetre leur atta\u00adche\u00adment ind\u00e9\u00adfec\u00adtible \u00e0 l\u2019u\u00adnion des exploi\u00adt\u00e9s dans le syn\u00addi\u00adcat. Mais, en revanche, ils se sont bor\u00adn\u00e9s \u00e0 uti\u00adli\u00adser un moyen en hon\u00adneur chez les gou\u00adver\u00adnants, lors\u00adqu\u2019il s\u2019a\u00adgit de recher\u00adcher les res\u00adpon\u00adsa\u00adbi\u00adli\u00adt\u00e9s d\u2019un \u00e9tat de guerre.<\/p>\n<p style=\"text-align: justify;\">Je ne sais si l\u2019on tient \u00e0 jus\u00adti\u00adfier une fois de plus, que la vie est un \u00e9ter\u00adnel recom\u00admen\u00adce\u00adment, mais nous aurons bien\u00adt\u00f4t, je pense, nos livres&nbsp;: blanc, vert, jaune ou rouge, qui, pleins de lettres, cir\u00adcu\u00adlaires, ordres du jour et autres docu\u00adments, seront char\u00adg\u00e9s d\u2019\u00e9\u00adta\u00adblir les responsabilit\u00e9s.<\/p>\n<p style=\"text-align: justify;\">Aus\u00adsi, comme il est \u00e0 craindre que les tra\u00advailleurs ne se perdent dans le maquis de cette nou\u00advelle pro\u00adc\u00e9\u00addure, j\u2019es\u00adtime qu\u2019il est pr\u00e9\u00adf\u00e9\u00adrable de pas\u00adser outre et de nous atta\u00adcher \u00e0 des sujets plus sub\u00adstan\u00adtiels et compr\u00e9hensibles.<\/p>\n<p style=\"text-align: justify;\">La scis\u00adsion\u200a\u2014\u200aque nous eus\u00adsions vou\u00adlu \u00e9vi\u00adter \u00e0 tout prix \u2015 trouve sa source dans une ques\u00adtion fon\u00adda\u00admen\u00adtale de prin\u00adcipe&nbsp;: ici, le syn\u00addi\u00adca\u00adlisme, l\u00e0 sa n\u00e9ga\u00adtion&nbsp;; d\u2019un c\u00f4t\u00e9, la lutte des classes, de l\u2019autre la col\u00adla\u00adbo\u00adra\u00adtion \u00e9troite&nbsp;; d\u2019une part, l\u2019ac\u00adtion directe du tra\u00advailleur, d\u2019autre part, l\u2019i\u00adnac\u00adtion indi\u00adrecte qui r\u00e9sulte d\u2019une poli\u00adtique d\u2019a\u00adter\u00admoie\u00adments et de r\u00e9formes boi\u00adteuses&nbsp;: la Charte d\u2019A\u00admiens dres\u00ads\u00e9e devant le pro\u00adgramme de Saint-Mand\u00e9.<\/p>\n<p style=\"text-align: justify;\">De plus, c\u2019est la liber\u00adt\u00e9 d\u2019o\u00adpi\u00adnion, sans laquelle ne peut vivre le syn\u00addi\u00adca\u00adlisme, qui se trouve vio\u00adl\u00e9e mani\u00adfes\u00adte\u00adment&nbsp;; il est bon d\u2019in\u00adsis\u00adter sur ce point, pour que les masses com\u00adprennent que chaque fois qu\u2019il sera por\u00adt\u00e9 atteinte \u00e0 la liber\u00adt\u00e9 d\u2019o\u00adpi\u00adnion, ce sont elles qui auront \u00e0 en souf\u00adfrir. De cette fa\u00e7on, si d\u2019autres, demain, avaient la m\u00eame pr\u00e9\u00adten\u00adtion, pour un but plus ou moins avou\u00e9, ils ren\u00adcon\u00adtre\u00adraient une telle r\u00e9sis\u00adtance, qu\u2019ils vien\u00addraient s\u2019y bri\u00adser d\u00e9finitivement.<\/p>\n<p style=\"text-align: justify;\">En ce qui nous concerne, pour ajou\u00adter \u00e0 la net\u00adte\u00adt\u00e9 de la posi\u00adtion prise, nous aurions d\u00e9si\u00adr\u00e9 que la ques\u00adtion de fond f\u00fbt d\u00e9bat\u00adtue, car il serait heu\u00adreux que cha\u00adcun com\u00adpr\u00eet que, par\u00adti\u00adsans de la liber\u00adt\u00e9 l\u2019o\u00adpi\u00adnion et du grou\u00adpe\u00adment des tra\u00advailleurs, sans dis\u00adtinc\u00adtion de ten\u00addances, nous sommes appe\u00adl\u00e9s \u00e0 des confron\u00adta\u00adtions d\u2019i\u00add\u00e9es, de th\u00e9o\u00adries et de doc\u00adtrines, et que les d\u00e9bats qui s\u2019ins\u00adti\u00adtue\u00adront ne doivent faire peur \u00e0 per\u00adsonne. Ceux qui ont peur de la dis\u00adcus\u00adsion large et s\u00e9rieuse, avouent impli\u00adci\u00adte\u00adment, qu\u2019ils manquent de confiance dans la valeur des argu\u00adments qui militent en faveur de la th\u00e8se qu\u2019ils d\u00e9fendent.<\/p>\n<h5 style=\"text-align: center;\"><b>* * * *<\/b><\/h5>\n<p style=\"text-align: justify;\">Le Congr\u00e8s mino\u00adri\u00adtaire s\u2019est affir\u00adm\u00e9 davan\u00adtage que celui qui l\u2019a\u00advait pr\u00e9\u00adc\u00e9\u00add\u00e9. Il est vrai que l\u2019in\u00adfluence du Congr\u00e8s uni\u00adtaire s\u2019y est fait s\u00e9rieu\u00adse\u00adment sen\u00adtir et que les d\u00e9bats qui s\u2019y pour\u00adsui\u00advirent, \u00e9taient mar\u00adqu\u00e9s d\u2019un esprit pr\u00e9\u00adpa\u00adr\u00e9 \u00e0 plus de net\u00adte\u00adt\u00e9, de clar\u00adt\u00e9 et de pr\u00e9cision.<\/p>\n<p style=\"text-align: justify;\">On com\u00adpre\u00adnait que les m\u00e9thodes d\u2019obs\u00adcu\u00adran\u00adtisme et de lou\u00advoie\u00adment se trou\u00advaient p\u00e9ri\u00adm\u00e9es, la situa\u00adtion ne per\u00admet\u00adtant pas de prendre une posi\u00adtion acro\u00adba\u00adtique autant qu\u2019instable.<\/p>\n<p style=\"text-align: justify;\">Aus\u00adsi, en dehors de la ques\u00adtion du grou\u00adpe\u00adment de la mino\u00adri\u00adt\u00e9, lorsque la dis\u00adcus\u00adsion se d\u00e9rou\u00adla sur le sujet de la liai\u00adson orga\u00adnique, \u2015 qu\u2019il serait dif\u00adfi\u00adcile, pour ne pas dire impos\u00adsible d\u2019in\u00adter\u00adpr\u00e9\u00adter autre\u00adment que comme une subor\u00addi\u00adna\u00adtion hypo\u00adcrite \u2015 on s\u2019a\u00adper\u00ad\u00e7ut bien vite que les man\u0153uvres et \u00ab&nbsp;com\u00adbi\u00adna\u00adziones&nbsp;\u00bb n\u2019a\u00advaient pas obte\u00adnu le r\u00e9sul\u00adtat qu\u2019en pou\u00advaient attendre ceux qui en furent les auteurs ou interpr\u00e8tes.<\/p>\n<p style=\"text-align: justify;\">Mal\u00adgr\u00e9 toute \u00ab&nbsp;l\u2019au\u00adto\u00adri\u00adt\u00e9&nbsp;\u00bb que conf\u00e8re le titre de membre de l\u2019Ex\u00e9\u00adcu\u00adtif de l\u2019I.S. dite rouge et la \u00ab&nbsp;puis\u00adsance invul\u00adn\u00e9\u00adrable&nbsp;\u00bb que peut pos\u00ads\u00e9\u00adder celui qui revient de <i>l\u00e0-bas<\/i>, apr\u00e8s avoir appro\u00adch\u00e9 les illus\u00adtris\u00adsimes et savan\u00adtis\u00adsismes gou\u00adver\u00adnants mos\u00adco\u00advites, dont les incom\u00adpa\u00adrables connais\u00adsances d\u00e9teignent avec rapi\u00addi\u00adt\u00e9 sur ceux qui \u00e9prouvent&nbsp;: l\u2019i\u00adnef\u00adfable bon\u00adheur d\u2019\u00eatre re\u00e7us par eux, et. Bien&nbsp;! mal\u00adgr\u00e9 tout cela, ce cher Ros\u00admer \u2015 qui ne peut dig\u00e9\u00adrer la pilule \u2015 a \u00e9t\u00e9 bien pauvre sur tous les ter\u00adrains qu\u2019il a effleu\u00adr\u00e9s, y com\u00adpris celui de l\u2019adh\u00e9\u00adsion \u00e0 son Internationale.<\/p>\n<p style=\"text-align: justify;\">Sa le\u00e7on \u00e9tait cer\u00adtai\u00adne\u00adment bien apprise, et nous devons recon\u00adna\u00eetre que son hon\u00adn\u00ea\u00adte\u00adt\u00e9 l\u2019a pous\u00ads\u00e9 jus\u00adqu\u2019\u00e0 des d\u00e9cla\u00adra\u00adtions, d\u00e9pas\u00adsant cer\u00adtai\u00adne\u00adment les limites qui lui avaient \u00e9t\u00e9 assi\u00adgn\u00e9es. Ceci, pour dire que l\u2019on oublie rare\u00adment. qu\u2019il fut un temps o\u00f9 l\u2019on d\u00e9fen\u00addait la v\u00e9ri\u00adt\u00e9 contre le men\u00adsonge, la clar\u00adt\u00e9 contre l\u2019obscurit\u00e9.<\/p>\n<p style=\"text-align: justify;\">Les d\u00e9l\u00e9\u00adgu\u00e9s mino\u00adri\u00adtaires \u2015 la sai\u00adson aidant\u200a\u2014\u200ares\u00adt\u00e8rent froids \u00e0 ses appels qui auraient vou\u00adlu para\u00eetre d\u00e9ses\u00adp\u00e9\u00adr\u00e9s. Ils demeu\u00adr\u00e8rent impas\u00adsibles, lors\u00adqu\u2019ils enten\u00addirent, pour la n<sup>\u00e8me<\/sup> fois, qu\u2019il fal\u00adlait choi\u00adsir entre Amster\u00addam ou Mos\u00adcou, ce qui est une fa\u00e7on comme une autre de cou\u00adper court \u00e0 toute dis\u00adcus\u00adsion, et aus\u00adsi que ceux qui n\u2019adh\u00e8\u00adre\u00adraient pas \u00e0 Mos\u00adcou, seraient. des contre-r\u00e9vo\u00adlu\u00adtion\u00adnaires, \u2014autre fa\u00e7on \u00e0 recom\u00adman\u00adder \u00e0 ceux qui veulent l\u00e9gi\u00adti\u00admer une erreur qu\u2019ils ont pu commettre.<\/p>\n<p style=\"text-align: justify;\">Bien enten\u00addu, tous les cama\u00adrades qui lui suc\u00adc\u00e9\u00add\u00e8rent lui firent com\u00adprendre\u200a\u2014\u200a\u00e0 moins qu\u2019il ne veuille rien entendre,\u200a\u2014\u200aque le temps n\u2019\u00e9\u00adtant plus o\u00f9 l\u2019en\u00adthou\u00adsiasme irr\u00e9\u00adfl\u00e9\u00adchi pou\u00advait encore \u00eatre de mise, il est n\u00e9ces\u00adsaire main\u00adte\u00adnant de s\u2019ex\u00adpli\u00adquer pos\u00e9\u00adment et fran\u00adche\u00adment, pour d\u00e9ter\u00admi\u00adner une atti\u00adtude qui, logi\u00adque\u00adment, sera en contra\u00addic\u00adtion avec celle qu\u2019il a prise et qu\u2019il ne veut pas l\u00e2cher, m\u00eame devant la Raison.<\/p>\n<p style=\"text-align: justify;\">Son insis\u00adtance s\u2019ex\u00adplique assez bien quand on songe que les \u00ab&nbsp;direc\u00adteurs moraux&nbsp;\u00bb\u200a\u2014\u200a\u00f4 com\u00adbien&nbsp;!\u200a\u2014\u200adu syn\u00addi\u00adca\u00adlisme \u00e9taient r\u00e9unis \u00e0 Mar\u00adseille o\u00f9 ils devi\u00adsaient, les yeux per\u00addus\u200a\u2014\u200aet leurs illu\u00adsions aus\u00adsi, pro\u00adba\u00adble\u00adment\u200a\u2014\u200adans la Grand Bleue, sur la p\u00e9n\u00e9\u00adtra\u00adtion et l\u2019emprise poli\u00adtiques dans l\u2019or\u00adga\u00adni\u00adsa\u00adtion \u00e9co\u00adno\u00admique. Et dame&nbsp;! il e\u00fbt \u00e9t\u00e9 sou\u00adhai\u00adtable pour eux, d\u2019a\u00advoir \u00e0 se mettre sous la dent, la mino\u00adri\u00adt\u00e9 syn\u00addi\u00adca\u00adliste, en atten\u00addant que leur soit ser\u00advi la \u00ab&nbsp;bouilla\u00adbaisse&nbsp;\u00bb tra\u00addi\u00adtion\u00adnelle en ce beau&nbsp;pays.<\/p>\n<p style=\"text-align: justify;\">Le contraire s\u2019\u00e9\u00adtant pro\u00adduit, ils se trou\u00adv\u00e8rent sans app\u00e9\u00adtit et ne purent, par cons\u00e9\u00adquent, assi\u00admi\u00adler ce que leur appor\u00adtait le cour\u00adrier de&nbsp;Paris.<\/p>\n<p style=\"text-align: justify;\">Peut-\u00eatre en feront-ils une mala\u00addie, en tous cas, ils r\u00e9di\u00adg\u00e8rent une ordon\u00adnance les concer\u00adnant, o\u00f9 l\u2019on trouve de tout et&nbsp;rien.<\/p>\n<p style=\"text-align: justify;\">C\u2019est ain\u00adsi que soi\u00adgnait le <i>M\u00e9de\u00adcin mal\u00adgr\u00e9 lui<\/i>.<\/p>\n<h5 style=\"text-align: center;\"><b>* * * *<\/b><\/h5>\n<p style=\"text-align: justify;\">Mais ce dont je ne doute pas, c\u2019est qu\u2019ils auront des sur\u00adsauts, qu\u2019il nous faut pr\u00e9\u00advoir, pour qu\u2019ils ne soient dan\u00adge\u00adreux pour per\u00adsonne&nbsp;: c\u2019est une occa\u00adsion pour l\u2019es\u00adprit cri\u00adtique des anar\u00adchistes, de s\u2019exercer.<\/p>\n<p style=\"text-align: justify;\">Les com\u00adpa\u00adgnons ne doivent rien lais\u00adser au hasard, car c\u2019est pour eux une imp\u00e9\u00adrieuse n\u00e9ces\u00adsi\u00adt\u00e9 d\u2019\u00eatre pr\u00eats \u00e0 r\u00e9pondre \u00e0 tontes les ten\u00adta\u00adtives qui seraient diri\u00adg\u00e9es contre le mou\u00adve\u00adment ouvrier qui for\u00adme\u00adra la base \u00e9co\u00adno\u00admique de la soci\u00e9\u00adt\u00e9 r\u00e9g\u00e9n\u00e9r\u00e9e.<\/p>\n<p style=\"text-align: justify;\">Le syn\u00addi\u00adca\u00adlisme a sa place dans l\u2019ac\u00adti\u00advi\u00adt\u00e9 d\u00e9bor\u00addante de ceux qui ont \u00e9pou\u00ads\u00e9 la haute et pure phi\u00adlo\u00adso\u00adphie anar\u00adchiste. En p\u00e9n\u00e9\u00adtrant au syn\u00addi\u00adcat, gr\u00e2ce \u00e0 ses bases, \u00e0 sa forme, comme \u00e0 sa com\u00adpo\u00adsi\u00adtion, ils conser\u00adve\u00adront leur belle ind\u00e9\u00adpen\u00addance et y main\u00adtien\u00addront l\u2019es\u00adprit qui l\u2019a\u00adni\u00admait, lorsque notre regret\u00adt\u00e9 F. Pel\u00adlou\u00adtier lui fit le sacri\u00adfice de sa san\u00adt\u00e9, de sa&nbsp;vie.<\/p>\n<p style=\"text-align: right;\">V\u00e9ber<\/p>\n","protected":false},"excerpt":{"rendered":"<p>Les anar\u00adchistes ont com\u00adpris, \u00e0 nou\u00adveau, tout l\u2019in\u00adt\u00e9\u00adr\u00eat qu\u2019il y a, pour assu\u00adrer la pro\u00adpa\u00adga\u00adtion de leurs th\u00e9o\u00adries et de leur bel id\u00e9al, de p\u00e9n\u00e9\u00adtrer dans l\u2019or\u00adga\u00adni\u00adsa\u00adtion syn\u00addi\u00adcale. Le grou\u00adpe\u00adment \u00e9co\u00adno\u00admique de la classe ouvri\u00e8re leur appa\u00adra\u00eet comme repr\u00e9\u00adsen\u00adtant, par sa forme, sa com\u00adpo\u00adsi\u00adtion et sa struc\u00adture, l\u2019ap\u00adpa\u00adreil sus\u00adcep\u00adtible de faci\u00adli\u00adter l\u2019\u00e9\u00adta\u00adblis\u00adse\u00adment de la soci\u00e9t\u00e9&nbsp;[\u2026]<\/p>\n","protected":false},"author":299,"featured_media":8089,"comment_status":"closed","ping_status":"closed","sticky":false,"template":"wp-custom-template-page-d-article","format":"standard","meta":{"wp_typography_post_enhancements_disabled":false,"footnotes":""},"categories":[264],"tags":[635],"ppma_author":[1090],"class_list":["post-2061","post","type-post","status-publish","format-standard","has-post-thumbnail","hentry","category-la-revue-anarchiste-na1-janvier-1922","tag-syndicalisme"],"authors":[{"term_id":1090,"user_id":299,"is_guest":0,"slug":"veber","display_name":"Paul V\u00e9ber","avatar_url":"https:\/\/secure.gravatar.com\/avatar\/f8c0705476be84f8b00e01eea40c78d6572822286abfb3d0ddf25c8a36d8523e?s=96&d=mm&r=g","author_category":"","user_url":"","last_name":"V\u00e9ber","first_name":"Paul","job_title":"","description":""}],"_links":{"self":[{"href":"https:\/\/la-presse-anarchiste.net\/index.php\/wp-json\/wp\/v2\/posts\/2061","targetHints":{"allow":["GET"]}}],"collection":[{"href":"https:\/\/la-presse-anarchiste.net\/index.php\/wp-json\/wp\/v2\/posts"}],"about":[{"href":"https:\/\/la-presse-anarchiste.net\/index.php\/wp-json\/wp\/v2\/types\/post"}],"author":[{"embeddable":true,"href":"https:\/\/la-presse-anarchiste.net\/index.php\/wp-json\/wp\/v2\/users\/299"}],"replies":[{"embeddable":true,"href":"https:\/\/la-presse-anarchiste.net\/index.php\/wp-json\/wp\/v2\/comments?post=2061"}],"version-history":[{"count":2,"href":"https:\/\/la-presse-anarchiste.net\/index.php\/wp-json\/wp\/v2\/posts\/2061\/revisions"}],"predecessor-version":[{"id":8151,"href":"https:\/\/la-presse-anarchiste.net\/index.php\/wp-json\/wp\/v2\/posts\/2061\/revisions\/8151"}],"wp:featuredmedia":[{"embeddable":true,"href":"https:\/\/la-presse-anarchiste.net\/index.php\/wp-json\/wp\/v2\/media\/8089"}],"wp:attachment":[{"href":"https:\/\/la-presse-anarchiste.net\/index.php\/wp-json\/wp\/v2\/media?parent=2061"}],"wp:term":[{"taxonomy":"category","embeddable":true,"href":"https:\/\/la-presse-anarchiste.net\/index.php\/wp-json\/wp\/v2\/categories?post=2061"},{"taxonomy":"post_tag","embeddable":true,"href":"https:\/\/la-presse-anarchiste.net\/index.php\/wp-json\/wp\/v2\/tags?post=2061"},{"taxonomy":"author","embeddable":true,"href":"https:\/\/la-presse-anarchiste.net\/index.php\/wp-json\/wp\/v2\/ppma_author?post=2061"}],"curies":[{"name":"wp","href":"https:\/\/api.w.org\/{rel}","templated":true}]}}