{"id":2062,"date":"1922-01-01T00:12:13","date_gmt":"1922-01-01T00:12:13","guid":{"rendered":"https:\/\/la-presse-anarchiste.net\/index.php\/2009\/05\/06\/dans-les-partis-politiques\/"},"modified":"2024-05-19T17:15:12","modified_gmt":"2024-05-19T17:15:12","slug":"dans-les-partis-politiques","status":"publish","type":"post","link":"https:\/\/la-presse-anarchiste.net\/index.php\/1922\/01\/01\/dans-les-partis-politiques\/","title":{"rendered":"Dans les Partis politiques"},"content":{"rendered":"<div class=\"pdfprnt-buttons pdfprnt-buttons-post pdfprnt-top-right\"><a href=\"https:\/\/la-presse-anarchiste.net\/index.php\/wp-json\/wp\/v2\/posts\/2062?print=pdf\" class=\"pdfprnt-button pdfprnt-button-pdf\" target=\"_blank\"><img decoding=\"async\" src=\"https:\/\/la-presse-anarchiste.net\/wp-content\/plugins\/pdf-print\/images\/pdf.png\" alt=\"image_pdf\" title=\"Afficher le PDF\"><\/a><a href=\"https:\/\/la-presse-anarchiste.net\/index.php\/wp-json\/wp\/v2\/posts\/2062?print=print\" class=\"pdfprnt-button pdfprnt-button-print\" target=\"_blank\"><img decoding=\"async\" src=\"https:\/\/la-presse-anarchiste.net\/wp-content\/plugins\/pdf-print\/images\/print.png\" alt=\"image_print\" title=\"Contenu imprim\u00e9\"><\/a><\/div><p style=\"text-align: justify;\">On peut dire que la guerre, t\u00f4t sui\u00advie des \u00e9lec\u00adtions de novembre 1919, o\u00f9 triom\u00adpha le Bloc Natio\u00adnal, fr\u00e8re du Groupe des \u00ab&nbsp;Int\u00e9\u00adr\u00eats \u00c9co\u00adno\u00admiques&nbsp;\u00bb ame\u00adna, somme toute, dans le monde poli\u00adtique la faillite des vieilles \u00e9ti\u00adquettes&nbsp;; et cela n\u2019est pas fait pour d\u00e9plaire aux irr\u00e9\u00adduc\u00adtibles anti-par\u00adle\u00admen\u00adtaires que nous sommes.<\/p>\n<p style=\"text-align: justify;\">Les mots <i>lib\u00e9\u00adral<\/i>, <i>radi\u00adcal<\/i>, <i>r\u00e9pu\u00adbli\u00adcain<\/i>, <i>socia\u00adliste<\/i>, ont chan\u00adg\u00e9 de sens avec une rapi\u00addi\u00adt\u00e9 qui ferait la joie d\u2019un Br\u00e9al cher\u00adchant des cas de s\u00e9man\u00adtique au Palais-Bourbon.<\/p>\n<p style=\"text-align: justify;\">D\u00e9j\u00e0 M.&nbsp;Ber\u00adthou\u00adlat avait mas\u00adsa\u00adcr\u00e9 le mot <i>Liber\u00adt\u00e9<\/i> en en fai\u00adsant le titre du plus par\u00adtial et r\u00e9tro\u00adgrade des jour\u00adnaux du soir. Les par\u00adtis ont sui\u00advi cette voie et il para\u00eet dif\u00adfi\u00adcile, sinon impos\u00adsible, de d\u00e9cou\u00advrir un lib\u00e9\u00adral qui soit autre chose qu\u2019un mar\u00adguillier, un radi\u00adcal qui ne soit pas un chau\u00advin, l\u00e9cheur des bottes de MM.&nbsp;Foch, Joffre, Lyau\u00adtey et C<sup>ie<\/sup>, et un socia\u00adliste (voir un com\u00admu\u00adniste) sus\u00adcep\u00adtible de faire la R\u00e9vo\u00adlu\u00adtion ailleurs qu\u2019\u00e0 la tri\u00adbune ou \u00e0 la brasserie.<\/p>\n<p style=\"text-align: justify;\">En ces condi\u00adtions, on convien\u00addra que ce qui se passe dans les par\u00adtis poli\u00adtiques est d\u2019un int\u00e9\u00adr\u00eat fort rela\u00adtif, \u00e0 qui met au pre\u00admier plan de ses pr\u00e9\u00adoc\u00adcu\u00adpa\u00adtions le pro\u00adgr\u00e8s r\u00e9el de l\u2019humanit\u00e9.<\/p>\n<p style=\"text-align: justify;\">Cepen\u00addant, deux choses paraissent int\u00e9\u00adres\u00adsantes \u00e0 signa\u00adler en le chaos poli\u00adtique actuel.<\/p>\n<p style=\"text-align: justify;\">C\u2019est&nbsp;: 1<sup>\u00b0<\/sup> la pi\u00e8tre atti\u00adtude du par\u00adti radi\u00adcal devant l\u2019of\u00adfen\u00adsive poin\u00adca\u00adresque. Quand on songe que Her\u00adriot qui passe pour une lumi\u00e8re du par\u00adti, h\u00e9si\u00adta avant de refu\u00adser un por\u00adte\u00adfeuille dans le minis\u00adt\u00e8re de Poin\u00adca\u00adr\u00e9-la-guerre&nbsp;! D\u2019ailleurs les 434 voix recueillies par Poin\u00adca\u00adr\u00e9 com\u00adprennent celles d\u2019un nombre res\u00adpec\u00adtable de radi\u00adcaux. Cela juge un par\u00adti qui, jadis pas\u00adsa pour \u00eatre \u00ab&nbsp;de gauche&nbsp;\u00bb.<\/p>\n<p style=\"text-align: justify;\">2<sup>\u00b0<\/sup> Quant aux socia\u00adlistes, inutile de par\u00adler des dis\u00adsi\u00addents, les\u00adquels semblent attendre avec impa\u00adtience le retour \u00e0 une poli\u00adtique \u00ab&nbsp;de gauche&nbsp;\u00bb laquelle per\u00admet\u00adtrait l\u2019ac\u00adc\u00e8s au pou\u00advoir de l\u2019\u00e9\u00adquipe Paul-Bon\u00adcour\u2026 dont le pro\u00adgramme res\u00adsemble assez \u00e0 celui d\u2019Aristide.<\/p>\n<p style=\"text-align: justify;\">Les com\u00admu\u00adnistes, eux, ont tenu un congr\u00e8s, un grrand congr\u00e8s, dont je ne dirai rien, sinon qu\u2019il fut piteux.<\/p>\n<p style=\"text-align: justify;\">Le mili\u00adta\u00adrisme \u00ab&nbsp;rouge&nbsp;\u00bb \u00e0 la mode de Mos\u00adcou fut pr\u00e9\u00adco\u00adni\u00ads\u00e9 par quelques-uns, chose plus d\u00e9con\u00adcer\u00adtante&nbsp;: une femme, Lucie Col\u00adliard, s\u2019af\u00adfir\u00adma f\u00e9ro\u00adce\u00adment bel\u00adli\u00adqueuse\u2026 Mais comme en ces pro\u00adpos badins, le fameux mili\u00adta\u00adrisme rouge est subor\u00addon\u00adn\u00e9 \u00e0 la R\u00e9vo\u00adlu\u00adtion\u2026 nous avons le temps de r\u00e9fl\u00e9\u00adchir avant de redou\u00adter les jours de salle de police infli\u00adg\u00e9s par le g\u00e9n\u00e9\u00adral Cachin, l\u2019ad\u00adju\u00addant Dunois ou le capo\u00adral Sou\u00adva\u00adrine. Quant \u00e0 la can\u00adti\u00adni\u00e8re Lucie Col\u00adliard, il pas\u00adse\u00adra sans doute de l\u2019eau sous le pont de la Concorde avant qu\u2019elle nous verse le vin de la revanche pro\u00adl\u00e9\u00adta\u00adrienne, orga\u00adni\u00ads\u00e9e et caporalis\u00e9e.<\/p>\n<p style=\"text-align: justify;\">Les m\u00eames com\u00admu\u00adnistes par\u00adle\u00admen\u00adtaires ont \u00e9t\u00e9, \u00e0 nou\u00adveau, assez piteux \u00e0 la Chambre contre le minis\u00adt\u00e8re Poin\u00adca\u00adr\u00e9. Sans doute Cachin, qui ser\u00advit la France si vaillam\u00adment durant la grande guerre, sous les ordres du dit Poin\u00adca\u00adr\u00e9, \u00e9tait-il quelque peu g\u00ean\u00e9&nbsp;? Que ne consul\u00adta-t-il, en l\u2019oc\u00adcur\u00adrence, Sem\u00adbat-Char\u00adbon qui fit \u00e9lire le pr\u00e9\u00adsident de la Revanche&nbsp;!<\/p>\n<p style=\"text-align: justify;\">Tout de m\u00eame Cle\u00admen\u00adceau devait bien rire, lui qui, nagu\u00e8re, d\u00e9cer\u00adna \u00e0 Cachin cet \u00e9loge&nbsp;: \u00ab&nbsp;Je sais, Mon\u00adsieur Cachin, que vous \u00eates un bon patriote.&nbsp;\u00bb.<\/p>\n<p style=\"text-align: right;\">G\u00e9nold<\/p>\n","protected":false},"excerpt":{"rendered":"<p>On peut dire que la guerre, t\u00f4t sui\u00advie des \u00e9lec\u00adtions de novembre 1919, o\u00f9 triom\u00adpha le Bloc Natio\u00adnal, fr\u00e8re du Groupe des \u00ab&nbsp;Int\u00e9\u00adr\u00eats \u00c9co\u00adno\u00admiques&nbsp;\u00bb ame\u00adna, somme toute, dans le monde poli\u00adtique la faillite des vieilles \u00e9ti\u00adquettes&nbsp;; et cela n\u2019est pas fait pour d\u00e9plaire aux irr\u00e9\u00adduc\u00adtibles anti-par\u00ad\u00adle\u00ad\u00admen\u00ad\u00adtaires que nous sommes. Les mots lib\u00e9\u00adral, radi\u00adcal, r\u00e9pu\u00adbli\u00adcain, socialiste,&nbsp;[\u2026]<\/p>\n","protected":false},"author":297,"featured_media":8089,"comment_status":"closed","ping_status":"closed","sticky":false,"template":"wp-custom-template-page-d-article","format":"standard","meta":{"wp_typography_post_enhancements_disabled":false,"footnotes":""},"categories":[264],"tags":[565],"ppma_author":[1088],"class_list":["post-2062","post","type-post","status-publish","format-standard","has-post-thumbnail","hentry","category-la-revue-anarchiste-na1-janvier-1922","tag-partis-politiques"],"authors":[{"term_id":1088,"user_id":297,"is_guest":0,"slug":"genold","display_name":"Genold","avatar_url":"https:\/\/secure.gravatar.com\/avatar\/c0eff339cbd47a45aac47ae04610708916caf74d65c8647735ddbc7ff81bd502?s=96&d=mm&r=g","author_category":"","user_url":"","last_name":"G\u00e9nold","first_name":"","job_title":"","description":"Pseudonyme d'Eug\u00e8ne Delong"}],"_links":{"self":[{"href":"https:\/\/la-presse-anarchiste.net\/index.php\/wp-json\/wp\/v2\/posts\/2062","targetHints":{"allow":["GET"]}}],"collection":[{"href":"https:\/\/la-presse-anarchiste.net\/index.php\/wp-json\/wp\/v2\/posts"}],"about":[{"href":"https:\/\/la-presse-anarchiste.net\/index.php\/wp-json\/wp\/v2\/types\/post"}],"author":[{"embeddable":true,"href":"https:\/\/la-presse-anarchiste.net\/index.php\/wp-json\/wp\/v2\/users\/297"}],"replies":[{"embeddable":true,"href":"https:\/\/la-presse-anarchiste.net\/index.php\/wp-json\/wp\/v2\/comments?post=2062"}],"version-history":[{"count":2,"href":"https:\/\/la-presse-anarchiste.net\/index.php\/wp-json\/wp\/v2\/posts\/2062\/revisions"}],"predecessor-version":[{"id":8149,"href":"https:\/\/la-presse-anarchiste.net\/index.php\/wp-json\/wp\/v2\/posts\/2062\/revisions\/8149"}],"wp:featuredmedia":[{"embeddable":true,"href":"https:\/\/la-presse-anarchiste.net\/index.php\/wp-json\/wp\/v2\/media\/8089"}],"wp:attachment":[{"href":"https:\/\/la-presse-anarchiste.net\/index.php\/wp-json\/wp\/v2\/media?parent=2062"}],"wp:term":[{"taxonomy":"category","embeddable":true,"href":"https:\/\/la-presse-anarchiste.net\/index.php\/wp-json\/wp\/v2\/categories?post=2062"},{"taxonomy":"post_tag","embeddable":true,"href":"https:\/\/la-presse-anarchiste.net\/index.php\/wp-json\/wp\/v2\/tags?post=2062"},{"taxonomy":"author","embeddable":true,"href":"https:\/\/la-presse-anarchiste.net\/index.php\/wp-json\/wp\/v2\/ppma_author?post=2062"}],"curies":[{"name":"wp","href":"https:\/\/api.w.org\/{rel}","templated":true}]}}