{"id":2070,"date":"1922-01-01T00:04:45","date_gmt":"1922-01-01T00:04:45","guid":{"rendered":"https:\/\/la-presse-anarchiste.net\/index.php\/2009\/05\/06\/revue-des-journaux\/"},"modified":"2024-05-19T12:07:29","modified_gmt":"2024-05-19T12:07:29","slug":"revue-des-journaux","status":"publish","type":"post","link":"https:\/\/la-presse-anarchiste.net\/index.php\/1922\/01\/01\/revue-des-journaux\/","title":{"rendered":"Revue des journaux"},"content":{"rendered":"<div class=\"pdfprnt-buttons pdfprnt-buttons-post pdfprnt-top-right\"><a href=\"https:\/\/la-presse-anarchiste.net\/index.php\/wp-json\/wp\/v2\/posts\/2070?print=pdf\" class=\"pdfprnt-button pdfprnt-button-pdf\" target=\"_blank\"><img decoding=\"async\" src=\"https:\/\/la-presse-anarchiste.net\/wp-content\/plugins\/pdf-print\/images\/pdf.png\" alt=\"image_pdf\" title=\"Afficher le PDF\"><\/a><a href=\"https:\/\/la-presse-anarchiste.net\/index.php\/wp-json\/wp\/v2\/posts\/2070?print=print\" class=\"pdfprnt-button pdfprnt-button-print\" target=\"_blank\"><img decoding=\"async\" src=\"https:\/\/la-presse-anarchiste.net\/wp-content\/plugins\/pdf-print\/images\/print.png\" alt=\"image_print\" title=\"Contenu imprim\u00e9\"><\/a><\/div>\n<figure class=\"wp-block-image alignleft\"><a href=\"https:\/\/la-presse-anarchiste.net\/index.php\/1922\/01\/01\/revue-des-journaux\/revue-journaux\/\" rel=\"attachment wp-att-8122\"><img loading=\"lazy\" decoding=\"async\" width=\"500\" height=\"138\" src=\"https:\/\/la-presse-anarchiste.net\/wp-content\/uploads\/1922\/01\/revue-journaux.jpg\" alt class=\"wp-image-8122\" srcset=\"https:\/\/la-presse-anarchiste.net\/wp-content\/uploads\/1922\/01\/revue-journaux.jpg 500w, https:\/\/la-presse-anarchiste.net\/wp-content\/uploads\/1922\/01\/revue-journaux-300x83.jpg 300w\" sizes=\"auto, (max-width: 500px) 100vw, 500px\"><\/a><\/figure>\n\n\n\n<p>La presse quo\u00adti\u00addienne dite d\u2019in\u00adfor\u00adma\u00adtion, la grande bour\u00adreuse de cr\u00e2nes, rem\u00adplit conscien\u00adcieu\u00adse\u00adment son r\u00f4le de vile domes\u00adti\u00adci\u00adt\u00e9. Avec une maes\u00adtria digne d\u2019une meilleure cause, elle d\u00e9na\u00adture les faits, tronque, arrange les d\u00e9cla\u00adra\u00adtions des per\u00adson\u00adnages en vue sui\u00advant les ordres gou\u00adver\u00adne\u00admen\u00adtaux, ou les mots d\u2019ordre des partis.<\/p>\n\n\n\n<p>Elle fait aux actes qua\u00adli\u00adfi\u00e9s crimes la plus dan\u00adge\u00adreuse publi\u00adci\u00adt\u00e9, \u0153uvrant paral\u00adl\u00e8\u00adle\u00adment en cela avec le cin\u00e9\u00adma et le th\u00e9\u00e2tre.<\/p>\n\n\n\n<p>Dans tout ce fatras d\u2019in\u00adfor\u00adma\u00adtions ten\u00addan\u00adcieuses, de faits tru\u00adqu\u00e9s, de basse d\u00e9ma\u00adgo\u00adgie ou de poli\u00adti\u00adcaille\u00adrie \u00e9c\u0153u\u00adrante qui consti\u00adtue la grande presse, on est vrai\u00adment embar\u00adras\u00ads\u00e9 pour trou\u00adver les extraits sus\u00adcep\u00adtibles d\u2019\u00eatre pr\u00e9\u00adsen\u00adt\u00e9s dans une Revue anarchiste.<\/p>\n\n\n\n<p>Pour\u00adtant, il arrive qu\u2019un aveu s\u2019\u00e9\u00adchappe de la plume d\u2019un de ces lar\u00adbins de la classe poss\u00e9dante.<\/p>\n\n\n\n<p>Il y a encore dans les jour\u00adnaux dits de gauche quelques \u00e9cri\u00advains plus ind\u00e9\u00adpen\u00addants que leurs confr\u00e8res de droite.<\/p>\n\n\n\n<p>Nous t\u00e2che\u00adrons de rele\u00adver, pour les pr\u00e9\u00adsen\u00adter aux cama\u00adrades, quelques-uns de ces aveux, et les pro\u00adpos que nous juge\u00adrons les plus pr\u00e8s de la v\u00e9rit\u00e9.<\/p>\n\n\n\n<h5 class=\"wp-block-heading\">Le Congr\u00e8s Communiste<\/h5>\n\n\n\n<p>Les divi\u00adsions qui se mani\u00adfes\u00adt\u00e8rent au Congr\u00e8s du Par\u00adti, S.F.I.C. \u00e0 Mar\u00adseille, donnent \u00e0 A. Capus l\u2019oc\u00adca\u00adsion de pous\u00adser dans <i>le Gau\u00adlois<\/i> ce cri de triomphe&nbsp;:<\/p>\n\n\n\n<blockquote class=\"wp-block-quote is-layout-flow wp-block-quote-is-layout-flow\">\n<p>Il est int\u00e9\u00adres\u00adsant, \u00e0 cette fin d\u2019an\u00adn\u00e9e, que le Congr\u00e8s com\u00admu\u00adniste de Mar\u00adseille nous per\u00admette une vue d\u2019en\u00adsemble sur les forces r\u00e9vo\u00adlu\u00adtion\u00adnaires de notre pays. Elles appa\u00adraissent comme si pro\u00adfon\u00add\u00e9\u00adment divi\u00ads\u00e9es et se divi\u00adsant de plus en plus, sous l\u2019in\u00adfluence des amours-propres et des app\u00e9\u00adtits, que l\u2019\u00e9\u00admiet\u00adte\u00adment d\u00e9fi\u00adni\u00adtif en est cer\u00adtain. De l\u2019at\u00adtrac\u00adtion exer\u00adc\u00e9e depuis trois ans sur le pro\u00adl\u00e9\u00adta\u00adriat par la dic\u00adta\u00adture des Soviets, il ne reste plus qu\u2019une esp\u00e8ce de trem\u00adble\u00adment \u00e0 la sur\u00adface. La secousse n\u2019a pas atteint les pro\u00adfon\u00addeurs. Ce n\u2019est pas la pre\u00admi\u00e8re fois que nous le consta\u00adtons, mais jamais il n\u2019a \u00e9t\u00e9 pos\u00adsible de le v\u00e9ri\u00adfier mieux que dans l\u2019\u00e9\u00adta\u00adlage criard du Congr\u00e8s de Mar\u00adseille o\u00f9 l\u2019ab\u00adsence de pen\u00ads\u00e9e, le sou\u00adci des int\u00e9\u00adr\u00eats, le r\u00f4le de la vani\u00adt\u00e9 sont exac\u00adte\u00adment ce qu\u2019on les a tou\u00adjours vus dans toutes les assem\u00adbl\u00e9es humaines. Il n\u2019y a rien l\u00e0 qui nous change des plus vieilles habi\u00adtudes de l\u2019hu\u00adma\u00adni\u00adt\u00e9, rien qui annonce une soci\u00e9\u00adt\u00e9 nou\u00advelle, pas une fai\u00adblesse, pas un vice que nous ne connais\u00adsions d\u00e9j\u00e0. L\u2019ex\u00adp\u00e9\u00adrience russe nous montre, d\u2019ailleurs, que les fan\u00adt\u00f4mes r\u00e9vo\u00adlu\u00adtion\u00adnaires sont conju\u00adr\u00e9s, que le bol\u00adche\u00advisme a \u00e9puise sa magie et qu\u2019il a tra\u00adc\u00e9 \u00ab&nbsp;le cercle amer o\u00f9 les bre\u00adbis refusent de brou\u00adter&nbsp;\u00bb comme dit, Pros\u00adp\u00e9\u00adro. Les bre\u00adbis, c\u2019est la classe ouvri\u00e8re, qui a d\u00e9cou\u00advert le mal\u00e9\u00adfice et fuit les sorciers.<\/p>\n\n\n\n<p>La for\u00adte\u00adresse capi\u00adta\u00adliste est donc impre\u00adnable. L\u2019as\u00adsaut conduit par ses enne\u00admis du dehors s\u2019est bri\u00ads\u00e9 coutre ses&nbsp;murs.<\/p>\n<\/blockquote>\n\n\n\n<p>Et cela prouve, une fois de plus, que l\u2019on peut \u00eatre aca\u00add\u00e9\u00admi\u00adcien, et m\u00eame autre chose comme Capus, et se four\u00adrer le doigt dans l\u2019\u0153il. La classe ouvri\u00e8re qui a, comme il le dit si bien, d\u00e9cou\u00advert le Mal\u00e9\u00adfice bol\u00adche\u00adviste et fuit les sor\u00adciers, n\u2019a pas renon\u00adc\u00e9 pour cela \u00e0 abattre la for\u00adte\u00adresse capi\u00adta\u00adliste. Elle y par\u00advien\u00addra, aus\u00adsi grande que soit l\u2019\u00e9\u00adpais\u00adseur de ses murs. M.&nbsp;Capus peut en \u00eatre assur\u00e9<\/p>\n\n\n\n<h5 class=\"wp-block-heading\">L\u2019illusion perdue<\/h5>\n\n\n\n<p>Comme un vul\u00adgaire caniche, ou un quel\u00adconque pi\u00e9\u00adton de deuxi\u00e8me classe, Mos\u00adsieu le Pro\u00adcu\u00adreur G\u00e9n\u00e9\u00adral Bulot s\u2019est fait \u00e9cra\u00adser par une&nbsp;auto.<\/p>\n\n\n\n<p>Quel est le m\u00e9cr\u00e9ant qui ose\u00adra affir\u00admer tenant qu\u2019il n\u2019y a pas une Providence&nbsp;?<\/p>\n\n\n\n<p>Avant de rendre au Dieu des bour\u00adgeois sa belle \u00e2me de pour\u00advoyeur de potences, le si \u00ab&nbsp;sym\u00adpa\u00adthique&nbsp;\u00bb magis\u00adtrat a fait au juge char\u00adg\u00e9 d\u2019en\u00adqu\u00ea\u00adter sur son acci\u00addent cette d\u00e9cla\u00adra\u00adtion, que <i>le Gau\u00adlois<\/i> qua\u00adli\u00adfie de \u00ab&nbsp;savoureuse&nbsp;\u00bb&nbsp;:<\/p>\n\n\n\n<p>\u2015 En des\u00adcen\u00addant du tram\u00adway, a\u2011t-il dit, j\u2019ai bien aper\u00ad\u00e7u l\u2019au\u00adto\u00admo\u00adbile, mais j\u2019\u00e9\u00adtais convain\u00adcu qu\u2019il allait stop\u00adper, en confor\u00admi\u00adt\u00e9 des r\u00e8glements\u2026<\/p>\n\n\n\n<p><i>L\u2019\u00e9\u00adminent magis\u00adtrat croyait encore \u00e0 la puis\u00adsance des lois, ordon\u00adnances, arr\u00ea\u00adt\u00e9s, etc. Il avait pour lui un texte qu\u2019on ne pou\u00advait inter\u00adpr\u00e9\u00adter de deux fa\u00e7ons.<\/i><\/p>\n\n\n\n<p>M.&nbsp;Bulot est cepen\u00addant un vieux Pari\u00adsien qui conna\u00eet les chauffeurs.<\/p>\n\n\n\n<p>Les anar\u00adchistes, eux, ont <i>trop connu<\/i> Bulot. Je parie que cela va leur don\u00adner le go\u00fbt de la lec\u00adture\u2026 des faits-divers.<\/p>\n\n\n\n<h5 class=\"wp-block-heading\">C\u2019est la baisse\u2026 des salaires&nbsp;!<\/h5>\n\n\n\n<p><i>L\u2019in\u00adtran\u00adsi\u00adgeant<\/i>, en annon\u00ad\u00e7ant la baisse des salaires dans les mines, \u00e9crit&nbsp;:<\/p>\n\n\n\n<blockquote class=\"wp-block-quote is-layout-flow wp-block-quote-is-layout-flow\">\n<p>\u00c0 chaque baisse de 2,50 cor\u00adres\u00adpond une baisse du prix du char\u00adbon de 5 francs par tonne. Au 1<sup>er<\/sup> avril donc, le char\u00adbon du Nord et du Pas-de-Calais aura bais\u00ads\u00e9 de 10 francs par&nbsp;tonne.<\/p>\n\n\n\n<p>Pour concur\u00adren\u00adcer les char\u00adbons anglais, la baisse devrait atteindre de 15 \u00e0 20 fr. par tonne sui\u00advant les endroits. Donc c\u2019est seule\u00adment par l\u2019a\u00adm\u00e9\u00adlio\u00adra\u00adtion de l\u2019ou\u00adtillage des mines et par la r\u00e9duc\u00adtion des divi\u00addendes qu\u2019on pour\u00adra y arri\u00adver, en m\u00eame temps que par la baisse des salaires.<\/p>\n<\/blockquote>\n\n\n\n<p>Dimi\u00adnuer les divi\u00addendes&nbsp;? <i>L\u2019In\u00adtran<\/i> va un peu fort. Il veut donc mettre sur la paille ces pauvres action\u00adnaires, ces mal\u00adheu\u00adreux administrateurs?\u2026<\/p>\n\n\n\n<p>Et encore, ces mes\u00adsieurs consen\u00adti\u00adraient-ils \u00e0 ce p\u00e9nible sacri\u00adfice, l\u00e0 n\u2019est pas la solu\u00adtion. <i>L\u2019In\u00adtran<\/i> le sait bien. Mais ce n\u2019est pas son r\u00f4le, n\u2019est-ce pas de pr\u00e9\u00adco\u00adni\u00adser la prise de pos\u00adses\u00adsion des mines par ceux qui travaillent.<\/p>\n\n\n\n<p>D\u2019autres. se char\u00adge\u00adront de cette besogne.<\/p>\n\n\n\n<h5 class=\"wp-block-heading\">Cannes<\/h5>\n\n\n\n<p>C\u2019est la ques\u00adtion du jour. Bl\u00e2\u00adm\u00e9 par les uns, louan\u00adg\u00e9 par les autres, Briand n\u2019en conti\u00adnua pas moins ses petites conver\u00adsa\u00adtions avec les autres hui\u00adl\u00e9s du Conseil Supr\u00eame.<\/p>\n\n\n\n<p>\u00ab&nbsp;Nous autres com\u00admu\u00adnistes, n\u2019a\u00advons rien de bon \u00e0 attendre de ces conver\u00adsa\u00adtions&nbsp;\u00bb, \u00e9cri\u00advait dans l\u2019<i>Huma\u00adni\u00adt\u00e9<\/i>, Cachin, cepen\u00addant que Paul Louis, dans le m\u00eame num\u00e9\u00adro, affir\u00admait, que la jour\u00adn\u00e9e o\u00f9 Lloyd George pro\u00adnon\u00ad\u00e7a son fameux dis\u00adcours fut \u00ab&nbsp;d\u2019un supr\u00eame int\u00e9\u00adr\u00eat pour le prol\u00e9tariat&nbsp;\u00bb.<\/p>\n\n\n\n<p>Allez donc vous y reconna\u00eetre&nbsp;!<\/p>\n\n\n\n<p>Mais Mar\u00adcel Cachin est reve\u00adnu sur sa pre\u00admi\u00e8re opi\u00adnion. Car le gou\u00adver\u00adne\u00adment russe a \u00e9t\u00e9 impli\u00adci\u00adte\u00adment recon\u00adnu par Briand, et&nbsp;alors&nbsp;:<\/p>\n\n\n\n<blockquote class=\"wp-block-quote is-layout-flow wp-block-quote-is-layout-flow\">\n<p>Les repr\u00e9\u00adsen\u00adtants offi\u00adciels de la France, \u00e0 Cannes, ont c\u00e9d\u00e9 devant, les exi\u00adgences de leurs alli\u00e9s&nbsp;; ils ont d\u00e9ci\u00add\u00e9 de rompre avec la stu\u00adpi\u00addi\u00adt\u00e9 des r\u00e9ac\u00adtion\u00adnaires mili\u00adta\u00adristes qui les pous\u00adsaient \u00e0 l\u2019ac\u00adtion iso\u00adl\u00e9e, qui vou\u00adlaient employer contre l\u2019Eu\u00adrope conti\u00adnen\u00adtale la mani\u00e8re forte. C\u2019est un fait de grande por\u00adt\u00e9e&nbsp;: on cau\u00adse\u00adra d\u00e9sor\u00admais avec l\u2019Al\u00adle\u00admagne, on s\u2019en\u00adtre\u00adtien\u00addra avec les gou\u00adver\u00adne\u00adments de la Rus\u00adsie, non plus par per\u00adsonnes inter\u00adpo\u00ads\u00e9es, mais direc\u00adte\u00adment. Et sans doute la recon\u00adnais\u00adsance des Soviets, ain\u00adsi admise, le d\u00e9sa\u00adveu \u00e9cla\u00adtant inflige a toute la poli\u00adtique anti-sovi\u00e9\u00adtique du quai d\u2019Or\u00adsay et de l\u2019\u00c9\u00adly\u00ads\u00e9e, sont-ils les \u00e9v\u00e9\u00adne\u00adments les plus impor\u00adtants de ce moment&nbsp;!<\/p>\n\n\n\n<p>C\u2019est le sen\u00adti\u00adment de la presse bour\u00adgeoise de Paris d\u00e9\u00e7ue, irri\u00adt\u00e9e contre le minis\u00adt\u00e8re Briand qu\u2019elle menace d\u00e8s la ren\u00adtr\u00e9e de ses repr\u00e9sailles.<\/p>\n<\/blockquote>\n\n\n\n<p>Heu\u00adreu\u00adse\u00adment, Mar\u00adcel sera&nbsp;l\u00e0!\u2026<\/p>\n\n\n\n<h5 class=\"wp-block-heading\">Chez les gens du&nbsp;Roy<\/h5>\n\n\n\n<p>L\u2019<i>Action Fran\u00ad\u00e7aise<\/i> nous annonce quo\u00adti\u00addien\u00adne\u00adment, avec une t\u00e9na\u00adci\u00adt\u00e9 remar\u00adquable les pires fl\u00e9aux et les plus immi\u00adnentes catastrophes&nbsp;:<\/p>\n\n\n\n<p>\u00ab&nbsp;Pour avoir l\u2019al\u00adliance anglaise, la R\u00e9pu\u00adblique sacri\u00adfie&nbsp;: la fron\u00adti\u00e8re mili\u00adtaire du Rhin, les r\u00e9pa\u00adra\u00adtions, notre flotte, notre arm\u00e9e, notre ind\u00e9\u00adpen\u00addance. Elle mul\u00adti\u00adplie \u00e0 plai\u00adsir les risques de guerre, de faillite et de R\u00e9volution.&nbsp;\u00bb<\/p>\n\n\n\n<p>Ah&nbsp;! si Gamelle \u00e9tait sur le Tr\u00f4ne, et Dau\u00addet, Maur\u00adras et Pujo ses ministres, tout cela n\u2019ar\u00adri\u00adve\u00adrait pas. Mais voi\u00adl\u00e0, c\u2019est Mil\u00adle\u00adrand qui est pr\u00e9\u00adsident, et Mil\u00adle\u00adrand, \u00e9crit Daudet&nbsp;:<\/p>\n\n\n\n<blockquote class=\"wp-block-quote is-layout-flow wp-block-quote-is-layout-flow\">\n<p>Mil\u00adle\u00adrand est un juriste, vivant dans le demi-irr\u00e9el, qui n\u2019a pas d\u2019en\u00adver\u00adgure poli\u00adtique et dont l\u2019ho\u00adri\u00adzon intel\u00adlec\u00adtuel est bor\u00adn\u00e9. Il a appe\u00adl\u00e9 \u00e0 la pr\u00e9\u00adsi\u00addence du Conseil un aven\u00adtu\u00adrier de la plus basse poli\u00adti\u00adcaille\u00adrie, une chiffe \u00e0 grosse ruse, un vrai sou\u00adte\u00adneur \u2015 c\u2019est sa d\u00e9fi\u00adni\u00adtion la plus exacte \u2015 qui est Briand, flan\u00adqu\u00e9 d\u2019un vil Tar\u00adtufe, peint en d\u00e9vot, qui est Bonnevay.<\/p>\n<\/blockquote>\n\n\n\n<p>Au pre\u00admier de ces mes\u00adsieurs. En voi\u00adl\u00e0 d\u00e9j\u00e0 trois de servis.<\/p>\n\n\n\n<h5 class=\"wp-block-heading\">Parlementarisme<\/h5>\n\n\n\n<p>De son propre aveu, dit <i>Maur\u00adras<\/i> dans le m\u00eame jour\u00adnal, Briand pr\u00eate la main au chan\u00adtage anglais.<\/p>\n\n\n\n<blockquote class=\"wp-block-quote is-layout-flow wp-block-quote-is-layout-flow\">\n<p>Mais M.&nbsp;Mil\u00adle\u00adrand aura-t-il le cou\u00adrage d\u2019es\u00adsayer de por\u00adter la main sur l\u2019a\u00admas de ses vieilles fautes et sur celui qui les pro\u00adt\u00e8ge et qui les d\u00e9fend&nbsp;? Si M.&nbsp;Mil\u00adle\u00adrand fait d\u00e9faut, une assem\u00adbl\u00e9e sau\u00adra-t-elle \u00e9la\u00adbo\u00adrer une volon\u00adt\u00e9 et une pens\u00e9e&nbsp;?<\/p>\n\n\n\n<p>J\u2019a\u00advoue que l\u2019un et l\u2019autre fait m\u2019\u00e9\u00adton\u00adne\u00adrait pro\u00adfon\u00add\u00e9\u00adment. Il y a chez M.&nbsp;Mil\u00adle\u00adrand une irr\u00e9\u00adso\u00adlu\u00adtion sans limite. Et l\u2019a\u00adni\u00admal aux six cents t\u00eates, sans doc\u00adtrine com\u00admune, sans uni\u00adt\u00e9 d\u2019in\u00adt\u00e9\u00adr\u00eat, ne peut pas grand\u2019\u00adchose non plus. Notre infor\u00adma\u00adteur par\u00adle\u00admen\u00adtaire est moins pes\u00adsi\u00admiste. Il dit plus loin&nbsp;: <i>A moins que la Chambre ne se d\u00e9juge<\/i>\u2026 Il y a peu d\u2019exemples mon cher Picot de Pl\u00e9\u00addran, que cette Chambre et ses a\u00een\u00e9es ne se soient pas d\u00e9ju\u00adg\u00e9es \u00e0 la moindre saute de vent. On la recon\u00adquiert vite quand on dis\u00adpose des deux moyens du r\u00e9gime&nbsp;: trom\u00adper et payer, cor\u00adrompre et mentir.<\/p>\n<\/blockquote>\n\n\n\n<p>Pour une fois, le bar\u00adbier du Roy a dit la v\u00e9ri\u00adt\u00e9. Par\u00adle\u00admen\u00adta\u00adrisme est syno\u00adnyme de pourriture.<\/p>\n\n\n\n<p>Mais est-il pos\u00adsible de conce\u00advoir un r\u00e9gime auto\u00adri\u00adtaire qui n\u2019ait \u00e0 sa base la cor\u00adrup\u00adtion et le mensonge&nbsp;?<\/p>\n\n\n\n<h5 class=\"wp-block-heading\">Les Id\u00e9es<\/h5>\n\n\n\n<p>Seul de toute la presse quo\u00adti\u00addienne, le <i>Jour\u00adnal du Peuple<\/i> a droit \u00e0 une men\u00adtion sp\u00e9\u00adciale. C\u2019est le seul jour\u00adnal dans lequel les anar\u00adchistes puissent faire entendre leur voix et annon\u00adcer leurs r\u00e9unions, leurs mee\u00adtings. C\u2019est le plus \u00e9clec\u00adtique et le plus ind\u00e9\u00adpen\u00addant des jour\u00adnaux socia\u00adlistes. Dans le num\u00e9\u00adro du 10 jan\u00advier, sous le titre&nbsp;: <i>Indi\u00advi\u00addua\u00adlisme et Socia\u00adlisme<\/i>, Paul Bru\u00adlat&nbsp;\u00e9crit&nbsp;:<\/p>\n\n\n\n<blockquote class=\"wp-block-quote is-layout-flow wp-block-quote-is-layout-flow\">\n<p>L\u2019homme est, de tous les \u00eatres de la cr\u00e9a\u00adtion, le moins fait pour vivre seul&nbsp;; il ne peut se pas\u00adser de l\u2019aide de ses sem\u00adblables et, d\u00e8s sa nais\u00adsance, il est rede\u00advable envers la col\u00adlec\u00adti\u00advi\u00adt\u00e9, puis\u00adqu\u2019il b\u00e9n\u00e9\u00adfi\u00adcie de tous les pro\u00adgr\u00e8s r\u00e9a\u00adli\u00ads\u00e9s jus\u00adqu\u2019\u00e0&nbsp;lui.<\/p>\n\n\n\n<p>L\u2019his\u00adtoire de l\u2019Hu\u00adma\u00adni\u00adt\u00e9 est faite de la lutte conti\u00adnuelle entre ses trois grands prin\u00adcipes&nbsp;: L\u2019Au\u00adto\u00adri\u00adt\u00e9, L\u2019In\u00addi\u00advi\u00addua\u00adlisme et la Fra\u00adter\u00adni\u00adt\u00e9. C\u2019est une th\u00e9o\u00adrie magni\u00adfi\u00adque\u00adment d\u00e9ve\u00adlop\u00adp\u00e9e par Louis Blanc, dans le pre\u00admier volume de son <i>His\u00adtoire de la R\u00e9vo\u00adlu\u00adtion fran\u00ad\u00e7aise<\/i>. Celle-ci fut le triomphe de l\u2019In\u00addi\u00advi\u00addua\u00adlisme, de Rabe\u00adlais, de Mon\u00adtaigne et de Vol\u00adtaire. Le cou\u00adrant part de haut&nbsp;; on le suit a tra\u00advers l\u2019His\u00adtoire, gros\u00adsis\u00adsant sans cesse&nbsp;; si bien qu\u2019il se confond avec le cours m\u00eame de la vie intel\u00adlec\u00adtuelle et morale de l\u2019humanit\u00e9.<\/p>\n\n\n\n<p>Mais l\u2019in\u00addi\u00advi\u00addua\u00adlisme sera un jour d\u00e9pas\u00ads\u00e9, il ne satis\u00adfe\u00adra plus \u00e0 l\u2019i\u00add\u00e9al humain, il ach\u00e8\u00adve\u00adra sa car\u00adri\u00e8re comme l\u2019Au\u00adto\u00adri\u00adt\u00e9 a four\u00adni la sienne. L\u2019\u00e8re de la Fra\u00adter\u00adni\u00adt\u00e9 appa\u00adrai\u00adtra \u00e0 son tour. L\u2019\u00e8re de Fra\u00adter\u00adni\u00adt\u00e9 qui, seule, peut affran\u00adchir le monde oppres\u00ads\u00e9 par l\u2019\u00e9\u00adgo\u00efsme, nous d\u00e9li\u00advre\u00adra de maux ter\u00adribles, et qui, seule enfin, par l\u2019har\u00admo\u00adnie, enfan\u00adte\u00adra la libert\u00e9.<\/p>\n<\/blockquote>\n\n\n\n<p>Voi\u00adl\u00e0 qui est bel et bon. Mais l\u2019in\u00addi\u00advi\u00addu s\u2019il a des devoirs a aus\u00adsi des droits. Du fait de sa nais\u00adsance, il a droit \u00e0 tout ce que la vie com\u00adporte de joies. Et la Soci\u00e9\u00adt\u00e9 mar\u00e2tre dans laquelle, sans le faire expr\u00e8s, il tombe, ne lui r\u00e9serve, sur\u00adtout s\u2019il est de la classe pauvre, que peines et souf\u00adfrances. C\u2019est pour\u00adquoi nous lut\u00adtons pour l\u2019\u00e8re de Fra\u00adter\u00adni\u00adt\u00e9, de Liber\u00adt\u00e9, d\u2019Har\u00admo\u00adnie dont parle P. Bru\u00adlat, en un mot, pour l\u2019<i>Anar\u00adchie<\/i>.<\/p>\n\n\n\n<h5 class=\"wp-block-heading\">R\u00e9volutionnaires!\u2026<\/h5>\n\n\n\n<p>H\u00e9las!\u2026 Trois fois h\u00e9las&nbsp;! Briand, jugeant sa situa\u00adtion inte\u00adnable du fait des attaques dont il est l\u2019ob\u00adjet, d\u00e9mis\u00adsionne. Et alors, c\u2019est une grande d\u00e9s\u00adillu\u00adsion, une conster\u00adna\u00adtion chez les braves par\u00adle\u00admen\u00adtaires com\u00admu\u00adnistes dont l\u2019ex-guerre-du-droi\u00adtiste Mar\u00adcel Cachin est. le plus bel .\u00e9chan\u00adtillon. \u00c9coutez-le&nbsp;:<\/p>\n\n\n\n<blockquote class=\"wp-block-quote is-layout-flow wp-block-quote-is-layout-flow\">\n<p>Dans ces condi\u00adtions, un gou\u00adver\u00adne\u00adment se pr\u00e9\u00adpare qui va ten\u00adter d\u2019ap\u00adpli\u00adquer les for\u00admules de la r\u00e9ac\u00adtion \u00e0 l\u2019ex\u00adt\u00e9\u00adrieur comme \u00e0 l\u2019in\u00adt\u00e9\u00adrieur. Qu\u2019il vienne&nbsp;! Notre par\u00adti est pr\u00eat \u00e0 la bataille avec ses cons\u00e9\u00adquences. Mais si la por\u00adtion la plus bru\u00adtale du bloc de droite se sai\u00adsit du pou\u00advoir et pr\u00e9\u00adtend se dres\u00adser \u00e0 la fois contre l\u2019Eu\u00adrope et contre la classe ouvri\u00e8re, elle four\u00adni\u00adra \u00e0 notre Par\u00adti des occa\u00adsions nou\u00advelles de com\u00adbat et de suc\u00adc\u00e8s assur\u00e9.<\/p>\n\n\n\n<p>La d\u00e9mis\u00adsion du minis\u00adt\u00e8re accroit le trouble et aggrave les dan\u00adgers de la situa\u00adtion natio\u00adnale et internationale.<\/p>\n<\/blockquote>\n\n\n\n<p>J\u2019te crois!\u2026 Mais comme ils avaient rai\u00adson les copains qui, \u00e0 Leval\u00adlois, face \u00e0 Cachin, l\u2019ac\u00adcu\u00adsaient de col\u00adlu\u00adsion avec Briand. Et ce sont ces gens qui pr\u00e9\u00adtendent mono\u00adpo\u00adli\u00adser la R\u00e9volution&nbsp;!<\/p>\n\n\n\n<p>Far\u00adceurs!\u2026<\/p>\n\n\n\n<h5 class=\"wp-block-heading\">Groupe d\u2019affinit\u00e9<\/h5>\n\n\n\n<p>Un nom\u00adm\u00e9 <i>Cor\u00adpe\u00adchat<\/i>, dans le <i>Gau\u00adlois<\/i>, signale comme un \u00e9v\u00e9\u00adne\u00adment. bien pari\u00adsien le d\u00e9m\u00e9\u00adna\u00adge\u00adment du \u00ab&nbsp;Jockey-Club&nbsp;\u00bb, que la vie ch\u00e8re atteint aus\u00adsi, le&nbsp;p\u00f4vre&nbsp;:<\/p>\n\n\n\n<blockquote class=\"wp-block-quote is-layout-flow wp-block-quote-is-layout-flow\">\n<p>Une r\u00e9union comme le Jockey, se res\u00adtrein\u00addra, en vien\u00addra \u00e0 n\u2019\u00eatre plus qu\u2019une soci\u00e9\u00adt\u00e9 com\u00adpo\u00ads\u00e9e d\u2019un tr\u00e8s petit nombre de gens de la m\u00eame classe, d\u2019une m\u00eame \u00e9du\u00adca\u00adtion, met\u00adtant en com\u00admun leurs res\u00adsources, dimi\u00adnu\u00e9es, pour conti\u00adnuer \u00e0 moins de frais une vie \u00e9l\u00e9\u00adgante, rece\u00advant \u00e0 frais com\u00admuns, coti\u00ads\u00e9s pour don\u00adner des f\u00eates, des chasses, faire cou\u00adrir des che\u00advaux, se pro\u00adcu\u00adrer des dis\u00adtrac\u00adtions d\u2019ordre esth\u00e9\u00adtique ou litt\u00e9raire\u2026<\/p>\n<\/blockquote>\n\n\n\n<p>Mais quel est le cr\u00e9\u00adtin qui sou\u00adte\u00adnait qu\u2019il \u00e9tait impos\u00adsible de r\u00e9a\u00adli\u00adser le com\u00admu\u00adnisme en soci\u00e9\u00adt\u00e9 capitaliste!\u2026<\/p>\n\n\n\n<p>Voi\u00adl\u00e0, je crois, une exp\u00e9\u00adrience com\u00admu\u00adniste qui, au contraire de beau\u00adcoup d\u2019autres, ne peut man\u00adquer de r\u00e9ussir.<\/p>\n\n\n\n<h5 class=\"wp-block-heading\">Au bagne<\/h5>\n\n\n\n<p>Dans la <i>Liber\u00adt\u00e9<\/i>, organe de la Tour Poin\u00adtue, <i>Jacques Dhur<\/i> publie, sous le titre \u00ab&nbsp;Visions de bagne&nbsp;\u00bb, des articles dont on devine le but, sur la vie des mal\u00adheu\u00adreux que la vin\u00addicte bour\u00adgeoise envoie \u00e0 <i>la Nou\u00advelle<\/i> pour des temps plus ou moins longs, quand ce n\u2019est pas pour toujours.<\/p>\n\n\n\n<p>Un bagne, vous vou\u00adlez rire&nbsp;: un s\u00e9jour enchan\u00adteur o\u00f9 vont, viennent, des gens v\u00eatus de toile et coif\u00adf\u00e9s de grands cha\u00adpeaux. \u00c9cou\u00adtez ce cocher, en veine de confidences&nbsp;:<\/p>\n\n\n\n<blockquote class=\"wp-block-quote is-layout-flow wp-block-quote-is-layout-flow\">\n<p>\u2015 Oh&nbsp;! mais, remarque-t-il avec un cli\u00adgne\u00adment d\u2019\u0153il astu\u00adcieux, j\u2019a\u00advais quelques sous\u2026 un \u00ab&nbsp;magot&nbsp;\u00bb, quoi!\u2026 Alors, on m\u2019a mis dans \u00ab&nbsp;l\u2019in\u00addi\u00advi\u00adduelle&nbsp;\u00bb. Et vous voyez, je suis&nbsp;libre.<\/p>\n\n\n\n<p>\u00ab&nbsp;Et&nbsp;! Oui, c\u2019\u00e9\u00adtait un malin&nbsp;\u00bb ajoute J. Dhur. Car l\u2019ad\u00admi\u00adnis\u00adtra\u00adtion p\u00e9ni\u00adten\u00adtiaire classe ses \u00ab&nbsp;clients&nbsp;\u00bb de la rel\u00e9\u00adga\u00adtion en deux cat\u00e9\u00adgo\u00adries&nbsp;: ceux qui n\u2019ont pas le sou demeurent \u00e0 la sec\u00adtion col\u00adlec\u00adtive, p\u00eale-m\u00eale, dans la pro\u00admis\u00adcui\u00adt\u00e9 de la case. S\u2019ils ont des moyens d\u2019exis\u00adtence, \u2015 m\u00eame pro\u00adve\u00adnant de l\u2019es\u00adcro\u00adque\u00adrie et du vol, et c\u2019est le cas le plus sou\u00advent,\u200a\u2014\u200aon leur per\u00admet. d\u2019exer\u00adcer une pro\u00adfes\u00adsion, librement.<\/p>\n<\/blockquote>\n\n\n\n<p>La pro\u00adme\u00adnade continue<\/p>\n\n\n\n<blockquote class=\"wp-block-quote is-layout-flow wp-block-quote-is-layout-flow\">\n<p>Nous filons \u00e0 belle allure, les guides hautes. Devant nous se d\u00e9file une haute col\u00adline, \u00e9cla\u00adbous\u00ads\u00e9e de soleil, et, au pied, comme d\u00e9grin\u00adgo\u00adl\u00e9e du som\u00admet, toute une cas\u00adcade de mai\u00adsons basses, aux toits de zinc&nbsp;: c\u2019est Nou\u00adm\u00e9a. Et, toute proche au del\u00e0 de l\u2019eau morte de la baie, l\u2019\u00eele Nou qui, avec les longs b\u00e2ti\u00adments clairs de ses p\u00e9ni\u00adten\u00adciers, et ses p\u00e2t\u00e9s de b\u00e2tisses blanches, se dresse comme une vague mons\u00adtrueuse, immo\u00adbile et&nbsp;fig\u00e9e.<\/p>\n\n\n\n<p>\u2014 Le bagne&nbsp;! Montrai-je.<\/p>\n\n\n\n<p>Bru\u00adta\u00adle\u00adment m\u2019ont sau\u00adt\u00e9 au cer\u00adveau, en image ter\u00adri\u00adfiante, des sou\u00adve\u00adnirs de mes lec\u00adtures d\u2019en\u00adfance&nbsp;: dans un bruit de chaises remu\u00e9es, sous le fouet de la garde-chiourme, des for\u00ad\u00e7ats, \u00e0 la casaque rouge et au bon\u00adnet vert, hur\u00adlant de dou\u00adleur et de rage\u2026 Et dans mon geste, dans ma voix, il y a sans doute comme un effa\u00adre\u00adment, car mon com\u00adpa\u00adgnon \u00e9bauche un sou\u00adrire, me rassure&nbsp;:<\/p>\n\n\n\n<p>\u2014 Oh&nbsp;! ici, le bagne n\u2019a rien de ter\u00adri\u00adfiant. Il est d\u2019ailleurs par\u00adtout\u2026 Au soleil\u2026 Dans la rue\u2026 \u00c0 votre h\u00f4tel\u2026 Au caf\u00e9 que nous venons de quit\u00adter, le gar\u00ad\u00e7on qui vous a ser\u00advi, c\u2019est un bagnard&nbsp;! Un bagnard encore, celui qui fait votre chambre et cire vos bottes!\u2026 Un bagnard tou\u00adjours le coif\u00adfeur qui vous&nbsp;rase\u2026<\/p>\n<\/blockquote>\n\n\n\n<p>N\u2019est-ce pas que, c\u2019est char\u00admant&nbsp;? \u00c7a vous don\u00adne\u00adrait envie d\u2019y&nbsp;aller!\u2026<\/p>\n\n\n\n<p>Nous atten\u00addons que Jacques Dhur, dans une nou\u00advelle s\u00e9rie d\u2019ar\u00adticles, tente de nous faire croire que la pri\u00adson cen\u00adtrale o\u00f9 len\u00adte\u00adment Cott\u00adjn se meurt, est un palace et les bagnes mili\u00adtaires des endroits de plai\u00adsir et de&nbsp;repos.<\/p>\n\n\n\n<p class=\"has-text-align-right\">Pierre Mual\u00add\u00e8s<\/p>\n","protected":false},"excerpt":{"rendered":"<p>La presse quo\u00adti\u00addienne dite d\u2019in\u00adfor\u00adma\u00adtion, la grande bour\u00adreuse de cr\u00e2nes, rem\u00adplit conscien\u00adcieu\u00adse\u00adment son r\u00f4le de vile domes\u00adti\u00adci\u00adt\u00e9. Avec une maes\u00adtria digne d\u2019une meilleure cause, elle d\u00e9na\u00adture les faits, tronque, arrange les d\u00e9cla\u00adra\u00adtions des per\u00adson\u00adnages en vue sui\u00advant les ordres gou\u00adver\u00adne\u00admen\u00adtaux, ou les mots d\u2019ordre des par\u00adtis. Elle fait aux actes qua\u00adli\u00adfi\u00e9s crimes la plus dangereuse&nbsp;[\u2026]<\/p>\n","protected":false},"author":292,"featured_media":8089,"comment_status":"closed","ping_status":"closed","sticky":false,"template":"wp-custom-template-page-d-article","format":"standard","meta":{"wp_typography_post_enhancements_disabled":false,"footnotes":""},"categories":[264],"tags":[890,569],"ppma_author":[1083],"class_list":["post-2070","post","type-post","status-publish","format-standard","has-post-thumbnail","hentry","category-la-revue-anarchiste-na1-janvier-1922","tag-nouvelles-et-commentaires","tag-revue-de-presse"],"authors":[{"term_id":1083,"user_id":292,"is_guest":0,"slug":"pierre-mualdes","display_name":"Pierre Muald\u00e8s","avatar_url":"https:\/\/secure.gravatar.com\/avatar\/a684e518dd0d7ce9feb5581a0a23b8ea72966a9399d00fe8e94841c23fae2069?s=96&d=mm&r=g","author_category":"","user_url":"","last_name":"Muald\u00e8s","first_name":"Pierre","job_title":"","description":""}],"_links":{"self":[{"href":"https:\/\/la-presse-anarchiste.net\/index.php\/wp-json\/wp\/v2\/posts\/2070","targetHints":{"allow":["GET"]}}],"collection":[{"href":"https:\/\/la-presse-anarchiste.net\/index.php\/wp-json\/wp\/v2\/posts"}],"about":[{"href":"https:\/\/la-presse-anarchiste.net\/index.php\/wp-json\/wp\/v2\/types\/post"}],"author":[{"embeddable":true,"href":"https:\/\/la-presse-anarchiste.net\/index.php\/wp-json\/wp\/v2\/users\/292"}],"replies":[{"embeddable":true,"href":"https:\/\/la-presse-anarchiste.net\/index.php\/wp-json\/wp\/v2\/comments?post=2070"}],"version-history":[{"count":3,"href":"https:\/\/la-presse-anarchiste.net\/index.php\/wp-json\/wp\/v2\/posts\/2070\/revisions"}],"predecessor-version":[{"id":8124,"href":"https:\/\/la-presse-anarchiste.net\/index.php\/wp-json\/wp\/v2\/posts\/2070\/revisions\/8124"}],"wp:featuredmedia":[{"embeddable":true,"href":"https:\/\/la-presse-anarchiste.net\/index.php\/wp-json\/wp\/v2\/media\/8089"}],"wp:attachment":[{"href":"https:\/\/la-presse-anarchiste.net\/index.php\/wp-json\/wp\/v2\/media?parent=2070"}],"wp:term":[{"taxonomy":"category","embeddable":true,"href":"https:\/\/la-presse-anarchiste.net\/index.php\/wp-json\/wp\/v2\/categories?post=2070"},{"taxonomy":"post_tag","embeddable":true,"href":"https:\/\/la-presse-anarchiste.net\/index.php\/wp-json\/wp\/v2\/tags?post=2070"},{"taxonomy":"author","embeddable":true,"href":"https:\/\/la-presse-anarchiste.net\/index.php\/wp-json\/wp\/v2\/ppma_author?post=2070"}],"curies":[{"name":"wp","href":"https:\/\/api.w.org\/{rel}","templated":true}]}}