{"id":2075,"date":"2009-05-06T21:42:20","date_gmt":"2009-05-06T21:42:20","guid":{"rendered":"https:\/\/la-presse-anarchiste.net\/index.php\/2009\/05\/06\/critiques-emanant-du-groupe-intervention-communiste-de-grenoble\/"},"modified":"2009-05-06T21:42:20","modified_gmt":"2009-05-06T21:42:20","slug":"critiques-emanant-du-groupe-intervention-communiste-de-grenoble","status":"publish","type":"post","link":"https:\/\/la-presse-anarchiste.net\/index.php\/2009\/05\/06\/critiques-emanant-du-groupe-intervention-communiste-de-grenoble\/","title":{"rendered":"Critiques \u00e9manant du groupe \u00ab&nbsp;Intervention Communiste&nbsp;\u00bb de Grenoble"},"content":{"rendered":"<div class=\"pdfprnt-buttons pdfprnt-buttons-post pdfprnt-top-right\"><a href=\"https:\/\/la-presse-anarchiste.net\/index.php\/wp-json\/wp\/v2\/posts\/2075?print=pdf\" class=\"pdfprnt-button pdfprnt-button-pdf\" target=\"_blank\"><img decoding=\"async\" src=\"https:\/\/la-presse-anarchiste.net\/wp-content\/plugins\/pdf-print\/images\/pdf.png\" alt=\"image_pdf\" title=\"Afficher le PDF\"><\/a><a href=\"https:\/\/la-presse-anarchiste.net\/index.php\/wp-json\/wp\/v2\/posts\/2075?print=print\" class=\"pdfprnt-button pdfprnt-button-print\" target=\"_blank\"><img decoding=\"async\" src=\"https:\/\/la-presse-anarchiste.net\/wp-content\/plugins\/pdf-print\/images\/print.png\" alt=\"image_print\" title=\"Contenu imprim\u00e9\"><\/a><\/div><p class=\"post_excerpt\">[[Aticle paru sans&nbsp;titre.]]<\/p>\n<p><!--more--><br>\nSuite \u00e0 une s\u00e9rie de textes \u00e9ma\u00adnant de cama\u00adrades engages dans la construc\u00adtion d\u2019un mou\u00adve\u00adment auto\u00adnome de tra\u00advailleurs r\u00e9vo\u00adlu\u00adtion\u00adnaires (et notam\u00adment de cama\u00adrades de la Ni\u00e8vre), le Groupe de Gre\u00adnoble \u00ab&nbsp;Inter\u00adven\u00adtion Com\u00admu\u00adniste&nbsp;\u00bb a \u00e9t\u00e9 ame\u00adner \u00e0 cri\u00adti\u00adquer cer\u00adtains des points qui lui parais\u00adsaient ambigus.<\/p>\n<p>Il s\u2019a\u00adgit pour l\u2019es\u00adsen\u00adtiel des points suivants&nbsp;:<br> \u2013 prin\u00adcipe d\u2019\u00abun regrou\u00adpe\u00adment auto\u00adnome de tra\u00advailleurs r\u00e9volutionnaires&nbsp;\u00bb.<br> \u2013 \u00ab&nbsp;Per\u00adsonne ne vient au nom de son orga\u00adni\u00adsa\u00adtion poli\u00adtique o\u00f9 syn\u00addi\u00adcale, mais d\u2019une mani\u00e8re auto\u00adnome.&nbsp;\u00bb (point 1 de la circulaire)<br> \u2013 \u00ab&nbsp;Pas de cou\u00adpure entre mili\u00adtants r\u00e9vo\u00adlu\u00adtion\u00adnaires tra\u00advaillant dans les syn\u00addi\u00adcats ou en dehors.&nbsp;\u00bb (point 5 de la circulaire).<\/p>\n<p>Se trouve donc repro\u00adduit ici de larges extraits de la r\u00e9ponse\u2026<\/p>\n<h3>1\u00b0. Sur la question de l\u2019autonomie prol\u00e9tarienne.<\/h3>\n<p>a) Nous recon\u00adnais\u00adsons bien \u00e9vi\u00addem\u00adment la n\u00e9ces\u00adsi\u00adt\u00e9 abso\u00adlue de la lutte ouvri\u00e8re par les tra\u00advailleurs eux-m\u00eames, des liai\u00adsons directes en rup\u00adture avec les appa\u00adreils sp\u00e9\u00adcia\u00adli\u00ads\u00e9s. Mais un regrou\u00adpe\u00adment auto\u00adnome de tra\u00advailleurs n\u2019a de sens que s\u2019il se situe dans le mou\u00adve\u00adment his\u00adto\u00adrique du pro\u00adl\u00e9\u00adta\u00adriat diri\u00adg\u00e9 contre le sala\u00adriat et la soci\u00e9\u00adt\u00e9 mar\u00adchande c\u2019est-\u00e0-dire s\u2019il se place sur le ter\u00adrain de l\u2019au\u00adto-orga\u00adni\u00adsa\u00adtion de la classe contre le tra\u00advail sala\u00adri\u00e9. Toute ten\u00adta\u00adtive donc de regrou\u00adpe\u00adment m\u00eame par\u00e9 du label \u00ab&nbsp;auto\u00adnome&nbsp;\u00bb est fausse si elle ne repose pas sur ce cri\u00adt\u00e8re fon\u00adda\u00admen\u00adtal&nbsp;; cela signi\u00adfie qu\u2019on ne fasse pas du regrou\u00adpe\u00adment pour du regrou\u00adpe\u00adment mais que le rap\u00adpro\u00adche\u00adment s\u2019o\u00adp\u00e8re sur des bases claires, sans aucune \u00e9qui\u00advoque&nbsp;; sans quoi ce regrou\u00adpe\u00adment ne sera jamais qu\u2019un conglo\u00adm\u00e9\u00adrat de plus, une nou\u00advelle orga\u00adni\u00adsa\u00adtion cryp\u00adto-gau\u00adchiste, a voca\u00adtion de masse et d\u00e8s lors ouverte \u00e0 tous les mar\u00adchan\u00addages et opportunisme&nbsp;;<\/p>\n<p>b) Il semble que vous fas\u00adsiez une dis\u00adtinc\u00adtion pure\u00adment socio\u00adlo\u00adgique entre des groupes for\u00adm\u00e9s par des ouvriers eux-m\u00eames et les autres groupes ou par\u00adtis. L\u2019au\u00adto\u00adno\u00admie pro\u00adl\u00e9\u00adta\u00adrienne n\u2019est pas un pro\u00adbl\u00e8me de struc\u00adtures (ici le groupe auto\u00adnome, l\u00e0 le goupe \u00ab&nbsp;poli\u00adtique&nbsp;\u00bb).Elle ne se cal\u00adcule pas sui\u00advant le nombre d\u2019ou\u00advriers par\u00adtic\u00adpants&nbsp;; elle d\u00e9pend avant tout du conte\u00adnu avan\u00adc\u00e9 par sa capa\u00adci\u00adt\u00e9 \u00e0 per\u00admettre au cours de luttes l\u2019ins\u00adtau\u00adra\u00adtion de rap\u00adports sociaux oppo\u00ads\u00e9s \u00e0 ceux impo\u00ads\u00e9s par le capi\u00adtal (prin\u00adcipe d\u2019au\u00adto-direc\u00adtion des luttes, pou\u00advoir aux AG, non diri\u00adgean\u00adtisme, attaque contre le tra\u00advail sala\u00adri\u00e9&nbsp;etc.);<\/p>\n<p>L\u2019au\u00adto\u00adno\u00admie pro\u00adl\u00e9\u00adta\u00adrienne a un conte\u00adnu poli\u00adtique&nbsp;; les groupes ouvriers auto\u00adnomes, qu\u2019ils soient de boites ou locaux (Action Che\u00admi\u00adnot ou Groupe d\u2019au\u00adto\u00adno\u00admie ouvri\u00e8re de Rome), com\u00adpo\u00ads\u00e9s en tout ou par\u00adtie d\u2019ou\u00advriers, sont pour nous la pr\u00e9\u00adfi\u00adgu\u00adra\u00adtion de l\u2019or\u00adga\u00adni\u00adsa\u00adtion de com\u00adbat du pro\u00adl\u00e9\u00adta\u00adriat&nbsp;: Ils sont \u00e9mi\u00adnem\u00adment POLITIQUES.<\/p>\n<p>D\u00e8s lors que peut bien vou\u00adloir signi\u00adfier la dis\u00adtinc\u00adtion que vous op\u00e9\u00adrez&nbsp;? et sur\u00adtout ce \u00ab&nbsp;VENIR DE MANIERE AUTONOME&nbsp;\u00bb&nbsp;? Cela signi\u00adfie\u00adrait-il qu\u2019on peut faire un \u00ab&nbsp;tra\u00advail auto\u00adnome&nbsp;\u00bb dans le groupe, puis un tra\u00advail poli\u00adtique, voir syn\u00addi\u00adcal hors de ce groupe&nbsp;? Ou cela signi\u00adfie\u00adrait-il comme dans le vieux mou\u00adve\u00adment ouvrier, que vous faites votre les vieilles divi\u00adsions&nbsp;: ici le poli\u00adtique, l\u00e0 \u00ab&nbsp;l\u2019au\u00adto\u00adnome comme nagu\u00e8re le syn\u00addi\u00adqu\u00e9&nbsp;\u00bb. Avez vous vou\u00adlu vous mettre \u00e0 l\u2019a\u00adbri d\u2019\u00e9\u00adven\u00adtuelles d\u00e9viations?\u2026<\/p>\n<p>Nous affir\u00admons pour notre part que les groupes ouvriers auto\u00adnomes sont ceux qui accueillent en leur sein ceux des tra\u00advailleurs les plus en pointe (m\u00eame dans les p\u00e9riodes de reflux de la lutte de classe), les plus lucides les plus radi\u00adca\u00adli\u00ads\u00e9s, d\u00e9ga\u00adg\u00e9s des id\u00e9o\u00adlo\u00adgies pseu\u00addo-r\u00e9vo\u00adlu\u00adtion\u00adnaires, syn\u00addi\u00adca\u00adlistes ou r\u00e9for\u00admistes, com\u00adbat\u00adtants pour l\u2019ac\u00adtion auto\u00adnome de classe, pour l\u2019ins\u00adtau\u00adra\u00adtion au cours des luttes et s\u2019\u00e9\u00adten\u00addant hors du lieu de pro\u00adduc\u00adtion., de rap\u00adports sociaux com\u00admu\u00adnistes, ils ne forment pas un nou\u00adveau par\u00adti ou un nou\u00adveau syn\u00addi\u00adcat, mais ils contri\u00adbuent \u00e0 la consti\u00adtu\u00adtion en par\u00adti , du pro\u00adl\u00e9\u00adta\u00adriat&nbsp;: bref ils sont com\u00admu\u00adnistes (m\u00eame si ce terme signi\u00adfie pas\u00adsa\u00adble\u00adment autre chose\u2026) et \u00e0 ce titre ils se doivent de se regrou\u00adper pour appuyer les luttes auto\u00adnomes des tra\u00advailleurs, d\u00e9mys\u00adti\u00adfier celles qui ne sont qu\u2019un moment n\u00e9ces\u00adsaire \u00e0 la repro\u00adduc\u00adtion du capi\u00adtal, d\u00e9non\u00adcer les man\u0153uvres bureau\u00adcra\u00adtiques de ceux qui veulent conser\u00adver le salariat&nbsp;!<\/p>\n<p>Leur regrou\u00adpe\u00adment doit per\u00admettre de faire connaitre tou\u00adjours plus aux autres tra\u00advailleurs la pos\u00adsi\u00adbi\u00adli\u00adt\u00e9 qu\u2019ils ont de se lib\u00e9\u00adrer par leurs propres moyens de l\u2019es\u00adcla\u00advage salari\u00e9.<\/p>\n<p>Au vu de cela des for\u00admules telles que \u00ab&nbsp;venir de mani\u00e8re auto\u00adnome&nbsp;\u00bb paraissent bien ambi\u00adgus, car elles pour\u00adraient se tra\u00adduire par \u00ab&nbsp;par\u00adtir faire du syn\u00addi\u00adca\u00adlisme dans son syn\u00addi\u00adcat, de la \u00ab&nbsp;poli\u00adtique&nbsp;\u00bb dans son grou\u00adpus\u00adcule\u00bb\u2026 ce qui, en gros, n\u2019au\u00adrait plus du tout rien \u00e0 voir avec l\u2019au\u00adto\u00adno\u00admie pro\u00adl\u00e9\u00adta\u00adrienne. Com\u00adment expli\u00adque\u00adrez-vous cette contra\u00addic\u00adtion&nbsp;? Quels d\u00e9pas\u00adse\u00adments y voyez-vous&nbsp;?<\/p>\n<p>L\u2019 auto\u00adno\u00admie pro\u00adl\u00e9\u00adta\u00adrienne ce n\u2019est pas, de plus, l\u2019a\u00adpo\u00adlo\u00adgie de toutes gr\u00e8ves&nbsp;; ce n\u2019est pas tom\u00adber dans le triom\u00adpha\u00adlisme ouvri\u00e9\u00adriste. Elle implique la connais\u00adsance de la nature des luttes actuelles. S\u2019ins\u00adcrivent-elles dans une offen\u00adsive contre le sala\u00adriat, avec appa\u00adri\u00adtion de rap\u00adports sociaux nou\u00adveaux, ou sont elles \u2015 quoique par\u00adfois dures \u2015 d\u00e9fen\u00adsives, c\u2019est \u00e0 dire sou\u00admises aux appa\u00adreils du Capi\u00adtal au sein du pro\u00adl\u00e9\u00adta\u00adriat. Mais ana\u00adly\u00adser la nature des luttes aujourd\u2019\u00adhui n\u2019est-ce pas voir aus\u00adsi quel est l\u2019\u00e9\u00adtat du capi\u00adta\u00adlisme qui les condi\u00adtionne, et qui condi\u00adtionne, cela va de soi, l\u2019au\u00adto\u00adno\u00admie pro\u00adl\u00e9\u00adta\u00adrienne elle-m\u00eame.&nbsp;<\/p>\n<h3>2\u00b0. Sur la coupure entre militants travaillant dans les syndicats ou en dehors.<\/h3>\n<p>Ce point rejoint le pr\u00e9\u00adc\u00e9\u00addent au sujet de \u00ab&nbsp;venir de mani\u00e8re auto\u00adnome&nbsp;\u00bb. Signi\u00adfie-t-il qu\u2019on peut \u00eatre syn\u00addi\u00adca\u00adliste dans le syn\u00addi\u00adcat, ouvrier auto\u00adnome dans le \u00ab&nbsp;regrou\u00adpe\u00adment&nbsp;\u00bb&nbsp;? Voi\u00adci ce qu\u2019on peut en dire&nbsp;: l\u2019\u00e9\u00adtat actuel des luttes de classe fait que le mili\u00adtant, pour des rai\u00adsons pra\u00adtiques, est sou\u00advent obli\u00adg\u00e9 de pas\u00adser par un syn\u00addi\u00adcat pour nouer des rela\u00adtions hors de son ate\u00adlier ou de son bureau (\u00e0 l\u2019in\u00adt\u00e9\u00adrieur de ces der\u00adniers, les liai\u00adsons se font seules puisque c\u2019est le lieu \u00ab&nbsp;natu\u00adrel&nbsp;\u00bb). Mais cela ne signi\u00adfie pas, bien au contraire qu\u2019un tra\u00advail puisse \u00eatre fait au niveau de la struc\u00adture (UL, UD, F\u00e9d\u00e9\u00adra\u00adtion); le faire serait alors faire du syn\u00addi\u00adca\u00adlisme, et serait alors en totale contra\u00addic\u00adtion avec le pro\u00adces\u00adsus. d\u2019au\u00adto-orga\u00adni\u00adsa\u00adtion de la classe, avec l\u2019au\u00adto\u00adno\u00admie pro\u00adl\u00e9\u00adta\u00adrienne. C\u2019est de plus ne pas avoir r\u00e9pon\u00addu \u00e0 la ques\u00adtion&nbsp;: \u00ab&nbsp;le syn\u00addi\u00adcat est-il aujourd\u2019\u00adhui un moyen de trans\u00adfor\u00adma\u00adtion r\u00e9vo\u00adlu\u00adtion\u00adnaire de la soci\u00e9\u00adt\u00e9, ou est il un ferme sou\u00adtien du capi\u00adtal pour la conser\u00adva\u00adtion du salariat&nbsp;?&nbsp;\u00bb<\/p>\n<p>De la r\u00e9ponse d\u00e9pend \u00e9vi\u00addem\u00adment la stra\u00adt\u00e9\u00adgie \u00e0 adop\u00adter&nbsp;: l\u2019en\u00adtr\u00e9e ou non dans un syn\u00addi\u00adcat (sec\u00adtion) n\u2019est plus, dans notre optique, qu\u2019une ques\u00adtion tac\u00adtique. (\u00e9vi\u00adter d\u2019ap\u00adpa\u00adraitre comme le repr\u00e9\u00adsen\u00adtant de telle bou\u00adtique, d\u2019en\u00adtre\u00adte\u00adnir des illu\u00adsions sur le r\u00f4le du syn\u00addi\u00adcat, d\u00e9mys\u00adti\u00adfier ce der\u00adnier est alors la t\u00e2che essen\u00adtielle pour le mili\u00adtant r\u00e9volutionnaire).<\/p>\n<p>Voi\u00adl\u00e0 pour notre part dans quel sens nous com\u00adpre\u00adnons \u00ab&nbsp;tra\u00advailler&nbsp;\u00bb dans un syn\u00addi\u00adcat, et de cette fa\u00e7on l\u00e0, ce tra\u00advail bien au contraire ne s\u2019op\u00adpose pas \u00e0 l\u2019au\u00adto\u00adno\u00admie pro\u00adl\u00e9\u00adta\u00adrienne&nbsp;: il en est son com\u00adpl\u00e9\u00adment. Dans cette optique, \u00ab&nbsp;venir de fa\u00e7on auto\u00adnome&nbsp;\u00bb n\u2019a pas plus de sens que \u00ab&nbsp;pas de cou\u00adpure entre mili\u00adtants tra\u00advaillant ou non sans un syn\u00addi\u00adcat&nbsp;\u00bb. La ques\u00adtion reste bien&nbsp;: quel type de travail?\u2026<\/p>\n<p>Pas plus qu\u2019il ne sau\u00adrait y avoir de cou\u00adpures entre syn\u00addi\u00adqu\u00e9s\/\u00adnon-syn\u00addi\u00adqu\u00e9s il ne sau\u00adrait y en avoir pour nous entre tra\u00advailleurs manuels\/\u200bintellectuels (cette divi\u00adsion est avent tout le pro\u00adduit de l\u2019or\u00adga\u00adni\u00adsa\u00adtion capi\u00adta\u00adliste du tra\u00advail, n\u00e9ces\u00adsaire pour la repro\u00adduc\u00adtion \u00e9lar\u00adgie du capi\u00adtal, comme moyens d\u2019ac\u00adcroitre la divi\u00adsion des tra\u00advailleurs entre eux). Quels sont alors ces \u00ab&nbsp;rap\u00adports avec les tra\u00advailleurs intel\u00adlec\u00adtuels&nbsp;\u00bb que vous envi\u00adsa\u00adgez dans votre point&nbsp;7.<\/p>\n<p>Il ne vous reste plus qu\u2019\u00e0 \u00e9clai\u00adrer notre lanterne&nbsp;!<\/p>\n<p>Groupe de Gre\u00adnoble \u00ab&nbsp;Inter\u00adven\u00adtion Communiste&nbsp;\u00bb<\/p>\n","protected":false},"excerpt":{"rendered":"<p>[[Aticle paru sans&nbsp;titre.]]<\/p>\n","protected":false},"author":1,"featured_media":0,"comment_status":"closed","ping_status":"closed","sticky":false,"template":"","format":"standard","meta":{"wp_typography_post_enhancements_disabled":false,"footnotes":""},"categories":[267],"tags":[],"ppma_author":[540],"class_list":["post-2075","post","type-post","status-publish","format-standard","hentry","category-rupture-n1-fevrier-1975"],"authors":[{"term_id":540,"user_id":1,"is_guest":0,"slug":"admin_3gikpwyf","display_name":"Vincent Dubuc","avatar_url":"https:\/\/secure.gravatar.com\/avatar\/d015720652c25fd2ced191ade86430094e1f288a17483713e3b34d26dea52507?s=96&d=mm&r=g","author_category":"","user_url":"https:\/\/la-presse-anarchiste.net","last_name":"Dubuc","first_name":"Vincent","job_title":"","description":""}],"_links":{"self":[{"href":"https:\/\/la-presse-anarchiste.net\/index.php\/wp-json\/wp\/v2\/posts\/2075","targetHints":{"allow":["GET"]}}],"collection":[{"href":"https:\/\/la-presse-anarchiste.net\/index.php\/wp-json\/wp\/v2\/posts"}],"about":[{"href":"https:\/\/la-presse-anarchiste.net\/index.php\/wp-json\/wp\/v2\/types\/post"}],"author":[{"embeddable":true,"href":"https:\/\/la-presse-anarchiste.net\/index.php\/wp-json\/wp\/v2\/users\/1"}],"replies":[{"embeddable":true,"href":"https:\/\/la-presse-anarchiste.net\/index.php\/wp-json\/wp\/v2\/comments?post=2075"}],"version-history":[{"count":0,"href":"https:\/\/la-presse-anarchiste.net\/index.php\/wp-json\/wp\/v2\/posts\/2075\/revisions"}],"wp:attachment":[{"href":"https:\/\/la-presse-anarchiste.net\/index.php\/wp-json\/wp\/v2\/media?parent=2075"}],"wp:term":[{"taxonomy":"category","embeddable":true,"href":"https:\/\/la-presse-anarchiste.net\/index.php\/wp-json\/wp\/v2\/categories?post=2075"},{"taxonomy":"post_tag","embeddable":true,"href":"https:\/\/la-presse-anarchiste.net\/index.php\/wp-json\/wp\/v2\/tags?post=2075"},{"taxonomy":"author","embeddable":true,"href":"https:\/\/la-presse-anarchiste.net\/index.php\/wp-json\/wp\/v2\/ppma_author?post=2075"}],"curies":[{"name":"wp","href":"https:\/\/api.w.org\/{rel}","templated":true}]}}