{"id":2076,"date":"2009-05-06T22:03:12","date_gmt":"2009-05-06T22:03:12","guid":{"rendered":"https:\/\/la-presse-anarchiste.net\/index.php\/2009\/05\/06\/de-lanarcho-bolchevisme-aux-vicissitudes-dun-ex-groupe-de-lo-r-a\/"},"modified":"2009-05-06T22:03:12","modified_gmt":"2009-05-06T22:03:12","slug":"de-lanarcho-bolchevisme-aux-vicissitudes-dun-ex-groupe-de-lo-r-a","status":"publish","type":"post","link":"https:\/\/la-presse-anarchiste.net\/index.php\/2009\/05\/06\/de-lanarcho-bolchevisme-aux-vicissitudes-dun-ex-groupe-de-lo-r-a\/","title":{"rendered":"De l\u2019anarcho-bolchevisme aux vicissitudes d\u2019un ex-groupe de l\u2019O.R.A\u2026"},"content":{"rendered":"<div class=\"pdfprnt-buttons pdfprnt-buttons-post pdfprnt-top-right\"><a href=\"https:\/\/la-presse-anarchiste.net\/index.php\/wp-json\/wp\/v2\/posts\/2076?print=pdf\" class=\"pdfprnt-button pdfprnt-button-pdf\" target=\"_blank\"><img decoding=\"async\" src=\"https:\/\/la-presse-anarchiste.net\/wp-content\/plugins\/pdf-print\/images\/pdf.png\" alt=\"image_pdf\" title=\"Afficher le PDF\"><\/a><a href=\"https:\/\/la-presse-anarchiste.net\/index.php\/wp-json\/wp\/v2\/posts\/2076?print=print\" class=\"pdfprnt-button pdfprnt-button-print\" target=\"_blank\"><img decoding=\"async\" src=\"https:\/\/la-presse-anarchiste.net\/wp-content\/plugins\/pdf-print\/images\/print.png\" alt=\"image_print\" title=\"Contenu imprim\u00e9\"><\/a><\/div><p>Ce texte \u00e9la\u00adbo\u00adr\u00e9 col\u00adlec\u00adti\u00adve\u00adment par les mili\u00adtants de l\u2019ex-groupe O.R.A. de Beau\u00advais ne pr\u00e9\u00adtend pas \u00eatre exhaus\u00adtif, ni com\u00adplet, il n\u2019est qu\u2019une \u00e9bauche de r\u00e9flexions sur le r\u00f4le de l\u2019O.R.A et sur les posi\u00adtions qui nous ont ame\u00adn\u00e9 \u00e0 rompre avec&nbsp;elle.<\/p>\n<p>N\u00e9e apr\u00e8s 68, d\u2019une scis\u00adsion de cer\u00adtains mili\u00adtants avec la F.A, 1\u2019O.R.A. se pro\u00adpose de ras\u00adsem\u00adbler tous les liber\u00adtaires \u00e0 part enti\u00e8re. Elle se s\u00e9pare peu \u00e0 peu de la F.A., m\u00eame si ses slo\u00adgans (ploum ploum tra la la, anar\u00adchie vain\u00adcra&nbsp;: enter\u00adre\u00adment de Pierre Over\u00adney) et textes eux, ne font que s\u2019a\u00adli\u00adgner sur le ligne sinueuse du folklo-d\u00e9bilo-anarchisme.<\/p>\n<p>Mais sou\u00addain en 70, brusque chan\u00adge\u00adment d\u2019at\u00adti\u00adtude, l\u2019\u00e9\u00addi\u00adto\u00adrial d\u2019un F.L nous apprend que c\u2019en est fini de l\u2019a\u00adnar\u00adchisme tra\u00addi\u00adtion\u00adnel, qu\u2019une \u00ab&nbsp;grande&nbsp;\u00bb orga\u00adni\u00adsa\u00adtion com\u00admu\u00adniste-liber\u00adtaire est en train de naitre des cendres de l\u2019ex\u2011O.R.A. You\u00adpiee!!! Le soleil brille de nou\u00adveau de nos c\u0153urs. A la t\u00eate de notre nou\u00advelle orga\u00adni\u00adsa\u00adtion (eh oui, car t\u00eate bien tris\u00adte\u00adment il y a) se trouvent les bureau\u00adcrates bien connus qui der\u00adri\u00e8re les mon\u00adceaux de papiers des Vignoles s\u2019\u00e9\u00adri\u00adge\u00adront en nou\u00advelle intel\u00adli\u00adgent\u00adsia gui\u00addant de leurs pr\u00e9\u00adceptes les pas h\u00e9si\u00adtants de nos mili\u00adtants hors des sen\u00adtiers bat\u00adtus de l\u2019anarchisme.<\/p>\n<p>Que nous proposent-ils&nbsp;?<\/p>\n<p>Tout d\u2019a\u00adbord d\u2019en\u00adtrer en masse \u00e0 la C.F.D.T., syn\u00addi\u00adcat \u00ab&nbsp;r\u00e9el\u00adle\u00adment auto\u00adges\u00adtion\u00adnaire&nbsp;\u00bb, contrai\u00adre\u00adment aux motions de congr\u00e8s, cela sans doute afin de pal\u00adlier \u00e0 la triste et trop connue faillite de l\u2019a\u00adnar\u00adcho-syn\u00addi\u00adca\u00adlisme. Du point de vue th\u00e9o\u00adrique pro\u00adpre\u00adment dit, les choses seront plus dif\u00adfi\u00adciles, apr\u00e8s une pluie de textes, motions, amen\u00adde\u00adments divers, tous aus\u00adsi peu clairs les uns que les autres, on en vien\u00addra \u00e0 vou\u00adloir r\u00e9\u00e9di\u00adter (quel pas d\u00e9ci\u00adsif dans l\u2019his\u00adtoire du mou\u00adve\u00adment ouvrier!) la pla\u00adte\u00adforme d\u2019Ar\u00adchi\u00adnov. Mais une \u00e9tin\u00adcelle de g\u00e9nie \u00e9clai\u00adre\u00adra bien\u00adt\u00f4t le cer\u00adveau obs\u00adcur de nos bureau\u00adcrates&nbsp;: face au vide th\u00e9o\u00adrique, une seule solu\u00adtion, l\u2019ac\u00adti\u00advisme forcen\u00e9.<\/p>\n<p>Et c\u2019est \u00e0 par\u00adtir de ce moment que natio\u00adnales, r\u00e9gio\u00adnales ne devien\u00addront plus qu\u2019un long compte-ren\u00addu de gr\u00e8ves et actions d\u2019\u00e9\u00adclat, bavar\u00addages \u00e9so\u00adt\u00e9\u00adriques o\u00f9 l\u2019on pour\u00adra entendre des choses du genre&nbsp;: \u00ab&nbsp;Je suis d\u00e9l\u00e9\u00adgu\u00e9 C.F.D.T. dans une usine \u00e0 St Lucu\u00adfa o\u00f9 j\u2019ai men\u00e9 une bagarre, j\u2019ai ven\u00addu tant de F.L, etc.&nbsp;\u00bb Cer\u00adtains groupes (Gre\u00adnoble) face \u00e0 cette situa\u00adtion catas\u00adtro\u00adphique r\u00e9agi\u00adront en essayant d\u2019ap\u00adpor\u00adter \u00e0 cette pagaille orga\u00adni\u00ads\u00e9e une cer\u00adtaine base th\u00e9o\u00adrique, mais les bureau\u00adcrates veillent et \u00e0 l\u2019O.R.A., qui pense trop et mal est vite&nbsp;exclu.<\/p>\n<p>Au niveau orga\u00adni\u00adsa\u00adtion\u00adnel, la d\u00e9con\u00adfi\u00adture sera totale&nbsp;: la coor\u00addi\u00adna\u00adtion, entre les dif\u00adf\u00e9\u00adrents groupes quand elle existe sera des plus spo\u00adra\u00addiques et des moins fruc\u00adtueuses, les prin\u00adci\u00adpales ren\u00adcontres ou contacts se fai\u00adsant lors des natio\u00adnales et r\u00e9gio\u00adnales (c\u2019est peu dire). De plus, les B.I. seront mal dis\u00adtri\u00adbu\u00e9s, en nombre insuf\u00adfi\u00adsant. Aucune d\u00e9ci\u00adsion ou com\u00admu\u00adni\u00adqu\u00e9 (apr\u00e8s une consul\u00adta\u00adtion glo\u00adbale de tous les groupes) ne sera jamais \u00e9ta\u00adbli autour des pro\u00adbl\u00e8mes du moment (Chi\u00adli,&nbsp;etc\u2026).<\/p>\n<p>Au cours des natio\u00adnales nai\u00adtront des com\u00admis\u00adsions (femmes, arm\u00e9e\u2026) dont nous n\u2019en\u00adten\u00addrons plus par\u00adler par la suite, leur prin\u00adci\u00adpale fonc\u00adtion ayant d\u2019a\u00advoir exis\u00adt\u00e9 sans&nbsp;doute.<\/p>\n<p>Au niveau mat\u00e9\u00adriel, le p\u00f4le d\u2019at\u00adtrac\u00adtion sera prin\u00adci\u00adpa\u00adle\u00adment l\u2019a\u00adchat d\u2019une off\u00adset. Nos joyeux com\u00adp\u00e8res de Paris, sans que per\u00adsonne ou presque n\u2019en sache rien, d\u00e9cident un beau jour d\u2019\u00e9\u00adt\u00e9 d\u2019a\u00adche\u00adter la mer\u00adveilleuse machine qui r\u00e9sou\u00addra tous les pro\u00adbl\u00e8mes. Cette affaire meu\u00adble\u00adra bien\u00adt\u00f4t les longues soi\u00adr\u00e9es d\u2019hi\u00adver de nos mili\u00adtants, l\u2019a\u00adchat de cette off\u00adset deve\u00adnant rapi\u00adde\u00adment syno\u00adnyme de gouffre finan\u00adcier. Qui va payer&nbsp;? Mais les mili\u00adtants bien s\u00fbr&nbsp;! Une sous\u00adcrip\u00adtion est vite ouverte. Les mili\u00adtants se ser\u00adrant un peu plus la cein\u00adture s\u2019empressent de rem\u00adbour\u00adser la machine. La situa\u00adtion devient moins confuse, l\u2019off\u00adset s\u2019a\u00adv\u00e8re \u00eatre inuti\u00adli\u00adsable&nbsp;; pas de local, mat\u00e9\u00adriel insuf\u00adfi\u00adsant. La danse conti\u00adnue, il faut payer un peu plus et cela afin de r\u00e9pa\u00adrer les erreurs de nos bureau\u00adcrates fantasques.<\/p>\n<p>En conclu\u00adsion, on peut affir\u00admer que l\u2019O.R.A. ou plus exac\u00adte\u00adment son bureau poli\u00adtique, veulent recons\u00adtruire, en s\u2019ap\u00adpuyant sur des sch\u00e9\u00admas orga\u00adni\u00adsa\u00adtion\u00adnels l\u00e9ni\u00adnistes, la C.N.T.-F.A.I. des belles ann\u00e9es.<\/p>\n<p>Des dis\u00adcus\u00adsions sur les points par\u00adti\u00adcu\u00adliers ont confir\u00adm\u00e9s notre d\u00e9sac\u00adcord glo\u00adbal avec les posi\u00adtions de l\u2019O.R.A. (ou plu\u00adt\u00f4t son manque de position.<\/p>\n<p>Ces points sont les suivants&nbsp;:<\/p>\n<ol>\n<li> Le syndicat<\/li>\n<li> L\u2019autogestion<\/li>\n<li> Les groupes autonomes<\/li>\n<li> L\u2019or\u00adga\u00adni\u00adsa\u00adtion des r\u00e9volutionnaires<\/li>\n<\/ol>\n<h3>Le syndicat<\/h3>\n<p>Dans ce texte, nous nous pro\u00adpo\u00adsons de par\u00adler du syn\u00addi\u00adcat et de l\u2019O.R.A. ou plu\u00adt\u00f4t d\u2019une par\u00adtie de l\u2019O.R.A.  face \u00e0 ce probl\u00e8me.<\/p>\n<p>A la ren\u00adcontre natio\u00adnale de novembre 74, il a \u00e9t\u00e9 ques\u00adtion d\u2019un texte&nbsp;: \u00ab&nbsp;Syn\u00addi\u00adca\u00adlisme et mou\u00adve\u00adment de masse&nbsp;\u00bb. Que dit-il&nbsp;?<\/p>\n<p>En pre\u00admier lieu, il fait une ana\u00adlyse du syn\u00addi\u00adcat&nbsp;: il n\u2019est qu\u2019un rouage du capi\u00adta\u00adlisme, il fixe la valeur de la force de tra\u00advail et doit assu\u00adrer la paix sociale, ses struc\u00adtures sont for\u00adte\u00adment bureau\u00adcra\u00adti\u00ads\u00e9es, hi\u00e9rarchis\u00e9es.<\/p>\n<p>L\u2019O.R.A, le dit elle-m\u00eame, quand la classe ouvri\u00e8re affronte direc\u00adte\u00adment le capi\u00adtal, elle se donne sa propre orga\u00adni\u00adsa\u00adtion de lutte. Cepen\u00addant le syn\u00addi\u00adcat, en p\u00e9riode de lutte, peut offrir des struc\u00adtures coor\u00addi\u00adna\u00adtrices. Quelles sortes de luttes&nbsp;? Cer\u00adtai\u00adne\u00adment pas les luttes r\u00e9vo\u00adlu\u00adtion\u00adnaires car celles-ci enterrent, d\u00e9passent le syn\u00addi\u00adcat puisque celui-ci n\u2019est plus qu\u2019une arme du capi\u00adtal. Le syn\u00addi\u00adcat ne peut coor\u00addon\u00adner que des action  r\u00e9for\u00admistes car en fai\u00adsant appel au syn\u00addi\u00adcat, c\u2019est une lourde machine bureau\u00adcra\u00adtique, hi\u00e9\u00adrar\u00adchi\u00ads\u00e9e que l\u2019on a devant soi. Le tra\u00advail du r\u00e9vo\u00adluion\u00adnaire n\u2019est pas de lut\u00adter contre les \u00ab&nbsp;mau\u00advais&nbsp;\u00bb c\u00f4t\u00e9s du syn\u00addi\u00adcat (t\u00e2che cer\u00adtai\u00adne\u00adment vaine) mais essayer de le d\u00e9pas\u00adser. Il ne faut pas se faire d\u2019illu\u00adsions, en se ser\u00advant du syn\u00addi\u00adcat m\u00eame \u00e0 titre pro\u00advi\u00adsoire, on tombe auto\u00adma\u00adti\u00adque\u00adment dans ses pi\u00e8ges.<\/p>\n<p>Si l\u2019on relit la motion n\u00b02, <u>une contra\u00addic\u00adtion appa\u00adrait<\/u>&nbsp;: le pro\u00adbl\u00e8me n\u2019est pas d\u2019\u00eatre pour ou contre le syn\u00addi\u00adcat mais d\u2019u\u00adni\u00adfier sur des bases anti\u00adca\u00adpi\u00adta\u00adlistes. D\u2019a\u00adbord, on adopte une posi\u00adtion b\u00e2tarde, on ne suit pas si on est pour ou contre (c\u2019est pas mon pro\u00adbl\u00e8me). Unir sur des bases anti\u00adca\u00adpi\u00adta\u00adlistes implique une posi\u00adtion claire, nette sur le syn\u00addi\u00adcat agent du capi\u00adtal. En th\u00e9o\u00adrie, l\u2019O.R.A. recon\u00adnait ce qu\u2019est l\u2019or\u00adga\u00adni\u00adsa\u00adtion syn\u00addi\u00adcale mais pour pas\u00adser \u00e0 la pra\u00adtique, on oublie tout, on met une croix sur le pro\u00adbl\u00e8me du syn\u00addi\u00adcat. Le syn\u00addi\u00adcat peut favo\u00adri\u00adser la d\u00e9mo\u00adcra\u00adtie directe sec\u00adtion syn\u00addi\u00adcale ouverte. L\u00e0 encore, on oublie l\u2019exemple cit\u00e9 plus haut les ouvriers avaient leurs propres orga\u00adni\u00adsa\u00adtions quand ils fonc\u00adtionnent en d\u00e9mo\u00adcra\u00adtie directe (conseils ouvriers en U.R.S.S, comi\u00adt\u00e9 d\u2019ac\u00adtion en 68\u2026). Ce n\u2019est pas le syn\u00addi\u00adcat qui am\u00e8\u00adne\u00adra l\u2019or\u00adga\u00adni\u00adsa\u00adtion des tra\u00advailleurs pour abattre le capi\u00adtal, d\u2019ailleurs il ne regroupe qu\u2019une petite par\u00adtie des tra\u00advailleurs (15%), ce qui lui donne l\u2019im\u00adpres\u00adsion d\u2019\u00eatre puis\u00adsant c\u2019est le fait qu\u2019il garde pr\u00e9\u00adci\u00ads\u00e9\u00adment la lutte entre ses mains et la ter\u00admine, du fait que les tra\u00advailleurs n\u2019ont pas leurs propres orga\u00adni\u00adsa\u00adtions ils suivent le syn\u00addi\u00adcat dans la lutte. Bien qu\u2019ac\u00adtuel\u00adle\u00adment, il existe des exemples de luttes lan\u00adc\u00e9es par la base m\u00eame, le syn\u00addi\u00adcat inter\u00advient&nbsp;: on attend le pour\u00adris\u00adse\u00adment de la lutte, puis on reprend le tra\u00advail (P.T.T., S.N.C.F.)<\/p>\n<h4>La vision parcellaire du militant syndical<\/h4>\n<p>\u00ab&nbsp;Le tra\u00advailleur qui vient mili\u00adter dans un syn\u00addi\u00adcat, parce qu\u2019il n\u2019en\u00adtre\u00advoit pas d\u2019autre fa\u00e7on de lut\u00adter dans son entre\u00adprise fait, sans le savoir un choix tru\u00adqu\u00e9. Il est for\u00adte\u00adment r\u00e9pan\u00addu qu\u2019il y a deux mani\u00e8res de d\u00e9fendre la classe ouvri\u00e8re, l\u2019or\u00adga\u00adni\u00adsa\u00adtion poli\u00adtique pour le \u00ab&nbsp;g\u00e9n\u00e9\u00adral&nbsp;\u00bb et l\u2019or\u00adga\u00adni\u00adsa\u00adtion syn\u00addi\u00adcale pour \u00ab&nbsp;l\u2019\u00e9\u00adco\u00adno\u00admique&nbsp;\u00bb. Le syn\u00addi\u00adca\u00adliste, m\u00eame s\u2019il milite poli\u00adti\u00adque\u00adment admet faci\u00adle\u00adment (ou du moins, on lui fait admettre) que pour son usine ou son bureau, le seul ter\u00adrain est le syn\u00addi\u00adca\u00adlisme&nbsp;; son choix se limite \u00e0 la conf\u00e9\u00add\u00e9\u00adra\u00adtion (C.G.T ou C.F.D.T par ex.). <u>De fait<\/u>, le mili\u00adtant syn\u00addi\u00adca\u00adliste est enfer\u00adm\u00e9 dans son entre\u00adprise, il parle de <u>sa<\/u> boite, de <u>sa<\/u> direc\u00adtion, des reven\u00addi\u00adca\u00adtions propres \u00e0 son entre\u00adprise ou \u00e0 son bureau. Il a une acti\u00advi\u00adt\u00e9 loca\u00adliste, par\u00adcel\u00adlaire et rare\u00adment essaie de d\u00e9pas\u00adser ce stade. Il n\u2019en\u00adtre\u00advoit pas que son entre\u00adprise est une toute petite cel\u00adlule d\u2019un ensemble qui s\u2019ap\u00adpelle le capi\u00adtal, que les tra\u00advailleurs ne doivent pas com\u00adbattre chaque cel\u00adlule iso\u00adl\u00e9\u00adment mais atta\u00adquer l\u2019en\u00adsemble, vio\u00adlem\u00adment pour qu\u2019il ne puisse sur\u00advivre. Pour cela la classe ouvri\u00e8re devra se don\u00adner un organe qui faci\u00adli\u00adte\u00adra cette t\u00e2che. Les f\u00e9d\u00e9\u00adra\u00adtions accen\u00adtuent ce cor\u00adpo\u00adra\u00adtisme du fait qu\u2019elles sont sub\u00addi\u00advi\u00ads\u00e9es en branches professionnelles.<\/p>\n<p>A l\u2019u\u00adnion locale, ce pro\u00adbl\u00e8me n\u2019est pas d\u00e9pas\u00ads\u00e9, cha\u00adcun parle des pro\u00adbl\u00e8mes de sa boite et de l\u2019autre syn\u00addi\u00adcat, cela ne va pas plus loin, tout au plus on se gar\u00adga\u00adrise en consta\u00adtant que les \u00ab&nbsp;r\u00e9for\u00admistes&nbsp;\u00bb ou les \u00ab&nbsp;irres\u00adpon\u00adsables&nbsp;\u00bb du syn\u00addi\u00adcat untel ont les m\u00eames m\u00e9thodes dans l\u2019u\u00adsine d\u2019\u00e0 cot\u00e9, ici au moins on est entre gens du m\u00eame&nbsp;bord.<\/p>\n<p>Cette acti\u00advi\u00adt\u00e9 par\u00adcel\u00adlaire ne peut que nuire aux tra\u00advailleurs et entra\u00adver la prise de conscience du com\u00adbat \u00e0 mener.&nbsp;\u00bb (H. Ber\u00adnier&nbsp;: <i>La classe ouvri\u00e8re contre les syn\u00addi\u00adcats<\/i>.)<\/p>\n<p>La plu\u00adpart des orga\u00adni\u00adsa\u00adtions gau\u00adchistes tombent dans ce pi\u00e8ge parce qu\u2019en p\u00e9riode de calme, les tra\u00advailleurs conscients, parce que la seule acti\u00advi\u00adt\u00e9 mili\u00adtante existe dans les syn\u00addi\u00adcats prin\u00adci\u00adpa\u00adle\u00adment. Le r\u00e9vo\u00adlu\u00adtion\u00adnaire peut se retrou\u00adver dans un syn\u00addi\u00adcat car pour avoir une acti\u00advi\u00adt\u00e9 dans son entre\u00adprise par\u00adfois c\u2019est la seule solu\u00adtion mais pour cela, il faut avoir plei\u00adne\u00adment conscience du r\u00f4le du syn\u00addi\u00adcat et adop\u00adter des posi\u00adtions coh\u00e9\u00adrentes, claires pour ne pas se lais\u00adser r\u00e9cu\u00adp\u00e9\u00adrer et tom\u00adber dans un r\u00e9for\u00admisme d\u2019ex\u00adtr\u00eame-gauche. Le pro\u00adbl\u00e8me pour les tra\u00advailleurs n\u2019est pas de trou\u00adver le syn\u00addi\u00adcat le moins r\u00e9for\u00admiste, ni de conqu\u00e9\u00adrir des postes syn\u00addi\u00adcaux (exemples de cer\u00adtains mili\u00adtants de l\u2019O.R.A \u00e0 la C.F.D.T) mais de se don\u00adner une orga\u00adni\u00adsa\u00adtion qui assu\u00adme\u00adra son autonomie.<\/p>\n<h3>2. La contre-r\u00e9volution autogestionnaire et l\u2019O.R.A.<\/h3>\n<p>L\u2019O.R.A a repris \u00e0 son compte la tartes \u00e0 la cr\u00e8me de la gauche actuelle&nbsp;: L\u2019AUTOGESTION. Bien que se d\u00e9fen\u00addant du p\u00e9ch\u00e9 gau\u00adchiste, elle adopte pour\u00adtant leur d\u00e9marche \u00ab&nbsp;th\u00e9o\u00adrique&nbsp;\u00bb (o\u00f9 plu\u00adt\u00f4t <u>id\u00e9o\u00adlo\u00adgique<\/u>). Elle crie&nbsp;: \u00ab&nbsp;Nous sommes les vrais auto\u00adges\u00adtion\u00adnaires, eux sont des mys\u00adti\u00adfi\u00adca\u00adteurs&nbsp;\u00bb. Cri\u00adti\u00adquer les autres, <u>sans jamais mon\u00adtrer leur fonc\u00adtion<\/u>, nous montre la fina\u00adli\u00adt\u00e9 de l\u2019O.R.A&nbsp;: cau\u00adtion d\u2019ex\u00adtr\u00eame-gauche aux auto\u00adges\u00adtion\u00adnaires du pro\u00adgramme com\u00admun, frac\u00adtion de g\u00f4che de la bourgeoisie.<\/p>\n<h4>La contre-r\u00e9volution autogestionnaire.<\/h4>\n<p>Le capi\u00adta\u00adlisme s\u2019en\u00adfonce dans la crise&nbsp;: r\u00e9ces\u00adsion g\u00e9n\u00e9\u00adra\u00adli\u00ads\u00e9e, fer\u00adme\u00adture de petites et moyennes entre\u00adprises n\u00e9ces\u00adsi\u00adt\u00e9 par la restruc\u00adtu\u00adra\u00adtion du capi\u00adtal qui a pour r\u00e9sul\u00adtante une concen\u00adtra\u00adtion crois\u00adsante du capi\u00adtal, tan\u00addis que le per\u00adson\u00adnage clas\u00adsique du patron \u00e0 ten\u00addance \u00e0 dispara\u00eetre.<\/p>\n<p>Dans cette situa\u00adtion de crise, l\u2019al\u00adter\u00adna\u00adtive auto\u00adges\u00adtion\u00adnaire devient une des solu\u00adtions du capi\u00adtal (l\u2019i\u00add\u00e9o\u00adlo\u00adgie auto\u00adges\u00adtion\u00adnaire n\u2019\u00e9\u00adtant qu\u2019une des com\u00adpo\u00adsantes de la contre-r\u00e9vo\u00adlu\u00adtion, elle peut avoir \u00e0 s\u2019op\u00adpo\u00adser \u00e0 d\u2019autres alternatives).<\/p>\n<p>La crise, par d\u00e9fi\u00adni\u00adtion&nbsp;: p\u00e9nu\u00adrie de pro\u00adfits, les dif\u00adf\u00e9\u00adrentes frac\u00adtions du capi\u00adta\u00adlise veulent la repor\u00adter sur le pro\u00adl\u00e9\u00adta\u00adriat, une des mesures actuelles est l\u2019a\u00adbais\u00adse\u00adment des salaires. Ain\u00adsi l\u2019au\u00adto\u00adges\u00adtion peut rendre de fiers ser\u00advices au capi\u00adta\u00adlisme&nbsp;: dans les pays o\u00f9 l\u2019im\u00adpor\u00adtance du capi\u00adtal variable reste grande (France et Ita\u00adlie par ex), il est pos\u00adsible d\u2019\u00e9\u00advi\u00adter une dis\u00adpa\u00adri\u00adtion de pro\u00adfits en bais\u00adsant la valeur de la force de travail.<\/p>\n<p>\u00ab&nbsp;L\u2019au\u00adto\u00adges\u00adtion est une mani\u00e8re de faire prendre en charge la contra\u00addic\u00adtion valorisation\/\u200bd\u00e9valorisation par la force de tra\u00advail parce que toute la soci\u00e9\u00adt\u00e9 est alors orga\u00adni\u00ads\u00e9e en vue de bais\u00adser la valeur de cette mar\u00adchan\u00addise vivante. Il s\u2019a\u00adgit de faire prendre direc\u00adte\u00adment en charge par la popu\u00adla\u00adtion des acti\u00advi\u00adt\u00e9s qu\u2019as\u00adsu\u00admait aupa\u00adra\u00advant le capi\u00adtal et qui alour\u00addis\u00adsaient donc les frais d\u2019en\u00adtre\u00adtien de la force de tra\u00advail. On peut d\u00e9j\u00e0 aujourd\u2019\u00adhui, avoir une vue par\u00adtielle du conte\u00adnu de cette auto\u00adges\u00adtion \u00e0 tra\u00advers les divers r\u00e9seaux paral\u00adl\u00e8les de sur\u00advie qui se sont for\u00adm\u00e9s plus ou moins ces der\u00adni\u00e8res ann\u00e9es (\u00e9coles paral\u00adl\u00e8les, cli\u00adniques, nour\u00adri\u00adtures, etc.).\u00bb (<i>N\u00e9ga\u00adtion<\/i> n\u00b03 \u2015 Lip et la contre-r\u00e9vo\u00adlu\u00adtion autogestionnaire.)<\/p>\n<p>Dans l\u2019en\u00adtre\u00adprise, l\u2019au\u00adto\u00adges\u00adtion pour\u00adra \u00eatre mise en vigueur dans les sec\u00adteurs non ren\u00adtables ou ceux subis\u00adsant une lourde baisse de taux de pro\u00adfits. L\u2019au\u00adto\u00adges\u00adtion pour\u00adra per\u00admettre l\u2019ob\u00adten\u00adtion de nou\u00adveaux pro\u00adfits gr\u00e2ce \u00e0 une pro\u00adduc\u00adti\u00advi\u00adt\u00e9 plus grande, d\u00e9cou\u00adlant d\u2019un assu\u00adjet\u00adtis\u00adse\u00adment plus pous\u00ads\u00e9 de la classe ouvri\u00e8re au proces de tra\u00advail (par\u00adti\u00adci\u00adpa\u00adtion, enri\u00adchis\u00adse\u00adment du tra\u00advail, groupes auto\u00adnomes de tra\u00advail), cette nou\u00advelle orga\u00adni\u00adsa\u00adtion bri\u00adse\u00adra les formes de r\u00e9sis\u00adtance du pro\u00adl\u00e9\u00adta\u00adriat \u00e0 la domi\u00adna\u00adtion r\u00e9elle (absen\u00adt\u00e9isme, etc.).<\/p>\n<p>Pour assu\u00adrer la ratio\u00adna\u00adli\u00adsa\u00adtion de la pro\u00adduc\u00adtion, la restruc\u00adtu\u00adra\u00adtion de l\u2019en\u00adtre\u00adprise, l\u2019au\u00adto\u00adges\u00adtion devien\u00addra aus\u00adsi syno\u00adnyme de \u00ab&nbsp;mili\u00adta\u00adri\u00adsa\u00adtion&nbsp;\u00bb de la force de travail.<\/p>\n<p>\u00ab&nbsp;Ain\u00adsi, le type de mili\u00adta\u00adri\u00adsa\u00adtion du tra\u00advail et de l\u2019or\u00adga\u00adni\u00adsa\u00adtion par quar\u00adtier, etc. qu\u2019est l\u2019au\u00adto\u00adges\u00adtion \u00e0 la base, trou\u00adve\u00adrait un pro\u00adlon\u00adge\u00adment natu\u00adrel dans la mili\u00adta\u00adri\u00adsa\u00adtion pure et simple du pro\u00adduc\u00adteur-citoyen. L\u2019au\u00adto\u00adges\u00adtion n\u2019existe qu\u2019\u00e0 tra\u00advers le res\u00adpect int\u00e9\u00adgral et l\u2019or\u00adga\u00adni\u00adsa\u00adtion de bas en haut de toutes les cat\u00e9\u00adgo\u00adries capi\u00adta\u00adlistes.&nbsp;\u00bb (<i>N\u00e9ga\u00adtion<\/i> n\u00b03 \u2015 Lip et la contre r\u00e9vo\u00adlu\u00adtion autogestionnaire)<\/p>\n<h4>Un support id\u00e9ologique \u00e0 la contre-r\u00e9volution&nbsp;:  les conseils gestionnaires.<\/h4>\n<p>Pour la clique auto\u00adges\u00adtion\u00adnaire, les conseils ouvriers seraient la forme d\u2019or\u00adga\u00adni\u00adsa\u00adtion que pren\u00addrait la soci\u00e9\u00adt\u00e9 \u00ab&nbsp;com\u00admu\u00adniste&nbsp;\u00bb (le para\u00addis auto\u00adges\u00adtion\u00adnaire pro\u00admis!). Il ne s\u2019a\u00adgit pas de g\u00e9rer les entre\u00adprises, la r\u00e9vo\u00adlu\u00adtion com\u00admu\u00adniste \u00e0 venir sera la des\u00adtruc\u00adtion du mode de pro\u00adduc\u00adtion et de dis\u00adtri\u00adbu\u00adtion capi\u00adta\u00adliste. L\u2019i\u00add\u00e9o\u00adlo\u00adgie auto\u00adges\u00adtion\u00adnaire vou\u00addrait enfer\u00admer le pro\u00adl\u00e9\u00adta\u00adriat dans une vision par\u00adcel\u00adlaire de la lutte \u00e0 mener, il ne s\u2019a\u00adgit pas de prendre le pou\u00advoir dans chaque entre\u00adprise, mais bien de s\u2019at\u00adta\u00adquer glo\u00adba\u00adle\u00adment au capital.<\/p>\n<p>\u00ab&nbsp;Le socia\u00adlisme est tout entier dans la n\u00e9ga\u00adtion r\u00e9vo\u00adlu\u00adtion\u00adnaire de l\u2019EN\u00adTRE\u00adPRISE capi\u00adta\u00adliste, non dans l\u2019at\u00adtri\u00adbu\u00adtion de celle-ci aux tra\u00advailleurs de l\u2019u\u00adsine.&nbsp;\u00bb (Bor\u00addi\u00adga \u2015 <i>Pro\u00adpri\u00e9\u00adt\u00e9 et capi\u00adtal<\/i>)<\/p>\n<h4>En guise de conclusion<\/h4>\n<p>Loin d\u2019a\u00adbo\u00adlir le sala\u00adriat, l\u2019\u00e9\u00adchange mar\u00adchand, l\u2019au\u00adto\u00adges\u00adtion peut \u00eatre entre\u00advue comme une solu\u00adtion du capi\u00adta\u00adlisme, qui en l\u2019ins\u00adtau\u00adrant r\u00e9us\u00adsit ce tour de force magis\u00adtral&nbsp;: faire les tra\u00advailleurs g\u00e9rer eux-m\u00eames leur propre exploitation.<\/p>\n<p>Le d\u00e9ve\u00adlop\u00adpe\u00adment actuel des forces pro\u00adduc\u00adtives met plus que jamais \u00e0 l\u2019ordre du jour le pro\u00adbl\u00e8me de la r\u00e9vo\u00adlu\u00adtion, de la dyna\u00admique par laquelle le capi\u00adta\u00adlisme engen\u00addre\u00adra la com\u00admu\u00adnisme, d\u2019au\u00adtant plus que les luttes les plus radi\u00adcales depuis mai 68, expriment le besoin du com\u00admu\u00adnisme, le capi\u00adtal ne peut plus rien accorder.<\/p>\n<p>Le com\u00admu\u00adnisme c\u2019est la n\u00e9ga\u00adtion de la condi\u00adtion pro\u00adl\u00e9\u00adta\u00adrienne, il ne s\u2019a\u00adgit d\u2019un nou\u00adveau mode de ges\u00adtion, en plus social o\u00f9 l\u2019on se d\u00e9bar\u00adras\u00adse\u00adrait des \u00ab&nbsp;mau\u00advais c\u00f4t\u00e9s&nbsp;\u00bb du capi\u00adta\u00adlisme (valo\u00adri\u00adsa\u00adtion) en gar\u00addant les \u00ab&nbsp;bons cot\u00e9s&nbsp;\u00bb (pro\u00adduc\u00adtion) et o\u00f9 le pro\u00adfit serait socialis\u00e9.<\/p>\n<p>La lutte pour le com\u00admu\u00adnisme n\u2019est pas pour le pro\u00adl\u00e9\u00adta\u00adriat r\u00e9vo\u00adlu\u00adtion\u00adnaire une lutte pour des pri\u00advi\u00adl\u00e8ges de classe, l\u2019u\u00adni\u00adfi\u00adca\u00adtion de la classe ouvri\u00e8re sera la classe-par\u00adti en lutte pour l\u2019a\u00adbo\u00adli\u00adtion de toute soci\u00e9\u00adt\u00e9 de classe.<\/p>\n<h3>3. Les groupes autonomes et les r\u00e9volutionnaires<\/h3>\n<p>Si nous nous rap\u00adpor\u00adtons au texte le plus com\u00adplet de l\u2019O.R.A sur la ques\u00adtion, publi\u00e9 pour le der\u00adni\u00e8re r.n de l\u2019O.R.A, \u00ab&nbsp;pola\u00adri\u00adser nos forces sur les entre\u00adprises&nbsp;\u00bb, nous y voyons les contra\u00addic\u00adtions par\u00adti-masses repro\u00adduites par la soci\u00e9\u00adt\u00e9 capitaliste.<\/p>\n<p>Un empi\u00adrisme vul\u00adgaire pr\u00e9\u00adside aux deux options pr\u00e9\u00adsen\u00adt\u00e9es, \u00ab&nbsp;impul\u00adser des struc\u00adtures auto\u00adnomes larges&nbsp;\u00bb et \u00ab&nbsp;cr\u00e9er des noyaux <u>sp\u00e9\u00adci\u00adfiques<\/u>&nbsp;\u00bb&nbsp;: le texte ajoute&nbsp;: \u00ab&nbsp;la situa\u00adtion locale d\u00e9fi\u00adnit laquelle des deux struc\u00adtures doit \u00eatre mise en place la pre\u00admi\u00e8re&nbsp;\u00bb, comme si, pour les r\u00e9vo\u00adlu\u00adtion\u00adnaires, il y avait s\u00e9pa\u00adra\u00adtion entre l\u2019a\u00advant-garde et le mouvement.<\/p>\n<p>\u00ab&nbsp;Les com\u00admu\u00adnistes n\u2019ont aucun int\u00e9\u00adr\u00eat dis\u00adtinct qui les s\u00e9parent des masses&nbsp;\u00bb. Cet empi\u00adrisme \u00ab&nbsp;prag\u00adma\u00adtique&nbsp;\u00bb conduit tout droit \u00e0 la pente la plus facile, la C.F.D.T, struc\u00adture qui parait-il (voir la gr\u00e8ve des P.T.T.!!) per\u00admet l\u2019au\u00adto\u00adges\u00adtion des luttes\u2026 \u00catre \u00e0, la C.F.D.T se com\u00adprend, ce qui est pire c\u2019est d\u2019ap\u00adpe\u00adler les tra\u00advailleurs qui ont fait la gr\u00e8ve des P.T.T \u00e0\u2026 <u>rejoindre la C .F.D.T.<\/u>\u2026 <u>sans<\/u> expli\u00adquer ce qu\u2019<u>est<\/u> la C.F.D.T., son r\u00f4le <u>contre-r\u00e9vo\u00adlu\u00adtion\u00adnaire<\/u>.<\/p>\n<p>Mais sans doute les masses ne sont-elles pas pr\u00eates \u00e0 entendre la v\u00e9rit\u00e9??<\/p>\n<p>Lorsque l\u2019O.R.A doit choi\u00adsir ses lieux d\u2019in\u00adter\u00adven\u00adtion, elle dis\u00adtingue (ouvri\u00e9\u00adrisme oblige) les \u00ab&nbsp;entre\u00adprises&nbsp;\u00bb et les \u00ab&nbsp;fronts dit secon\u00addaires&nbsp;\u00bb (sic). De plus on s\u00e9pare les entre\u00adprises \u00ab&nbsp;sans int\u00e9\u00adr\u00eat mili\u00adtant&nbsp;\u00bb des autres, o\u00f9 l\u2019O.R.A va \u00e9ta\u00adblir (c\u2019est le mot) des mili\u00adtants pris des entre\u00adprises sans int\u00e9\u00adr\u00eat. Cette poli\u00adtique de \u00ab&nbsp;ren\u00adfor\u00adce\u00adment des bas\u00adtions&nbsp;\u00bb m\u00e8ne o\u00f9 l\u2019on sait (voir la C.D.P.)<\/p>\n<p>Le volon\u00adta\u00adrisme anar\u00adcho-bol\u00adch\u00e9\u00advique se pro\u00adlonge dans la vieille bro\u00adchure mys\u00adti\u00adfi\u00adca\u00adtrice&nbsp;: \u00ab&nbsp;assu\u00adrer l\u2019exis\u00adtence d\u2019un p\u00f4le r\u00e9vo\u00adlu\u00adtion\u00adnaire cr\u00e9\u00addible&nbsp;\u00bb&nbsp;: tout faire pour faire connaitre l\u2019or\u00adga. Exemple le M.I.L. Les bureau\u00adcrates des Vignoles refu\u00ads\u00e8rent toute action (avant d\u2019y \u00eatre contraint par les \u00e9v\u00e9\u00adne\u00adments) devant la demande de cer\u00adtains mili\u00adtants, \u00ab&nbsp;parce que nous sommes d\u00e9bor\u00add\u00e9s&nbsp;\u00bb, puis se lan\u00adc\u00e8rent dans une pro\u00adpa\u00adgande fron\u00adtiste (\u00ab&nbsp;anti-fas\u00adcistes tous unis&nbsp;\u00bb), vite \u00e9touff\u00e9e\u2026<\/p>\n<p>Mais ce \u00ab&nbsp;p\u00f4le&nbsp;\u00bb \u00ab&nbsp;sp\u00e9\u00adci\u00adfique&nbsp;\u00bb n\u2019im\u00adplique pas pour l\u2019O.R.A d\u2019\u0153u\u00advrer en faveur d\u2019une coor\u00addi\u00adna\u00adtion solide des groupes auto\u00adnomes qui se cen\u00adtra\u00adli\u00adse\u00adraient eux-m\u00eames. Bien au contraire, nos th\u00e9o\u00adri\u00adciens expliquent&nbsp;: \u00ab&nbsp;le groupe auto\u00adnome n\u2019est pas un groupe sp\u00e9\u00adci\u00adfique&nbsp;\u00bb. Sans doute \u00ab&nbsp;sp\u00e9\u00adci\u00adfique&nbsp;\u00bb veut-il dire pour l\u2019O.R.A \u00ab&nbsp;affu\u00adbl\u00e9 d\u2019une \u00e9ti\u00adquette de par\u00adti&nbsp;\u00bb (O.R.A, F.A.I\u2026). Cette s\u00e9pa\u00adra\u00adtion est ren\u00addue pos\u00adsible \u00e0 l\u2019O.R.A par la fai\u00adblesse actuelle des groupes ouvriers auto\u00adnomes, mais l\u2019exemple actuel ita\u00adlien montre pour\u00adtant que ce sont <u>les groupes auto\u00adnomes eux-m\u00eames qui assument la pra\u00adtique et la th\u00e9o\u00adrie com\u00admu\u00adniste<\/u> CONTRE les pseudo-\u00bbp\u00f4les&nbsp;\u00bb gau\u00adchistes et anarchistes.<\/p>\n<p>L\u2019O.R.A confond \u00e9ti\u00adquette et orga\u00adni\u00adsa\u00adtion r\u00e9elle, et fina\u00adle\u00adment refuse aux groupes ouvriers auto\u00adnomes la pos\u00adsi\u00adbi\u00adli\u00adt\u00e9 d\u2019as\u00adsu\u00adrer <u>eux-m\u00eames<\/u> la ges\u00adtion de la lutte r\u00e9vo\u00adlu\u00adtion\u00adnaire. Auto\u00adges\u00adtion oui, mais dans le cadre de l\u2019O.R.A qui se charge d\u2019au\u00adto\u00adg\u00e9\u00adrer <u>\u00e0 votre place<\/u>, dans ses struc\u00adtures lar\u00adgos (C.F.D.T) ou encore moins larges (\u00ab&nbsp;pour qu\u2019une force s\u2019as\u00adsemble&nbsp;\u00bb) ou encore moins larges (sta\u00adgiaires \u2013 sic -, sym\u00adpa\u00adthi\u00adsants\u2026); L\u2019O.R.A . AUTOGERE POUR&nbsp;VOUS.<\/p>\n<p>Nous nous per\u00admet\u00adtons de pen\u00adser quant \u00e0 nous, que les groupes ouvriers auto\u00adnomes ne sont pas des struc\u00adtures pseu\u00addo-syn\u00addi\u00adcales inca\u00adpables de d\u00e9pas\u00adser les int\u00e9\u00adr\u00eats imm\u00e9\u00addiats et le loca\u00adlisme, mais que bien plu\u00adt\u00f4t. ils sont les centres moteurs de la r\u00e9vo\u00adlu\u00adtion en marche. Et si effec\u00adti\u00adve\u00adment la classe ouvri\u00e8re et ses avant-gardes \u00e9taient inca\u00adpables de faire fusion\u00adner la <u>pra\u00adtique r\u00e9vo\u00adlu\u00adtion\u00adnaire<\/u> et le <u>pro\u00adjet com\u00admu\u00adniste<\/u>, alors il est bien cer\u00adtain qu\u2019une \u00ab&nbsp;r\u00e9vo\u00adlu\u00adtion&nbsp;\u00bb o\u00f9 l\u2019a\u00advant-garde (le p\u00f4le sp\u00e9\u00adci\u00adfique) et la masse (les groupes ouvriers) m\u00e8ne\u00adraient des batailles s\u00e9pa\u00adr\u00e9es, serait vou\u00e9e \u00e0 une bureau\u00adcra\u00adti\u00adsa\u00adtion imm\u00e9\u00addiate. La s\u00e9pa\u00adra\u00adtion qui existe encore aujourd\u2019\u00adhui entre la masse et son avant-garde ne sau\u00adrait \u00eatre consi\u00add\u00e9\u00adr\u00e9e comme in\u00e9luctable.<\/p>\n<p>D\u00e8s \u00e0 pr\u00e9\u00adsent les com\u00admu\u00adnistes s\u2019emploient \u00e0 \u00e9tendre les rela\u00adtions entre les groupes de lutte auto\u00adnomes dont ils font par\u00adtie \u00e0 l\u2019ex\u00adclu\u00adsion de toute orga\u00adni\u00adsa\u00adtion s\u00e9pa\u00adr\u00e9e par sa \u00ab&nbsp;sp\u00e9\u00adci\u00adfi\u00adci\u00adt\u00e9&nbsp;\u00bb ou son \u00ab&nbsp;autogestionnisme&nbsp;\u00bb.<\/p>\n<h3>L\u2019organisation des r\u00e9volutionnaires<\/h3>\n<p>La faillite com\u00adpl\u00e8te des exp\u00e9\u00adriences de par\u00adtis \u00ab&nbsp;r\u00e9vo\u00adlu\u00adtion\u00adnaires&nbsp;\u00bb l\u00e9ni\u00adnistes, vou\u00e9s d\u00e8s leur nais\u00adsance au bureau\u00adcra\u00adtisme et au diri\u00adgisme doit ame\u00adner une r\u00e9flexion construc\u00adtive sur la future orga\u00adni\u00adsa\u00adtion des r\u00e9volutionnaires.<\/p>\n<p>Ceux-ci doivent tendre \u00e0 for\u00admer une orga\u00adni\u00adsa\u00adtion indis\u00adpen\u00adsable pour la coh\u00e9\u00adsion, \u00e9vi\u00adter la dis\u00adper\u00adsion, dif\u00adfu\u00adser les prin\u00adcipes et le pro\u00adjet com\u00admu\u00adnistes vers l\u2019en\u00adsemble des travailleurs.<\/p>\n<p>La t\u00e2che est immense.<\/p>\n<p>Contri\u00adbuer \u00e0 cr\u00e9er des liai\u00adsons entres les groupes ayant rom\u00adpu avec les ultimes \u00e9quipes de rem\u00adpla\u00adce\u00adment pour la ges\u00adtion du capital.<\/p>\n<p>Cr\u00e9er des liai\u00adsons dans la classe ouvri\u00e8re.<\/p>\n<p>Favo\u00adri\u00adser la mise en avant de l\u2019au\u00adto\u00adno\u00admie des travailleurs.<\/p>\n<p>Per\u00admettre la cir\u00adcu\u00adla\u00adtion, la dif\u00adfu\u00adsion, l\u2019\u00e9\u00adchange des id\u00e9es et infor\u00adma\u00adtions cach\u00e9es par la bour\u00adgeoi\u00adsie et ses pendants.<\/p>\n<p>Elle ne doit sur\u00adtout pas comme l\u2019O.R.A peut le faire, se com\u00adpor\u00adter comme le par\u00adti d\u00e9te\u00adnant la conscience r\u00e9vo\u00adlu\u00adtion\u00adnaire&nbsp;: cf \u00ab&nbsp;Les G.C.L d\u2019en\u00adtre\u00adprise rem\u00adplissent deux fonc\u00adtions, d\u00e9ga\u00adger le noyau le plus avan\u00adc\u00e9 de la frange radi\u00adca\u00adli\u00ads\u00e9e \u2015 assu\u00adrer sa for\u00adma\u00adtion poli\u00adtique et sa coh\u00e9\u00adsion \u2015, assu\u00adrer l\u2019exis\u00adtence d\u2019un p\u00f4le r\u00e9vo\u00adlu\u00adtion\u00adnaire cr\u00e9\u00addible. Et se pr\u00e9\u00adsen\u00adter comme l\u2019ul\u00adtime \u00e9quipe de petits chefs diri\u00adgeant la classe ouvri\u00e8re.<\/p>\n<p>Il est \u00e9vident que notre orga\u00adni\u00adsa\u00adtion doit pr\u00e9\u00adfi\u00adgu\u00adrer l\u2019or\u00adga\u00adni\u00adsa\u00adtion future de la soci\u00e9\u00adt\u00e9 communiste.<\/p>\n<p>L\u2019or\u00adga\u00adni\u00adsa\u00adtion doit reprendre en son sein les prin\u00adcipes communistes.<\/p>\n<p>D\u00e9mo\u00adcra\u00adtie directe, pou\u00advoir aux A.G.<\/p>\n<p>Man\u00addat imp\u00e9\u00adra\u00adtif, r\u00e9vo\u00adca\u00adbi\u00adli\u00adt\u00e9 \u00e0 tout instant.<\/p>\n<p>Rota\u00adtion des t\u00e2ches (sup\u00adpres\u00adsion de la sp\u00e9\u00adcia\u00adli\u00adsa\u00adtion donc de la division).<\/p>\n<p>Assu\u00adrer une coh\u00e9\u00adrence pra\u00adtique et th\u00e9o\u00adrique qui l\u00e8ve la s\u00e9pa\u00adra\u00adtion entre \u00ab&nbsp;chefs et militants&nbsp;\u00bb.<\/p>\n<p>Les points d\u00e9ve\u00adlop\u00adp\u00e9s pr\u00e9\u00adc\u00e9\u00addem\u00adment devront per\u00admettre un d\u00e9bat et une r\u00e9flexion au sein des groupes concer\u00adn\u00e9s par l\u2019or\u00adga\u00adni\u00adsa\u00adtion r\u00e9elle des r\u00e9vo\u00adlu\u00adtion\u00adnaires et leur praxis.<\/p>\n<p>Groupe com\u00admu\u00adniste de Beauvais<\/p>\n","protected":false},"excerpt":{"rendered":"<p>Ce texte \u00e9la\u00adbo\u00adr\u00e9 col\u00adlec\u00adti\u00adve\u00adment par les mili\u00adtants de l\u2019ex-groupe O.R.A. de Beau\u00advais ne pr\u00e9\u00adtend pas \u00eatre exhaus\u00adtif, ni com\u00adplet, il n\u2019est qu\u2019une \u00e9bauche de r\u00e9flexions sur le r\u00f4le de l\u2019O.R.A et sur les posi\u00adtions qui nous ont ame\u00adn\u00e9 \u00e0 rompre avec&nbsp;elle. N\u00e9e apr\u00e8s 68, d\u2019une scis\u00adsion de cer\u00adtains mili\u00adtants avec la F.A, 1\u2019O.R.A. se propose&nbsp;[\u2026]<\/p>\n","protected":false},"author":1,"featured_media":0,"comment_status":"closed","ping_status":"closed","sticky":false,"template":"","format":"standard","meta":{"wp_typography_post_enhancements_disabled":false,"footnotes":""},"categories":[267],"tags":[],"ppma_author":[540],"class_list":["post-2076","post","type-post","status-publish","format-standard","hentry","category-rupture-n1-fevrier-1975"],"authors":[{"term_id":540,"user_id":1,"is_guest":0,"slug":"admin_3gikpwyf","display_name":"Vincent Dubuc","avatar_url":"https:\/\/secure.gravatar.com\/avatar\/d015720652c25fd2ced191ade86430094e1f288a17483713e3b34d26dea52507?s=96&d=mm&r=g","author_category":"","user_url":"https:\/\/la-presse-anarchiste.net","last_name":"Dubuc","first_name":"Vincent","job_title":"","description":""}],"_links":{"self":[{"href":"https:\/\/la-presse-anarchiste.net\/index.php\/wp-json\/wp\/v2\/posts\/2076","targetHints":{"allow":["GET"]}}],"collection":[{"href":"https:\/\/la-presse-anarchiste.net\/index.php\/wp-json\/wp\/v2\/posts"}],"about":[{"href":"https:\/\/la-presse-anarchiste.net\/index.php\/wp-json\/wp\/v2\/types\/post"}],"author":[{"embeddable":true,"href":"https:\/\/la-presse-anarchiste.net\/index.php\/wp-json\/wp\/v2\/users\/1"}],"replies":[{"embeddable":true,"href":"https:\/\/la-presse-anarchiste.net\/index.php\/wp-json\/wp\/v2\/comments?post=2076"}],"version-history":[{"count":0,"href":"https:\/\/la-presse-anarchiste.net\/index.php\/wp-json\/wp\/v2\/posts\/2076\/revisions"}],"wp:attachment":[{"href":"https:\/\/la-presse-anarchiste.net\/index.php\/wp-json\/wp\/v2\/media?parent=2076"}],"wp:term":[{"taxonomy":"category","embeddable":true,"href":"https:\/\/la-presse-anarchiste.net\/index.php\/wp-json\/wp\/v2\/categories?post=2076"},{"taxonomy":"post_tag","embeddable":true,"href":"https:\/\/la-presse-anarchiste.net\/index.php\/wp-json\/wp\/v2\/tags?post=2076"},{"taxonomy":"author","embeddable":true,"href":"https:\/\/la-presse-anarchiste.net\/index.php\/wp-json\/wp\/v2\/ppma_author?post=2076"}],"curies":[{"name":"wp","href":"https:\/\/api.w.org\/{rel}","templated":true}]}}