{"id":2077,"date":"2009-05-06T22:10:15","date_gmt":"2009-05-06T22:10:15","guid":{"rendered":"https:\/\/la-presse-anarchiste.net\/index.php\/2009\/05\/06\/larguer-ou-revendiquer-lappellation-communiste-libertaire\/"},"modified":"2009-05-06T22:10:15","modified_gmt":"2009-05-06T22:10:15","slug":"larguer-ou-revendiquer-lappellation-communiste-libertaire","status":"publish","type":"post","link":"https:\/\/la-presse-anarchiste.net\/index.php\/2009\/05\/06\/larguer-ou-revendiquer-lappellation-communiste-libertaire\/","title":{"rendered":"Larguer ou revendiquer l\u2019appellation \u00ab&nbsp;communiste libertaire&nbsp;\u00bb"},"content":{"rendered":"<div class=\"pdfprnt-buttons pdfprnt-buttons-post pdfprnt-top-right\"><a href=\"https:\/\/la-presse-anarchiste.net\/index.php\/wp-json\/wp\/v2\/posts\/2077?print=pdf\" class=\"pdfprnt-button pdfprnt-button-pdf\" target=\"_blank\"><img decoding=\"async\" src=\"https:\/\/la-presse-anarchiste.net\/wp-content\/plugins\/pdf-print\/images\/pdf.png\" alt=\"image_pdf\" title=\"Afficher le PDF\"><\/a><a href=\"https:\/\/la-presse-anarchiste.net\/index.php\/wp-json\/wp\/v2\/posts\/2077?print=print\" class=\"pdfprnt-button pdfprnt-button-print\" target=\"_blank\"><img decoding=\"async\" src=\"https:\/\/la-presse-anarchiste.net\/wp-content\/plugins\/pdf-print\/images\/print.png\" alt=\"image_print\" title=\"Contenu imprim\u00e9\"><\/a><\/div><p>Nous n\u2019au\u00adrions jamais pos\u00e9 cette ques\u00adtion \u2015 avec la suite de faux-pro\u00adbl\u00e8mes qu\u2019elle engendre \u2015 si depuis peu ne s\u2019\u00e9\u00adtait d\u00e9ve\u00adlop\u00adp\u00e9e une offen\u00adsive visant \u00e0 se d\u00e9bar\u00adras\u00adser d\u2019un terme jug\u00e9 encom\u00adbrant, com\u00adpro\u00admet\u00adtant, ridi\u00adcule ou m\u00eame infamant.<\/p>\n<p>Cette offen\u00adsive serait-elle l\u2019ex\u00adpres\u00adsion d\u2019une pous\u00ads\u00e9e des luttes de classe, d\u2019une \u00e9mer\u00adgence his\u00adto\u00adrique d\u2019un niveau de prise de conscience de la classe&nbsp;? La fai\u00adblesse des groupes qui y par\u00adti\u00adcipe n\u2019au\u00adto\u00adrise pas une telle sup\u00adpo\u00adsi\u00adtion. Mais nous croyons que des ten\u00adta\u00adtives de cla\u00adri\u00adfi\u00adca\u00adtion ont pu conver\u00adger chez des groupes voi\u00adsins, ten\u00adta\u00adtives qui, \u00e0 c\u00f4t\u00e9 des remises en cause fon\u00adda\u00admen\u00adtales, n\u2019ont peut-\u00eatre pas \u00e9chap\u00adp\u00e9 \u00e0 des glis\u00adse\u00adments et des conta\u00adgions, des engoue\u00adments, fai\u00adsant trop bon mar\u00adch\u00e9 de l\u2019his\u00adtoire et du r\u00e9el quo\u00adti\u00addien du militant.<\/p>\n<p>C\u2019est pour\u00adquoi nous esti\u00admons qu\u2019il est deve\u00adnu n\u00e9ces\u00adsaire de revoir la ques\u00adtion dans son ensemble.<\/p>\n<p>Il n\u2019est peut-\u00eatre pas inutile, pour com\u00admen\u00adcer, de rap\u00adpe\u00adler com\u00adment se sont d\u00e9ve\u00adlop\u00adp\u00e9es depuis peu des attaques assez sys\u00adt\u00e9\u00adma\u00adtiques contre tout ce qui s\u2019est d\u00e9nom\u00adm\u00e9 \u00ab&nbsp;com\u00admu\u00adniste libertaire&nbsp;\u00bb.<\/p>\n<h3>Des adversaires aux camarades<\/h3>\n<p>Nous vou\u00adlons lais\u00adser de c\u00f4t\u00e9 J Duclos et ses \u00ab&nbsp;\u0153uvres&nbsp;\u00bb sur la I<sup>\u00e8re<\/sup> inter\u00adna\u00adtio\u00adnale et les anar\u00adchistes et les quo\u00adli\u00adbets per\u00adma\u00adnents des trots\u00adkistes de toutes vari\u00e9t\u00e9s.<\/p>\n<p>Par contre, nous ne pou\u00advons pas\u00adser sous silence les attaques hai\u00adneuses parues dans une revue qui se situe tout de m\u00eame hors du l\u00e9ni\u00adnisme (<i>R\u00e9vo\u00adlu\u00adtion Inter\u00adna\u00adtio\u00adnale<\/i>, suppt A, N\u00b08, juillet 74) et qui, \u00e0 plai\u00adsir, s\u2019est per\u00admis d\u2019af\u00adfir\u00admer n\u2019im\u00adporte quoi, condam\u00adnant les th\u00e8ses de l\u2019O\u00adCL sans les avoir ana\u00adly\u00ads\u00e9es et seule\u00adment parce qu\u2019il est facile de r\u00e9duire ces th\u00e8ses com\u00admu\u00adnistes-liber\u00adtaires \u00e0 l\u2019a\u00adnar\u00adchisme id\u00e9o\u00adlo\u00adgique de la F.A. ou de l\u2019O.R.A. offi\u00adcielle. Sim\u00adple\u00adment en uti\u00adli\u00adsant les vieux pro\u00adc\u00e9\u00add\u00e9s de l\u2019a\u00admal\u00adgame, du rap\u00adpro\u00adche\u00adment par les mots, de la calom\u00adnie m\u00eame. Faut-il pen\u00adser que l\u2019\u00e9\u00adti\u00adquette compte plus que le conte\u00adnu pour les rigou\u00adreux pen\u00adseurs de <i>RI<\/i>&nbsp;? Faut-il pen\u00adser seule\u00adment que le mot \u00ab&nbsp;liber\u00adtaire&nbsp;\u00bb fait se h\u00e9ris\u00adser ceux pour qui il \u00e9voque par contraste le mot \u00ab&nbsp;bureau\u00adcrate&nbsp;\u00bb dont ils ne soient pas s\u00fbrs qu\u2019ils ne le m\u00e9ritent pas&nbsp;? Quoi qu\u2019il en soit, il n\u2019est pas exclu que cer\u00adtains cama\u00adrades \u2015 comme les ex-mili\u00adtants de Dijon qu\u2019in\u00advoque <i>R.I.<\/i> \u2015 aient \u00e9t\u00e9 de plus en plus pous\u00ads\u00e9s \u00e0 consi\u00add\u00e9\u00adrer comme preuve de na\u00ef\u00adve\u00adt\u00e9 poli\u00adtique ou d\u2019ar\u00adri\u00e9\u00adra\u00adtion l\u2019ap\u00adpel\u00adla\u00adtion \u00ab&nbsp;com\u00admu\u00adniste liber\u00adtaire&nbsp;\u00bb. Les gros\u00adsiers sar\u00adcasmes de <i>R.I.<\/i> ont pu sinon pro\u00advo\u00adquer, du moins faci\u00adli\u00adter, l\u2019es\u00adp\u00e8ce de honte avec laquelle aujourd\u2019\u00adhui, on semble fuir aujourd\u2019\u00adhui le mot \u00ab&nbsp;liber\u00adtaire&nbsp;\u00bb acco\u00adl\u00e9 \u00e0 celui de \u00ab&nbsp;communiste&nbsp;\u00bb.<\/p>\n<p>Mais ce ph\u00e9\u00adno\u00adm\u00e8ne pos\u00adsible d\u2019in\u00adtoxi\u00adca\u00adtion s\u2019est pro\u00adduit tr\u00e8s pr\u00e9\u00adci\u00ads\u00e9\u00adment et uni\u00adque\u00adment chez des cama\u00adrades issus de l\u2019O.R.A. et cet aspect des choses m\u00e9rite examen.<\/p>\n<p>On sait que dans le mou\u00adve\u00adment ouvrier comme ailleurs les n\u00e9o\u00adphytes sont plus exces\u00adsifs que les vieux fid\u00e8les et que ceux qui viennent de quit\u00adter une cha\u00adpelle la condamnent avec d\u2019au\u00adtant plus de vio\u00adlence et veulent s\u2019en d\u00e9li\u00admi\u00adter \u00e0 tout prix. Mais l\u2019es\u00adsen\u00adtiel n\u2019est pas l\u00e0 et ce serait faire injure \u00e0 ces cama\u00adrades que de psy\u00adcho\u00adlo\u00adgi\u00adser leurs options. Ce qu\u2019\u00e9\u00adcrivent nos cama\u00adrades de Bruxelles dans le pre\u00admier num\u00e9\u00adro de leur nou\u00advel organe \u00ab&nbsp;jour\u00adnal des luttes de classe&nbsp;\u00bb, p.2, est tout \u00e0 fait expli\u00adcite&nbsp;: ils disent \u00e0 juste titre qu\u2019on ne sau\u00adrait conce\u00advoir \u00e9co\u00adno\u00admi\u00adque\u00adment un \u00ab&nbsp;com\u00admu\u00adniste auto\u00adri\u00adtaire&nbsp;\u00bb. Par cons\u00e9\u00adquent, \u00ab&nbsp;com\u00admu\u00adnisme liber\u00adtaire&nbsp;\u00bb est un pl\u00e9o\u00adnasme. Bien s\u00fbr. Mais est-ce pour autant qu\u2019il faille ren\u00advoyer \u00e0 \u00ab&nbsp;l\u2019i\u00add\u00e9a\u00adlisme huma\u00adniste&nbsp;\u00bb le terme libertaire&nbsp;?<\/p>\n<p>Soyons pr\u00e9\u00adcis. Jamais l\u2019O.C.L. n\u2019a par\u00adl\u00e9 de \u00ab&nbsp;com\u00admu\u00adnisme liber\u00adtaire&nbsp;\u00bb, mais elle a uti\u00adli\u00ads\u00e9 seule\u00adment le terme \u00ab&nbsp;com\u00admu\u00adnisme&nbsp;\u00bb et \u00e9vo\u00adqu\u00e9 le pou\u00advoir des conseils ouvriers. Jus\u00adqu\u2019en 1920, les anar\u00adchistes id\u00e9o\u00adlo\u00adgiques eux-m\u00eames n\u2019ont jamais par\u00adl\u00e9 de com\u00admu\u00adnisme liber\u00adtaire, mais de com\u00admu\u00adnisme, et, fait remar\u00adquable, ils furent \u00e0 peu pr\u00e8s les seuls \u00e0 en par\u00adler. Certes, la CNT d\u2019Es\u00adpagne a uti\u00adli\u00ads\u00e9 le terme de \u00ab&nbsp;com\u00admu\u00adnisme liber\u00adtaire&nbsp;\u00bb pour expri\u00admer la fina\u00adli\u00adt\u00e9 de l\u2019ac\u00adtion de classe, mais c\u2019est uni\u00adque\u00adment en oppo\u00adsi\u00adtion aux affir\u00adma\u00adtions dites \u00ab&nbsp;com\u00admu\u00adnistes&nbsp;\u00bb des groupes de la 3<sup>\u00e8me<\/sup> inter\u00adna\u00adtio\u00adnale, et d\u00e8s le congr\u00e8s de juillet 1918 \u2015 alors qu\u2019elle adh\u00e9\u00adrait condi\u00adtion\u00adnel\u00adle\u00adment \u00e0 la 3<sup>\u00e8me<\/sup> inter\u00adna\u00adtio\u00adnale \u2015, pour oppo\u00adser le mou\u00adve\u00adment auto\u00adnome de classe aux d\u00e9ci\u00adsions de par\u00adtis, des bureau\u00adcrates pr\u00e9\u00adten\u00addant repr\u00e9\u00adsen\u00adter la classe. Il est vrai par contre que l\u2019O.R.A. n\u2019ex\u00adpli\u00adcite gu\u00e8re ce qu\u2019elle entend par \u00ab&nbsp;com\u00admu\u00adnisme liber\u00adtaire&nbsp;\u00bb, pas plus qu\u2019elle n\u2019est claire sur l\u2019emploi du \u00ab&nbsp;mat\u00e9\u00adria\u00adlisme his\u00adto\u00adrique&nbsp;\u00bb, mais c\u2019est un point de vue tr\u00e8s strict que de ne voir les choses qu\u2019\u00e0 tra\u00advers les fluc\u00adtua\u00adtions et les odes pro\u00adpa\u00adgan\u00addis\u00adtiques de l\u2019O.R.A. Sans doute, pour elle, s\u2019a\u00adgit-il seule\u00adment de \u00ab&nbsp;rajeu\u00adnir&nbsp;\u00bb le vieil anar\u00adchisme id\u00e9o\u00adlo\u00adgique et de l\u2019a\u00adgr\u00e9\u00admen\u00adter d\u2019un acti\u00advisme rele\u00advant du spectacle.<\/p>\n<p>quand l\u2019O.C.L. uti\u00adlise le terme \u00ab&nbsp;com\u00admu\u00adniste liber\u00adtaire&nbsp;\u00bb, il s\u2019a\u00adgit de tout autre chose. Il s\u2019a\u00adgit de mani\u00adfes\u00adter une cer\u00adtaine mani\u00e8re de conce\u00advoir et de pra\u00adti\u00adquer le mili\u00adtan\u00adtisme au sein du mou\u00adve\u00adment r\u00e9el de la lutte des classes, sur la base de l\u2019au\u00adto\u00adno\u00admie du prol\u00e9tariat.<\/p>\n<h3>Notre point de&nbsp;vue<\/h3>\n<p>L\u2019en\u00adgoue\u00adment qui a ani\u00adm\u00e9 tant de cama\u00adrades apr\u00e8s mai 68 les a conduits sou\u00advent \u00e0 se recom\u00adman\u00adder de l\u2019a\u00adnar\u00adchisme, fut-ce l\u2019a\u00adnar\u00adchisme acti\u00adviste de l\u2019\u00abaggiornamento&nbsp;\u00bb de l\u2019O.R.A.. Il ne fau\u00addrait pas qu\u2019au\u00adjourd\u2019\u00adhui, apr\u00e8s des dif\u00adfi\u00adcul\u00adt\u00e9s et reculs suc\u00adces\u00adsifs, qu\u2019un mou\u00adve\u00adment inverse se pro\u00adduise, faci\u00adli\u00adt\u00e9 par l\u2019\u00e9\u00admer\u00adgence de la th\u00e9o\u00adrie du \u00ab&nbsp;mou\u00adve\u00adment com\u00admu\u00adniste&nbsp;\u00bb qui, pr\u00e9\u00adci\u00ads\u00e9\u00adment, n\u2019est rien d\u2019autre sub\u00adstan\u00adtiel\u00adle\u00adment que ce que peuvent d\u00e9fendre les groupes de l\u2019O.C.L. et les groupes asso\u00adci\u00e9e issus de l\u2019O.R.A. Il n\u2019y a pas a jouer les pau\u00adm\u00e9s qui trouvent une bous\u00adsole, car cette bous\u00adsole n\u2019est que l\u2019ha\u00adbillage neuf de ce qui a fait l\u2019o\u00adrien\u00adta\u00adtion de la lutte, depuis les d\u00e9buts de la I<sup>\u00e8re<\/sup> inter\u00adna\u00adtio\u00adnale, des cou\u00adrants r\u00e9vo\u00adlu\u00adtion\u00adnaires anti-bureaucratiques.<\/p>\n<p>Il ne s\u2019a\u00adgit pas de r\u00e9gler les comptes de cette pre\u00admi\u00e8re Asso\u00adcia\u00adtion Inter\u00adna\u00adtio\u00adnale des Tra\u00advailleurs \u00e0 tra\u00advers les oppo\u00adsi\u00adtions fluc\u00adtuantes et sou\u00advent super\u00adfi\u00adcielles de Marx et Bakou\u00adnine, oppo\u00adsi\u00adtions sou\u00advent d\u00e9crites avec sec\u00adta\u00adrisme de part et d\u2019autre, Marx \u00e9tant vu, du c\u00f4t\u00e9 anar\u00adchiste par exemple, comme le par\u00adti\u00adsan de la direc\u00adtion bureau\u00adcra\u00adtique, et Bakou\u00adnine le pala\u00addin na\u00eff de l\u2019au\u00adto\u00adno\u00admie pro\u00adl\u00e9\u00adta\u00adrienne. En r\u00e9a\u00adli\u00adt\u00e9, ce fut un peu plus com\u00adplexe, et il n\u2019est pas ques\u00adtion pour nous de tra\u00adves\u00adtir l\u2019his\u00adtoire en en fai\u00adsant le champ clos de la lutte de deux indi\u00advi\u00addus. Mais il n\u2019en est pas moins indis\u00adcu\u00adtable que, d\u00e8s les d\u00e9buts de la I<sup>\u00e8re<\/sup> inter\u00adna\u00adtio\u00adnale, les tra\u00advailleurs se sont trou\u00adv\u00e9s confron\u00adt\u00e9s \u00e0 deux types de lutte expri\u00adm\u00e9s par deux cou\u00adrants. Nous ne pou\u00advons tenir pour nulle cette oppo\u00adsi\u00adtion entre le cou\u00adrant anti-bureau\u00adcra\u00adtique bas\u00e9 sur la pri\u00admau\u00adt\u00e9 de l\u2019au\u00adto\u00adno\u00admie pro\u00adl\u00e9\u00adta\u00adrienne et le cou\u00adrant social-d\u00e9mo\u00adcrate pri\u00advi\u00adl\u00e9\u00adgiant la direc\u00adtion du par\u00adti. D\u2019au\u00adtant que, sous d\u2019autres noms, cette oppo\u00adsi\u00adtion resur\u00adgit \u00e0 la fin de la pre\u00admi\u00e8re guerre mon\u00addiale, entre les com\u00admu\u00adnistes de conseil et les com\u00admu\u00adnistes de par\u00adti, et que tout au long de l\u2019his\u00adtoire de la lutte des classes appa\u00adra\u00eet cette oppo\u00adsi\u00adtion au niveau des luttes, entre les ten\u00adta\u00adtives de pou\u00advoir r\u00e9el du pro\u00adl\u00e9\u00adta\u00adriat et les ten\u00adta\u00adtives de direc\u00adtion bureaucratique.<\/p>\n<p>Il existe donc bien deux concep\u00adtions du com\u00adbat com\u00admu\u00adniste et, dans les faits, deux types dif\u00adf\u00e9\u00adrents d\u2019ac\u00adti\u00advi\u00adt\u00e9 mili\u00adtante. Il est facile \u2015 et fon\u00adda\u00admen\u00adta\u00adle\u00adment cor\u00adrect \u2015 de sou\u00adte\u00adnir que seuls les tenants de l\u2019au\u00adto\u00adno\u00admie du pro\u00adl\u00e9\u00adta\u00adriat sont r\u00e9el\u00adle\u00adment com\u00admu\u00adnistes, mas il est vain de vou\u00adloir inter\u00addire \u00e0 ceux qui croient \u00e0 la n\u00e9ces\u00adsaire m\u00e9dia\u00adtion de la direc\u00adtion du par\u00adti sur la classe, de se dire com\u00admu\u00adnistes et de l\u2019af\u00adfir\u00admer sin\u00adc\u00e8\u00adre\u00adment. C\u2019est la rai\u00adson pour laquelle les mili\u00adtants de l\u2019O.C.L. ont trou\u00adv\u00e9 bon de pr\u00e9\u00adci\u00adser qu\u2019ils \u00e9taient com\u00admu\u00adnistes-liber\u00adtaires, en fai\u00adsant r\u00e9f\u00e9\u00adrence bien s\u00fbr \u00e0 toute l\u2019his\u00adtoire du pro\u00adl\u00e9\u00adta\u00adriat (cf posi\u00adtions de base, pla\u00adte\u00adforme O.C.L.), mais aus\u00adsi plus pr\u00e9\u00adci\u00ads\u00e9\u00adment au cou\u00adrant qui a valo\u00adri\u00ads\u00e9 l\u2019au\u00adto\u00adno\u00admie du pro\u00adl\u00e9\u00adta\u00adriat d\u00e8s la nais\u00adsance du mou\u00adve\u00adment ouvrier moderne [[On pour\u00adra nous repro\u00adcher de don\u00adner trop d\u2019im\u00adpor\u00adtance \u00e0 l\u2019his\u00adtoire. Nous ferons remar\u00adquer que la n\u00e9ga\u00adtion de l\u2019im\u00adpor\u00adtance de l\u2019his\u00adtoire peut \u00e9qui\u00adva\u00adloir \u00e0 une concep\u00adtion phi\u00adlo\u00adso\u00adphique, m\u00e9ta\u00adphy\u00adsique, du pro\u00adl\u00e9\u00adta\u00adriat et de la r\u00e9vo\u00adlu\u00adtion. Tout se passe, chez cer\u00adtains th\u00e9o\u00adri\u00adciens, comme si un pen\u00adseur, un groupe, une orga\u00adni\u00adsa\u00adtion, pou\u00advaient pos\u00ads\u00e9\u00adder une th\u00e9o\u00adrie ache\u00adv\u00e9e de la r\u00e9vo\u00adlu\u00adtion et du pro\u00adl\u00e9\u00adta\u00adriat con\u00e7us comme des enti\u00adt\u00e9s, des \u00eatres m\u00e9ta\u00adphy\u00adsiques dont le r\u00f4le est pr\u00e9\u00addes\u00adti\u00adn\u00e9, fix\u00e9 au sein d\u2019une his\u00adtoire tota\u00adle\u00adment d\u00e9ter\u00admi\u00adn\u00e9e. Concep\u00adtion qui, au fond, tient pour nulles l\u2019au\u00adto\u00adno\u00admie et la spon\u00adta\u00adn\u00e9i\u00adt\u00e9 prol\u00e9tariennes.<\/p>\n<p>Pour nous, qui pen\u00adsons que le pro\u00adl\u00e9\u00adta\u00adriat <u>se fait<\/u> en tant que classe r\u00e9vo\u00adlu\u00adtion\u00adnaire au cours d\u2019un deve\u00adnir his\u00adto\u00adrique com\u00adplexe, nous valo\u00adri\u00adsons l\u2019his\u00adtoire r\u00e9elle, si dif\u00adfi\u00adcile soit-elle \u00e0 struc\u00adtu\u00adrer, et nous ne pen\u00adsons pas que l\u2019on puisse par\u00adler du pro\u00adl\u00e9\u00adta\u00adriat et de la r\u00e9vo\u00adlu\u00adtion pro\u00adl\u00e9\u00adta\u00adrienne sans r\u00e9f\u00e9\u00adrences \u00e0 l\u2019his\u00adtoire du mou\u00adve\u00adment ouvrier. Et cette his\u00adtoire, c\u2019est, non seule\u00adment les actes r\u00e9els, les faits \u00e9co\u00adno\u00admiques et tech\u00adniques, c\u2019est aus\u00adsi les id\u00e9es qui au sein du pro\u00adl\u00e9\u00adta\u00adriat en rendent compte.]]<\/p>\n<p>Il n\u2019est peut-\u00eatre pas inutile de pr\u00e9\u00adci\u00adser que ce cou\u00adrant n\u2019a uti\u00adli\u00ads\u00e9 que tr\u00e8s rare\u00adment les adjec\u00adtifs \u00ab&nbsp;liber\u00adtaires&nbsp;\u00bb ou \u00ab&nbsp;anar\u00adchistes&nbsp;\u00bb, qu\u2019il s\u2019est sou\u00advent dit anti-auto\u00adri\u00adtaire, anti-bureau\u00adcra\u00adtique, et plus sou\u00advent encore socia\u00adliste-r\u00e9vo\u00adlu\u00adtion\u00adnaire. Par\u00adler d\u2019a\u00adnar\u00adchisme avant 1870, c\u2019est un anachronisme.<\/p>\n<p>Et c\u2019est pour\u00adquoi le terme liber\u00adtaire nous a paru non pas le meilleur pos\u00adsible mais peut-\u00eatre le moins mau\u00advais, au moins tant que de grandes cla\u00adri\u00adfi\u00adca\u00adtions ne seront inter\u00adve\u00adnues dans les groupes r\u00e9vo\u00adlu\u00adtion\u00adnaires. Autre\u00adment dit, nous ne nous atta\u00adchons pas au terme \u00ab&nbsp;liber\u00adtaire&nbsp;\u00bb, mais nous aime\u00adrions alors qu\u2019on pro\u00adpose un sub\u00adsti\u00adtut qui soit par\u00adlant et clair. Or, force nous est de consta\u00adter que jus\u00adqu\u2019i\u00adci aucune pro\u00adpo\u00adsi\u00adtion n\u2019est faite qui puisse \u00e9vi\u00adter \u00e0 la fois le flou et les \u00e9qui\u00advoques. Car enfin, il faut bien que le mili\u00adtant qui est aux prises quo\u00adti\u00addienne avec les r\u00e9a\u00adli\u00adt\u00e9s pas tou\u00adjours sou\u00adriantes puisse se dis\u00adtin\u00adguer clai\u00adre\u00adment des pr\u00e9\u00adten\u00addus \u00ab&nbsp;com\u00admu\u00adnistes&nbsp;\u00bb du PCF et des trots\u00adkistes&nbsp;; croire que cela se fera bien tout seul, c\u2019est prendre ses d\u00e9si\u00adrs pour des r\u00e9a\u00adli\u00adt\u00e9s et, de toute fa\u00e7on, on n\u2019\u00e9\u00advi\u00adte\u00adra jamais les ques\u00adtions des tra\u00advailleurs qui nous entourent.<\/p>\n<p>Nous croyons que rien ne nous presse de trou\u00adver une appel\u00adla\u00adtion nou\u00advelle pour nos groupes et orga\u00adni\u00adsa\u00adtions, et peut-\u00eatre est-ce l\u2019es\u00adp\u00e8ce de h\u00e2te que nous avons cru d\u00e9ce\u00adler chez trop de cama\u00adrades qui nous a conduits \u00e0 don\u00adner un point de vue qui peut para\u00eetre \u00ab&nbsp;conser\u00adva\u00adteur&nbsp;\u00bb. Nous pou\u00advions m\u00eame dire que la n\u00e9ces\u00adsi\u00adt\u00e9 \u00e9ven\u00adtuelle d\u2019un chan\u00adge\u00adment ne sera pas sans incon\u00adv\u00e9\u00adnient si elle se mani\u00adfeste comme un lar\u00adgage. M\u00eame si demain nous d\u00e9ci\u00addons, ensemble, de ne plus uti\u00adli\u00adser cette appel\u00adla\u00adtion, nous serons un cer\u00adtain nombre \u00e0 affir\u00admer que, bien loin d\u2019\u00eatre emprunte d\u2019i\u00add\u00e9a\u00adlisme, elle \u00e9voque un cou\u00adrant ouvrier qui s\u2019est for\u00adg\u00e9 dans la&nbsp;lutte.<\/p>\n<p>G. Fon\u00adte\u00adnis, O.C.L. Tours<\/p>\n","protected":false},"excerpt":{"rendered":"<p>Nous n\u2019au\u00adrions jamais pos\u00e9 cette ques\u00adtion \u2015 avec la suite de faux-pro\u00ad\u00adbl\u00e8mes qu\u2019elle engendre \u2015 si depuis peu ne s\u2019\u00e9\u00adtait d\u00e9ve\u00adlop\u00adp\u00e9e une offen\u00adsive visant \u00e0 se d\u00e9bar\u00adras\u00adser d\u2019un terme jug\u00e9 encom\u00adbrant, com\u00adpro\u00admet\u00adtant, ridi\u00adcule ou m\u00eame infa\u00admant. Cette offen\u00adsive serait-elle l\u2019ex\u00adpres\u00adsion d\u2019une pous\u00ads\u00e9e des luttes de classe, d\u2019une \u00e9mer\u00adgence his\u00adto\u00adrique d\u2019un niveau de prise de conscience&nbsp;[\u2026]<\/p>\n","protected":false},"author":1,"featured_media":0,"comment_status":"closed","ping_status":"closed","sticky":false,"template":"","format":"standard","meta":{"wp_typography_post_enhancements_disabled":false,"footnotes":""},"categories":[267],"tags":[],"ppma_author":[540],"class_list":["post-2077","post","type-post","status-publish","format-standard","hentry","category-rupture-n1-fevrier-1975"],"authors":[{"term_id":540,"user_id":1,"is_guest":0,"slug":"admin_3gikpwyf","display_name":"Vincent Dubuc","avatar_url":"https:\/\/secure.gravatar.com\/avatar\/d015720652c25fd2ced191ade86430094e1f288a17483713e3b34d26dea52507?s=96&d=mm&r=g","author_category":"","user_url":"https:\/\/la-presse-anarchiste.net","last_name":"Dubuc","first_name":"Vincent","job_title":"","description":""}],"_links":{"self":[{"href":"https:\/\/la-presse-anarchiste.net\/index.php\/wp-json\/wp\/v2\/posts\/2077","targetHints":{"allow":["GET"]}}],"collection":[{"href":"https:\/\/la-presse-anarchiste.net\/index.php\/wp-json\/wp\/v2\/posts"}],"about":[{"href":"https:\/\/la-presse-anarchiste.net\/index.php\/wp-json\/wp\/v2\/types\/post"}],"author":[{"embeddable":true,"href":"https:\/\/la-presse-anarchiste.net\/index.php\/wp-json\/wp\/v2\/users\/1"}],"replies":[{"embeddable":true,"href":"https:\/\/la-presse-anarchiste.net\/index.php\/wp-json\/wp\/v2\/comments?post=2077"}],"version-history":[{"count":0,"href":"https:\/\/la-presse-anarchiste.net\/index.php\/wp-json\/wp\/v2\/posts\/2077\/revisions"}],"wp:attachment":[{"href":"https:\/\/la-presse-anarchiste.net\/index.php\/wp-json\/wp\/v2\/media?parent=2077"}],"wp:term":[{"taxonomy":"category","embeddable":true,"href":"https:\/\/la-presse-anarchiste.net\/index.php\/wp-json\/wp\/v2\/categories?post=2077"},{"taxonomy":"post_tag","embeddable":true,"href":"https:\/\/la-presse-anarchiste.net\/index.php\/wp-json\/wp\/v2\/tags?post=2077"},{"taxonomy":"author","embeddable":true,"href":"https:\/\/la-presse-anarchiste.net\/index.php\/wp-json\/wp\/v2\/ppma_author?post=2077"}],"curies":[{"name":"wp","href":"https:\/\/api.w.org\/{rel}","templated":true}]}}