{"id":2088,"date":"1887-09-01T00:01:09","date_gmt":"1887-09-01T00:01:09","guid":{"rendered":"https:\/\/la-presse-anarchiste.net\/index.php\/2009\/05\/06\/bas-les-masques\/"},"modified":"2024-04-30T19:53:35","modified_gmt":"2024-04-30T19:53:35","slug":"bas-les-masques","status":"publish","type":"post","link":"https:\/\/la-presse-anarchiste.net\/index.php\/1887\/09\/01\/bas-les-masques\/","title":{"rendered":"Bas les masques&nbsp;!"},"content":{"rendered":"<div class=\"pdfprnt-buttons pdfprnt-buttons-post pdfprnt-top-right\"><a href=\"https:\/\/la-presse-anarchiste.net\/index.php\/wp-json\/wp\/v2\/posts\/2088?print=pdf\" class=\"pdfprnt-button pdfprnt-button-pdf\" target=\"_blank\"><img decoding=\"async\" src=\"https:\/\/la-presse-anarchiste.net\/wp-content\/plugins\/pdf-print\/images\/pdf.png\" alt=\"image_pdf\" title=\"Afficher le PDF\"><\/a><a href=\"https:\/\/la-presse-anarchiste.net\/index.php\/wp-json\/wp\/v2\/posts\/2088?print=print\" class=\"pdfprnt-button pdfprnt-button-print\" target=\"_blank\"><img decoding=\"async\" src=\"https:\/\/la-presse-anarchiste.net\/wp-content\/plugins\/pdf-print\/images\/print.png\" alt=\"image_print\" title=\"Contenu imprim\u00e9\"><\/a><\/div><p style=\"text-align: justify;\">\u00c0 la suite de l\u2019acte de notre cama\u00adrade Duval, alors que dans leur ensemble les anar\u00adchistes pari\u00adsiens applau\u00addirent \u00e0 cet acte, autant qu\u2019\u00e0 l\u2019exemple r\u00e9vo\u00adlu\u00adtion\u00adnaire qu\u2019il don\u00adnait, le jour\u00adnal le <i>R\u00e9vol\u00adt\u00e9<\/i>,\u200a\u2014\u200aque l\u2019\u00e2ge a r\u00e9tr\u00e9\u00adci et qui, depuis long\u00adtemps, atten\u00addait une occa\u00adsion favo\u00adrable pour tan\u00adcer les par\u00adti\u00adsans de l\u2019ac\u00adtion et, sans doute, pour jeter la divi\u00adsion par\u00admi eux,\u200a\u2014\u200apro\u00adfi\u00adta de cette cir\u00adcons\u00adtance pour ouvrir une cam\u00adpagne contre tous ceux qui ne par\u00adta\u00adgeaient point son extr\u00eame mod\u00e9\u00adra\u00adtion, mod\u00e9\u00adra\u00adtion qui, d\u2019ailleurs, lui a valu des jour\u00adnaux bien pen\u00adsants et r\u00e9ac\u00adtion\u00adnaires plu\u00adsieurs cer\u00adti\u00adfi\u00adcats de sagesse, entre autres de <i>Gil Blas<\/i> et de l\u2019<i>\u00c9v\u00e9\u00adne\u00adment<\/i>.<\/p>\n<p style=\"text-align: justify;\">Cette cam\u00adpagne, com\u00admen\u00adc\u00e9e \u00e0 coups d\u2019ar\u00adticles et d\u2019en\u00adtre\u00adfi\u00adlets parus sous divers titres&nbsp;: \u00ab&nbsp;\u00c0 pro\u00adpos du vol&nbsp;\u00bb, \u00ab&nbsp;la loi de la force&nbsp;\u00bb, \u00ab&nbsp;l\u2019or\u00adga\u00adni\u00adsa\u00adtion&nbsp;\u00bb, \u00ab&nbsp;\u00e0 pro\u00adpos d\u2019or\u00adga\u00adni\u00adsa\u00adtion&nbsp;\u00bb, etc., a \u00e9t\u00e9 jus\u00adqu\u2019\u00e0 ce jour fid\u00e8\u00adle\u00adment conti\u00adnu\u00e9e dans les groupes par les insi\u00adnua\u00adtions, aus\u00adsi b\u00eates que mal\u00adveillantes, dont les quelques hommes du <i>R\u00e9vol\u00adt\u00e9<\/i> ont abreu\u00adv\u00e9 qui\u00adconque se refuse d\u2019ac\u00adcou\u00adpler cette cho\u00adquante contra\u00addic\u00adtion&nbsp;: Com\u00admu\u00adnisme et Anar\u00adchie, et qui sur\u00adtout refuse d\u2019ac\u00adcep\u00adter tout pro\u00adgramme, tout&nbsp;credo.<\/p>\n<p style=\"text-align: justify;\">Les petits moyens ne leur r\u00e9pugnent pas. C\u2019est ain\u00adsi qu\u2019a l\u2019ap\u00adpa\u00adri\u00adtion de l\u2019<i>Action r\u00e9vo\u00adlu\u00adtion\u00adnaire<\/i> de N\u00eemes ces doc\u00adtri\u00adnaires cir\u00adcon\u00advinrent habi\u00adle\u00adment un grand nombre de cama\u00adrades des d\u00e9par\u00adte\u00adments en leur \u00e9cri\u00advant&nbsp;: \u00ab&nbsp;Ce jour\u00adnal n\u2019est pas s\u00e9rieux&nbsp;\u00bb, ou \u00ab&nbsp;nous n\u2019en connais\u00adsons pas les r\u00e9dac\u00adteurs&nbsp;\u00bb, etc. Pour faire tom\u00adber l\u2019<i>Auto\u00adno\u00admie indi\u00advi\u00adduelle<\/i> ils cir\u00adcon\u00advinrent \u00e9ga\u00adle\u00adment notre pre\u00admier g\u00e9rant, le com\u00adpa\u00adgnon Lucas, qui d\u00e9mis\u00adsion\u00adna sur leurs affir\u00adma\u00adtions mensong\u00e8res.<\/p>\n<p style=\"text-align: justify;\">Ce pre\u00admier insuc\u00adc\u00e8s ne les a pas d\u00e9cou\u00adra\u00adg\u00e9s. N\u2019\u00e9\u00adtant pas comme eux aid\u00e9s par la g\u00e9n\u00e9\u00adro\u00adsi\u00adt\u00e9 d\u2019un prince et d\u2019un savant, nos res\u00adsources p\u00e9cu\u00adniaires sont des plus modestes, aus\u00adsi, pour y parer dans la mesure du pos\u00adsible, notre col\u00adla\u00adbo\u00adra\u00adteur Deherme se pro\u00adpo\u00adsait, il y a un mois, de faire gra\u00adtui\u00adte\u00adment notre com\u00adpo\u00adsi\u00adtion avec les carac\u00adt\u00e8res d\u2019im\u00adpri\u00adme\u00adrie dont le <i>R\u00e9vol\u00adt\u00e9<\/i> est d\u00e9ten\u00adteur,\u200a\u2014\u200acarac\u00adt\u00e8res qui, ache\u00adt\u00e9s p\u00e9ni\u00adble\u00adment, sou a sou par quelques com\u00adpa\u00adgnons d\u00e9vou\u00e9s, appar\u00adtiennent aux groupes anar\u00adchistes. Mais quel ne fut pas l\u2019\u00e9\u00adton\u00adne\u00adment de Deherme lorsque Mon\u00adsieur le com\u00adpa\u00adgnon Grave lui repro\u00adcha, en les inter\u00adpr\u00e9\u00adtant a sa fa\u00e7on, lui qui ne les avait pas enten\u00addu pro\u00adnon\u00adcer, les quelques paroles que notre ami publie un peu plus&nbsp;loin.<\/p>\n<p style=\"text-align: justify;\">Autre chose. Sous la rubrique&nbsp;: \u00ab&nbsp;La loi de la force&nbsp;\u00bb, le <i>R\u00e9vol\u00adt\u00e9<\/i> disait en mai der\u00adnier que ceux qui ne voient dans l\u2019A\u00adnar\u00adchie <i>que la satis\u00adfac\u00adtion de leurs int\u00e9\u00adr\u00eats per\u00adson\u00adnels<\/i> sont des bour\u00adgeois&nbsp;; eh bien, nous, qui sommes las de satis\u00adfaire les int\u00e9\u00adr\u00eats d\u2019au\u00adtrui, nous disons que ceux qui ont le plus nui \u00e0 l\u2019exis\u00adtence de l\u2019<i>Action<\/i> et qui com\u00adpro\u00admettent par leur tar\u00adtu\u00adfe\u00adrie celle de l\u2019<i>Auto\u00adno\u00admie<\/i> sont pires que les bour\u00adgeois&nbsp;; nous disons plus&nbsp;: ceux qui, comme eux, par esprit de secte ou dans un but mer\u00adcan\u00adtile, peut-\u00eatre les deux, nuisent \u00e0 la cr\u00e9a\u00adtion des organes r\u00e9vo\u00adlu\u00adtion\u00adnaires sont les pires enne\u00admis de la R\u00e9volution.<\/p>\n<p style=\"text-align: justify;\">Anar\u00adchistes nous sommes, anar\u00adchistes nous vou\u00adlons res\u00adter. Forts de nos convic\u00adtions et de nos sacri\u00adfices la R\u00e9vo\u00adlu\u00adtion sociale, nous ne pren\u00addrons per\u00adsonne pour juge de nos actes, pas plus que nous ne juge\u00adrons ceux de nos com\u00adpa\u00adgnons&nbsp;; mais, comme aujourd\u2019\u00adhui, chaque fois que des per\u00adson\u00adna\u00adli\u00adt\u00e9s, en qu\u00eate de r\u00e9clame ou de b\u00e9n\u00e9\u00adfices pour leurs <i>affaires<\/i>, por\u00adte\u00adront atteinte la pro\u00adpa\u00adgande, nous les d\u00e9masquerons.<\/p>\n<p style=\"text-align: justify;\">Nous les d\u00e9mas\u00adque\u00adrons, parce que nous croyons qu\u2019il est n\u00e9ces\u00adsaire de d\u00e9voi\u00adler les tur\u00adpi\u00adtudes des hommes qui n\u2019ont d\u2019a\u00adnar\u00adchiste et de r\u00e9vo\u00adlu\u00adtion\u00adnaire que l\u2019\u00e9\u00adti\u00adquette col\u00adl\u00e9e dans la manche de leur journal.<\/p>\n<p style=\"text-align: justify;\">Nous d\u00e9mas\u00adque\u00adrons enfin tous ceux qui, \u00e0 l\u2019aide de sub\u00adter\u00adfuges et de men\u00adsonges, dans les groupes libres de l\u2019A\u00adnar\u00adchie, cher\u00adche\u00adront \u00e0 cr\u00e9er une secte dont ils seraient les pontifes.<\/p>\n<p style=\"text-align: justify;\">D\u00e8s ce jour nous les atta\u00adque\u00adrons fran\u00adche\u00adment et au grand jour, convain\u00adcus que les sym\u00adpa\u00adthies de nos com\u00adpa\u00adgnons ne nous feront pas d\u00e9faut pour l\u2019ac\u00adcom\u00adplis\u00adse\u00adment de cette besogne, que notre pro\u00adfond amour pour l\u2019en\u00adtente et l\u2019har\u00admo\u00adnie entre les groupes nous avait emp\u00ea\u00adch\u00e9 de com\u00admen\u00adcer plus&nbsp;t\u00f4t.<\/p>\n<p style=\"text-align: right;\">L\u2019Au\u00adto\u00adno\u00admie Individuelle<\/p>\n","protected":false},"excerpt":{"rendered":"<p>\u00c0 la suite de l\u2019acte de notre cama\u00adrade Duval, alors que dans leur ensemble les anar\u00adchistes pari\u00adsiens applau\u00addirent \u00e0 cet acte, autant qu\u2019\u00e0 l\u2019exemple r\u00e9vo\u00adlu\u00adtion\u00adnaire qu\u2019il don\u00adnait, le jour\u00adnal le R\u00e9vol\u00adt\u00e9,\u200a\u2014\u200aque l\u2019\u00e2ge a r\u00e9tr\u00e9\u00adci et qui, depuis long\u00adtemps, atten\u00addait une occa\u00adsion favo\u00adrable pour tan\u00adcer les par\u00adti\u00adsans de l\u2019ac\u00adtion et, sans doute, pour jeter la division&nbsp;[\u2026]<\/p>\n","protected":false},"author":8,"featured_media":5312,"comment_status":"closed","ping_status":"closed","sticky":false,"template":"wp-custom-template-page-d-article","format":"standard","meta":{"wp_typography_post_enhancements_disabled":false,"footnotes":""},"categories":[268],"tags":[587],"ppma_author":[680],"class_list":["post-2088","post","type-post","status-publish","format-standard","has-post-thumbnail","hentry","category-lautonomie-individuelle-na5-septembre-octobre-1887","tag-polemique-inter-groupes"],"authors":[{"term_id":680,"user_id":8,"is_guest":0,"slug":"anonyme","display_name":"Anonyme","avatar_url":"https:\/\/secure.gravatar.com\/avatar\/cdccebf2bbf18d75df96a6721f7ce7f7ec80d026f1b8ec6be93de563bca5236b?s=96&d=mm&r=g","author_category":"","user_url":"","last_name":"","first_name":"","job_title":"","description":""}],"_links":{"self":[{"href":"https:\/\/la-presse-anarchiste.net\/index.php\/wp-json\/wp\/v2\/posts\/2088","targetHints":{"allow":["GET"]}}],"collection":[{"href":"https:\/\/la-presse-anarchiste.net\/index.php\/wp-json\/wp\/v2\/posts"}],"about":[{"href":"https:\/\/la-presse-anarchiste.net\/index.php\/wp-json\/wp\/v2\/types\/post"}],"author":[{"embeddable":true,"href":"https:\/\/la-presse-anarchiste.net\/index.php\/wp-json\/wp\/v2\/users\/8"}],"replies":[{"embeddable":true,"href":"https:\/\/la-presse-anarchiste.net\/index.php\/wp-json\/wp\/v2\/comments?post=2088"}],"version-history":[{"count":3,"href":"https:\/\/la-presse-anarchiste.net\/index.php\/wp-json\/wp\/v2\/posts\/2088\/revisions"}],"predecessor-version":[{"id":7230,"href":"https:\/\/la-presse-anarchiste.net\/index.php\/wp-json\/wp\/v2\/posts\/2088\/revisions\/7230"}],"wp:featuredmedia":[{"embeddable":true,"href":"https:\/\/la-presse-anarchiste.net\/index.php\/wp-json\/wp\/v2\/media\/5312"}],"wp:attachment":[{"href":"https:\/\/la-presse-anarchiste.net\/index.php\/wp-json\/wp\/v2\/media?parent=2088"}],"wp:term":[{"taxonomy":"category","embeddable":true,"href":"https:\/\/la-presse-anarchiste.net\/index.php\/wp-json\/wp\/v2\/categories?post=2088"},{"taxonomy":"post_tag","embeddable":true,"href":"https:\/\/la-presse-anarchiste.net\/index.php\/wp-json\/wp\/v2\/tags?post=2088"},{"taxonomy":"author","embeddable":true,"href":"https:\/\/la-presse-anarchiste.net\/index.php\/wp-json\/wp\/v2\/ppma_author?post=2088"}],"curies":[{"name":"wp","href":"https:\/\/api.w.org\/{rel}","templated":true}]}}