{"id":2093,"date":"2009-05-19T12:55:58","date_gmt":"2009-05-19T12:55:58","guid":{"rendered":"https:\/\/la-presse-anarchiste.net\/index.php\/2009\/05\/19\/du-natonalisme-au-fascisme\/"},"modified":"2009-05-19T12:55:58","modified_gmt":"2009-05-19T12:55:58","slug":"du-natonalisme-au-fascisme","status":"publish","type":"post","link":"https:\/\/la-presse-anarchiste.net\/index.php\/2009\/05\/19\/du-natonalisme-au-fascisme\/","title":{"rendered":"Du natonalisme au fascisme"},"content":{"rendered":"<div class=\"pdfprnt-buttons pdfprnt-buttons-post pdfprnt-top-right\"><a href=\"https:\/\/la-presse-anarchiste.net\/index.php\/wp-json\/wp\/v2\/posts\/2093?print=pdf\" class=\"pdfprnt-button pdfprnt-button-pdf\" target=\"_blank\"><img decoding=\"async\" src=\"https:\/\/la-presse-anarchiste.net\/wp-content\/plugins\/pdf-print\/images\/pdf.png\" alt=\"image_pdf\" title=\"Afficher le PDF\"><\/a><a href=\"https:\/\/la-presse-anarchiste.net\/index.php\/wp-json\/wp\/v2\/posts\/2093?print=print\" class=\"pdfprnt-button pdfprnt-button-print\" target=\"_blank\"><img decoding=\"async\" src=\"https:\/\/la-presse-anarchiste.net\/wp-content\/plugins\/pdf-print\/images\/print.png\" alt=\"image_print\" title=\"Contenu imprim\u00e9\"><\/a><\/div><p>[(L\u2019ex-socia\u00adliste belge Hen\u00adri de Man, l\u2019au\u00adteur d\u2019\u00abAu-del\u00e0 du Mar\u00adxisme&nbsp;\u00bb fut le chef de file de ceux qui dans l\u2019entre-deux guerres, sous pr\u00e9\u00adtexte de d\u00e9pas\u00adser le mar\u00adxisme reflu\u00e8rent sur des posi\u00adtions de droite, voire d\u2019ex\u00adtr\u00eame droite. Bien que n\u2019\u00e9\u00adtant sans doute jamais all\u00e9 aus\u00adsi avant sur cette voie que ses cama\u00adrades ex-socia\u00adlistes \u00e0 la Mus\u00adso\u00adli\u00adni, Mar\u00adcel D\u00e9at ou sir Oswald Mos\u00adley, il connut assez bien le fas\u00adcisme pour s\u2019y \u00eatre frot\u00adt\u00e9 de pr\u00e8s. Il livra apr\u00e8s 1945 ses r\u00e9flexions dont voi\u00adci quelques lignes.)]<\/p>\n<p>\u00ab&nbsp;La carac\u00adt\u00e9\u00adris\u00adtique com\u00admune la plus \u00e9vi\u00addente de tous les mou\u00adve\u00adments fas\u00adcistes, c\u2019est leur <u>natio\u00adna\u00adlisme<\/u>. Sa por\u00adt\u00e9e est essen\u00adtielle au point que l\u2019on peut en faire d\u00e9ri\u00adver tous les autres \u00e9l\u00e9\u00adments de l\u2019i\u00add\u00e9o\u00adlo\u00adgie fas\u00adciste tels&nbsp;que&nbsp;:<br> \u2013 l\u2019antiparlementarisme<br> \u2013 L\u2019anticapitalisme<br> \u2013 l\u2019antimarxisme<br> \u2013 et l\u2019antis\u00e9mitisme.&nbsp;(\u2026)<\/p>\n<p>\u00ab&nbsp;On voit par quoi le natio\u00adna\u00adlisme fas\u00adciste se dis\u00adtingue de ses pr\u00e9\u00add\u00e9\u00adces\u00adseurs. Il pr\u00e9\u00adsente au moins trois carac\u00adt\u00e9\u00adris\u00adtiques propres&nbsp;:<\/p>\n<ol>\n<li> il s\u2019ap\u00adpuie sur la masse des petites gens<\/li>\n<li> il porte au maxi\u00admum l\u2019a\u00adgres\u00adsi\u00advi\u00adt\u00e9 nationale<\/li>\n<li> il sert de d\u00e9ri\u00adva\u00adtif au m\u00e9con\u00adten\u00adte\u00adment social.<\/li>\n<\/ol>\n<p>\u00ab&nbsp;L\u2019ex\u00adp\u00e9\u00adrience his\u00adto\u00adrique a en outre d\u00e9mon\u00adtr\u00e9 que pour qu\u2019il arrive au pou\u00advoir il faut que soient r\u00e9unies cer\u00adtaines condi\u00adtions particuli\u00e8res&nbsp;:<br> \u2013 Il faut d\u2019a\u00adbord que l\u2019a\u00admour-propre natio\u00adnal ait subi des LESIONS SUFFISEMMENT GRAVES pour qu\u2019il s\u2019en trouve exa\u00adcer\u00adb\u00e9 jus\u00adqu\u2019au d\u00e9lire totalitaire.<br> \u2013 Il faut encore que les couches ancien\u00adne\u00adment diri\u00adgeantes se soient mon\u00adtr\u00e9es INCAPABLES de satis\u00adfaire la volon\u00adt\u00e9 de puis\u00adsance natio\u00adnale et am\u00e8nent, ain\u00adsi, l\u2019ex\u00adtr\u00e9\u00admisme natio\u00adna\u00adliste \u00e0 prendre. un carac\u00adt\u00e8re pl\u00e9b\u00e9ien.<br> \u2013 Il faut ensuite que la situa\u00adtion \u00e9co\u00adno\u00admique cr\u00e9e pour les masses popu\u00adlaires un MECONTENTEMENT SOCIAL suf\u00adfi\u00adsant pour ser\u00advir de moteur \u00e0 un violent sou\u00adbre\u00adsaut de res\u00adsen\u00adti\u00adments nationaux<br> \u2013 Il faut enfin que la bour\u00adgeoi\u00adsie et les anciennes classes diri\u00adgeantes en g\u00e9n\u00e9\u00adral se trouvent suf\u00adfi\u00adsam\u00adment APEUR\u00c9ES PAR LE SOCIALISME OUVRIER pour accep\u00adter, au prix de leur propre abdi\u00adca\u00adtion poli\u00adtique, la pro\u00adtec\u00adtion qua\u00adsi-mili\u00adtaire de l\u2019an\u00adti\u00admarxisme fasciste.&nbsp;(\u2026)\u00bb<\/p>\n<p>(<i>La France est-elle m\u00fbre&nbsp;?<\/i> N.D.L.R.)<\/p>\n","protected":false},"excerpt":{"rendered":"<p>[(L\u2019ex-socia\u00adliste belge Hen\u00adri de Man, l\u2019au\u00adteur d\u2019\u00abAu-del\u00e0 du Mar\u00adxisme&nbsp;\u00bb fut le chef de file de ceux qui dans l\u2019entre-deux guerres, sous pr\u00e9\u00adtexte de d\u00e9pas\u00adser le mar\u00adxisme reflu\u00e8rent sur des posi\u00adtions de droite, voire d\u2019ex\u00adtr\u00eame droite. Bien que n\u2019\u00e9\u00adtant sans doute jamais all\u00e9 aus\u00adsi avant sur cette voie que ses cama\u00adrades ex-socia\u00ad\u00adlistes \u00e0 la Mus\u00adso\u00adli\u00adni, Marcel&nbsp;[\u2026]<\/p>\n","protected":false},"author":1,"featured_media":0,"comment_status":"closed","ping_status":"closed","sticky":false,"template":"","format":"standard","meta":{"wp_typography_post_enhancements_disabled":false,"footnotes":""},"categories":[265],"tags":[],"ppma_author":[540],"class_list":["post-2093","post","type-post","status-publish","format-standard","hentry","category-noir-rouge-na13-printemps-1959"],"authors":[{"term_id":540,"user_id":1,"is_guest":0,"slug":"admin_3gikpwyf","display_name":"Vincent Dubuc","avatar_url":"https:\/\/secure.gravatar.com\/avatar\/d015720652c25fd2ced191ade86430094e1f288a17483713e3b34d26dea52507?s=96&d=mm&r=g","author_category":"","user_url":"https:\/\/la-presse-anarchiste.net","last_name":"Dubuc","first_name":"Vincent","job_title":"","description":""}],"_links":{"self":[{"href":"https:\/\/la-presse-anarchiste.net\/index.php\/wp-json\/wp\/v2\/posts\/2093","targetHints":{"allow":["GET"]}}],"collection":[{"href":"https:\/\/la-presse-anarchiste.net\/index.php\/wp-json\/wp\/v2\/posts"}],"about":[{"href":"https:\/\/la-presse-anarchiste.net\/index.php\/wp-json\/wp\/v2\/types\/post"}],"author":[{"embeddable":true,"href":"https:\/\/la-presse-anarchiste.net\/index.php\/wp-json\/wp\/v2\/users\/1"}],"replies":[{"embeddable":true,"href":"https:\/\/la-presse-anarchiste.net\/index.php\/wp-json\/wp\/v2\/comments?post=2093"}],"version-history":[{"count":0,"href":"https:\/\/la-presse-anarchiste.net\/index.php\/wp-json\/wp\/v2\/posts\/2093\/revisions"}],"wp:attachment":[{"href":"https:\/\/la-presse-anarchiste.net\/index.php\/wp-json\/wp\/v2\/media?parent=2093"}],"wp:term":[{"taxonomy":"category","embeddable":true,"href":"https:\/\/la-presse-anarchiste.net\/index.php\/wp-json\/wp\/v2\/categories?post=2093"},{"taxonomy":"post_tag","embeddable":true,"href":"https:\/\/la-presse-anarchiste.net\/index.php\/wp-json\/wp\/v2\/tags?post=2093"},{"taxonomy":"author","embeddable":true,"href":"https:\/\/la-presse-anarchiste.net\/index.php\/wp-json\/wp\/v2\/ppma_author?post=2093"}],"curies":[{"name":"wp","href":"https:\/\/api.w.org\/{rel}","templated":true}]}}