{"id":2095,"date":"2009-05-19T13:04:47","date_gmt":"2009-05-19T13:04:47","guid":{"rendered":"https:\/\/la-presse-anarchiste.net\/index.php\/2009\/05\/19\/de-lattitude-anarchiste-a-propos-du-nationalisme\/"},"modified":"2009-05-19T13:04:47","modified_gmt":"2009-05-19T13:04:47","slug":"de-lattitude-anarchiste-a-propos-du-nationalisme","status":"publish","type":"post","link":"https:\/\/la-presse-anarchiste.net\/index.php\/2009\/05\/19\/de-lattitude-anarchiste-a-propos-du-nationalisme\/","title":{"rendered":"De l\u2019attitude anarchiste \u00e0 propos du nationalisme"},"content":{"rendered":"<div class=\"pdfprnt-buttons pdfprnt-buttons-post pdfprnt-top-right\"><a href=\"https:\/\/la-presse-anarchiste.net\/index.php\/wp-json\/wp\/v2\/posts\/2095?print=pdf\" class=\"pdfprnt-button pdfprnt-button-pdf\" target=\"_blank\"><img decoding=\"async\" src=\"https:\/\/la-presse-anarchiste.net\/wp-content\/plugins\/pdf-print\/images\/pdf.png\" alt=\"image_pdf\" title=\"Afficher le PDF\"><\/a><a href=\"https:\/\/la-presse-anarchiste.net\/index.php\/wp-json\/wp\/v2\/posts\/2095?print=print\" class=\"pdfprnt-button pdfprnt-button-print\" target=\"_blank\"><img decoding=\"async\" src=\"https:\/\/la-presse-anarchiste.net\/wp-content\/plugins\/pdf-print\/images\/print.png\" alt=\"image_print\" title=\"Contenu imprim\u00e9\"><\/a><\/div><blockquote><p>\u00ab&nbsp;L\u2019in\u00add\u00e9\u00adpen\u00addance natio\u00adnale des ter\u00adri\u00adtoires colo\u00adniaux doit \u00eatre consi\u00add\u00e9\u00adr\u00e9e comme une condi\u00adtion indis\u00adpen\u00adsable de l\u2019\u00e9\u00adman\u00adci\u00adpa\u00adtion sociale, car elle cr\u00e9e, en sous\u00adtrayant un peuple \u00e0 l\u2019ap\u00adpa\u00adreil de r\u00e9pres\u00adsion d\u2019un \u00c9tat imp\u00e9\u00adria\u00adliste \u2015 tout en affai\u00adblis\u00adsant cet \u00c9tat \u2015 les pos\u00adsi\u00adbi\u00adli\u00adt\u00e9s pour ce peuple de faire sa r\u00e9vo\u00adlu\u00adtion en sup\u00adpri\u00admant ses propres exploiteurs.&nbsp;\u00bb<\/p><\/blockquote>\n<p>Ce para\u00adgraphe de la DECLARATION DE PRINCIPES DES G.A.A.R. parue dans le n<sup>O<\/sup>6 de N.&amp;R. avait trou\u00adv\u00e9 son illus\u00adtra\u00adtion dans nos cahiers consa\u00adcr\u00e9s au \u00ab&nbsp;Natio\u00adna\u00adlisme&nbsp;\u00bb (N.&amp;R. n<sup>O<\/sup><sup class=\"numerator\">7<\/sup>\u2044<sub class=\"denominator\">8<\/sub>). Il nous semble utile de reve\u00adnir aujourd\u2019\u00adhui sur ce&nbsp;point.<\/p>\n<p>En effet, le d\u00e9ve\u00adlop\u00adpe\u00adment d\u2019un tel point de vue a re\u00e7u comme il fal\u00adlait s\u2019y attendre un accueil \u00ab&nbsp;divers&nbsp;\u00bb autour de nous. En effet l\u2019at\u00adti\u00adtude domi\u00adnante des anar\u00adchistes vis \u00e0 vis des mou\u00adve\u00adments colo\u00adniaux \u00e9tait, sui\u00advant le cas, l\u2019in\u00addif\u00adf\u00e9\u00adrence, la nos\u00adtal\u00adgie, le m\u00e9pris<\/p>\n<p>INDIFFERENCE sinon hos\u00adti\u00adli\u00adt\u00e9 aux nou\u00adveaux \u00c9tats, aux nou\u00advelles nations&nbsp;: \u00ab&nbsp;Un ou deux ou trente pays ind\u00e9\u00adpen\u00addants de plus&nbsp;? Quelle impor\u00adtance&nbsp;? \u00c7a ne change rien. Le pro\u00adbl\u00e8me n\u2019est pas l\u00e0. La seule ques\u00adtion c\u2019est la sociale, les seules divi\u00adsions&nbsp;: \u00e9conomiques&nbsp;\u00bb.<\/p>\n<p>Si N.&amp;R, rom\u00adpait avec cette belle fier\u00adt\u00e9 doc\u00adtri\u00adnale et pr\u00e9\u00adten\u00addait s\u2019in\u00adt\u00e9\u00adres\u00adser aux chan\u00adge\u00adments actuels du monde ce n\u2019\u00e9\u00adtait pas par besoin d\u2019\u00e9\u00adva\u00adsion ou d\u2019exo\u00adtisme, mais pour son\u00adder la pro\u00adfon\u00addeur r\u00e9vo\u00adlu\u00adtion\u00adnaire de ce gigan\u00adtesque mou\u00adve\u00adment his\u00adto\u00adrique. C\u2019est pr\u00e9\u00adci\u00ads\u00e9\u00adment parce que tant de peuples changent de ma\u00eetres, troquent un occu\u00adpant \u00e9tran\u00adger contre une bour\u00adgeoi\u00adsie natio\u00adnale qu\u2019il fal\u00adlait essayer d\u2019en com\u00adprendre les rai\u00adsons et d\u2019en pr\u00e9\u00adsa\u00adger les cons\u00e9quences&nbsp;:<br> \u2013 \u00e0 l\u2019\u00e9\u00adchelle mon\u00addiale&nbsp;: un regrou\u00adpe\u00adment des pays par des imp\u00e9\u00adria\u00adlismes d\u2019un type nou\u00adveau plus faibles ou plus forts&nbsp;? S\u2019ap\u00adpuyant sur quelles classes&nbsp;?<br> \u2013 sur le plan local&nbsp;: une nou\u00advelle classe diri\u00adgeante \u2015 plus faible ou plus forte&nbsp;? Pour com\u00adbien de&nbsp;temps&nbsp;?<\/p>\n<p>Et les masses&nbsp;: par\u00adti\u00adcipent-elles au chan\u00adge\u00adment&nbsp;? Avec quelles illu\u00adsions&nbsp;? Quelles le\u00e7ons peuvent-elles en tirer&nbsp;? Quelle avance ou quel recul r\u00e9volutionnaire&nbsp;?<\/p>\n<p>Autant de ques\u00adtions que \u2015 sans pr\u00e9\u00adtendre les \u00e9pui\u00adser \u2015 il \u00e9tait bon de poser. Car si l\u2019on se d\u00e9s\u00adin\u00adt\u00e9\u00adres\u00adsait de tous les mou\u00adve\u00adments popu\u00adlaires ani\u00adm\u00e9s ou acca\u00adpa\u00adr\u00e9s par une future classe exploi\u00adteuse il ne nous res\u00adte\u00adrait pas grand chose \u00e0 examiner.<\/p>\n<p>NOSTALGIE&nbsp;: \u00ab&nbsp;Ah si tous ces colo\u00adniaux vou\u00adlaient nous don\u00adner un coup de main au lieu de s\u2019at\u00adtar\u00adder \u00e0 se don\u00adner des chefs, des dra\u00adpeaux, des hymnes\u2026 Quelle belle r\u00e9vo\u00adlu\u00adtion on aurait pu faire. Tout ce qu\u2019ils font main\u00adte\u00adnant on sait bien, nous, que \u00e7a ne sert \u00e0 rien. La preuve c\u2019est qu\u2019on est pas\u00ads\u00e9 par l\u00e0. Alors puis\u00adqu\u2019on est les plus avan\u00adc\u00e9s il n\u2019y a qu\u2019\u00e0 nous suivre\u2026 et tous ensemble\u2026\u00bb vers la grande com\u00admu\u00adnau\u00adt\u00e9 r\u00e9vo\u00adlu\u00adtion\u00adnaire sans&nbsp;doute.<\/p>\n<p>Or il nous a sem\u00adbl\u00e9 que l\u2019his\u00adtoire d\u00e9montre assez que ce grand coude-\u00e0-coude des pro\u00adl\u00e9\u00adta\u00adriats m\u00e9tro\u00adpo\u00adli\u00adtains et des peuples colo\u00adniaux ne s\u2019est jamais r\u00e9a\u00adli\u00ads\u00e9. Il ne sert \u00e0 rien de regret\u00adter une soli\u00adda\u00adri\u00adt\u00e9 qui n\u2019exis\u00adtait pas. Pour\u00adquoi les masses colo\u00adniales vien\u00addraient-elles \u00e0 la res\u00adcousse des pro\u00adl\u00e9\u00adtaires euro\u00adp\u00e9ens quand ceux-ci n\u2019ont rien fait pour&nbsp;elles.<\/p>\n<p>Les liens for\u00adg\u00e9s par l\u2019im\u00adp\u00e9\u00adria\u00adlisme entre le pays domi\u00adna\u00adteur et les domi\u00adn\u00e9s n\u2019ont pas \u00e9t\u00e9 assez solides pour atta\u00adcher pro\u00adfon\u00add\u00e9\u00adment les peuples \u00e0 un m\u00eame des\u00adtin. Il y a appa\u00adrem\u00adment des paren\u00adt\u00e9s qui sont plus fortes que le fait d\u2019a\u00advoir \u00e9t\u00e9 dans la m\u00eame ge\u00f4le. Lais\u00adsons donc les ex-colo\u00adni\u00ads\u00e9s faire leur exp\u00e9\u00adrience entre eux. Il y a visi\u00adble\u00adment des le\u00e7ons qui ne sont pas trans\u00admis\u00adsibles de peuple \u00e0 peuple comme de g\u00e9n\u00e9\u00adra\u00adtion \u00e0 g\u00e9n\u00e9\u00adra\u00adtion. Il y a des erreurs qu\u2019il faut r\u00e9p\u00e9\u00adter, des \u00e9tapes que l\u2019on ne peut sau\u00adter, tout un ensei\u00adgne\u00adment par les faits que chaque peuple doit acqu\u00e9rir.<\/p>\n<p>Et puis les Euro\u00adp\u00e9ens ont belle figure qui veulent mon\u00adtrer aux autres com\u00adment on m\u00e8ne une r\u00e9vo\u00adlu\u00adtion, com\u00adment on prend en main son \u00e9man\u00adci\u00adpa\u00adtion, com\u00adment on sait se f\u00e9d\u00e9rer&nbsp;!<\/p>\n<p>MEPRIS. On n\u2019ap\u00adprend pas pen\u00addant des ann\u00e9es \u00e0 l\u2019\u00e9\u00adcole pri\u00admaire que \u00ab&nbsp;notre mis\u00adsion a \u00e9t\u00e9 de civi\u00adli\u00adser les sau\u00advages&nbsp;\u00bb sans qu\u2019il en reste quelque chose, m\u00eame chez un militant.<\/p>\n<p>Alors, ou bien on nie qu\u2019il reste des par\u00adti\u00adcu\u00adla\u00adri\u00adt\u00e9s sociales, eth\u00adniques dif\u00adf\u00e9\u00adrentes entre \u00ab&nbsp;eux&nbsp;\u00bb et \u00ab&nbsp;nous&nbsp;\u00bb (la \u00ab&nbsp;civi\u00adli\u00adsa\u00adtion&nbsp;\u00bb a r\u00e9us\u00adsi) ou bien on admet que des par\u00adti\u00adcu\u00adla\u00adri\u00adt\u00e9s sub\u00adsistent et il est bien \u00e9vident qu\u2019\u00abils&nbsp;\u00bb sont inf\u00e9\u00adrieurs \u2015 d\u2019o\u00f9 ces tirades qui s\u2019en prennent tr\u00e8s s\u00e9rieu\u00adse\u00adment \u00e0 ces fana\u00adtiques, nomades, polygames.<\/p>\n<p>D\u2019un point de vue comme de l\u2019autre \u00ab&nbsp;ils&nbsp;\u00bb se r\u00e9voltent \u00e0 tort et \u00e0 travers&nbsp;:<br> \u2013 soit sans cause v\u00e9ri\u00adtable si ce n\u2019est la pous\u00ads\u00e9e de l\u2019\u00e9\u00adtran\u00adger (le pan\u00adara\u00adbisme par exemple<br>\nest tr\u00e8s popu\u00adlaire\u2026 par\u00admi les Fran\u00e7ais);<br> \u2013 soit qu\u2019\u00abils&nbsp;\u00bb soient inca\u00adpables de faire rien de propre, ni de rien r\u00e9us\u00adsir&nbsp;seuls.<\/p>\n<p>Dans la pre\u00admi\u00e8re pers\u00adpec\u00adtive \u00ab&nbsp;ils&nbsp;\u00bb font de la divi\u00adsion, de la diver\u00adsion \u00e0 la lutte sociale pure, dans la seconde \u00ab&nbsp;ils&nbsp;\u00bb ne peuvent qu\u2019en\u00adtra\u00ee\u00adner un g\u00e2chis \u00e9pouvantable.<\/p>\n<p>Ain\u00adsi, les Alg\u00e9\u00adriens marchent ou pour Nas\u00adser-qui-rime-avec-Hit\u00adler ou pour leurs ca\u00efds. C\u2019est pas comme&nbsp;ici.<\/p>\n<p>[|<b>*   *   *   *<\/b>|]<\/p>\n<p>Par de telles r\u00e9ac\u00adtions affec\u00adtives beau\u00adcoup d\u2019a\u00adnar\u00adchistes prouvent au moins qu\u2019ils ont gar\u00add\u00e9 une cer\u00adtaine res\u00adsem\u00adblance avec le bon peuple labo\u00adrieux de France et avec les mou\u00adve\u00adments de gauche et de droite.<\/p>\n<p>[|<b>*   *   *   *<\/b>|]<\/p>\n<p>On man\u00adquait d\u2019en\u00adne\u00admi h\u00e9r\u00e9\u00addi\u00adtaire. Les Russes sont encore loin.\tMais main\u00adte\u00adnant il y a les Arabes. Com\u00adbien de liber\u00adtaires partent en guerre contre eux, comme Jean Grave et Kro\u00adpot\u00adkine contre les Alle\u00admands, maniant avec autant de convic\u00adtion d\u2019i\u00adden\u00adtiques igno\u00adrances avec d\u2019i\u00adden\u00adtiques cli\u00adch\u00e9s \u00e9cu\u00adl\u00e9s&nbsp;? C\u2019est \u00e7a le natio\u00adna\u00adlisme. Et celui-l\u00e0 est sans excuse car il n\u2019est ali\u00admen\u00adt\u00e9 par aucune r\u00e9volte, aucune oppression.<\/p>\n<p>J. Pres\u00adly<\/p>\n","protected":false},"excerpt":{"rendered":"<p>\u00ab&nbsp;L\u2019in\u00add\u00e9\u00adpen\u00addance natio\u00adnale des ter\u00adri\u00adtoires colo\u00adniaux doit \u00eatre consi\u00add\u00e9\u00adr\u00e9e comme une condi\u00adtion indis\u00adpen\u00adsable de l\u2019\u00e9\u00adman\u00adci\u00adpa\u00adtion sociale, car elle cr\u00e9e, en sous\u00adtrayant un peuple \u00e0 l\u2019ap\u00adpa\u00adreil de r\u00e9pres\u00adsion d\u2019un \u00c9tat imp\u00e9\u00adria\u00adliste \u2015 tout en affai\u00adblis\u00adsant cet \u00c9tat \u2015 les pos\u00adsi\u00adbi\u00adli\u00adt\u00e9s pour ce peuple de faire sa r\u00e9vo\u00adlu\u00adtion en sup\u00adpri\u00admant ses propres exploi\u00adteurs.&nbsp;\u00bb Ce para\u00adgraphe de la DECLARATION&nbsp;[\u2026]<\/p>\n","protected":false},"author":1,"featured_media":0,"comment_status":"closed","ping_status":"closed","sticky":false,"template":"","format":"standard","meta":{"wp_typography_post_enhancements_disabled":false,"footnotes":""},"categories":[265],"tags":[],"ppma_author":[540],"class_list":["post-2095","post","type-post","status-publish","format-standard","hentry","category-noir-rouge-na13-printemps-1959"],"authors":[{"term_id":540,"user_id":1,"is_guest":0,"slug":"admin_3gikpwyf","display_name":"Vincent Dubuc","avatar_url":"https:\/\/secure.gravatar.com\/avatar\/d015720652c25fd2ced191ade86430094e1f288a17483713e3b34d26dea52507?s=96&d=mm&r=g","author_category":"","user_url":"https:\/\/la-presse-anarchiste.net","last_name":"Dubuc","first_name":"Vincent","job_title":"","description":""}],"_links":{"self":[{"href":"https:\/\/la-presse-anarchiste.net\/index.php\/wp-json\/wp\/v2\/posts\/2095","targetHints":{"allow":["GET"]}}],"collection":[{"href":"https:\/\/la-presse-anarchiste.net\/index.php\/wp-json\/wp\/v2\/posts"}],"about":[{"href":"https:\/\/la-presse-anarchiste.net\/index.php\/wp-json\/wp\/v2\/types\/post"}],"author":[{"embeddable":true,"href":"https:\/\/la-presse-anarchiste.net\/index.php\/wp-json\/wp\/v2\/users\/1"}],"replies":[{"embeddable":true,"href":"https:\/\/la-presse-anarchiste.net\/index.php\/wp-json\/wp\/v2\/comments?post=2095"}],"version-history":[{"count":0,"href":"https:\/\/la-presse-anarchiste.net\/index.php\/wp-json\/wp\/v2\/posts\/2095\/revisions"}],"wp:attachment":[{"href":"https:\/\/la-presse-anarchiste.net\/index.php\/wp-json\/wp\/v2\/media?parent=2095"}],"wp:term":[{"taxonomy":"category","embeddable":true,"href":"https:\/\/la-presse-anarchiste.net\/index.php\/wp-json\/wp\/v2\/categories?post=2095"},{"taxonomy":"post_tag","embeddable":true,"href":"https:\/\/la-presse-anarchiste.net\/index.php\/wp-json\/wp\/v2\/tags?post=2095"},{"taxonomy":"author","embeddable":true,"href":"https:\/\/la-presse-anarchiste.net\/index.php\/wp-json\/wp\/v2\/ppma_author?post=2095"}],"curies":[{"name":"wp","href":"https:\/\/api.w.org\/{rel}","templated":true}]}}