{"id":2106,"date":"2009-05-21T22:53:29","date_gmt":"2009-05-21T22:53:29","guid":{"rendered":"https:\/\/la-presse-anarchiste.net\/index.php\/2009\/05\/21\/correspondance-de-paris\/"},"modified":"2009-05-21T22:53:29","modified_gmt":"2009-05-21T22:53:29","slug":"correspondance-de-paris","status":"publish","type":"post","link":"https:\/\/la-presse-anarchiste.net\/index.php\/2009\/05\/21\/correspondance-de-paris\/","title":{"rendered":"Correspondance de&nbsp;Paris"},"content":{"rendered":"<div class=\"pdfprnt-buttons pdfprnt-buttons-post pdfprnt-top-right\"><a href=\"https:\/\/la-presse-anarchiste.net\/index.php\/wp-json\/wp\/v2\/posts\/2106?print=pdf\" class=\"pdfprnt-button pdfprnt-button-pdf\" target=\"_blank\"><img decoding=\"async\" src=\"https:\/\/la-presse-anarchiste.net\/wp-content\/plugins\/pdf-print\/images\/pdf.png\" alt=\"image_pdf\" title=\"Afficher le PDF\"><\/a><a href=\"https:\/\/la-presse-anarchiste.net\/index.php\/wp-json\/wp\/v2\/posts\/2106?print=print\" class=\"pdfprnt-button pdfprnt-button-print\" target=\"_blank\"><img decoding=\"async\" src=\"https:\/\/la-presse-anarchiste.net\/wp-content\/plugins\/pdf-print\/images\/print.png\" alt=\"image_print\" title=\"Contenu imprim\u00e9\"><\/a><\/div><p>Un membre de l\u2019In\u00adter\u00adna\u00adtio\u00adnale nous \u00e9crit de Paris en date du 10&nbsp;mai&nbsp;:<\/p>\n<p>Il s\u2019ef\u00adfec\u00adtue en ce moment, \u00e0 Paris, un mou\u00adve\u00adment excellent en prin\u00adcipe, sur lequel il ne fau\u00addrait cepen\u00addant pas s\u2019illu\u00adsion\u00adner. La dis\u00adtance et la nature des ren\u00adsei\u00adgne\u00adments qui peuvent vous par\u00adve\u00adnir \u00e0 cet \u00e9gard, me paraissent de nature \u00e0 vous en don\u00adner peut-\u00eatre une id\u00e9e un peu fausse que je vou\u00addrais rectifier.<\/p>\n<p>Le mou\u00adve\u00adment dont je parle a pour objet la consti\u00adtu\u00adtion de cor\u00adpo\u00adra\u00adtions pour l\u2019or\u00adga\u00adni\u00adsa\u00adtion des chambres syn\u00addi\u00adcales. En r\u00e9a\u00adli\u00adt\u00e9, c\u2019est l\u00e0 le point de d\u00e9part de toute orga\u00adni\u00adsa\u00adtion ouvri\u00e8re et le fon\u00adde\u00adment solide sur lequel on peut baser toute action ult\u00e9\u00adrieure, de quelque nature qu\u2019elle soit. Il est donc extr\u00ea\u00adme\u00adment impor\u00adtant d\u2019ef\u00adfec\u00adtuer au mieux cette \u0153uvre capi\u00adtale. Eh bien&nbsp;! j\u2019ai consta\u00adt\u00e9 que le mou\u00adve\u00adment actuel n\u2019\u00e9\u00adtait pas encore tr\u00e8s conscient, et sur\u00adtout qu\u2019il n\u2019ob\u00adte\u00adnait pas encore l\u2019u\u00adna\u00adni\u00admi\u00adt\u00e9 d\u00e9si\u00adrable pour assu\u00adrer le triomphe des reven\u00addi\u00adca\u00adtions ouvri\u00e8res. Deux causes expliquent ce fait&nbsp;: l\u2019i\u00adgno\u00adrance g\u00e9n\u00e9\u00adrale, le manque d\u2019\u00e9ner\u00adgie n\u00e9ces\u00adsaire pour se grou\u00adper, puis la crainte que la recru\u00addes\u00adcence r\u00e9cente d\u2019ar\u00adres\u00adta\u00adtion a contri\u00adbu\u00e9 \u00e0 accro\u00eetre, et aus\u00adsi l\u2019a\u00adpa\u00adthie dont est dou\u00e9e la masse ouvri\u00e8re, le d\u00e9s\u00adin\u00adt\u00e9\u00adres\u00adse\u00adment qu\u2019elle mani\u00adfeste pour ses propres affaires. Le sen\u00adti\u00adment de la soli\u00adda\u00adri\u00adt\u00e9 qui devrait r\u00e9unir, d\u2019a\u00adbord les membres d\u2019une cor\u00adpo\u00adra\u00adtion, ensuite les diverses cor\u00adpo\u00adra\u00adtions, n\u2019est pas beau\u00adcoup d\u00e9ve\u00adlop\u00adp\u00e9 depuis les der\u00adniers \u00e9v\u00e9\u00adne\u00adments. Ceux-ci auront eut, comme influence incon\u00adtes\u00adtable, ce r\u00e9sul\u00adtat d\u2019a\u00adme\u00adner les ouvriers \u00e0 com\u00adprendre qu\u2019il faut se grou\u00adper par int\u00e9\u00adr\u00eat, c\u2019est-\u00e0-dire par cor\u00adpo\u00adra\u00adtion. Ceci me semble acquis, mais d\u2019une fa\u00e7on encore ins\u00adtinc\u00adtive&nbsp;; c\u2019est un besoin vague dont on n\u2019a pas encore dis\u00adcer\u00adn\u00e9 les causes et les cons\u00e9quences.<\/p>\n<p>D\u2019ailleurs, dans l\u2019ordre poli\u00adtique, le pro\u00adgr\u00e8s, r\u00e9a\u00adli\u00ads\u00e9 \u00e0 l\u2019\u00e9\u00adtat latent, est de m\u00eame ordre. Dans tous les coins de la France, a p\u00e9n\u00e9\u00adtr\u00e9 cette notion, qu\u2019il \u00e9tait bon de s\u2019oc\u00adcu\u00adper de ses affaires, et de g\u00e9rer soi-m\u00eame ses propres int\u00e9\u00adr\u00eats, de s\u2019\u00e9\u00adman\u00adci\u00adper en tant que groupe communal.<\/p>\n<p>Quand \u00e0 l\u2019In\u00adter\u00adna\u00adtio\u00adnale, il y a, m\u2019a-t-on dit, des sec\u00adtions com\u00adpl\u00e8\u00adte\u00adment r\u00e9or\u00adga\u00adni\u00ads\u00e9es depuis plu\u00adsieurs mois. J\u2019i\u00adgnore quelle impres\u00adsion aura pro\u00adduite sur elle la pro\u00admul\u00adga\u00adtion de la loi ver\u00adsaillaise. En ce qui concerne la masse, j\u2019ai remar\u00adqu\u00e9 une pru\u00addence extr\u00eame, un soin exces\u00adsif ayant pour des\u00adsein d\u2019\u00e9\u00advi\u00adter aucune rela\u00adtion avec l\u2019as\u00adso\u00adcia\u00adtion conspu\u00e9e, de ne pas para\u00eetre m\u00eame se trou\u00adver en com\u00admu\u00adnion avec elle. Mais ceci n\u2019est pas un symp\u00adt\u00f4me f\u00e2cheux. Si la loi contre l\u2019In\u00adter\u00adna\u00adtio\u00adnale \u00e9loi\u00adgne\u00adra cer\u00adtai\u00adne\u00adment un grand nombre d\u2019adh\u00e9\u00adrents, la pro\u00adpa\u00adgande des id\u00e9es inter\u00adna\u00adtio\u00adna\u00adlistes et d\u2019\u00e9\u00adman\u00adci\u00adpa\u00adtion pro\u00adl\u00e9\u00adtaire ne sera pas amoin\u00addrie par ce fait. Sans s\u2019en dou\u00adter, les r\u00e9union ouvri\u00e8res aux\u00adquelles j\u2019ai assis\u00adt\u00e9 depuis quelques mois, mani\u00adfestent des sen\u00adti\u00adments excel\u00adlents, qui sont d\u2019ac\u00adcord avec les aspi\u00adra\u00adtions g\u00e9n\u00e9\u00adrales de l\u2019In\u00adter\u00adna\u00adtio\u00adnale. Et puis, chose meilleure encore, la pro\u00adpa\u00adgande de ces id\u00e9es se fait dans les ate\u00adliers, dans d\u2019ex\u00adcel\u00adlentes condi\u00adtions, pro\u00addui\u00adsant des modi\u00adfi\u00adca\u00adtions d\u2019o\u00adpi\u00adnions tout \u00e0 fait heu\u00adreuses et sou\u00advent inattendues.<\/p>\n","protected":false},"excerpt":{"rendered":"<p>Un membre de l\u2019In\u00adter\u00adna\u00adtio\u00adnale nous \u00e9crit de Paris en date du 10&nbsp;mai&nbsp;: Il s\u2019ef\u00adfec\u00adtue en ce moment, \u00e0 Paris, un mou\u00adve\u00adment excellent en prin\u00adcipe, sur lequel il ne fau\u00addrait cepen\u00addant pas s\u2019illu\u00adsion\u00adner. La dis\u00adtance et la nature des ren\u00adsei\u00adgne\u00adments qui peuvent vous par\u00adve\u00adnir \u00e0 cet \u00e9gard, me paraissent de nature \u00e0 vous en don\u00adner peut-\u00eatre&nbsp;[\u2026]<\/p>\n","protected":false},"author":1,"featured_media":0,"comment_status":"closed","ping_status":"closed","sticky":false,"template":"","format":"standard","meta":{"wp_typography_post_enhancements_disabled":false,"footnotes":""},"categories":[271],"tags":[],"ppma_author":[540],"class_list":["post-2106","post","type-post","status-publish","format-standard","hentry","category-bulletin-de-la-federation-jurassienne-n7-15-mai-1872"],"authors":[{"term_id":540,"user_id":1,"is_guest":0,"slug":"admin_3gikpwyf","display_name":"Vincent Dubuc","avatar_url":"https:\/\/secure.gravatar.com\/avatar\/d015720652c25fd2ced191ade86430094e1f288a17483713e3b34d26dea52507?s=96&d=mm&r=g","author_category":"","user_url":"https:\/\/la-presse-anarchiste.net","last_name":"Dubuc","first_name":"Vincent","job_title":"","description":""}],"_links":{"self":[{"href":"https:\/\/la-presse-anarchiste.net\/index.php\/wp-json\/wp\/v2\/posts\/2106","targetHints":{"allow":["GET"]}}],"collection":[{"href":"https:\/\/la-presse-anarchiste.net\/index.php\/wp-json\/wp\/v2\/posts"}],"about":[{"href":"https:\/\/la-presse-anarchiste.net\/index.php\/wp-json\/wp\/v2\/types\/post"}],"author":[{"embeddable":true,"href":"https:\/\/la-presse-anarchiste.net\/index.php\/wp-json\/wp\/v2\/users\/1"}],"replies":[{"embeddable":true,"href":"https:\/\/la-presse-anarchiste.net\/index.php\/wp-json\/wp\/v2\/comments?post=2106"}],"version-history":[{"count":0,"href":"https:\/\/la-presse-anarchiste.net\/index.php\/wp-json\/wp\/v2\/posts\/2106\/revisions"}],"wp:attachment":[{"href":"https:\/\/la-presse-anarchiste.net\/index.php\/wp-json\/wp\/v2\/media?parent=2106"}],"wp:term":[{"taxonomy":"category","embeddable":true,"href":"https:\/\/la-presse-anarchiste.net\/index.php\/wp-json\/wp\/v2\/categories?post=2106"},{"taxonomy":"post_tag","embeddable":true,"href":"https:\/\/la-presse-anarchiste.net\/index.php\/wp-json\/wp\/v2\/tags?post=2106"},{"taxonomy":"author","embeddable":true,"href":"https:\/\/la-presse-anarchiste.net\/index.php\/wp-json\/wp\/v2\/ppma_author?post=2106"}],"curies":[{"name":"wp","href":"https:\/\/api.w.org\/{rel}","templated":true}]}}