{"id":2112,"date":"2009-05-23T08:37:32","date_gmt":"2009-05-23T08:37:32","guid":{"rendered":"https:\/\/la-presse-anarchiste.net\/index.php\/2009\/05\/23\/le-petit-havre-et-lidee-ouriere\/"},"modified":"2009-05-23T08:37:32","modified_gmt":"2009-05-23T08:37:32","slug":"le-petit-havre-et-lidee-ouriere","status":"publish","type":"post","link":"https:\/\/la-presse-anarchiste.net\/index.php\/2009\/05\/23\/le-petit-havre-et-lidee-ouriere\/","title":{"rendered":"Le \u00ab&nbsp;Petit Havre&nbsp;\u00bb et l\u2019Id\u00e9e Ouri\u00e8re"},"content":{"rendered":"<div class=\"pdfprnt-buttons pdfprnt-buttons-post pdfprnt-top-right\"><a href=\"https:\/\/la-presse-anarchiste.net\/index.php\/wp-json\/wp\/v2\/posts\/2112?print=pdf\" class=\"pdfprnt-button pdfprnt-button-pdf\" target=\"_blank\"><img decoding=\"async\" src=\"https:\/\/la-presse-anarchiste.net\/wp-content\/plugins\/pdf-print\/images\/pdf.png\" alt=\"image_pdf\" title=\"Afficher le PDF\"><\/a><a href=\"https:\/\/la-presse-anarchiste.net\/index.php\/wp-json\/wp\/v2\/posts\/2112?print=print\" class=\"pdfprnt-button pdfprnt-button-print\" target=\"_blank\"><img decoding=\"async\" src=\"https:\/\/la-presse-anarchiste.net\/wp-content\/plugins\/pdf-print\/images\/print.png\" alt=\"image_print\" title=\"Contenu imprim\u00e9\"><\/a><\/div><p>D\u00e8s notre appa\u00adri\u00adtion, nous avons r\u00e9so\u00adlu de mettre le <i>Petit H\u00e2vre<\/i> (tout petit h\u00e2vre) au pied du mur, car c\u2019est l\u00e0 que nous recon\u00adnais\u00adsons l\u2019ou\u00advrier. Nous avons vou\u00adlu une fois pour toutes qu\u2019il nous bave ce qu\u2019il ne peut nous dire, pour que les tra\u00advailleurs sachent \u00e0 qui ils ont \u00e0&nbsp;faire.<\/p>\n<p>Si nous lui don\u00adnons le pre\u00admier la cor\u00adrec\u00adtion qu\u2019il m\u00e9rite et nous n\u2019en res\u00adte\u00adrons pas l\u00e0&nbsp;? C\u2019est \u00e0 son pro\u00adgramme qu\u2019il le doit quand on s\u2019in\u00adti\u00adtule <i>R\u00e9pu\u00adbli\u00adcain<\/i>, <i>D\u00e9mo\u00adcrate<\/i>, <i>Socia\u00adliste<\/i>, ceux qui pro\u00adfessent ces opi\u00adnions on le droit de lui deman\u00adder ce qu\u2019il fait pour les dits R\u00e9pu\u00adbli\u00adcains, D\u00e9mo\u00adcrates, Socia\u00adlistes, et ce qu\u2019il entend par ces trois qua\u00adli\u00adfi\u00adca\u00adtifs&nbsp;? Jus\u00adqu\u2019o\u00f9 va votre r\u00e9pu\u00adbli\u00adca\u00adnisme, votre d\u00e9mo\u00adcra\u00adtisme, votre socia\u00adlisme&nbsp;? Telles sont les ques\u00adtions que nous vous posons. Jus\u00adqu\u2019\u00e0 aujourd\u2019\u00adhui, les tra\u00advailleurs n\u2019ont vu en vous qu\u2019un faux fr\u00e8re, qu\u2019un organe offi\u00adciel de d\u00e9pra\u00adva\u00adtion civique, fai\u00adsant fi de ses pro\u00admesses tout comme d\u2019une pro\u00adfes\u00adsion de foi \u00e9lec\u00adto\u00adrale de nos d\u00e9pu\u00adt\u00e9s etc., etc., autant en emporte le vent. Que le jour\u00adnal le <i>Petit h\u00e2vre<\/i> nous dise, lui qui se donne comme l\u2019or\u00adgane le plus avan\u00adc\u00e9 de la loca\u00adli\u00adt\u00e9, s\u2019il n\u2019a pas tou\u00adjours cru, s\u2019il ne croit pas encore que la mis\u00e8re dans la civi\u00adli\u00adsa\u00adtion est \u00e9ter\u00adnelle, que l\u2019as\u00adser\u00advis\u00adse\u00adment d\u2019une par\u00adtie de l\u2019hu\u00adma\u00adni\u00adt\u00e9 est n\u00e9ces\u00adsaire \u00e0 la gloire de l\u2019autre&nbsp;? Que ceux qui pr\u00e9\u00adtendent le contraire sont de dan\u00adge\u00adreux r\u00eaveurs qui m\u00e9ritent d\u2019\u00eatre fusill\u00e9s&nbsp;; que telle est la rai\u00adson d\u2019\u00e9\u00adtat, car si elle n\u2019est pas la pen\u00ads\u00e9e du <i>Petit havrais<\/i>, si le <i>Petit h\u00e2vre<\/i> veut sin\u00adc\u00e8\u00adre\u00adment, r\u00e9so\u00adlu\u00adment l\u2019\u00e9\u00adman\u00adci\u00adpa\u00adtion des tra\u00advailleurs, pour\u00adquoi ces ana\u00adth\u00e8mes, pour\u00adquoi cette col\u00e8re contre les socia\u00adlistes purs&nbsp;? Contre ceux qui tra\u00advaillent et pro\u00adduisent la richesse sociale et qui demandent l\u2019\u00e9\u00adman\u00adci\u00adpa\u00adtion pour tous les \u00eatres humains&nbsp;? Qu\u2019ils daignent (afin que le peuple puisse com\u00adpa\u00adrer entre lui et nous) nous dire son pro\u00adgramme \u00e9co\u00adno\u00admique, com\u00adment il pr\u00e9\u00adtend faire ces\u00adser l\u2019an\u00adta\u00adgo\u00adnisme social. Sont \u00ab&nbsp;hommes&nbsp;\u00bb dit la loi ceux qui pos\u00ads\u00e8dent et seront \u00ab&nbsp;choses&nbsp;\u00bb ceux qui ne pos\u00ads\u00e8dent pas. C\u2019est cette mons\u00adtruo\u00adsi\u00adt\u00e9 qui base \u00e0 la loi. Le <i>Petit h\u00e2vre<\/i> est-il pour ou contre cette loi&nbsp;? Est-il pour l\u2019ou\u00advrier qui tra\u00advaille 12 heures pour un salaire d\u00e9ri\u00adsoire, qui lui per\u00admet juste de se repro\u00adduire pour les besoins du capi\u00adtal, mais dont l\u2019exis\u00adtence pr\u00e9\u00adcaire est un long mar\u00adty\u00adro\u00adloge. Veut-il prendre leur d\u00e9fense chau\u00adqe fois qu\u2019un ouvrier aura \u00e9t\u00e9 l\u00e9s\u00e9 dans sa liber\u00adt\u00e9, dans son tra\u00advail, dans ce qu\u2019il a de plus sacr\u00e9, dans son moi&nbsp;? Qu\u2019il le&nbsp;dise.<\/p>\n<p>Jus\u00adqu\u2019\u00e0 aujourd\u2019\u00adhui, nous n\u2019a\u00advons vu en lui qu\u2019un boh\u00e9\u00admien de la lit\u00adt\u00e9\u00adra\u00adture, un sbire du jour\u00adna\u00adlisme, calom\u00adnia\u00adteur \u00e0 prix fixe, cour\u00adti\u00adsan de tous les minis\u00adt\u00e8res \u00e0 quelque nuance qu\u2019ils appar\u00adtiennent, pan\u00e9\u00adgy\u00adristes de tous les vices, de toutes les ini\u00adqui\u00adt\u00e9s com\u00admises au nom de la loi. Vivant de tous les tri\u00adpo\u00adtages, de toutes les infa\u00admies bour\u00adgeoises. Para\u00adsites exis\u00adtants aux d\u00e9pens du tra\u00advail de mal\u00adheu\u00adreux , qui eux n\u2019ont pas seule\u00adment du pain \u00e0 don\u00adner \u00e0 leurs enfants. C\u2019est le sou\u00adte\u00adneur de tous les gens tar\u00e9s, des bour\u00adgeois exploi\u00adteurs, des capi\u00adta\u00adlistes v\u00e9reux, des tri\u00adpo\u00adtages hon\u00adteux, fai\u00adsant du <i>Petit h\u00e2vre<\/i> une agence de pots-de-vin, pour les consciences faciles.<\/p>\n<p>Ils parlent tant de la famille, que pour cou\u00advrir leur adul\u00adt\u00e8re, on les ver\u00adrait, par d\u00e9go\u00fbt du mariage, cares\u00adser des gue\u00adnons s\u2019ils ne trou\u00advaient plus de Mal\u00adthu\u00adsiennes. Faites des filles, nous les aimons, chantent ces inf\u00e2mes&nbsp;! Mais si vous faites des gar\u00ad\u00e7ons, nous en ferons de la chair \u00e0 canon, des mar\u00adtyrs de l\u2019ex\u00adploi\u00adta\u00adtion. Au ban\u00adquet de la vie il n\u2019y a pas de place pour tout le&nbsp;monde.<\/p>\n","protected":false},"excerpt":{"rendered":"<p>D\u00e8s notre appa\u00adri\u00adtion, nous avons r\u00e9so\u00adlu de mettre le Petit H\u00e2vre (tout petit h\u00e2vre) au pied du mur, car c\u2019est l\u00e0 que nous recon\u00adnais\u00adsons l\u2019ou\u00advrier. Nous avons vou\u00adlu une fois pour toutes qu\u2019il nous bave ce qu\u2019il ne peut nous dire, pour que les tra\u00advailleurs sachent \u00e0 qui ils ont \u00e0&nbsp;faire. Si nous lui donnons&nbsp;[\u2026]<\/p>\n","protected":false},"author":1,"featured_media":0,"comment_status":"closed","ping_status":"closed","sticky":false,"template":"","format":"standard","meta":{"wp_typography_post_enhancements_disabled":false,"footnotes":""},"categories":[272],"tags":[],"ppma_author":[540],"class_list":["post-2112","post","type-post","status-publish","format-standard","hentry","category-lidee-ouvriere-n2-17-24-septembre-1887"],"authors":[{"term_id":540,"user_id":1,"is_guest":0,"slug":"admin_3gikpwyf","display_name":"Vincent Dubuc","avatar_url":"https:\/\/secure.gravatar.com\/avatar\/d015720652c25fd2ced191ade86430094e1f288a17483713e3b34d26dea52507?s=96&d=mm&r=g","author_category":"","user_url":"https:\/\/la-presse-anarchiste.net","last_name":"Dubuc","first_name":"Vincent","job_title":"","description":""}],"_links":{"self":[{"href":"https:\/\/la-presse-anarchiste.net\/index.php\/wp-json\/wp\/v2\/posts\/2112","targetHints":{"allow":["GET"]}}],"collection":[{"href":"https:\/\/la-presse-anarchiste.net\/index.php\/wp-json\/wp\/v2\/posts"}],"about":[{"href":"https:\/\/la-presse-anarchiste.net\/index.php\/wp-json\/wp\/v2\/types\/post"}],"author":[{"embeddable":true,"href":"https:\/\/la-presse-anarchiste.net\/index.php\/wp-json\/wp\/v2\/users\/1"}],"replies":[{"embeddable":true,"href":"https:\/\/la-presse-anarchiste.net\/index.php\/wp-json\/wp\/v2\/comments?post=2112"}],"version-history":[{"count":0,"href":"https:\/\/la-presse-anarchiste.net\/index.php\/wp-json\/wp\/v2\/posts\/2112\/revisions"}],"wp:attachment":[{"href":"https:\/\/la-presse-anarchiste.net\/index.php\/wp-json\/wp\/v2\/media?parent=2112"}],"wp:term":[{"taxonomy":"category","embeddable":true,"href":"https:\/\/la-presse-anarchiste.net\/index.php\/wp-json\/wp\/v2\/categories?post=2112"},{"taxonomy":"post_tag","embeddable":true,"href":"https:\/\/la-presse-anarchiste.net\/index.php\/wp-json\/wp\/v2\/tags?post=2112"},{"taxonomy":"author","embeddable":true,"href":"https:\/\/la-presse-anarchiste.net\/index.php\/wp-json\/wp\/v2\/ppma_author?post=2112"}],"curies":[{"name":"wp","href":"https:\/\/api.w.org\/{rel}","templated":true}]}}