{"id":2120,"date":"2009-05-25T05:13:51","date_gmt":"2009-05-25T05:13:51","guid":{"rendered":"https:\/\/la-presse-anarchiste.net\/index.php\/2009\/05\/25\/a-travers-le-monde-6\/"},"modified":"2009-05-25T05:13:51","modified_gmt":"2009-05-25T05:13:51","slug":"a-travers-le-monde-6","status":"publish","type":"post","link":"https:\/\/la-presse-anarchiste.net\/index.php\/2009\/05\/25\/a-travers-le-monde-6\/","title":{"rendered":"\u00c0 travers le&nbsp;monde"},"content":{"rendered":"<div class=\"pdfprnt-buttons pdfprnt-buttons-post pdfprnt-top-right\"><a href=\"https:\/\/la-presse-anarchiste.net\/index.php\/wp-json\/wp\/v2\/posts\/2120?print=pdf\" class=\"pdfprnt-button pdfprnt-button-pdf\" target=\"_blank\"><img decoding=\"async\" src=\"https:\/\/la-presse-anarchiste.net\/wp-content\/plugins\/pdf-print\/images\/pdf.png\" alt=\"image_pdf\" title=\"Afficher le PDF\"><\/a><a href=\"https:\/\/la-presse-anarchiste.net\/index.php\/wp-json\/wp\/v2\/posts\/2120?print=print\" class=\"pdfprnt-button pdfprnt-button-print\" target=\"_blank\"><img decoding=\"async\" src=\"https:\/\/la-presse-anarchiste.net\/wp-content\/plugins\/pdf-print\/images\/print.png\" alt=\"image_print\" title=\"Contenu imprim\u00e9\"><\/a><\/div><p>Mal\u00adgr\u00e9 la vic\u00adtoire rem\u00adpor\u00adt\u00e9e par le Gou\u00adver\u00adne\u00adment cana\u00addien sur les insur\u00adg\u00e9s des pro\u00advinces de l\u2019Ouest, la situa\u00adtion indus\u00adtrielle dans tous les domi\u00adnions est tr\u00e8s pr\u00e9\u00adcaire&nbsp;; la crise per\u00adsiste mal\u00adgr\u00e9 tous les d\u00e9crets gou\u00adver\u00adne\u00admen\u00adtaux. Pour conju\u00adrer la crise, le pre\u00admier ministre du Gou\u00adver\u00adne\u00adment f\u00e9d\u00e9\u00adral a fait appel aux bonnes volon\u00adt\u00e9s des chefs des orga\u00adni\u00adsa\u00adtions ouvri\u00e8res et des repr\u00e9\u00adsen\u00adtants du patro\u00adnat pour arri\u00adver \u00e0 ce qu\u2019il appelle une entente indus\u00adtrielle. Le Gou\u00adver\u00adne\u00adment vou\u00addrait offrir, affirme-t-il, un sys\u00adt\u00e8me d\u2019ar\u00adbi\u00adtrage impar\u00adtial qui conci\u00adlie\u00adrait les int\u00e9\u00adr\u00eats des deux parties.<\/p>\n<p>Apr\u00e8s douze semaines de gr\u00e8ves, les m\u00e9tal\u00adlur\u00adgistes de Toron\u00adto, la deuxi\u00e8me ville et un des centres les plus indus\u00adtriels du Cana\u00adda, ont repris le tra\u00advail aux condi\u00adtions anciennes. La semaine de 44 heures leur a \u00e9t\u00e9 bru\u00adta\u00adle\u00adment refu\u00ads\u00e9e, aucune conces\u00adsion de la part des patrons ne leur a \u00e9t\u00e9 accor\u00add\u00e9e, si ce n\u2019est celles faites d\u00e8s la pre\u00admi\u00e8re semaine de la gr\u00e8ve. On estime que ce conflit a co\u00fb\u00adt\u00e9 aux trade-unions 100.000 livres ster\u00adling, soit plus de deux mil\u00adlions et demi de francs.<\/p>\n<p>De 4 \u00e0 5.000 mineurs ont \u00e9t\u00e9 en gr\u00e8ve dans la r\u00e9gion de l\u2019Ouest, depuis le 23 mai der\u00adnier. Dans les grandes villes de ces pro\u00advinces, la ques\u00adtion du char\u00adbon est deve\u00adnue une menace s\u00e9rieuse pour la vie \u00e9co\u00adno\u00admique de ces r\u00e9gions.<\/p>\n<p>\u00c0 Win\u00adni\u00adpeg, autre grande cit\u00e9 cana\u00addienne, en d\u00e9pit de tous les \u00e9checs que viennent d\u2019\u00e9\u00adprou\u00adver les unions ouvri\u00e8res, la F\u00e9d\u00e9\u00adra\u00adtion locale vient de s\u2019af\u00adfir\u00admer en faveur des prin\u00adcipes syn\u00addi\u00adca\u00adlistes pr\u00e9\u00adco\u00adni\u00ads\u00e9s par les tra\u00advailleurs indus\u00adtriels du monde (I.W.W.). Des infor\u00adma\u00adtions de source am\u00e9\u00adri\u00adcaine nous per\u00admettent \u00e9ga\u00adle\u00adment de dire que Win\u00adni\u00adpeg a \u00e9t\u00e9 pen\u00addant plu\u00adsieurs jours sous le contr\u00f4le des gr\u00e9\u00advistes et des sol\u00addats de retour du&nbsp;front.<\/p>\n","protected":false},"excerpt":{"rendered":"<p>Mal\u00adgr\u00e9 la vic\u00adtoire rem\u00adpor\u00adt\u00e9e par le Gou\u00adver\u00adne\u00adment cana\u00addien sur les insur\u00adg\u00e9s des pro\u00advinces de l\u2019Ouest, la situa\u00adtion indus\u00adtrielle dans tous les domi\u00adnions est tr\u00e8s pr\u00e9\u00adcaire&nbsp;; la crise per\u00adsiste mal\u00adgr\u00e9 tous les d\u00e9crets gou\u00adver\u00adne\u00admen\u00adtaux. Pour conju\u00adrer la crise, le pre\u00admier ministre du Gou\u00adver\u00adne\u00adment f\u00e9d\u00e9\u00adral a fait appel aux bonnes volon\u00adt\u00e9s des chefs des orga\u00adni\u00adsa\u00adtions ouvri\u00e8res et&nbsp;[\u2026]<\/p>\n","protected":false},"author":1,"featured_media":0,"comment_status":"closed","ping_status":"closed","sticky":false,"template":"","format":"standard","meta":{"wp_typography_post_enhancements_disabled":false,"footnotes":""},"categories":[273],"tags":[],"ppma_author":[540],"class_list":["post-2120","post","type-post","status-publish","format-standard","hentry","category-les-temps-nouveaux-n2-15-aout-1919"],"authors":[{"term_id":540,"user_id":1,"is_guest":0,"slug":"admin_3gikpwyf","display_name":"Vincent Dubuc","avatar_url":"https:\/\/secure.gravatar.com\/avatar\/d015720652c25fd2ced191ade86430094e1f288a17483713e3b34d26dea52507?s=96&d=mm&r=g","author_category":"","user_url":"https:\/\/la-presse-anarchiste.net","last_name":"Dubuc","first_name":"Vincent","job_title":"","description":""}],"_links":{"self":[{"href":"https:\/\/la-presse-anarchiste.net\/index.php\/wp-json\/wp\/v2\/posts\/2120","targetHints":{"allow":["GET"]}}],"collection":[{"href":"https:\/\/la-presse-anarchiste.net\/index.php\/wp-json\/wp\/v2\/posts"}],"about":[{"href":"https:\/\/la-presse-anarchiste.net\/index.php\/wp-json\/wp\/v2\/types\/post"}],"author":[{"embeddable":true,"href":"https:\/\/la-presse-anarchiste.net\/index.php\/wp-json\/wp\/v2\/users\/1"}],"replies":[{"embeddable":true,"href":"https:\/\/la-presse-anarchiste.net\/index.php\/wp-json\/wp\/v2\/comments?post=2120"}],"version-history":[{"count":0,"href":"https:\/\/la-presse-anarchiste.net\/index.php\/wp-json\/wp\/v2\/posts\/2120\/revisions"}],"wp:attachment":[{"href":"https:\/\/la-presse-anarchiste.net\/index.php\/wp-json\/wp\/v2\/media?parent=2120"}],"wp:term":[{"taxonomy":"category","embeddable":true,"href":"https:\/\/la-presse-anarchiste.net\/index.php\/wp-json\/wp\/v2\/categories?post=2120"},{"taxonomy":"post_tag","embeddable":true,"href":"https:\/\/la-presse-anarchiste.net\/index.php\/wp-json\/wp\/v2\/tags?post=2120"},{"taxonomy":"author","embeddable":true,"href":"https:\/\/la-presse-anarchiste.net\/index.php\/wp-json\/wp\/v2\/ppma_author?post=2120"}],"curies":[{"name":"wp","href":"https:\/\/api.w.org\/{rel}","templated":true}]}}